{"id":190927,"date":"2017-07-11T18:56:53","date_gmt":"2017-07-11T16:56:53","guid":{"rendered":"https:\/\/sandzakpress.net\/arhiva\/khan-o-srebrenici-ne-dozvolimo-da-se-takva-zvjerstva-ponove"},"modified":"2017-07-11T18:56:53","modified_gmt":"2017-07-11T16:56:53","slug":"khan-o-srebrenici-ne-dozvolimo-da-se-takva-zvjerstva-ponove","status":"publish","type":"post","link":"https:\/\/sandzakpress.net\/arhiva\/khan-o-srebrenici-ne-dozvolimo-da-se-takva-zvjerstva-ponove\/","title":{"rendered":"Khan o Srebrenici: Ne dozvolimo da se takva zvjerstva ponove"},"content":{"rendered":"<p><span class=\"cb-itemprop\"><\/p>\n<p><img decoding=\"async\" src=\"http:\/\/balkans.aljazeera.net\/sites\/default\/files\/styles\/d8\/public\/sadiq_khan_reuters_main_1.jpg?itok=9im0LzDF\" \/><\/p>\n<p><strong>Odgovornost svakog pojedinca je da se sje\u0107a i u\u010di iz onog \u0161to se dogodilo u Srebrenici, ka\u017ee gradona\u010delnik Londona.<\/strong><\/p>\n<p>Sadiq Khan, gradona\u010delnik Londona, odao je po\u010dast \u017ertvama genocida po\u010dinjenog u Srebrenici, istakav\u0161i da je 11. juli 1995. godine, kada je ubijeno vi\u0161e od 8.000 Bo\u0161njaka, sraman zlo\u010din protiv \u010dovje\u010dnosti koji se desio u Evropi svega pet decenija nakon kraja Drugog svjetskog rata.<\/p>\n<p>U tekstu koji je na svojoj stranici objavio \u0161kotski odbor organizacije Remembering Srebrenica, Khan je otkrio da mu je posjeta Auschwitzu dala novu percepciju u u\u017ease genocida, prenosi Anadolija.<\/p>\n<p>\u201cU januaru ove godine organizirao sam komemoracijski skup povodom Dana sje\u0107anja na Holokaust, gdje sam \u010duo jo\u0161 vi\u0161e te\u0161kih i potresnih pri\u010da pre\u017eivjelih. Historija nas je nau\u010dila da je ono \u0161to vodi ka genocidu proces koji obi\u010dno po\u010dinje diskriminacijom, rasizmom i mr\u017enjom koji se ne spre\u010davaju. Zato, kao gradona\u010delnik Londona, vjerujem u va\u017enost borbe protiv svakog zlo\u010dina iz mr\u017enje kome god i kada god se desi\u201d, istakao je Khan.<\/p>\n<h4>Sje\u0107ati se i u\u010diti<\/h4>\n<p>Poru\u010dio je da je odgovornost svakog pojedinca da se sje\u0107a i u\u010di iz onog \u0161to se dogodilo u Srebrenici i ne dozvoli da se zlo\u010dini poput onih u Srebrenici vi\u0161e ikada ponove.<\/p>\n<p>\u201cOdgovornost svakog od nas je da osiguramo da se ne samo na\u0161a generacija, ve\u0107 i budu\u0107e, sje\u0107aju i u\u010de iz onoga \u0161to se dogodilo u Srebrenici. I na\u0161a je du\u017enost, kao gra\u0111ana svijeta, da ne dozvolimo da se zvjerstva poput ovih ikada vi\u0161e dogode\u201d, poru\u010dio je gradona\u010delnik Londona.<\/p>\n<p><em>Izvor: Agencije<\/em><\/p>\n<p><\/span><br \/>\nPogledajte vijest na izvornom sajtu:<\/p>\n<p><a href=\"http:\/\/bosnapress.net\/khan-o-srebrenici-ne-dozvolimo-da-se-takva-zvjerstva-ponove\/\" target=\"_blank\">Khan o Srebrenici: Ne dozvolimo da se takva zvjerstva ponove<\/a><\/p>\n","protected":false},"excerpt":{"rendered":"<p>Odgovornost svakog pojedinca je da se sje\u0107a i u\u010di iz onog \u0161to se dogodilo u Srebrenici, ka\u017ee gradona\u010delnik Londona. Sadiq Khan, gradona\u010delnik Londona, odao je po\u010dast \u017ertvama genocida po\u010dinjenog u Srebrenici, istakav\u0161i da je 11. juli 1995. godine, kada je ubijeno vi\u0161e od 8.000 Bo\u0161njaka, sraman zlo\u010din protiv \u010dovje\u010dnosti koji se desio u Evropi svega [&hellip;]<\/p>\n","protected":false},"author":83,"featured_media":190928,"comment_status":"open","ping_status":"open","sticky":false,"template":"","format":"standard","meta":{"footnotes":""},"categories":[10513],"tags":[10466],"class_list":{"0":"post-190927","1":"post","2":"type-post","3":"status-publish","4":"format-standard","5":"has-post-thumbnail","7":"category-bosna-press","8":"tag-bosna-i-hercegovina"},"yoast_head":"<!-- This site is optimized with the Yoast SEO Premium plugin v23.1 (Yoast SEO v24.9) - https:\/\/yoast.com\/wordpress\/plugins\/seo\/ -->\n<title>Khan o Srebrenici: Ne dozvolimo da se takva zvjerstva ponove<\/title>\n<meta name=\"robots\" content=\"index, follow, max-snippet:-1, max-image-preview:large, max-video-preview:-1\" \/>\n<link rel=\"canonical\" href=\"https:\/\/sandzakpress.net\/arhiva\/khan-o-srebrenici-ne-dozvolimo-da-se-takva-zvjerstva-ponove\/\" \/>\n<meta property=\"og:locale\" content=\"bs_BA\" \/>\n<meta property=\"og:type\" content=\"article\" \/>\n<meta property=\"og:title\" content=\"Khan o Srebrenici: Ne dozvolimo da se takva zvjerstva ponove\" \/>\n<meta property=\"og:description\" content=\"Odgovornost svakog pojedinca je da se sje\u0107a i u\u010di iz onog \u0161to se dogodilo u Srebrenici, ka\u017ee gradona\u010delnik Londona. Sadiq Khan, gradona\u010delnik Londona, odao je po\u010dast \u017ertvama genocida po\u010dinjenog u Srebrenici, istakav\u0161i da je 11. juli 1995. godine, kada je ubijeno vi\u0161e od 8.000 Bo\u0161njaka, sraman zlo\u010din protiv \u010dovje\u010dnosti koji se desio u Evropi svega [&hellip;]\" \/>\n<meta property=\"og:url\" content=\"https:\/\/sandzakpress.net\/arhiva\/khan-o-srebrenici-ne-dozvolimo-da-se-takva-zvjerstva-ponove\/\" \/>\n<meta property=\"og:site_name\" content=\"Sand\u017eak PRESS\" \/>\n<meta property=\"article:published_time\" content=\"2017-07-11T16:56:53+00:00\" \/>\n<meta property=\"og:image\" content=\"https:\/\/sandzakpress.net\/arhiva\/wp-content\/uploads\/2017\/07\/sadiq_khan_reuters_main_1.jpg\" \/>\n\t<meta property=\"og:image:width\" content=\"770\" \/>\n\t<meta property=\"og:image:height\" content=\"433\" \/>\n\t<meta property=\"og:image:type\" content=\"image\/jpeg\" \/>\n<meta name=\"author\" content=\"bosniak\" \/>\n<meta name=\"twitter:card\" content=\"summary_large_image\" \/>\n<meta name=\"twitter:label1\" content=\"Written by\" \/>\n\t<meta name=\"twitter:data1\" content=\"bosniak\" \/>\n\t<meta name=\"twitter:label2\" content=\"Est. reading time\" \/>\n\t<meta name=\"twitter:data2\" content=\"2 minute\" \/>\n<script type=\"application\/ld+json\" class=\"yoast-schema-graph\">{\"@context\":\"https:\/\/schema.org\",\"@graph\":[{\"@type\":\"Article\",\"@id\":\"https:\/\/sandzakpress.net\/arhiva\/khan-o-srebrenici-ne-dozvolimo-da-se-takva-zvjerstva-ponove\/#article\",\"isPartOf\":{\"@id\":\"https:\/\/sandzakpress.net\/arhiva\/khan-o-srebrenici-ne-dozvolimo-da-se-takva-zvjerstva-ponove\/\"},\"author\":{\"name\":\"bosniak\",\"@id\":\"https:\/\/sandzakpress.net\/arhiva\/#\/schema\/person\/c8baee722073534b583ea7bdb2e36c02\"},\"headline\":\"Khan o Srebrenici: Ne dozvolimo da se takva zvjerstva ponove\",\"datePublished\":\"2017-07-11T16:56:53+00:00\",\"mainEntityOfPage\":{\"@id\":\"https:\/\/sandzakpress.net\/arhiva\/khan-o-srebrenici-ne-dozvolimo-da-se-takva-zvjerstva-ponove\/\"},\"wordCount\":312,\"commentCount\":0,\"publisher\":{\"@id\":\"https:\/\/sandzakpress.net\/arhiva\/#\/schema\/person\/6e72b67d6e51910a1117b3b483ba20bd\"},\"image\":{\"@id\":\"https:\/\/sandzakpress.net\/arhiva\/khan-o-srebrenici-ne-dozvolimo-da-se-takva-zvjerstva-ponove\/#primaryimage\"},\"thumbnailUrl\":\"https:\/\/sandzakpress.net\/arhiva\/wp-content\/uploads\/2017\/07\/sadiq_khan_reuters_main_1.jpg\",\"keywords\":[\"Bosna i Hercegovina\"],\"articleSection\":[\"Bosna PRESS\"],\"inLanguage\":\"bs-BA\",\"potentialAction\":[{\"@type\":\"CommentAction\",\"name\":\"Comment\",\"target\":[\"https:\/\/sandzakpress.net\/arhiva\/khan-o-srebrenici-ne-dozvolimo-da-se-takva-zvjerstva-ponove\/#respond\"]}]},{\"@type\":\"WebPage\",\"@id\":\"https:\/\/sandzakpress.net\/arhiva\/khan-o-srebrenici-ne-dozvolimo-da-se-takva-zvjerstva-ponove\/\",\"url\":\"https:\/\/sandzakpress.net\/arhiva\/khan-o-srebrenici-ne-dozvolimo-da-se-takva-zvjerstva-ponove\/\",\"name\":\"Khan o Srebrenici: Ne dozvolimo da se takva zvjerstva ponove\",\"isPartOf\":{\"@id\":\"https:\/\/sandzakpress.net\/arhiva\/#website\"},\"primaryImageOfPage\":{\"@id\":\"https:\/\/sandzakpress.net\/arhiva\/khan-o-srebrenici-ne-dozvolimo-da-se-takva-zvjerstva-ponove\/#primaryimage\"},\"image\":{\"@id\":\"https:\/\/sandzakpress.net\/arhiva\/khan-o-srebrenici-ne-dozvolimo-da-se-takva-zvjerstva-ponove\/#primaryimage\"},\"thumbnailUrl\":\"https:\/\/sandzakpress.net\/arhiva\/wp-content\/uploads\/2017\/07\/sadiq_khan_reuters_main_1.jpg\",\"datePublished\":\"2017-07-11T16:56:53+00:00\",\"breadcrumb\":{\"@id\":\"https:\/\/sandzakpress.net\/arhiva\/khan-o-srebrenici-ne-dozvolimo-da-se-takva-zvjerstva-ponove\/#breadcrumb\"},\"inLanguage\":\"bs-BA\",\"potentialAction\":[{\"@type\":\"ReadAction\",\"target\":[\"https:\/\/sandzakpress.net\/arhiva\/khan-o-srebrenici-ne-dozvolimo-da-se-takva-zvjerstva-ponove\/\"]}]},{\"@type\":\"ImageObject\",\"inLanguage\":\"bs-BA\",\"@id\":\"https:\/\/sandzakpress.net\/arhiva\/khan-o-srebrenici-ne-dozvolimo-da-se-takva-zvjerstva-ponove\/#primaryimage\",\"url\":\"https:\/\/sandzakpress.net\/arhiva\/wp-content\/uploads\/2017\/07\/sadiq_khan_reuters_main_1.jpg\",\"contentUrl\":\"https:\/\/sandzakpress.net\/arhiva\/wp-content\/uploads\/2017\/07\/sadiq_khan_reuters_main_1.jpg\",\"width\":770,\"height\":433},{\"@type\":\"BreadcrumbList\",\"@id\":\"https:\/\/sandzakpress.net\/arhiva\/khan-o-srebrenici-ne-dozvolimo-da-se-takva-zvjerstva-ponove\/#breadcrumb\",\"itemListElement\":[{\"@type\":\"ListItem\",\"position\":1,\"name\":\"Home\",\"item\":\"https:\/\/sandzakpress.net\/arhiva\/\"},{\"@type\":\"ListItem\",\"position\":2,\"name\":\"Khan o Srebrenici: Ne dozvolimo da se takva zvjerstva ponove\"}]},{\"@type\":\"WebSite\",\"@id\":\"https:\/\/sandzakpress.net\/arhiva\/#website\",\"url\":\"https:\/\/sandzakpress.net\/arhiva\/\",\"name\":\"Sand\u017eak PRESS\",\"description\":\"Prve elektronske novine u Sand\u017eaku\",\"publisher\":{\"@id\":\"https:\/\/sandzakpress.net\/arhiva\/#\/schema\/person\/6e72b67d6e51910a1117b3b483ba20bd\"},\"potentialAction\":[{\"@type\":\"SearchAction\",\"target\":{\"@type\":\"EntryPoint\",\"urlTemplate\":\"https:\/\/sandzakpress.net\/arhiva\/?s={search_term_string}\"},\"query-input\":{\"@type\":\"PropertyValueSpecification\",\"valueRequired\":true,\"valueName\":\"search_term_string\"}}],\"inLanguage\":\"bs-BA\"},{\"@type\":[\"Person\",\"Organization\"],\"@id\":\"https:\/\/sandzakpress.net\/arhiva\/#\/schema\/person\/6e72b67d6e51910a1117b3b483ba20bd\",\"name\":\"Kul\",\"image\":{\"@type\":\"ImageObject\",\"inLanguage\":\"bs-BA\",\"@id\":\"https:\/\/sandzakpress.net\/arhiva\/#\/schema\/person\/image\/\",\"url\":\"https:\/\/secure.gravatar.com\/avatar\/42263f39aa27ac04c43cab85c280eb2e?s=96&d=mm&r=pg\",\"contentUrl\":\"https:\/\/secure.gravatar.com\/avatar\/42263f39aa27ac04c43cab85c280eb2e?s=96&d=mm&r=pg\",\"caption\":\"Kul\"},\"logo\":{\"@id\":\"https:\/\/sandzakpress.net\/arhiva\/#\/schema\/person\/image\/\"}},{\"@type\":\"Person\",\"@id\":\"https:\/\/sandzakpress.net\/arhiva\/#\/schema\/person\/c8baee722073534b583ea7bdb2e36c02\",\"name\":\"bosniak\",\"image\":{\"@type\":\"ImageObject\",\"inLanguage\":\"bs-BA\",\"@id\":\"https:\/\/sandzakpress.net\/arhiva\/#\/schema\/person\/image\/\",\"url\":\"https:\/\/secure.gravatar.com\/avatar\/a04fd330bfe3a36a72a0ad4a6d89fca7?s=96&d=mm&r=pg\",\"contentUrl\":\"https:\/\/secure.gravatar.com\/avatar\/a04fd330bfe3a36a72a0ad4a6d89fca7?s=96&d=mm&r=pg\",\"caption\":\"bosniak\"},\"url\":\"https:\/\/sandzakpress.net\/arhiva\/author\/bosniak\/\"}]}<\/script>\n<!-- \/ Yoast SEO Premium plugin. -->","yoast_head_json":{"title":"Khan o Srebrenici: Ne dozvolimo da se takva zvjerstva ponove","robots":{"index":"index","follow":"follow","max-snippet":"max-snippet:-1","max-image-preview":"max-image-preview:large","max-video-preview":"max-video-preview:-1"},"canonical":"https:\/\/sandzakpress.net\/arhiva\/khan-o-srebrenici-ne-dozvolimo-da-se-takva-zvjerstva-ponove\/","og_locale":"bs_BA","og_type":"article","og_title":"Khan o Srebrenici: Ne dozvolimo da se takva zvjerstva ponove","og_description":"Odgovornost svakog pojedinca je da se sje\u0107a i u\u010di iz onog \u0161to se dogodilo u Srebrenici, ka\u017ee gradona\u010delnik Londona. Sadiq Khan, gradona\u010delnik Londona, odao je po\u010dast \u017ertvama genocida po\u010dinjenog u Srebrenici, istakav\u0161i da je 11. juli 1995. godine, kada je ubijeno vi\u0161e od 8.000 Bo\u0161njaka, sraman zlo\u010din protiv \u010dovje\u010dnosti koji se desio u Evropi svega [&hellip;]","og_url":"https:\/\/sandzakpress.net\/arhiva\/khan-o-srebrenici-ne-dozvolimo-da-se-takva-zvjerstva-ponove\/","og_site_name":"Sand\u017eak PRESS","article_published_time":"2017-07-11T16:56:53+00:00","og_image":[{"width":770,"height":433,"url":"https:\/\/sandzakpress.net\/arhiva\/wp-content\/uploads\/2017\/07\/sadiq_khan_reuters_main_1.jpg","type":"image\/jpeg"}],"author":"bosniak","twitter_card":"summary_large_image","twitter_misc":{"Written by":"bosniak","Est. reading time":"2 minute"},"schema":{"@context":"https:\/\/schema.org","@graph":[{"@type":"Article","@id":"https:\/\/sandzakpress.net\/arhiva\/khan-o-srebrenici-ne-dozvolimo-da-se-takva-zvjerstva-ponove\/#article","isPartOf":{"@id":"https:\/\/sandzakpress.net\/arhiva\/khan-o-srebrenici-ne-dozvolimo-da-se-takva-zvjerstva-ponove\/"},"author":{"name":"bosniak","@id":"https:\/\/sandzakpress.net\/arhiva\/#\/schema\/person\/c8baee722073534b583ea7bdb2e36c02"},"headline":"Khan o Srebrenici: Ne dozvolimo da se takva zvjerstva ponove","datePublished":"2017-07-11T16:56:53+00:00","mainEntityOfPage":{"@id":"https:\/\/sandzakpress.net\/arhiva\/khan-o-srebrenici-ne-dozvolimo-da-se-takva-zvjerstva-ponove\/"},"wordCount":312,"commentCount":0,"publisher":{"@id":"https:\/\/sandzakpress.net\/arhiva\/#\/schema\/person\/6e72b67d6e51910a1117b3b483ba20bd"},"image":{"@id":"https:\/\/sandzakpress.net\/arhiva\/khan-o-srebrenici-ne-dozvolimo-da-se-takva-zvjerstva-ponove\/#primaryimage"},"thumbnailUrl":"https:\/\/sandzakpress.net\/arhiva\/wp-content\/uploads\/2017\/07\/sadiq_khan_reuters_main_1.jpg","keywords":["Bosna i Hercegovina"],"articleSection":["Bosna PRESS"],"inLanguage":"bs-BA","potentialAction":[{"@type":"CommentAction","name":"Comment","target":["https:\/\/sandzakpress.net\/arhiva\/khan-o-srebrenici-ne-dozvolimo-da-se-takva-zvjerstva-ponove\/#respond"]}]},{"@type":"WebPage","@id":"https:\/\/sandzakpress.net\/arhiva\/khan-o-srebrenici-ne-dozvolimo-da-se-takva-zvjerstva-ponove\/","url":"https:\/\/sandzakpress.net\/arhiva\/khan-o-srebrenici-ne-dozvolimo-da-se-takva-zvjerstva-ponove\/","name":"Khan o Srebrenici: Ne dozvolimo da se takva zvjerstva ponove","isPartOf":{"@id":"https:\/\/sandzakpress.net\/arhiva\/#website"},"primaryImageOfPage":{"@id":"https:\/\/sandzakpress.net\/arhiva\/khan-o-srebrenici-ne-dozvolimo-da-se-takva-zvjerstva-ponove\/#primaryimage"},"image":{"@id":"https:\/\/sandzakpress.net\/arhiva\/khan-o-srebrenici-ne-dozvolimo-da-se-takva-zvjerstva-ponove\/#primaryimage"},"thumbnailUrl":"https:\/\/sandzakpress.net\/arhiva\/wp-content\/uploads\/2017\/07\/sadiq_khan_reuters_main_1.jpg","datePublished":"2017-07-11T16:56:53+00:00","breadcrumb":{"@id":"https:\/\/sandzakpress.net\/arhiva\/khan-o-srebrenici-ne-dozvolimo-da-se-takva-zvjerstva-ponove\/#breadcrumb"},"inLanguage":"bs-BA","potentialAction":[{"@type":"ReadAction","target":["https:\/\/sandzakpress.net\/arhiva\/khan-o-srebrenici-ne-dozvolimo-da-se-takva-zvjerstva-ponove\/"]}]},{"@type":"ImageObject","inLanguage":"bs-BA","@id":"https:\/\/sandzakpress.net\/arhiva\/khan-o-srebrenici-ne-dozvolimo-da-se-takva-zvjerstva-ponove\/#primaryimage","url":"https:\/\/sandzakpress.net\/arhiva\/wp-content\/uploads\/2017\/07\/sadiq_khan_reuters_main_1.jpg","contentUrl":"https:\/\/sandzakpress.net\/arhiva\/wp-content\/uploads\/2017\/07\/sadiq_khan_reuters_main_1.jpg","width":770,"height":433},{"@type":"BreadcrumbList","@id":"https:\/\/sandzakpress.net\/arhiva\/khan-o-srebrenici-ne-dozvolimo-da-se-takva-zvjerstva-ponove\/#breadcrumb","itemListElement":[{"@type":"ListItem","position":1,"name":"Home","item":"https:\/\/sandzakpress.net\/arhiva\/"},{"@type":"ListItem","position":2,"name":"Khan o Srebrenici: Ne dozvolimo da se takva zvjerstva ponove"}]},{"@type":"WebSite","@id":"https:\/\/sandzakpress.net\/arhiva\/#website","url":"https:\/\/sandzakpress.net\/arhiva\/","name":"Sand\u017eak PRESS","description":"Prve elektronske novine u Sand\u017eaku","publisher":{"@id":"https:\/\/sandzakpress.net\/arhiva\/#\/schema\/person\/6e72b67d6e51910a1117b3b483ba20bd"},"potentialAction":[{"@type":"SearchAction","target":{"@type":"EntryPoint","urlTemplate":"https:\/\/sandzakpress.net\/arhiva\/?s={search_term_string}"},"query-input":{"@type":"PropertyValueSpecification","valueRequired":true,"valueName":"search_term_string"}}],"inLanguage":"bs-BA"},{"@type":["Person","Organization"],"@id":"https:\/\/sandzakpress.net\/arhiva\/#\/schema\/person\/6e72b67d6e51910a1117b3b483ba20bd","name":"Kul","image":{"@type":"ImageObject","inLanguage":"bs-BA","@id":"https:\/\/sandzakpress.net\/arhiva\/#\/schema\/person\/image\/","url":"https:\/\/secure.gravatar.com\/avatar\/42263f39aa27ac04c43cab85c280eb2e?s=96&d=mm&r=pg","contentUrl":"https:\/\/secure.gravatar.com\/avatar\/42263f39aa27ac04c43cab85c280eb2e?s=96&d=mm&r=pg","caption":"Kul"},"logo":{"@id":"https:\/\/sandzakpress.net\/arhiva\/#\/schema\/person\/image\/"}},{"@type":"Person","@id":"https:\/\/sandzakpress.net\/arhiva\/#\/schema\/person\/c8baee722073534b583ea7bdb2e36c02","name":"bosniak","image":{"@type":"ImageObject","inLanguage":"bs-BA","@id":"https:\/\/sandzakpress.net\/arhiva\/#\/schema\/person\/image\/","url":"https:\/\/secure.gravatar.com\/avatar\/a04fd330bfe3a36a72a0ad4a6d89fca7?s=96&d=mm&r=pg","contentUrl":"https:\/\/secure.gravatar.com\/avatar\/a04fd330bfe3a36a72a0ad4a6d89fca7?s=96&d=mm&r=pg","caption":"bosniak"},"url":"https:\/\/sandzakpress.net\/arhiva\/author\/bosniak\/"}]}},"_links":{"self":[{"href":"https:\/\/sandzakpress.net\/arhiva\/wp-json\/wp\/v2\/posts\/190927"}],"collection":[{"href":"https:\/\/sandzakpress.net\/arhiva\/wp-json\/wp\/v2\/posts"}],"about":[{"href":"https:\/\/sandzakpress.net\/arhiva\/wp-json\/wp\/v2\/types\/post"}],"author":[{"embeddable":true,"href":"https:\/\/sandzakpress.net\/arhiva\/wp-json\/wp\/v2\/users\/83"}],"replies":[{"embeddable":true,"href":"https:\/\/sandzakpress.net\/arhiva\/wp-json\/wp\/v2\/comments?post=190927"}],"version-history":[{"count":0,"href":"https:\/\/sandzakpress.net\/arhiva\/wp-json\/wp\/v2\/posts\/190927\/revisions"}],"wp:featuredmedia":[{"embeddable":true,"href":"https:\/\/sandzakpress.net\/arhiva\/wp-json\/wp\/v2\/media\/190928"}],"wp:attachment":[{"href":"https:\/\/sandzakpress.net\/arhiva\/wp-json\/wp\/v2\/media?parent=190927"}],"wp:term":[{"taxonomy":"category","embeddable":true,"href":"https:\/\/sandzakpress.net\/arhiva\/wp-json\/wp\/v2\/categories?post=190927"},{"taxonomy":"post_tag","embeddable":true,"href":"https:\/\/sandzakpress.net\/arhiva\/wp-json\/wp\/v2\/tags?post=190927"}],"curies":[{"name":"wp","href":"https:\/\/api.w.org\/{rel}","templated":true}]}}