{"id":190754,"date":"2017-07-10T14:18:11","date_gmt":"2017-07-10T12:18:11","guid":{"rendered":"https:\/\/sandzakpress.net\/arhiva\/?p=190754"},"modified":"2017-07-10T13:38:04","modified_gmt":"2017-07-10T11:38:04","slug":"sadovic-ko-je-pismen-shvata-da-priznanje-nije-politicko","status":"publish","type":"post","link":"https:\/\/sandzakpress.net\/arhiva\/sadovic-ko-je-pismen-shvata-da-priznanje-nije-politicko\/","title":{"rendered":"Sadovi\u0107: Ko je pismen shvata da priznanje nije politi\u010dko"},"content":{"rendered":"<p><img decoding=\"async\" src=\"http:\/\/www.glaszapadnesrbije.rs\/dp_press_slike\/dr%20sadovic%20%20gzs.jpg\" \/><\/p>\n<p><strong>Prijepolje \u2013 Povodom dodele priznanja za Dan op\u0161tine i prozivanja opozicije i dela janosti o (ne)zaslu\u017eenoj nagradi oglasio se dr Zulkefil Bato Sadovi\u0107, \u010dlan Op\u0161tinskog ve\u0107a u Prijepolju, predsednik DPS-a i na\u010delnik hirurgije u prijepoljskoj bolnici.<\/strong><\/p>\n<p>,,Na simpozijumu De\u010djih hirurga u Velikom Gradi\u0161tu dodeljena mi je zahvalnica od strane Srpskog lekarskog dru\u0161tva koju je 6. maja 2017. godine u Beogradu potpisao perdsednik SLD \u010duveni akademik Radoje \u010colovi\u0107. Veoma sam ponosan na to priznanje koje mi je dodeljeno. Pro\u0161lo je 34 godine od kada sam diplomirao na Medicinskom fakultetu u Beogradu. Ako je Srbija tj. SLD prepoznala moj doprinos u pobolj\u0161anju zdravlja i \u017eivota ljudi onda je normalno da i moje Prijepolje (ro\u0111en sam, \u017eivim i radim u Prijepolju) to isto u\u010dini. Priznanje Srbije je ve\u0107e, ali mi je priznanje Prijepolja dra\u017ee\u201c kazao je dr Sadovi\u0107 za Glas zapadne Srbije.<\/p>\n<p>Na pitanje da li je neumesno da lokalna vlast sama sebi dodeljuje priznanja s obzirom na to da odluku donosi Ve\u0107e \u010diji je \u010dlan i on li\u010dno, Sadovi\u0107 je kazao da nije prisustvovao sednici na kojoj se donosila odluka.<\/p>\n<p><img decoding=\"async\" src=\"http:\/\/www.glaszapadnesrbije.rs\/files\/images\/ZAHVALNICA_OPSTINE_PRIJEPOLJE_0011.jpg\" \/><\/p>\n<p>,,Na sednici Op\u0161tinskog ve\u0107a, koje je potvrdilo predlog Odbora za nagrade i priznanja nisam bio prisutan jer sam bio na moru. Na zahvalnici jasno pi\u0161e da se dodeljuje za doprinos unapre\u0111enju kvaliteta zdravstvene delatnosti. Ko je imalo pismen shvata da mi zahvalnica nije dodeljena za moje politi\u010dko anga\u017eovanje. Ne \u017eelim da komentari\u0161em izjave zavidnika kojima niko i ni\u0161ta ne valja,\u201c kazao je dr Sadovi\u0107.<\/p>\n<p>Opozicija: Vlast deli priznanja sebi za neispunjena obe\u0107anja<\/p>\n<p>Me\u0111utim, opozicija i veliki deo javnosti, prigovara mu da je priznanje stiglo kao plod politi\u010dkog uticaja, iako se njegova stru\u010dnost kao lakara ne dovodi u pitanje.<\/p>\n<p>Sa druge strane zamera mu se situacija u zdrastvenim ustanovama gde je nadle\u017ean a pojedini tvrde da zdrastvo nikada nije bilo na tako niskom nivou. Ima i prmedbi da se pacijenti sve vi\u0161e usmeravaju ka privatnim ordinacijama \u0161to osiroma\u0161eni gra\u0111ani te\u0161ko do\u017eivljavaju.<\/p>\n<p>Tako\u0111e sa strane opozicije sve \u010de\u0161\u0107e se \u010duju kritike na njegova navodno neispunjena obe\u0107anja iz predizborne kampanje gde je gra\u0111anima obe\u0107avao stru\u010dnost ispred politike, re\u0161avanje komunalnih problema i kvalitetniju zdrastvenu za\u0161titu, \u0161to se kako ka\u017eu nije dogodilo budu\u0107i da je ,,stru\u010dnost ispred politike\u201c zamenilo partijsko namirivanje koalicije oko SNS a lo\u0161u vlast, kako su tvrdili, zamenili su nestru\u010dnim, nekompetentnim i partijskim ljudima koji su zauzeli va\u017ene funkcije u gradu.<\/p>\n<p>Glas zapadne Srbije<\/p>\n","protected":false},"excerpt":{"rendered":"<p>Prijepolje \u2013 Povodom dodele priznanja za Dan op\u0161tine i prozivanja opozicije i dela janosti o (ne)zaslu\u017eenoj nagradi oglasio se dr Zulkefil Bato Sadovi\u0107, \u010dlan Op\u0161tinskog ve\u0107a u Prijepolju, predsednik DPS-a i na\u010delnik hirurgije u prijepoljskoj bolnici. ,,Na simpozijumu De\u010djih hirurga u Velikom Gradi\u0161tu dodeljena mi je zahvalnica od strane Srpskog lekarskog dru\u0161tva koju je 6. [&hellip;]<\/p>\n","protected":false},"author":509,"featured_media":190778,"comment_status":"open","ping_status":"open","sticky":false,"template":"","format":"standard","meta":{"footnotes":""},"categories":[1,392,10429],"tags":[],"class_list":{"0":"post-190754","1":"post","2":"type-post","3":"status-publish","4":"format-standard","5":"has-post-thumbnail","7":"category-politika","8":"category-prijepolje_","9":"category-vazno"},"yoast_head":"<!-- This site is optimized with the Yoast SEO Premium plugin v23.1 (Yoast SEO v24.9) - https:\/\/yoast.com\/wordpress\/plugins\/seo\/ -->\n<title>Sadovi\u0107: Ko je pismen shvata da priznanje nije politi\u010dko<\/title>\n<meta name=\"robots\" content=\"index, follow, max-snippet:-1, max-image-preview:large, max-video-preview:-1\" \/>\n<link rel=\"canonical\" href=\"https:\/\/sandzakpress.net\/arhiva\/sadovic-ko-je-pismen-shvata-da-priznanje-nije-politicko\/\" \/>\n<meta property=\"og:locale\" content=\"bs_BA\" \/>\n<meta property=\"og:type\" content=\"article\" \/>\n<meta property=\"og:title\" content=\"Sadovi\u0107: Ko je pismen shvata da priznanje nije politi\u010dko\" \/>\n<meta property=\"og:description\" content=\"Prijepolje \u2013 Povodom dodele priznanja za Dan op\u0161tine i prozivanja opozicije i dela janosti o (ne)zaslu\u017eenoj nagradi oglasio se dr Zulkefil Bato Sadovi\u0107, \u010dlan Op\u0161tinskog ve\u0107a u Prijepolju, predsednik DPS-a i na\u010delnik hirurgije u prijepoljskoj bolnici. ,,Na simpozijumu De\u010djih hirurga u Velikom Gradi\u0161tu dodeljena mi je zahvalnica od strane Srpskog lekarskog dru\u0161tva koju je 6. [&hellip;]\" \/>\n<meta property=\"og:url\" content=\"https:\/\/sandzakpress.net\/arhiva\/sadovic-ko-je-pismen-shvata-da-priznanje-nije-politicko\/\" \/>\n<meta property=\"og:site_name\" content=\"Sand\u017eak PRESS\" \/>\n<meta property=\"article:published_time\" content=\"2017-07-10T12:18:11+00:00\" \/>\n<meta property=\"og:image\" content=\"https:\/\/sandzakpress.net\/arhiva\/wp-content\/uploads\/2017\/07\/dr-sadovic-gzs.jpg\" \/>\n\t<meta property=\"og:image:width\" content=\"650\" \/>\n\t<meta property=\"og:image:height\" content=\"593\" \/>\n\t<meta property=\"og:image:type\" content=\"image\/jpeg\" \/>\n<meta name=\"author\" content=\"Agencija\" \/>\n<meta name=\"twitter:card\" content=\"summary_large_image\" \/>\n<meta name=\"twitter:label1\" content=\"Written by\" \/>\n\t<meta name=\"twitter:data1\" content=\"Agencija\" \/>\n\t<meta name=\"twitter:label2\" content=\"Est. reading time\" \/>\n\t<meta name=\"twitter:data2\" content=\"2 minute\" \/>\n<script type=\"application\/ld+json\" class=\"yoast-schema-graph\">{\"@context\":\"https:\/\/schema.org\",\"@graph\":[{\"@type\":\"Article\",\"@id\":\"https:\/\/sandzakpress.net\/arhiva\/sadovic-ko-je-pismen-shvata-da-priznanje-nije-politicko\/#article\",\"isPartOf\":{\"@id\":\"https:\/\/sandzakpress.net\/arhiva\/sadovic-ko-je-pismen-shvata-da-priznanje-nije-politicko\/\"},\"author\":{\"name\":\"Agencija\",\"@id\":\"https:\/\/sandzakpress.net\/arhiva\/#\/schema\/person\/cb59d7e3ab91ab90dd680ad0305a6185\"},\"headline\":\"Sadovi\u0107: Ko je pismen shvata da priznanje nije politi\u010dko\",\"datePublished\":\"2017-07-10T12:18:11+00:00\",\"mainEntityOfPage\":{\"@id\":\"https:\/\/sandzakpress.net\/arhiva\/sadovic-ko-je-pismen-shvata-da-priznanje-nije-politicko\/\"},\"wordCount\":445,\"commentCount\":0,\"publisher\":{\"@id\":\"https:\/\/sandzakpress.net\/arhiva\/#\/schema\/person\/6e72b67d6e51910a1117b3b483ba20bd\"},\"image\":{\"@id\":\"https:\/\/sandzakpress.net\/arhiva\/sadovic-ko-je-pismen-shvata-da-priznanje-nije-politicko\/#primaryimage\"},\"thumbnailUrl\":\"https:\/\/sandzakpress.net\/arhiva\/wp-content\/uploads\/2017\/07\/dr-sadovic-gzs.jpg\",\"articleSection\":[\"Politika\",\"Prijepolje\",\"VA\u017dNO!\"],\"inLanguage\":\"bs-BA\",\"potentialAction\":[{\"@type\":\"CommentAction\",\"name\":\"Comment\",\"target\":[\"https:\/\/sandzakpress.net\/arhiva\/sadovic-ko-je-pismen-shvata-da-priznanje-nije-politicko\/#respond\"]}]},{\"@type\":\"WebPage\",\"@id\":\"https:\/\/sandzakpress.net\/arhiva\/sadovic-ko-je-pismen-shvata-da-priznanje-nije-politicko\/\",\"url\":\"https:\/\/sandzakpress.net\/arhiva\/sadovic-ko-je-pismen-shvata-da-priznanje-nije-politicko\/\",\"name\":\"Sadovi\u0107: Ko je pismen shvata da priznanje nije politi\u010dko\",\"isPartOf\":{\"@id\":\"https:\/\/sandzakpress.net\/arhiva\/#website\"},\"primaryImageOfPage\":{\"@id\":\"https:\/\/sandzakpress.net\/arhiva\/sadovic-ko-je-pismen-shvata-da-priznanje-nije-politicko\/#primaryimage\"},\"image\":{\"@id\":\"https:\/\/sandzakpress.net\/arhiva\/sadovic-ko-je-pismen-shvata-da-priznanje-nije-politicko\/#primaryimage\"},\"thumbnailUrl\":\"https:\/\/sandzakpress.net\/arhiva\/wp-content\/uploads\/2017\/07\/dr-sadovic-gzs.jpg\",\"datePublished\":\"2017-07-10T12:18:11+00:00\",\"breadcrumb\":{\"@id\":\"https:\/\/sandzakpress.net\/arhiva\/sadovic-ko-je-pismen-shvata-da-priznanje-nije-politicko\/#breadcrumb\"},\"inLanguage\":\"bs-BA\",\"potentialAction\":[{\"@type\":\"ReadAction\",\"target\":[\"https:\/\/sandzakpress.net\/arhiva\/sadovic-ko-je-pismen-shvata-da-priznanje-nije-politicko\/\"]}]},{\"@type\":\"ImageObject\",\"inLanguage\":\"bs-BA\",\"@id\":\"https:\/\/sandzakpress.net\/arhiva\/sadovic-ko-je-pismen-shvata-da-priznanje-nije-politicko\/#primaryimage\",\"url\":\"https:\/\/sandzakpress.net\/arhiva\/wp-content\/uploads\/2017\/07\/dr-sadovic-gzs.jpg\",\"contentUrl\":\"https:\/\/sandzakpress.net\/arhiva\/wp-content\/uploads\/2017\/07\/dr-sadovic-gzs.jpg\",\"width\":650,\"height\":593},{\"@type\":\"BreadcrumbList\",\"@id\":\"https:\/\/sandzakpress.net\/arhiva\/sadovic-ko-je-pismen-shvata-da-priznanje-nije-politicko\/#breadcrumb\",\"itemListElement\":[{\"@type\":\"ListItem\",\"position\":1,\"name\":\"Home\",\"item\":\"https:\/\/sandzakpress.net\/arhiva\/\"},{\"@type\":\"ListItem\",\"position\":2,\"name\":\"Sadovi\u0107: Ko je pismen shvata da priznanje nije politi\u010dko\"}]},{\"@type\":\"WebSite\",\"@id\":\"https:\/\/sandzakpress.net\/arhiva\/#website\",\"url\":\"https:\/\/sandzakpress.net\/arhiva\/\",\"name\":\"Sand\u017eak PRESS\",\"description\":\"Prve elektronske novine u Sand\u017eaku\",\"publisher\":{\"@id\":\"https:\/\/sandzakpress.net\/arhiva\/#\/schema\/person\/6e72b67d6e51910a1117b3b483ba20bd\"},\"potentialAction\":[{\"@type\":\"SearchAction\",\"target\":{\"@type\":\"EntryPoint\",\"urlTemplate\":\"https:\/\/sandzakpress.net\/arhiva\/?s={search_term_string}\"},\"query-input\":{\"@type\":\"PropertyValueSpecification\",\"valueRequired\":true,\"valueName\":\"search_term_string\"}}],\"inLanguage\":\"bs-BA\"},{\"@type\":[\"Person\",\"Organization\"],\"@id\":\"https:\/\/sandzakpress.net\/arhiva\/#\/schema\/person\/6e72b67d6e51910a1117b3b483ba20bd\",\"name\":\"Kul\",\"image\":{\"@type\":\"ImageObject\",\"inLanguage\":\"bs-BA\",\"@id\":\"https:\/\/sandzakpress.net\/arhiva\/#\/schema\/person\/image\/\",\"url\":\"https:\/\/secure.gravatar.com\/avatar\/42263f39aa27ac04c43cab85c280eb2e?s=96&d=mm&r=pg\",\"contentUrl\":\"https:\/\/secure.gravatar.com\/avatar\/42263f39aa27ac04c43cab85c280eb2e?s=96&d=mm&r=pg\",\"caption\":\"Kul\"},\"logo\":{\"@id\":\"https:\/\/sandzakpress.net\/arhiva\/#\/schema\/person\/image\/\"}},{\"@type\":\"Person\",\"@id\":\"https:\/\/sandzakpress.net\/arhiva\/#\/schema\/person\/cb59d7e3ab91ab90dd680ad0305a6185\",\"name\":\"Agencija\",\"image\":{\"@type\":\"ImageObject\",\"inLanguage\":\"bs-BA\",\"@id\":\"https:\/\/sandzakpress.net\/arhiva\/#\/schema\/person\/image\/\",\"url\":\"https:\/\/secure.gravatar.com\/avatar\/4b7fafa80a22f0c2afe23966b3961fe0?s=96&d=mm&r=pg\",\"contentUrl\":\"https:\/\/secure.gravatar.com\/avatar\/4b7fafa80a22f0c2afe23966b3961fe0?s=96&d=mm&r=pg\",\"caption\":\"Agencija\"},\"url\":\"https:\/\/sandzakpress.net\/arhiva\/author\/agencija\/\"}]}<\/script>\n<!-- \/ Yoast SEO Premium plugin. -->","yoast_head_json":{"title":"Sadovi\u0107: Ko je pismen shvata da priznanje nije politi\u010dko","robots":{"index":"index","follow":"follow","max-snippet":"max-snippet:-1","max-image-preview":"max-image-preview:large","max-video-preview":"max-video-preview:-1"},"canonical":"https:\/\/sandzakpress.net\/arhiva\/sadovic-ko-je-pismen-shvata-da-priznanje-nije-politicko\/","og_locale":"bs_BA","og_type":"article","og_title":"Sadovi\u0107: Ko je pismen shvata da priznanje nije politi\u010dko","og_description":"Prijepolje \u2013 Povodom dodele priznanja za Dan op\u0161tine i prozivanja opozicije i dela janosti o (ne)zaslu\u017eenoj nagradi oglasio se dr Zulkefil Bato Sadovi\u0107, \u010dlan Op\u0161tinskog ve\u0107a u Prijepolju, predsednik DPS-a i na\u010delnik hirurgije u prijepoljskoj bolnici. ,,Na simpozijumu De\u010djih hirurga u Velikom Gradi\u0161tu dodeljena mi je zahvalnica od strane Srpskog lekarskog dru\u0161tva koju je 6. [&hellip;]","og_url":"https:\/\/sandzakpress.net\/arhiva\/sadovic-ko-je-pismen-shvata-da-priznanje-nije-politicko\/","og_site_name":"Sand\u017eak PRESS","article_published_time":"2017-07-10T12:18:11+00:00","og_image":[{"width":650,"height":593,"url":"https:\/\/sandzakpress.net\/arhiva\/wp-content\/uploads\/2017\/07\/dr-sadovic-gzs.jpg","type":"image\/jpeg"}],"author":"Agencija","twitter_card":"summary_large_image","twitter_misc":{"Written by":"Agencija","Est. reading time":"2 minute"},"schema":{"@context":"https:\/\/schema.org","@graph":[{"@type":"Article","@id":"https:\/\/sandzakpress.net\/arhiva\/sadovic-ko-je-pismen-shvata-da-priznanje-nije-politicko\/#article","isPartOf":{"@id":"https:\/\/sandzakpress.net\/arhiva\/sadovic-ko-je-pismen-shvata-da-priznanje-nije-politicko\/"},"author":{"name":"Agencija","@id":"https:\/\/sandzakpress.net\/arhiva\/#\/schema\/person\/cb59d7e3ab91ab90dd680ad0305a6185"},"headline":"Sadovi\u0107: Ko je pismen shvata da priznanje nije politi\u010dko","datePublished":"2017-07-10T12:18:11+00:00","mainEntityOfPage":{"@id":"https:\/\/sandzakpress.net\/arhiva\/sadovic-ko-je-pismen-shvata-da-priznanje-nije-politicko\/"},"wordCount":445,"commentCount":0,"publisher":{"@id":"https:\/\/sandzakpress.net\/arhiva\/#\/schema\/person\/6e72b67d6e51910a1117b3b483ba20bd"},"image":{"@id":"https:\/\/sandzakpress.net\/arhiva\/sadovic-ko-je-pismen-shvata-da-priznanje-nije-politicko\/#primaryimage"},"thumbnailUrl":"https:\/\/sandzakpress.net\/arhiva\/wp-content\/uploads\/2017\/07\/dr-sadovic-gzs.jpg","articleSection":["Politika","Prijepolje","VA\u017dNO!"],"inLanguage":"bs-BA","potentialAction":[{"@type":"CommentAction","name":"Comment","target":["https:\/\/sandzakpress.net\/arhiva\/sadovic-ko-je-pismen-shvata-da-priznanje-nije-politicko\/#respond"]}]},{"@type":"WebPage","@id":"https:\/\/sandzakpress.net\/arhiva\/sadovic-ko-je-pismen-shvata-da-priznanje-nije-politicko\/","url":"https:\/\/sandzakpress.net\/arhiva\/sadovic-ko-je-pismen-shvata-da-priznanje-nije-politicko\/","name":"Sadovi\u0107: Ko je pismen shvata da priznanje nije politi\u010dko","isPartOf":{"@id":"https:\/\/sandzakpress.net\/arhiva\/#website"},"primaryImageOfPage":{"@id":"https:\/\/sandzakpress.net\/arhiva\/sadovic-ko-je-pismen-shvata-da-priznanje-nije-politicko\/#primaryimage"},"image":{"@id":"https:\/\/sandzakpress.net\/arhiva\/sadovic-ko-je-pismen-shvata-da-priznanje-nije-politicko\/#primaryimage"},"thumbnailUrl":"https:\/\/sandzakpress.net\/arhiva\/wp-content\/uploads\/2017\/07\/dr-sadovic-gzs.jpg","datePublished":"2017-07-10T12:18:11+00:00","breadcrumb":{"@id":"https:\/\/sandzakpress.net\/arhiva\/sadovic-ko-je-pismen-shvata-da-priznanje-nije-politicko\/#breadcrumb"},"inLanguage":"bs-BA","potentialAction":[{"@type":"ReadAction","target":["https:\/\/sandzakpress.net\/arhiva\/sadovic-ko-je-pismen-shvata-da-priznanje-nije-politicko\/"]}]},{"@type":"ImageObject","inLanguage":"bs-BA","@id":"https:\/\/sandzakpress.net\/arhiva\/sadovic-ko-je-pismen-shvata-da-priznanje-nije-politicko\/#primaryimage","url":"https:\/\/sandzakpress.net\/arhiva\/wp-content\/uploads\/2017\/07\/dr-sadovic-gzs.jpg","contentUrl":"https:\/\/sandzakpress.net\/arhiva\/wp-content\/uploads\/2017\/07\/dr-sadovic-gzs.jpg","width":650,"height":593},{"@type":"BreadcrumbList","@id":"https:\/\/sandzakpress.net\/arhiva\/sadovic-ko-je-pismen-shvata-da-priznanje-nije-politicko\/#breadcrumb","itemListElement":[{"@type":"ListItem","position":1,"name":"Home","item":"https:\/\/sandzakpress.net\/arhiva\/"},{"@type":"ListItem","position":2,"name":"Sadovi\u0107: Ko je pismen shvata da priznanje nije politi\u010dko"}]},{"@type":"WebSite","@id":"https:\/\/sandzakpress.net\/arhiva\/#website","url":"https:\/\/sandzakpress.net\/arhiva\/","name":"Sand\u017eak PRESS","description":"Prve elektronske novine u Sand\u017eaku","publisher":{"@id":"https:\/\/sandzakpress.net\/arhiva\/#\/schema\/person\/6e72b67d6e51910a1117b3b483ba20bd"},"potentialAction":[{"@type":"SearchAction","target":{"@type":"EntryPoint","urlTemplate":"https:\/\/sandzakpress.net\/arhiva\/?s={search_term_string}"},"query-input":{"@type":"PropertyValueSpecification","valueRequired":true,"valueName":"search_term_string"}}],"inLanguage":"bs-BA"},{"@type":["Person","Organization"],"@id":"https:\/\/sandzakpress.net\/arhiva\/#\/schema\/person\/6e72b67d6e51910a1117b3b483ba20bd","name":"Kul","image":{"@type":"ImageObject","inLanguage":"bs-BA","@id":"https:\/\/sandzakpress.net\/arhiva\/#\/schema\/person\/image\/","url":"https:\/\/secure.gravatar.com\/avatar\/42263f39aa27ac04c43cab85c280eb2e?s=96&d=mm&r=pg","contentUrl":"https:\/\/secure.gravatar.com\/avatar\/42263f39aa27ac04c43cab85c280eb2e?s=96&d=mm&r=pg","caption":"Kul"},"logo":{"@id":"https:\/\/sandzakpress.net\/arhiva\/#\/schema\/person\/image\/"}},{"@type":"Person","@id":"https:\/\/sandzakpress.net\/arhiva\/#\/schema\/person\/cb59d7e3ab91ab90dd680ad0305a6185","name":"Agencija","image":{"@type":"ImageObject","inLanguage":"bs-BA","@id":"https:\/\/sandzakpress.net\/arhiva\/#\/schema\/person\/image\/","url":"https:\/\/secure.gravatar.com\/avatar\/4b7fafa80a22f0c2afe23966b3961fe0?s=96&d=mm&r=pg","contentUrl":"https:\/\/secure.gravatar.com\/avatar\/4b7fafa80a22f0c2afe23966b3961fe0?s=96&d=mm&r=pg","caption":"Agencija"},"url":"https:\/\/sandzakpress.net\/arhiva\/author\/agencija\/"}]}},"_links":{"self":[{"href":"https:\/\/sandzakpress.net\/arhiva\/wp-json\/wp\/v2\/posts\/190754"}],"collection":[{"href":"https:\/\/sandzakpress.net\/arhiva\/wp-json\/wp\/v2\/posts"}],"about":[{"href":"https:\/\/sandzakpress.net\/arhiva\/wp-json\/wp\/v2\/types\/post"}],"author":[{"embeddable":true,"href":"https:\/\/sandzakpress.net\/arhiva\/wp-json\/wp\/v2\/users\/509"}],"replies":[{"embeddable":true,"href":"https:\/\/sandzakpress.net\/arhiva\/wp-json\/wp\/v2\/comments?post=190754"}],"version-history":[{"count":0,"href":"https:\/\/sandzakpress.net\/arhiva\/wp-json\/wp\/v2\/posts\/190754\/revisions"}],"wp:featuredmedia":[{"embeddable":true,"href":"https:\/\/sandzakpress.net\/arhiva\/wp-json\/wp\/v2\/media\/190778"}],"wp:attachment":[{"href":"https:\/\/sandzakpress.net\/arhiva\/wp-json\/wp\/v2\/media?parent=190754"}],"wp:term":[{"taxonomy":"category","embeddable":true,"href":"https:\/\/sandzakpress.net\/arhiva\/wp-json\/wp\/v2\/categories?post=190754"},{"taxonomy":"post_tag","embeddable":true,"href":"https:\/\/sandzakpress.net\/arhiva\/wp-json\/wp\/v2\/tags?post=190754"}],"curies":[{"name":"wp","href":"https:\/\/api.w.org\/{rel}","templated":true}]}}