{"id":19046,"date":"2011-08-22T13:12:16","date_gmt":"2011-08-22T11:12:16","guid":{"rendered":"https:\/\/sandzakpress.net\/arhiva\/?p=19046"},"modified":"2011-08-22T13:12:16","modified_gmt":"2011-08-22T11:12:16","slug":"kako-se-cuva-historijsko-blago-prizrena","status":"publish","type":"post","link":"https:\/\/sandzakpress.net\/arhiva\/kako-se-cuva-historijsko-blago-prizrena\/","title":{"rendered":"Kako se \u010duva historijsko blago Prizrena?"},"content":{"rendered":"<p><strong><a href=\"https:\/\/sandzakpress.net\/arhiva\/wp-content\/uploads\/2011\/08\/kalaja.jpg\"><img loading=\"lazy\" decoding=\"async\" class=\"alignleft size-medium wp-image-19047\" src=\"https:\/\/sandzakpress.net\/arhiva\/wp-content\/uploads\/2011\/08\/kalaja-300x231.jpg\" alt=\"\" width=\"300\" height=\"231\" \/><\/a>Kosovo &#8211; Plan konzervacije historijskog jezgra Prizrena sa ciljem kontinuirane  urbane za\u0161tite, ra\u010dunaju\u0107i tu dru\u0161tveni, kulturni, ekonomski i razvojni  aspekt je istrument za o\u010duvanje ovog jednog od najljep\u0161ih kosovskih  gradova. Plan konzervacije historiskih zona pripremljen ranije u  direktorijatu za urbanizam i institute za za\u0161titu historijskih spomenika  a na osnovu me\u0111unarodnih dokumenata iz ove oblasti je prihva\u0107en i od  odbornika gradske skup\u0161tine 2008. godine.<\/strong><br \/>\n\u201cPlan konzerviranje je plan veoma zna\u010dajan za grad Prizren i  brani njegovu prvu historijsku zonu. Priroda plana je da brani sve  historijske, monumentalne i arhitektonske vrijednosti preko  urbanisti\u010dkog plana. Tu je uklju\u010dene strategija i parametri\u00a0 za odbranu  historijskog naslje\u0111a\u201d \u2013 ka\u017ee\u00a0 Shen Kabashi, direktor op\u0161tinskog  direktorijata za turizam i ekonomski razvoj.<\/p>\n<p>Historijski centar  va\u017ei za najva\u017eniji historisjki dio Prizrena. Zato treba da se \u010duva i  odr\u017eava kontinuirano kao monumentalni, urbanisti\u010dki, arhitektonski i  kulturni kompleks.<\/p>\n<p>I pored toga u ovom dijelu ima vi\u0161e objekata  podignutih bez dozvole a nisu u skladu sa pomenutim parametrima.  Nadlje\u017eeni iz instituta za za\u0161titu historisjkih spomenika u vi\u0161e navrata  pismeno su se obra\u0107ali op\u0161tinskim organima sa cilejm da se to  elimini\u0161e, ali do sada jos niko nije reagovao ovim povodom.<\/p>\n<p>\u201cKao  \u0161to je poznato plan\u00a0 konzervacije pripremljen je u saradnji sa  tehni\u010dkim institutom u Istanbulu a na osnovu zahtjeva na\u0161e opstine a uz  pristanak i nekih me\u0111unarodnih organizacija potpisan je prije dve  godine. Taj plan nije detaljan, ali ima sve elemente i uslove koje treba  preduzeti od strane investitora unutar stare zone\u201d, tvrdi arhitekta  ovog instituta Jusuf D\u017eibo i dalje poja\u0161njava.<\/p>\n<p>\u201cNa terenu,  me\u0111utim to ne ide ba\u0161 dobro iako procedura normalno funkcioni\u0161e. Zahtjev  treba dostaviti u direktorijat za urbanizam, dolazi kod nas da vidimo  da li ima odustajanja od plana i onda ga mi ponovo dostavljamo  direktorijatu koji daje kona\u010dni odgovor.\u00a0 U ovom dijelu me\u0111utim ima vi\u0161e  objekata podignutih bez dozvole a nisu u skladu sa planom za\u0161tite\u201c.<\/p>\n<p>Ina\u010de,  Prizren ima stotinjak pokretnih i isto toliko nepokretnih historijskih  spomenika pa se \u010desto naziva &#8220;grad muzej&#8221;, ili &#8220;muzej pod vedrim nebom&#8221;.<\/p>\n<p>\u0160adrvan,  centralni gradski trg, Mara\u0161, tvr\u0111ava Kaljaja, Sinan pa\u0161ina i Bajrakli  d\u017eamija, Saborna crkva svetog \u0110or\u0111a, crkva Bogorodice Ljevi\u0161ka,  katoli\u010dka crkva, Hamam Mehmed Pa\u0161e, stari kameni most i veliki broj  starih ku\u0107a naslje\u0111enih kroz vjekove &#8211; samo su dio ovog historijskog i  neprocjenjivog blaga kojeg po svaku cijenu trteba \u010duvati izme\u0111u ostalog i  zbog generacija koje dolaze.<\/p>\n<p>Izvor: <strong>Info-Ks.net<\/strong><\/p>\n","protected":false},"excerpt":{"rendered":"<p>Kosovo &#8211; Plan konzervacije historijskog jezgra Prizrena sa ciljem kontinuirane urbane za\u0161tite, ra\u010dunaju\u0107i tu dru\u0161tveni, kulturni, ekonomski i razvojni aspekt je istrument za o\u010duvanje ovog jednog od najljep\u0161ih kosovskih gradova. Plan konzervacije historiskih zona pripremljen ranije u direktorijatu za urbanizam i institute za za\u0161titu historijskih spomenika a na osnovu me\u0111unarodnih dokumenata iz ove oblasti je [&hellip;]<\/p>\n","protected":false},"author":13,"featured_media":19047,"comment_status":"open","ping_status":"open","sticky":false,"template":"","format":"standard","meta":{"footnotes":""},"categories":[2690],"tags":[],"class_list":{"0":"post-19046","1":"post","2":"type-post","3":"status-publish","4":"format-standard","5":"has-post-thumbnail","7":"category-kosovo-gradovi"},"yoast_head":"<!-- This site is optimized with the Yoast SEO Premium plugin v23.1 (Yoast SEO v24.9) - https:\/\/yoast.com\/wordpress\/plugins\/seo\/ -->\n<title>Kako se \u010duva historijsko blago Prizrena?<\/title>\n<meta name=\"robots\" content=\"index, follow, max-snippet:-1, max-image-preview:large, max-video-preview:-1\" \/>\n<link rel=\"canonical\" href=\"https:\/\/sandzakpress.net\/arhiva\/kako-se-cuva-historijsko-blago-prizrena\/\" \/>\n<meta property=\"og:locale\" content=\"bs_BA\" \/>\n<meta property=\"og:type\" content=\"article\" \/>\n<meta property=\"og:title\" content=\"Kako se \u010duva historijsko blago Prizrena?\" \/>\n<meta property=\"og:description\" content=\"Kosovo &#8211; Plan konzervacije historijskog jezgra Prizrena sa ciljem kontinuirane urbane za\u0161tite, ra\u010dunaju\u0107i tu dru\u0161tveni, kulturni, ekonomski i razvojni aspekt je istrument za o\u010duvanje ovog jednog od najljep\u0161ih kosovskih gradova. Plan konzervacije historiskih zona pripremljen ranije u direktorijatu za urbanizam i institute za za\u0161titu historijskih spomenika a na osnovu me\u0111unarodnih dokumenata iz ove oblasti je [&hellip;]\" \/>\n<meta property=\"og:url\" content=\"https:\/\/sandzakpress.net\/arhiva\/kako-se-cuva-historijsko-blago-prizrena\/\" \/>\n<meta property=\"og:site_name\" content=\"Sand\u017eak PRESS\" \/>\n<meta property=\"article:published_time\" content=\"2011-08-22T11:12:16+00:00\" \/>\n<meta property=\"og:image\" content=\"https:\/\/sandzakpress.net\/arhiva\/wp-content\/uploads\/2011\/08\/kalaja.jpg\" \/>\n\t<meta property=\"og:image:width\" content=\"302\" \/>\n\t<meta property=\"og:image:height\" content=\"233\" \/>\n\t<meta property=\"og:image:type\" content=\"image\/jpeg\" \/>\n<meta name=\"twitter:card\" content=\"summary_large_image\" \/>\n<meta name=\"twitter:label1\" content=\"Written by\" \/>\n\t<meta name=\"twitter:data1\" content=\"\" \/>\n\t<meta name=\"twitter:label2\" content=\"Est. reading time\" \/>\n\t<meta name=\"twitter:data2\" content=\"2 minute\" \/>\n<script type=\"application\/ld+json\" class=\"yoast-schema-graph\">{\"@context\":\"https:\/\/schema.org\",\"@graph\":[{\"@type\":\"Article\",\"@id\":\"https:\/\/sandzakpress.net\/arhiva\/kako-se-cuva-historijsko-blago-prizrena\/#article\",\"isPartOf\":{\"@id\":\"https:\/\/sandzakpress.net\/arhiva\/kako-se-cuva-historijsko-blago-prizrena\/\"},\"author\":{\"name\":\"\",\"@id\":\"\"},\"headline\":\"Kako se \u010duva historijsko blago Prizrena?\",\"datePublished\":\"2011-08-22T11:12:16+00:00\",\"mainEntityOfPage\":{\"@id\":\"https:\/\/sandzakpress.net\/arhiva\/kako-se-cuva-historijsko-blago-prizrena\/\"},\"wordCount\":441,\"commentCount\":0,\"publisher\":{\"@id\":\"https:\/\/sandzakpress.net\/arhiva\/#\/schema\/person\/6e72b67d6e51910a1117b3b483ba20bd\"},\"image\":{\"@id\":\"https:\/\/sandzakpress.net\/arhiva\/kako-se-cuva-historijsko-blago-prizrena\/#primaryimage\"},\"thumbnailUrl\":\"https:\/\/sandzakpress.net\/arhiva\/wp-content\/uploads\/2011\/08\/kalaja.jpg\",\"articleSection\":[\"Kosovo\"],\"inLanguage\":\"bs-BA\",\"potentialAction\":[{\"@type\":\"CommentAction\",\"name\":\"Comment\",\"target\":[\"https:\/\/sandzakpress.net\/arhiva\/kako-se-cuva-historijsko-blago-prizrena\/#respond\"]}]},{\"@type\":\"WebPage\",\"@id\":\"https:\/\/sandzakpress.net\/arhiva\/kako-se-cuva-historijsko-blago-prizrena\/\",\"url\":\"https:\/\/sandzakpress.net\/arhiva\/kako-se-cuva-historijsko-blago-prizrena\/\",\"name\":\"Kako se \u010duva historijsko blago Prizrena?\",\"isPartOf\":{\"@id\":\"https:\/\/sandzakpress.net\/arhiva\/#website\"},\"primaryImageOfPage\":{\"@id\":\"https:\/\/sandzakpress.net\/arhiva\/kako-se-cuva-historijsko-blago-prizrena\/#primaryimage\"},\"image\":{\"@id\":\"https:\/\/sandzakpress.net\/arhiva\/kako-se-cuva-historijsko-blago-prizrena\/#primaryimage\"},\"thumbnailUrl\":\"https:\/\/sandzakpress.net\/arhiva\/wp-content\/uploads\/2011\/08\/kalaja.jpg\",\"datePublished\":\"2011-08-22T11:12:16+00:00\",\"breadcrumb\":{\"@id\":\"https:\/\/sandzakpress.net\/arhiva\/kako-se-cuva-historijsko-blago-prizrena\/#breadcrumb\"},\"inLanguage\":\"bs-BA\",\"potentialAction\":[{\"@type\":\"ReadAction\",\"target\":[\"https:\/\/sandzakpress.net\/arhiva\/kako-se-cuva-historijsko-blago-prizrena\/\"]}]},{\"@type\":\"ImageObject\",\"inLanguage\":\"bs-BA\",\"@id\":\"https:\/\/sandzakpress.net\/arhiva\/kako-se-cuva-historijsko-blago-prizrena\/#primaryimage\",\"url\":\"https:\/\/sandzakpress.net\/arhiva\/wp-content\/uploads\/2011\/08\/kalaja.jpg\",\"contentUrl\":\"https:\/\/sandzakpress.net\/arhiva\/wp-content\/uploads\/2011\/08\/kalaja.jpg\",\"width\":302,\"height\":233},{\"@type\":\"BreadcrumbList\",\"@id\":\"https:\/\/sandzakpress.net\/arhiva\/kako-se-cuva-historijsko-blago-prizrena\/#breadcrumb\",\"itemListElement\":[{\"@type\":\"ListItem\",\"position\":1,\"name\":\"Home\",\"item\":\"https:\/\/sandzakpress.net\/arhiva\/\"},{\"@type\":\"ListItem\",\"position\":2,\"name\":\"Kako se \u010duva historijsko blago Prizrena?\"}]},{\"@type\":\"WebSite\",\"@id\":\"https:\/\/sandzakpress.net\/arhiva\/#website\",\"url\":\"https:\/\/sandzakpress.net\/arhiva\/\",\"name\":\"Sand\u017eak PRESS\",\"description\":\"Prve elektronske novine u Sand\u017eaku\",\"publisher\":{\"@id\":\"https:\/\/sandzakpress.net\/arhiva\/#\/schema\/person\/6e72b67d6e51910a1117b3b483ba20bd\"},\"potentialAction\":[{\"@type\":\"SearchAction\",\"target\":{\"@type\":\"EntryPoint\",\"urlTemplate\":\"https:\/\/sandzakpress.net\/arhiva\/?s={search_term_string}\"},\"query-input\":{\"@type\":\"PropertyValueSpecification\",\"valueRequired\":true,\"valueName\":\"search_term_string\"}}],\"inLanguage\":\"bs-BA\"},{\"@type\":[\"Person\",\"Organization\"],\"@id\":\"https:\/\/sandzakpress.net\/arhiva\/#\/schema\/person\/6e72b67d6e51910a1117b3b483ba20bd\",\"name\":\"Kul\",\"image\":{\"@type\":\"ImageObject\",\"inLanguage\":\"bs-BA\",\"@id\":\"https:\/\/sandzakpress.net\/arhiva\/#\/schema\/person\/image\/\",\"url\":\"https:\/\/secure.gravatar.com\/avatar\/42263f39aa27ac04c43cab85c280eb2e?s=96&d=mm&r=pg\",\"contentUrl\":\"https:\/\/secure.gravatar.com\/avatar\/42263f39aa27ac04c43cab85c280eb2e?s=96&d=mm&r=pg\",\"caption\":\"Kul\"},\"logo\":{\"@id\":\"https:\/\/sandzakpress.net\/arhiva\/#\/schema\/person\/image\/\"}},{\"@type\":\"Person\",\"@id\":\"\",\"url\":\"https:\/\/sandzakpress.net\/arhiva\/author\/\"}]}<\/script>\n<!-- \/ Yoast SEO Premium plugin. -->","yoast_head_json":{"title":"Kako se \u010duva historijsko blago Prizrena?","robots":{"index":"index","follow":"follow","max-snippet":"max-snippet:-1","max-image-preview":"max-image-preview:large","max-video-preview":"max-video-preview:-1"},"canonical":"https:\/\/sandzakpress.net\/arhiva\/kako-se-cuva-historijsko-blago-prizrena\/","og_locale":"bs_BA","og_type":"article","og_title":"Kako se \u010duva historijsko blago Prizrena?","og_description":"Kosovo &#8211; Plan konzervacije historijskog jezgra Prizrena sa ciljem kontinuirane urbane za\u0161tite, ra\u010dunaju\u0107i tu dru\u0161tveni, kulturni, ekonomski i razvojni aspekt je istrument za o\u010duvanje ovog jednog od najljep\u0161ih kosovskih gradova. Plan konzervacije historiskih zona pripremljen ranije u direktorijatu za urbanizam i institute za za\u0161titu historijskih spomenika a na osnovu me\u0111unarodnih dokumenata iz ove oblasti je [&hellip;]","og_url":"https:\/\/sandzakpress.net\/arhiva\/kako-se-cuva-historijsko-blago-prizrena\/","og_site_name":"Sand\u017eak PRESS","article_published_time":"2011-08-22T11:12:16+00:00","og_image":[{"width":302,"height":233,"url":"https:\/\/sandzakpress.net\/arhiva\/wp-content\/uploads\/2011\/08\/kalaja.jpg","type":"image\/jpeg"}],"twitter_card":"summary_large_image","twitter_misc":{"Written by":"","Est. reading time":"2 minute"},"schema":{"@context":"https:\/\/schema.org","@graph":[{"@type":"Article","@id":"https:\/\/sandzakpress.net\/arhiva\/kako-se-cuva-historijsko-blago-prizrena\/#article","isPartOf":{"@id":"https:\/\/sandzakpress.net\/arhiva\/kako-se-cuva-historijsko-blago-prizrena\/"},"author":{"name":"","@id":""},"headline":"Kako se \u010duva historijsko blago Prizrena?","datePublished":"2011-08-22T11:12:16+00:00","mainEntityOfPage":{"@id":"https:\/\/sandzakpress.net\/arhiva\/kako-se-cuva-historijsko-blago-prizrena\/"},"wordCount":441,"commentCount":0,"publisher":{"@id":"https:\/\/sandzakpress.net\/arhiva\/#\/schema\/person\/6e72b67d6e51910a1117b3b483ba20bd"},"image":{"@id":"https:\/\/sandzakpress.net\/arhiva\/kako-se-cuva-historijsko-blago-prizrena\/#primaryimage"},"thumbnailUrl":"https:\/\/sandzakpress.net\/arhiva\/wp-content\/uploads\/2011\/08\/kalaja.jpg","articleSection":["Kosovo"],"inLanguage":"bs-BA","potentialAction":[{"@type":"CommentAction","name":"Comment","target":["https:\/\/sandzakpress.net\/arhiva\/kako-se-cuva-historijsko-blago-prizrena\/#respond"]}]},{"@type":"WebPage","@id":"https:\/\/sandzakpress.net\/arhiva\/kako-se-cuva-historijsko-blago-prizrena\/","url":"https:\/\/sandzakpress.net\/arhiva\/kako-se-cuva-historijsko-blago-prizrena\/","name":"Kako se \u010duva historijsko blago Prizrena?","isPartOf":{"@id":"https:\/\/sandzakpress.net\/arhiva\/#website"},"primaryImageOfPage":{"@id":"https:\/\/sandzakpress.net\/arhiva\/kako-se-cuva-historijsko-blago-prizrena\/#primaryimage"},"image":{"@id":"https:\/\/sandzakpress.net\/arhiva\/kako-se-cuva-historijsko-blago-prizrena\/#primaryimage"},"thumbnailUrl":"https:\/\/sandzakpress.net\/arhiva\/wp-content\/uploads\/2011\/08\/kalaja.jpg","datePublished":"2011-08-22T11:12:16+00:00","breadcrumb":{"@id":"https:\/\/sandzakpress.net\/arhiva\/kako-se-cuva-historijsko-blago-prizrena\/#breadcrumb"},"inLanguage":"bs-BA","potentialAction":[{"@type":"ReadAction","target":["https:\/\/sandzakpress.net\/arhiva\/kako-se-cuva-historijsko-blago-prizrena\/"]}]},{"@type":"ImageObject","inLanguage":"bs-BA","@id":"https:\/\/sandzakpress.net\/arhiva\/kako-se-cuva-historijsko-blago-prizrena\/#primaryimage","url":"https:\/\/sandzakpress.net\/arhiva\/wp-content\/uploads\/2011\/08\/kalaja.jpg","contentUrl":"https:\/\/sandzakpress.net\/arhiva\/wp-content\/uploads\/2011\/08\/kalaja.jpg","width":302,"height":233},{"@type":"BreadcrumbList","@id":"https:\/\/sandzakpress.net\/arhiva\/kako-se-cuva-historijsko-blago-prizrena\/#breadcrumb","itemListElement":[{"@type":"ListItem","position":1,"name":"Home","item":"https:\/\/sandzakpress.net\/arhiva\/"},{"@type":"ListItem","position":2,"name":"Kako se \u010duva historijsko blago Prizrena?"}]},{"@type":"WebSite","@id":"https:\/\/sandzakpress.net\/arhiva\/#website","url":"https:\/\/sandzakpress.net\/arhiva\/","name":"Sand\u017eak PRESS","description":"Prve elektronske novine u Sand\u017eaku","publisher":{"@id":"https:\/\/sandzakpress.net\/arhiva\/#\/schema\/person\/6e72b67d6e51910a1117b3b483ba20bd"},"potentialAction":[{"@type":"SearchAction","target":{"@type":"EntryPoint","urlTemplate":"https:\/\/sandzakpress.net\/arhiva\/?s={search_term_string}"},"query-input":{"@type":"PropertyValueSpecification","valueRequired":true,"valueName":"search_term_string"}}],"inLanguage":"bs-BA"},{"@type":["Person","Organization"],"@id":"https:\/\/sandzakpress.net\/arhiva\/#\/schema\/person\/6e72b67d6e51910a1117b3b483ba20bd","name":"Kul","image":{"@type":"ImageObject","inLanguage":"bs-BA","@id":"https:\/\/sandzakpress.net\/arhiva\/#\/schema\/person\/image\/","url":"https:\/\/secure.gravatar.com\/avatar\/42263f39aa27ac04c43cab85c280eb2e?s=96&d=mm&r=pg","contentUrl":"https:\/\/secure.gravatar.com\/avatar\/42263f39aa27ac04c43cab85c280eb2e?s=96&d=mm&r=pg","caption":"Kul"},"logo":{"@id":"https:\/\/sandzakpress.net\/arhiva\/#\/schema\/person\/image\/"}},{"@type":"Person","@id":"","url":"https:\/\/sandzakpress.net\/arhiva\/author\/"}]}},"_links":{"self":[{"href":"https:\/\/sandzakpress.net\/arhiva\/wp-json\/wp\/v2\/posts\/19046"}],"collection":[{"href":"https:\/\/sandzakpress.net\/arhiva\/wp-json\/wp\/v2\/posts"}],"about":[{"href":"https:\/\/sandzakpress.net\/arhiva\/wp-json\/wp\/v2\/types\/post"}],"author":[{"embeddable":true,"href":"https:\/\/sandzakpress.net\/arhiva\/wp-json\/wp\/v2\/users\/13"}],"replies":[{"embeddable":true,"href":"https:\/\/sandzakpress.net\/arhiva\/wp-json\/wp\/v2\/comments?post=19046"}],"version-history":[{"count":0,"href":"https:\/\/sandzakpress.net\/arhiva\/wp-json\/wp\/v2\/posts\/19046\/revisions"}],"wp:featuredmedia":[{"embeddable":true,"href":"https:\/\/sandzakpress.net\/arhiva\/wp-json\/wp\/v2\/media\/19047"}],"wp:attachment":[{"href":"https:\/\/sandzakpress.net\/arhiva\/wp-json\/wp\/v2\/media?parent=19046"}],"wp:term":[{"taxonomy":"category","embeddable":true,"href":"https:\/\/sandzakpress.net\/arhiva\/wp-json\/wp\/v2\/categories?post=19046"},{"taxonomy":"post_tag","embeddable":true,"href":"https:\/\/sandzakpress.net\/arhiva\/wp-json\/wp\/v2\/tags?post=19046"}],"curies":[{"name":"wp","href":"https:\/\/api.w.org\/{rel}","templated":true}]}}