{"id":19037,"date":"2011-08-22T12:58:38","date_gmt":"2011-08-22T10:58:38","guid":{"rendered":"https:\/\/sandzakpress.net\/arhiva\/?p=19037"},"modified":"2011-08-22T12:58:38","modified_gmt":"2011-08-22T10:58:38","slug":"uvrjedljivi-grafiti-u-centru-prijepolja","status":"publish","type":"post","link":"https:\/\/sandzakpress.net\/arhiva\/uvrjedljivi-grafiti-u-centru-prijepolja\/","title":{"rendered":"Uvrjedljivi grafiti u centru Prijepolja"},"content":{"rendered":"<p><strong><a href=\"https:\/\/sandzakpress.net\/arhiva\/wp-content\/uploads\/2011\/08\/centar-za-ljp-polimlje-durakovic.jpg\"><img loading=\"lazy\" decoding=\"async\" class=\"alignleft size-full wp-image-19038\" src=\"https:\/\/sandzakpress.net\/arhiva\/wp-content\/uploads\/2011\/08\/centar-za-ljp-polimlje-durakovic.jpg\" alt=\"\" width=\"284\" height=\"126\" \/><\/a>Prijepolje &#8211; U povodu uvredljivih grafita koji se ve\u0107 du\u017ee vremena nalaze ispisani na jasno vidljivim mjestima u op\u0161tini Prijepolje\u00a0 Centar za za\u0161titu ljudskih prava i tolernaciju \u2013 Polimlje objavljuje saop\u0161tenje za javnost u kojem se k<\/strong>a\u017ee:<\/p>\n<p>SAOP\u0160TENJE ZA JAVNOST<\/p>\n<p>Nakon hap\u0161enja ratnog zlo\u010dinca Ratka Mladi\u0107a, Srbija je nakon du\u017eeg vremena pokazala da joj je satalo da ispo\u0161tuje zakon i pravdu i odlu\u010dno krene putem demokratizacije dru\u0161tva i uva\u017eavanja razli\u010ditosti.<\/p>\n<p>\u017dao nam je \u0161to je multietni\u010dnost op\u0161tine Prijepolje naru\u0161ena uvredljivim grafitima sa porukama na jasno vidljivim mjestima u Prijepolju i ogromnim\u00a0 slovima ispisane poruke;<\/p>\n<p>\u201eSVI SMO MI RATKO\u201c\u00a0kao i poruka \u201eHVALA TI RATKO\u201c\u00a0 i poruka \u201eRATKO MLADI\u0106\u00a0 HEROJ\u201c<\/p>\n<p>\u017dao nam je \u0161to se u Prijepolju u kojem se\u00a0 vrlo \u010desto govori o tolernaciji i su\u017eivotu nadle\u017eene ustanove nisu udostojile da pomenute grafite prekre\u010de i time po\u0161alju poruku da vode ra\u010duna o uva\u017eavanju razli\u010ditosti i su\u017eivota.<\/p>\n<p>Kakva je poruka za Bo\u0161njake koji \u017eive u Prijepolju ako se pomenuti zlo\u010dinac veli\u010da kao heroj?<\/p>\n<p>Da li su mogu\u0107e zdrave demokracijske promjene ukoliko se\u00a0 pojedinci i skupine i dalje zahvaljuju ubici nedu\u017enih civila, djece, \u017eena?<\/p>\n<p>Da li su ubistva nedu\u017enih ljudi, \u017eena i djece herojstva za koje je potrebno pisati d\u017einovske grafite pred o\u010dima kulturne, nacionalne, vjerske javnosti i razli\u010ditosti a da se pri tome ne vodi ra\u010duna o onima koji pripadaju narodu koji je pre\u017eivio genocid pod direktivom Ha\u0161kog optu\u017eenika Ratka Mladi\u0107a?<\/p>\n<p>Kakva se poruka \u0161alje drugima o Prijepolju u kojem su shodno grafitima gra\u0111ani podjeljeni na one koji su Ratko i na one koji to nisu!?<\/p>\n<p>Ne \u017eelimo da vjerujemo da se u procesu demokratizacije dru\u0161tva u Srbiji ljudi djele na zlo\u010dince i na \u017ertvu, ne \u017eelimo vjerovati ali nas okru\u017eenje u to uvjerava.<\/p>\n<p>\u017delimo da vjerujemo da su pomenuti grafiti ispisani od strane pojedinca a nikako skupine ali isto tako nije uredu da ti grafiti toliko dugo vremena stoje predo \u010dima cijele javnosti a da se niko od prestavnika vlasti, politi\u010dkih pratija, nevladinih organizacija nije oglasio po ovom pitanju.<\/p>\n<p>Ovim putem apelujemo na nadle\u017eene organe da u \u0161to kra\u0107em roku prekre\u010de pomenute grafite i time po\u0161alju poruku javnosti i Bo\u0161njacima da je to bilo djelo nesavjesnog pojedinca i da je Prijepolje i dalje sredina zajedni\u010dkog su\u017eivota i me\u0111usobnog uva\u017eavanja i po\u0161tivanja razli\u010ditosti.<\/p>\n<p>Zar je potrebno da pored spomenika nedu\u017eno otetim i ubijenim Bo\u0161njacima u \u0160trpcima, pisati grafite sa porukama veli\u010danja zlo\u010dinca i Ha\u0161kog optu\u017eenika Ratka Mladi\u0107a i time slati poruku da za Bo\u0161njake nema mjesta u Prijepolju.<\/p>\n<p>Jasno nam je da se pro\u0161lost ne mo\u017ee promjeniti ali isto tako nije dobro veli\u010dati crne stranice istorije i veli\u010dati ih na \u0161tetu dru\u0161tva i zajednice kojoj neko pripada.<\/p>\n<p>Apelujemo nadle\u017enim ustanovama da u \u0161to kra\u0107em vremenu prekre\u010de grafite i time se izvine Bo\u0161njacima za nesavjesno pona\u0161anje pojedinaca a sve u cilju nastavka\u00a0 kvalitetnog i harmoni\u010dnog su\u017eivota u Prijepolju.<\/p>\n<p>Izvor: <strong>Mesihat.org<\/strong><\/p>\n","protected":false},"excerpt":{"rendered":"<p>Prijepolje &#8211; U povodu uvredljivih grafita koji se ve\u0107 du\u017ee vremena nalaze ispisani na jasno vidljivim mjestima u op\u0161tini Prijepolje\u00a0 Centar za za\u0161titu ljudskih prava i tolernaciju \u2013 Polimlje objavljuje saop\u0161tenje za javnost u kojem se ka\u017ee: SAOP\u0160TENJE ZA JAVNOST Nakon hap\u0161enja ratnog zlo\u010dinca Ratka Mladi\u0107a, Srbija je nakon du\u017eeg vremena pokazala da joj je [&hellip;]<\/p>\n","protected":false},"author":13,"featured_media":19038,"comment_status":"open","ping_status":"open","sticky":false,"template":"","format":"standard","meta":{"footnotes":""},"categories":[392,5],"tags":[],"class_list":{"0":"post-19037","1":"post","2":"type-post","3":"status-publish","4":"format-standard","5":"has-post-thumbnail","7":"category-prijepolje_","8":"category-drustvo"},"yoast_head":"<!-- This site is optimized with the Yoast SEO Premium plugin v23.1 (Yoast SEO v24.9) - https:\/\/yoast.com\/wordpress\/plugins\/seo\/ -->\n<title>Uvrjedljivi grafiti u centru Prijepolja<\/title>\n<meta name=\"robots\" content=\"index, follow, max-snippet:-1, max-image-preview:large, max-video-preview:-1\" \/>\n<link rel=\"canonical\" href=\"https:\/\/sandzakpress.net\/arhiva\/uvrjedljivi-grafiti-u-centru-prijepolja\/\" \/>\n<meta property=\"og:locale\" content=\"bs_BA\" \/>\n<meta property=\"og:type\" content=\"article\" \/>\n<meta property=\"og:title\" content=\"Uvrjedljivi grafiti u centru Prijepolja\" \/>\n<meta property=\"og:description\" content=\"Prijepolje &#8211; U povodu uvredljivih grafita koji se ve\u0107 du\u017ee vremena nalaze ispisani na jasno vidljivim mjestima u op\u0161tini Prijepolje\u00a0 Centar za za\u0161titu ljudskih prava i tolernaciju \u2013 Polimlje objavljuje saop\u0161tenje za javnost u kojem se ka\u017ee: SAOP\u0160TENJE ZA JAVNOST Nakon hap\u0161enja ratnog zlo\u010dinca Ratka Mladi\u0107a, Srbija je nakon du\u017eeg vremena pokazala da joj je [&hellip;]\" \/>\n<meta property=\"og:url\" content=\"https:\/\/sandzakpress.net\/arhiva\/uvrjedljivi-grafiti-u-centru-prijepolja\/\" \/>\n<meta property=\"og:site_name\" content=\"Sand\u017eak PRESS\" \/>\n<meta property=\"article:published_time\" content=\"2011-08-22T10:58:38+00:00\" \/>\n<meta property=\"og:image\" content=\"https:\/\/sandzakpress.net\/arhiva\/wp-content\/uploads\/2011\/08\/centar-za-ljp-polimlje-durakovic.jpg\" \/>\n\t<meta property=\"og:image:width\" content=\"284\" \/>\n\t<meta property=\"og:image:height\" content=\"126\" \/>\n\t<meta property=\"og:image:type\" content=\"image\/jpeg\" \/>\n<meta name=\"twitter:card\" content=\"summary_large_image\" \/>\n<meta name=\"twitter:label1\" content=\"Written by\" \/>\n\t<meta name=\"twitter:data1\" content=\"\" \/>\n\t<meta name=\"twitter:label2\" content=\"Est. reading time\" \/>\n\t<meta name=\"twitter:data2\" content=\"3 minute\" \/>\n<script type=\"application\/ld+json\" class=\"yoast-schema-graph\">{\"@context\":\"https:\/\/schema.org\",\"@graph\":[{\"@type\":\"Article\",\"@id\":\"https:\/\/sandzakpress.net\/arhiva\/uvrjedljivi-grafiti-u-centru-prijepolja\/#article\",\"isPartOf\":{\"@id\":\"https:\/\/sandzakpress.net\/arhiva\/uvrjedljivi-grafiti-u-centru-prijepolja\/\"},\"author\":{\"name\":\"\",\"@id\":\"\"},\"headline\":\"Uvrjedljivi grafiti u centru Prijepolja\",\"datePublished\":\"2011-08-22T10:58:38+00:00\",\"mainEntityOfPage\":{\"@id\":\"https:\/\/sandzakpress.net\/arhiva\/uvrjedljivi-grafiti-u-centru-prijepolja\/\"},\"wordCount\":549,\"commentCount\":17,\"publisher\":{\"@id\":\"https:\/\/sandzakpress.net\/arhiva\/#\/schema\/person\/6e72b67d6e51910a1117b3b483ba20bd\"},\"image\":{\"@id\":\"https:\/\/sandzakpress.net\/arhiva\/uvrjedljivi-grafiti-u-centru-prijepolja\/#primaryimage\"},\"thumbnailUrl\":\"https:\/\/sandzakpress.net\/arhiva\/wp-content\/uploads\/2011\/08\/centar-za-ljp-polimlje-durakovic.jpg\",\"articleSection\":[\"Prijepolje\",\"Dru\u0161tvo\"],\"inLanguage\":\"bs-BA\",\"potentialAction\":[{\"@type\":\"CommentAction\",\"name\":\"Comment\",\"target\":[\"https:\/\/sandzakpress.net\/arhiva\/uvrjedljivi-grafiti-u-centru-prijepolja\/#respond\"]}]},{\"@type\":\"WebPage\",\"@id\":\"https:\/\/sandzakpress.net\/arhiva\/uvrjedljivi-grafiti-u-centru-prijepolja\/\",\"url\":\"https:\/\/sandzakpress.net\/arhiva\/uvrjedljivi-grafiti-u-centru-prijepolja\/\",\"name\":\"Uvrjedljivi grafiti u centru Prijepolja\",\"isPartOf\":{\"@id\":\"https:\/\/sandzakpress.net\/arhiva\/#website\"},\"primaryImageOfPage\":{\"@id\":\"https:\/\/sandzakpress.net\/arhiva\/uvrjedljivi-grafiti-u-centru-prijepolja\/#primaryimage\"},\"image\":{\"@id\":\"https:\/\/sandzakpress.net\/arhiva\/uvrjedljivi-grafiti-u-centru-prijepolja\/#primaryimage\"},\"thumbnailUrl\":\"https:\/\/sandzakpress.net\/arhiva\/wp-content\/uploads\/2011\/08\/centar-za-ljp-polimlje-durakovic.jpg\",\"datePublished\":\"2011-08-22T10:58:38+00:00\",\"breadcrumb\":{\"@id\":\"https:\/\/sandzakpress.net\/arhiva\/uvrjedljivi-grafiti-u-centru-prijepolja\/#breadcrumb\"},\"inLanguage\":\"bs-BA\",\"potentialAction\":[{\"@type\":\"ReadAction\",\"target\":[\"https:\/\/sandzakpress.net\/arhiva\/uvrjedljivi-grafiti-u-centru-prijepolja\/\"]}]},{\"@type\":\"ImageObject\",\"inLanguage\":\"bs-BA\",\"@id\":\"https:\/\/sandzakpress.net\/arhiva\/uvrjedljivi-grafiti-u-centru-prijepolja\/#primaryimage\",\"url\":\"https:\/\/sandzakpress.net\/arhiva\/wp-content\/uploads\/2011\/08\/centar-za-ljp-polimlje-durakovic.jpg\",\"contentUrl\":\"https:\/\/sandzakpress.net\/arhiva\/wp-content\/uploads\/2011\/08\/centar-za-ljp-polimlje-durakovic.jpg\",\"width\":284,\"height\":126},{\"@type\":\"BreadcrumbList\",\"@id\":\"https:\/\/sandzakpress.net\/arhiva\/uvrjedljivi-grafiti-u-centru-prijepolja\/#breadcrumb\",\"itemListElement\":[{\"@type\":\"ListItem\",\"position\":1,\"name\":\"Home\",\"item\":\"https:\/\/sandzakpress.net\/arhiva\/\"},{\"@type\":\"ListItem\",\"position\":2,\"name\":\"Uvrjedljivi grafiti u centru Prijepolja\"}]},{\"@type\":\"WebSite\",\"@id\":\"https:\/\/sandzakpress.net\/arhiva\/#website\",\"url\":\"https:\/\/sandzakpress.net\/arhiva\/\",\"name\":\"Sand\u017eak PRESS\",\"description\":\"Prve elektronske novine u Sand\u017eaku\",\"publisher\":{\"@id\":\"https:\/\/sandzakpress.net\/arhiva\/#\/schema\/person\/6e72b67d6e51910a1117b3b483ba20bd\"},\"potentialAction\":[{\"@type\":\"SearchAction\",\"target\":{\"@type\":\"EntryPoint\",\"urlTemplate\":\"https:\/\/sandzakpress.net\/arhiva\/?s={search_term_string}\"},\"query-input\":{\"@type\":\"PropertyValueSpecification\",\"valueRequired\":true,\"valueName\":\"search_term_string\"}}],\"inLanguage\":\"bs-BA\"},{\"@type\":[\"Person\",\"Organization\"],\"@id\":\"https:\/\/sandzakpress.net\/arhiva\/#\/schema\/person\/6e72b67d6e51910a1117b3b483ba20bd\",\"name\":\"Kul\",\"image\":{\"@type\":\"ImageObject\",\"inLanguage\":\"bs-BA\",\"@id\":\"https:\/\/sandzakpress.net\/arhiva\/#\/schema\/person\/image\/\",\"url\":\"https:\/\/secure.gravatar.com\/avatar\/42263f39aa27ac04c43cab85c280eb2e?s=96&d=mm&r=pg\",\"contentUrl\":\"https:\/\/secure.gravatar.com\/avatar\/42263f39aa27ac04c43cab85c280eb2e?s=96&d=mm&r=pg\",\"caption\":\"Kul\"},\"logo\":{\"@id\":\"https:\/\/sandzakpress.net\/arhiva\/#\/schema\/person\/image\/\"}},{\"@type\":\"Person\",\"@id\":\"\",\"url\":\"https:\/\/sandzakpress.net\/arhiva\/author\/\"}]}<\/script>\n<!-- \/ Yoast SEO Premium plugin. -->","yoast_head_json":{"title":"Uvrjedljivi grafiti u centru Prijepolja","robots":{"index":"index","follow":"follow","max-snippet":"max-snippet:-1","max-image-preview":"max-image-preview:large","max-video-preview":"max-video-preview:-1"},"canonical":"https:\/\/sandzakpress.net\/arhiva\/uvrjedljivi-grafiti-u-centru-prijepolja\/","og_locale":"bs_BA","og_type":"article","og_title":"Uvrjedljivi grafiti u centru Prijepolja","og_description":"Prijepolje &#8211; U povodu uvredljivih grafita koji se ve\u0107 du\u017ee vremena nalaze ispisani na jasno vidljivim mjestima u op\u0161tini Prijepolje\u00a0 Centar za za\u0161titu ljudskih prava i tolernaciju \u2013 Polimlje objavljuje saop\u0161tenje za javnost u kojem se ka\u017ee: SAOP\u0160TENJE ZA JAVNOST Nakon hap\u0161enja ratnog zlo\u010dinca Ratka Mladi\u0107a, Srbija je nakon du\u017eeg vremena pokazala da joj je [&hellip;]","og_url":"https:\/\/sandzakpress.net\/arhiva\/uvrjedljivi-grafiti-u-centru-prijepolja\/","og_site_name":"Sand\u017eak PRESS","article_published_time":"2011-08-22T10:58:38+00:00","og_image":[{"width":284,"height":126,"url":"https:\/\/sandzakpress.net\/arhiva\/wp-content\/uploads\/2011\/08\/centar-za-ljp-polimlje-durakovic.jpg","type":"image\/jpeg"}],"twitter_card":"summary_large_image","twitter_misc":{"Written by":"","Est. reading time":"3 minute"},"schema":{"@context":"https:\/\/schema.org","@graph":[{"@type":"Article","@id":"https:\/\/sandzakpress.net\/arhiva\/uvrjedljivi-grafiti-u-centru-prijepolja\/#article","isPartOf":{"@id":"https:\/\/sandzakpress.net\/arhiva\/uvrjedljivi-grafiti-u-centru-prijepolja\/"},"author":{"name":"","@id":""},"headline":"Uvrjedljivi grafiti u centru Prijepolja","datePublished":"2011-08-22T10:58:38+00:00","mainEntityOfPage":{"@id":"https:\/\/sandzakpress.net\/arhiva\/uvrjedljivi-grafiti-u-centru-prijepolja\/"},"wordCount":549,"commentCount":17,"publisher":{"@id":"https:\/\/sandzakpress.net\/arhiva\/#\/schema\/person\/6e72b67d6e51910a1117b3b483ba20bd"},"image":{"@id":"https:\/\/sandzakpress.net\/arhiva\/uvrjedljivi-grafiti-u-centru-prijepolja\/#primaryimage"},"thumbnailUrl":"https:\/\/sandzakpress.net\/arhiva\/wp-content\/uploads\/2011\/08\/centar-za-ljp-polimlje-durakovic.jpg","articleSection":["Prijepolje","Dru\u0161tvo"],"inLanguage":"bs-BA","potentialAction":[{"@type":"CommentAction","name":"Comment","target":["https:\/\/sandzakpress.net\/arhiva\/uvrjedljivi-grafiti-u-centru-prijepolja\/#respond"]}]},{"@type":"WebPage","@id":"https:\/\/sandzakpress.net\/arhiva\/uvrjedljivi-grafiti-u-centru-prijepolja\/","url":"https:\/\/sandzakpress.net\/arhiva\/uvrjedljivi-grafiti-u-centru-prijepolja\/","name":"Uvrjedljivi grafiti u centru Prijepolja","isPartOf":{"@id":"https:\/\/sandzakpress.net\/arhiva\/#website"},"primaryImageOfPage":{"@id":"https:\/\/sandzakpress.net\/arhiva\/uvrjedljivi-grafiti-u-centru-prijepolja\/#primaryimage"},"image":{"@id":"https:\/\/sandzakpress.net\/arhiva\/uvrjedljivi-grafiti-u-centru-prijepolja\/#primaryimage"},"thumbnailUrl":"https:\/\/sandzakpress.net\/arhiva\/wp-content\/uploads\/2011\/08\/centar-za-ljp-polimlje-durakovic.jpg","datePublished":"2011-08-22T10:58:38+00:00","breadcrumb":{"@id":"https:\/\/sandzakpress.net\/arhiva\/uvrjedljivi-grafiti-u-centru-prijepolja\/#breadcrumb"},"inLanguage":"bs-BA","potentialAction":[{"@type":"ReadAction","target":["https:\/\/sandzakpress.net\/arhiva\/uvrjedljivi-grafiti-u-centru-prijepolja\/"]}]},{"@type":"ImageObject","inLanguage":"bs-BA","@id":"https:\/\/sandzakpress.net\/arhiva\/uvrjedljivi-grafiti-u-centru-prijepolja\/#primaryimage","url":"https:\/\/sandzakpress.net\/arhiva\/wp-content\/uploads\/2011\/08\/centar-za-ljp-polimlje-durakovic.jpg","contentUrl":"https:\/\/sandzakpress.net\/arhiva\/wp-content\/uploads\/2011\/08\/centar-za-ljp-polimlje-durakovic.jpg","width":284,"height":126},{"@type":"BreadcrumbList","@id":"https:\/\/sandzakpress.net\/arhiva\/uvrjedljivi-grafiti-u-centru-prijepolja\/#breadcrumb","itemListElement":[{"@type":"ListItem","position":1,"name":"Home","item":"https:\/\/sandzakpress.net\/arhiva\/"},{"@type":"ListItem","position":2,"name":"Uvrjedljivi grafiti u centru Prijepolja"}]},{"@type":"WebSite","@id":"https:\/\/sandzakpress.net\/arhiva\/#website","url":"https:\/\/sandzakpress.net\/arhiva\/","name":"Sand\u017eak PRESS","description":"Prve elektronske novine u Sand\u017eaku","publisher":{"@id":"https:\/\/sandzakpress.net\/arhiva\/#\/schema\/person\/6e72b67d6e51910a1117b3b483ba20bd"},"potentialAction":[{"@type":"SearchAction","target":{"@type":"EntryPoint","urlTemplate":"https:\/\/sandzakpress.net\/arhiva\/?s={search_term_string}"},"query-input":{"@type":"PropertyValueSpecification","valueRequired":true,"valueName":"search_term_string"}}],"inLanguage":"bs-BA"},{"@type":["Person","Organization"],"@id":"https:\/\/sandzakpress.net\/arhiva\/#\/schema\/person\/6e72b67d6e51910a1117b3b483ba20bd","name":"Kul","image":{"@type":"ImageObject","inLanguage":"bs-BA","@id":"https:\/\/sandzakpress.net\/arhiva\/#\/schema\/person\/image\/","url":"https:\/\/secure.gravatar.com\/avatar\/42263f39aa27ac04c43cab85c280eb2e?s=96&d=mm&r=pg","contentUrl":"https:\/\/secure.gravatar.com\/avatar\/42263f39aa27ac04c43cab85c280eb2e?s=96&d=mm&r=pg","caption":"Kul"},"logo":{"@id":"https:\/\/sandzakpress.net\/arhiva\/#\/schema\/person\/image\/"}},{"@type":"Person","@id":"","url":"https:\/\/sandzakpress.net\/arhiva\/author\/"}]}},"_links":{"self":[{"href":"https:\/\/sandzakpress.net\/arhiva\/wp-json\/wp\/v2\/posts\/19037"}],"collection":[{"href":"https:\/\/sandzakpress.net\/arhiva\/wp-json\/wp\/v2\/posts"}],"about":[{"href":"https:\/\/sandzakpress.net\/arhiva\/wp-json\/wp\/v2\/types\/post"}],"author":[{"embeddable":true,"href":"https:\/\/sandzakpress.net\/arhiva\/wp-json\/wp\/v2\/users\/13"}],"replies":[{"embeddable":true,"href":"https:\/\/sandzakpress.net\/arhiva\/wp-json\/wp\/v2\/comments?post=19037"}],"version-history":[{"count":0,"href":"https:\/\/sandzakpress.net\/arhiva\/wp-json\/wp\/v2\/posts\/19037\/revisions"}],"wp:featuredmedia":[{"embeddable":true,"href":"https:\/\/sandzakpress.net\/arhiva\/wp-json\/wp\/v2\/media\/19038"}],"wp:attachment":[{"href":"https:\/\/sandzakpress.net\/arhiva\/wp-json\/wp\/v2\/media?parent=19037"}],"wp:term":[{"taxonomy":"category","embeddable":true,"href":"https:\/\/sandzakpress.net\/arhiva\/wp-json\/wp\/v2\/categories?post=19037"},{"taxonomy":"post_tag","embeddable":true,"href":"https:\/\/sandzakpress.net\/arhiva\/wp-json\/wp\/v2\/tags?post=19037"}],"curies":[{"name":"wp","href":"https:\/\/api.w.org\/{rel}","templated":true}]}}