{"id":190362,"date":"2017-07-05T16:59:38","date_gmt":"2017-07-05T14:59:38","guid":{"rendered":"https:\/\/sandzakpress.net\/arhiva\/?p=190362"},"modified":"2017-07-05T16:59:38","modified_gmt":"2017-07-05T14:59:38","slug":"krivicne-prijave-celnicima-tutinske-opstine-zbog-nenamenskog-trosenja-novca","status":"publish","type":"post","link":"https:\/\/sandzakpress.net\/arhiva\/krivicne-prijave-celnicima-tutinske-opstine-zbog-nenamenskog-trosenja-novca\/","title":{"rendered":"Krivi\u010dne prijave \u010delnicima Tutinske op\u0161tine zbog nenamenskog tro\u0161enja novca"},"content":{"rendered":"<p><img decoding=\"async\" src=\"http:\/\/sandzakhaber.net\/wp-content\/uploads\/2017\/07\/img_5522.jpg\" \/><\/p>\n<p><b>Dr\u017eavna revizorska institucija (DRI) podnela je jednu krivi\u010dnu i devet prekr\u0161ajnih prijava protiv odgovornih u lokalnoj samoupravi Tutina zbog nenamenski potro\u0161enih 246 miliona dinara iz op\u0161tinskog bud\u017eeta tokom 2015. godine, saznaje radio Sto plus.\u00a0<\/b><\/p>\n<p>Krivi\u010dna prijava podneta je protiv direktora Direkcije za urbanizam i izgradnju Ejupa \u0160alji\u0107a, dok su zahtevi za pokretanje prekr\u0161ajnog postupka, izme\u0111u ostalih, predati i za predsednika Op\u0161tine \u0160emsudina Ku\u010devi\u0107a i na\u010delnika Op\u0161tinske uprave Sadrije Goru\u017edi\u0107a.<\/p>\n<p>Prekr\u0161ajni postupci pokrenuti su i protiv direktora Ustanove za sport Jusufa Sinanovi\u0107a i direktorke Pred\u0161kolske ustanove \u201cHabiba Sto\u010devi\u0107\u201d Sabahete Mu\u0161ine.<\/p>\n<p>Dr\u017eavna revizorka institucija podnela je zahteve za pokretanje prekr\u0161ajnog postupka i protiv pet predsednika saveta mesnih zajednica i to Emina Eleskovi\u0107a iz Ribari\u0107a, Fate Pepi\u0107 iz Leskove, Hivza Bilalovi\u0107a iz Delime\u0111a, Edina Hazirovi\u0107a iz Crkvine i Nuradina Derdemeza iz Detana.<\/p>\n<p>Podse\u0107amo da je DRI ranije saop\u0161tila da je revizijiom zavr\u0161nog ra\u010duna bud\u017eeta Tutina za 2015. godinu utvr\u0111eno da je ta op\u0161tina nenamenski potro\u0161ila preko 246 miliona dinara.<\/p>\n<p>Tako je iz gradske kase u 2015. godini ispla\u0107eno 46.508.000 dinara za izgradnju op\u0161tinske zgrade iako u tom trenutku jo\u0161 uvek nije bila ni izdata gra\u0111evinska dozvola za izgradnju tog objekta.<\/p>\n<p>U izve\u0161taju DRI se navodi i da je lokalna samouprava potro\u0161ila blizu 40 miliona dinara za subvencije javnim preduze\u0107ima bez posebnog programa i skoro 27 miliona dinara na nabavku roba i usluga bez raspisivanja javnih nabavki, \u0161to joj je zakonska obaveza.<\/p>\n<p>Tako\u0111e, Op\u0161tina je nezakonito isplatila preko 5,4 miliona dinara za plate i doprinose izabranih i zaposlenih lica u lokalnoj samoupravi.<\/p>\n<p>Iz op\u0161tinske kase je potro\u0161eno i 2,8 miliona dinara za ugostiteljske usluge, projekte javnog informisanja, nabavku kancelarijskog materijala i druge usluge bez ikakvog dokaza da su te poslovne promene i nastale.<\/p>\n<p>Osim toga, Op\u0161tina Tutin potro\u0161ila je dodatnih 418.000 dinara za nabavku ra\u010dunarske opreme, ugostiteljske i geodetske usluge, a da o tome ne postoji nikakav zaklju\u010den ugovor ili bio kakav pisani dokument.<\/p>\n<p>Lokalna samouprava je sportskim klubovima tokom 2015. godine prebacila 427.000 dinara i to pre nego je sa njima zaklju\u010dila ugovore i pre nego je zavr\u0161en konkurs za sufinansiranje tih organizacija.<\/p>\n<p>Revizija zavr\u0161nog ra\u010duna bud\u017eeta Op\u0161tine Tutin pokazala je i da je ta lokalna samouprava na kraju pro\u0161le godine preuzela ve\u0107e obaveze u iznosu od preko 106 miliona dinara u odnosu na odobrene aproprijacije.<\/p>\n<p><i>Izvor: Radio sto plus<\/i><\/p>\n","protected":false},"excerpt":{"rendered":"<p>Dr\u017eavna revizorska institucija (DRI) podnela je jednu krivi\u010dnu i devet prekr\u0161ajnih prijava protiv odgovornih u lokalnoj samoupravi Tutina zbog nenamenski potro\u0161enih 246 miliona dinara iz op\u0161tinskog bud\u017eeta tokom 2015. godine, saznaje radio Sto plus.\u00a0 Krivi\u010dna prijava podneta je protiv direktora Direkcije za urbanizam i izgradnju Ejupa \u0160alji\u0107a, dok su zahtevi za pokretanje prekr\u0161ajnog postupka, izme\u0111u [&hellip;]<\/p>\n","protected":false},"author":509,"featured_media":190365,"comment_status":"open","ping_status":"open","sticky":false,"template":"","format":"standard","meta":{"footnotes":""},"categories":[1,327,798,10429],"tags":[],"class_list":{"0":"post-190362","1":"post","2":"type-post","3":"status-publish","4":"format-standard","5":"has-post-thumbnail","7":"category-politika","8":"category-tutin","9":"category-teme","10":"category-vazno"},"yoast_head":"<!-- This site is optimized with the Yoast SEO Premium plugin v23.1 (Yoast SEO v24.9) - https:\/\/yoast.com\/wordpress\/plugins\/seo\/ -->\n<title>Krivi\u010dne prijave \u010delnicima Tutinske op\u0161tine zbog nenamenskog tro\u0161enja novca<\/title>\n<meta name=\"robots\" content=\"index, follow, max-snippet:-1, max-image-preview:large, max-video-preview:-1\" \/>\n<link rel=\"canonical\" href=\"https:\/\/sandzakpress.net\/arhiva\/krivicne-prijave-celnicima-tutinske-opstine-zbog-nenamenskog-trosenja-novca\/\" \/>\n<meta property=\"og:locale\" content=\"bs_BA\" \/>\n<meta property=\"og:type\" content=\"article\" \/>\n<meta property=\"og:title\" content=\"Krivi\u010dne prijave \u010delnicima Tutinske op\u0161tine zbog nenamenskog tro\u0161enja novca\" \/>\n<meta property=\"og:description\" content=\"Dr\u017eavna revizorska institucija (DRI) podnela je jednu krivi\u010dnu i devet prekr\u0161ajnih prijava protiv odgovornih u lokalnoj samoupravi Tutina zbog nenamenski potro\u0161enih 246 miliona dinara iz op\u0161tinskog bud\u017eeta tokom 2015. godine, saznaje radio Sto plus.\u00a0 Krivi\u010dna prijava podneta je protiv direktora Direkcije za urbanizam i izgradnju Ejupa \u0160alji\u0107a, dok su zahtevi za pokretanje prekr\u0161ajnog postupka, izme\u0111u [&hellip;]\" \/>\n<meta property=\"og:url\" content=\"https:\/\/sandzakpress.net\/arhiva\/krivicne-prijave-celnicima-tutinske-opstine-zbog-nenamenskog-trosenja-novca\/\" \/>\n<meta property=\"og:site_name\" content=\"Sand\u017eak PRESS\" \/>\n<meta property=\"article:published_time\" content=\"2017-07-05T14:59:38+00:00\" \/>\n<meta property=\"og:image\" content=\"https:\/\/sandzakpress.net\/arhiva\/wp-content\/uploads\/2017\/07\/img_5522.jpg\" \/>\n\t<meta property=\"og:image:width\" content=\"802\" \/>\n\t<meta property=\"og:image:height\" content=\"403\" \/>\n\t<meta property=\"og:image:type\" content=\"image\/jpeg\" \/>\n<meta name=\"author\" content=\"Agencija\" \/>\n<meta name=\"twitter:card\" content=\"summary_large_image\" \/>\n<meta name=\"twitter:label1\" content=\"Written by\" \/>\n\t<meta name=\"twitter:data1\" content=\"Agencija\" \/>\n\t<meta name=\"twitter:label2\" content=\"Est. reading time\" \/>\n\t<meta name=\"twitter:data2\" content=\"2 minute\" \/>\n<script type=\"application\/ld+json\" class=\"yoast-schema-graph\">{\"@context\":\"https:\/\/schema.org\",\"@graph\":[{\"@type\":\"Article\",\"@id\":\"https:\/\/sandzakpress.net\/arhiva\/krivicne-prijave-celnicima-tutinske-opstine-zbog-nenamenskog-trosenja-novca\/#article\",\"isPartOf\":{\"@id\":\"https:\/\/sandzakpress.net\/arhiva\/krivicne-prijave-celnicima-tutinske-opstine-zbog-nenamenskog-trosenja-novca\/\"},\"author\":{\"name\":\"Agencija\",\"@id\":\"https:\/\/sandzakpress.net\/arhiva\/#\/schema\/person\/cb59d7e3ab91ab90dd680ad0305a6185\"},\"headline\":\"Krivi\u010dne prijave \u010delnicima Tutinske op\u0161tine zbog nenamenskog tro\u0161enja novca\",\"datePublished\":\"2017-07-05T14:59:38+00:00\",\"mainEntityOfPage\":{\"@id\":\"https:\/\/sandzakpress.net\/arhiva\/krivicne-prijave-celnicima-tutinske-opstine-zbog-nenamenskog-trosenja-novca\/\"},\"wordCount\":434,\"commentCount\":4,\"publisher\":{\"@id\":\"https:\/\/sandzakpress.net\/arhiva\/#\/schema\/person\/6e72b67d6e51910a1117b3b483ba20bd\"},\"image\":{\"@id\":\"https:\/\/sandzakpress.net\/arhiva\/krivicne-prijave-celnicima-tutinske-opstine-zbog-nenamenskog-trosenja-novca\/#primaryimage\"},\"thumbnailUrl\":\"https:\/\/sandzakpress.net\/arhiva\/wp-content\/uploads\/2017\/07\/img_5522.jpg\",\"articleSection\":[\"Politika\",\"Tutin\",\"NAJNOVIJE\",\"VA\u017dNO!\"],\"inLanguage\":\"bs-BA\",\"potentialAction\":[{\"@type\":\"CommentAction\",\"name\":\"Comment\",\"target\":[\"https:\/\/sandzakpress.net\/arhiva\/krivicne-prijave-celnicima-tutinske-opstine-zbog-nenamenskog-trosenja-novca\/#respond\"]}]},{\"@type\":\"WebPage\",\"@id\":\"https:\/\/sandzakpress.net\/arhiva\/krivicne-prijave-celnicima-tutinske-opstine-zbog-nenamenskog-trosenja-novca\/\",\"url\":\"https:\/\/sandzakpress.net\/arhiva\/krivicne-prijave-celnicima-tutinske-opstine-zbog-nenamenskog-trosenja-novca\/\",\"name\":\"Krivi\u010dne prijave \u010delnicima Tutinske op\u0161tine zbog nenamenskog tro\u0161enja novca\",\"isPartOf\":{\"@id\":\"https:\/\/sandzakpress.net\/arhiva\/#website\"},\"primaryImageOfPage\":{\"@id\":\"https:\/\/sandzakpress.net\/arhiva\/krivicne-prijave-celnicima-tutinske-opstine-zbog-nenamenskog-trosenja-novca\/#primaryimage\"},\"image\":{\"@id\":\"https:\/\/sandzakpress.net\/arhiva\/krivicne-prijave-celnicima-tutinske-opstine-zbog-nenamenskog-trosenja-novca\/#primaryimage\"},\"thumbnailUrl\":\"https:\/\/sandzakpress.net\/arhiva\/wp-content\/uploads\/2017\/07\/img_5522.jpg\",\"datePublished\":\"2017-07-05T14:59:38+00:00\",\"breadcrumb\":{\"@id\":\"https:\/\/sandzakpress.net\/arhiva\/krivicne-prijave-celnicima-tutinske-opstine-zbog-nenamenskog-trosenja-novca\/#breadcrumb\"},\"inLanguage\":\"bs-BA\",\"potentialAction\":[{\"@type\":\"ReadAction\",\"target\":[\"https:\/\/sandzakpress.net\/arhiva\/krivicne-prijave-celnicima-tutinske-opstine-zbog-nenamenskog-trosenja-novca\/\"]}]},{\"@type\":\"ImageObject\",\"inLanguage\":\"bs-BA\",\"@id\":\"https:\/\/sandzakpress.net\/arhiva\/krivicne-prijave-celnicima-tutinske-opstine-zbog-nenamenskog-trosenja-novca\/#primaryimage\",\"url\":\"https:\/\/sandzakpress.net\/arhiva\/wp-content\/uploads\/2017\/07\/img_5522.jpg\",\"contentUrl\":\"https:\/\/sandzakpress.net\/arhiva\/wp-content\/uploads\/2017\/07\/img_5522.jpg\",\"width\":802,\"height\":403},{\"@type\":\"BreadcrumbList\",\"@id\":\"https:\/\/sandzakpress.net\/arhiva\/krivicne-prijave-celnicima-tutinske-opstine-zbog-nenamenskog-trosenja-novca\/#breadcrumb\",\"itemListElement\":[{\"@type\":\"ListItem\",\"position\":1,\"name\":\"Home\",\"item\":\"https:\/\/sandzakpress.net\/arhiva\/\"},{\"@type\":\"ListItem\",\"position\":2,\"name\":\"Krivi\u010dne prijave \u010delnicima Tutinske op\u0161tine zbog nenamenskog tro\u0161enja novca\"}]},{\"@type\":\"WebSite\",\"@id\":\"https:\/\/sandzakpress.net\/arhiva\/#website\",\"url\":\"https:\/\/sandzakpress.net\/arhiva\/\",\"name\":\"Sand\u017eak PRESS\",\"description\":\"Prve elektronske novine u Sand\u017eaku\",\"publisher\":{\"@id\":\"https:\/\/sandzakpress.net\/arhiva\/#\/schema\/person\/6e72b67d6e51910a1117b3b483ba20bd\"},\"potentialAction\":[{\"@type\":\"SearchAction\",\"target\":{\"@type\":\"EntryPoint\",\"urlTemplate\":\"https:\/\/sandzakpress.net\/arhiva\/?s={search_term_string}\"},\"query-input\":{\"@type\":\"PropertyValueSpecification\",\"valueRequired\":true,\"valueName\":\"search_term_string\"}}],\"inLanguage\":\"bs-BA\"},{\"@type\":[\"Person\",\"Organization\"],\"@id\":\"https:\/\/sandzakpress.net\/arhiva\/#\/schema\/person\/6e72b67d6e51910a1117b3b483ba20bd\",\"name\":\"Kul\",\"image\":{\"@type\":\"ImageObject\",\"inLanguage\":\"bs-BA\",\"@id\":\"https:\/\/sandzakpress.net\/arhiva\/#\/schema\/person\/image\/\",\"url\":\"https:\/\/secure.gravatar.com\/avatar\/42263f39aa27ac04c43cab85c280eb2e?s=96&d=mm&r=pg\",\"contentUrl\":\"https:\/\/secure.gravatar.com\/avatar\/42263f39aa27ac04c43cab85c280eb2e?s=96&d=mm&r=pg\",\"caption\":\"Kul\"},\"logo\":{\"@id\":\"https:\/\/sandzakpress.net\/arhiva\/#\/schema\/person\/image\/\"}},{\"@type\":\"Person\",\"@id\":\"https:\/\/sandzakpress.net\/arhiva\/#\/schema\/person\/cb59d7e3ab91ab90dd680ad0305a6185\",\"name\":\"Agencija\",\"image\":{\"@type\":\"ImageObject\",\"inLanguage\":\"bs-BA\",\"@id\":\"https:\/\/sandzakpress.net\/arhiva\/#\/schema\/person\/image\/\",\"url\":\"https:\/\/secure.gravatar.com\/avatar\/4b7fafa80a22f0c2afe23966b3961fe0?s=96&d=mm&r=pg\",\"contentUrl\":\"https:\/\/secure.gravatar.com\/avatar\/4b7fafa80a22f0c2afe23966b3961fe0?s=96&d=mm&r=pg\",\"caption\":\"Agencija\"},\"url\":\"https:\/\/sandzakpress.net\/arhiva\/author\/agencija\/\"}]}<\/script>\n<!-- \/ Yoast SEO Premium plugin. -->","yoast_head_json":{"title":"Krivi\u010dne prijave \u010delnicima Tutinske op\u0161tine zbog nenamenskog tro\u0161enja novca","robots":{"index":"index","follow":"follow","max-snippet":"max-snippet:-1","max-image-preview":"max-image-preview:large","max-video-preview":"max-video-preview:-1"},"canonical":"https:\/\/sandzakpress.net\/arhiva\/krivicne-prijave-celnicima-tutinske-opstine-zbog-nenamenskog-trosenja-novca\/","og_locale":"bs_BA","og_type":"article","og_title":"Krivi\u010dne prijave \u010delnicima Tutinske op\u0161tine zbog nenamenskog tro\u0161enja novca","og_description":"Dr\u017eavna revizorska institucija (DRI) podnela je jednu krivi\u010dnu i devet prekr\u0161ajnih prijava protiv odgovornih u lokalnoj samoupravi Tutina zbog nenamenski potro\u0161enih 246 miliona dinara iz op\u0161tinskog bud\u017eeta tokom 2015. godine, saznaje radio Sto plus.\u00a0 Krivi\u010dna prijava podneta je protiv direktora Direkcije za urbanizam i izgradnju Ejupa \u0160alji\u0107a, dok su zahtevi za pokretanje prekr\u0161ajnog postupka, izme\u0111u [&hellip;]","og_url":"https:\/\/sandzakpress.net\/arhiva\/krivicne-prijave-celnicima-tutinske-opstine-zbog-nenamenskog-trosenja-novca\/","og_site_name":"Sand\u017eak PRESS","article_published_time":"2017-07-05T14:59:38+00:00","og_image":[{"width":802,"height":403,"url":"https:\/\/sandzakpress.net\/arhiva\/wp-content\/uploads\/2017\/07\/img_5522.jpg","type":"image\/jpeg"}],"author":"Agencija","twitter_card":"summary_large_image","twitter_misc":{"Written by":"Agencija","Est. reading time":"2 minute"},"schema":{"@context":"https:\/\/schema.org","@graph":[{"@type":"Article","@id":"https:\/\/sandzakpress.net\/arhiva\/krivicne-prijave-celnicima-tutinske-opstine-zbog-nenamenskog-trosenja-novca\/#article","isPartOf":{"@id":"https:\/\/sandzakpress.net\/arhiva\/krivicne-prijave-celnicima-tutinske-opstine-zbog-nenamenskog-trosenja-novca\/"},"author":{"name":"Agencija","@id":"https:\/\/sandzakpress.net\/arhiva\/#\/schema\/person\/cb59d7e3ab91ab90dd680ad0305a6185"},"headline":"Krivi\u010dne prijave \u010delnicima Tutinske op\u0161tine zbog nenamenskog tro\u0161enja novca","datePublished":"2017-07-05T14:59:38+00:00","mainEntityOfPage":{"@id":"https:\/\/sandzakpress.net\/arhiva\/krivicne-prijave-celnicima-tutinske-opstine-zbog-nenamenskog-trosenja-novca\/"},"wordCount":434,"commentCount":4,"publisher":{"@id":"https:\/\/sandzakpress.net\/arhiva\/#\/schema\/person\/6e72b67d6e51910a1117b3b483ba20bd"},"image":{"@id":"https:\/\/sandzakpress.net\/arhiva\/krivicne-prijave-celnicima-tutinske-opstine-zbog-nenamenskog-trosenja-novca\/#primaryimage"},"thumbnailUrl":"https:\/\/sandzakpress.net\/arhiva\/wp-content\/uploads\/2017\/07\/img_5522.jpg","articleSection":["Politika","Tutin","NAJNOVIJE","VA\u017dNO!"],"inLanguage":"bs-BA","potentialAction":[{"@type":"CommentAction","name":"Comment","target":["https:\/\/sandzakpress.net\/arhiva\/krivicne-prijave-celnicima-tutinske-opstine-zbog-nenamenskog-trosenja-novca\/#respond"]}]},{"@type":"WebPage","@id":"https:\/\/sandzakpress.net\/arhiva\/krivicne-prijave-celnicima-tutinske-opstine-zbog-nenamenskog-trosenja-novca\/","url":"https:\/\/sandzakpress.net\/arhiva\/krivicne-prijave-celnicima-tutinske-opstine-zbog-nenamenskog-trosenja-novca\/","name":"Krivi\u010dne prijave \u010delnicima Tutinske op\u0161tine zbog nenamenskog tro\u0161enja novca","isPartOf":{"@id":"https:\/\/sandzakpress.net\/arhiva\/#website"},"primaryImageOfPage":{"@id":"https:\/\/sandzakpress.net\/arhiva\/krivicne-prijave-celnicima-tutinske-opstine-zbog-nenamenskog-trosenja-novca\/#primaryimage"},"image":{"@id":"https:\/\/sandzakpress.net\/arhiva\/krivicne-prijave-celnicima-tutinske-opstine-zbog-nenamenskog-trosenja-novca\/#primaryimage"},"thumbnailUrl":"https:\/\/sandzakpress.net\/arhiva\/wp-content\/uploads\/2017\/07\/img_5522.jpg","datePublished":"2017-07-05T14:59:38+00:00","breadcrumb":{"@id":"https:\/\/sandzakpress.net\/arhiva\/krivicne-prijave-celnicima-tutinske-opstine-zbog-nenamenskog-trosenja-novca\/#breadcrumb"},"inLanguage":"bs-BA","potentialAction":[{"@type":"ReadAction","target":["https:\/\/sandzakpress.net\/arhiva\/krivicne-prijave-celnicima-tutinske-opstine-zbog-nenamenskog-trosenja-novca\/"]}]},{"@type":"ImageObject","inLanguage":"bs-BA","@id":"https:\/\/sandzakpress.net\/arhiva\/krivicne-prijave-celnicima-tutinske-opstine-zbog-nenamenskog-trosenja-novca\/#primaryimage","url":"https:\/\/sandzakpress.net\/arhiva\/wp-content\/uploads\/2017\/07\/img_5522.jpg","contentUrl":"https:\/\/sandzakpress.net\/arhiva\/wp-content\/uploads\/2017\/07\/img_5522.jpg","width":802,"height":403},{"@type":"BreadcrumbList","@id":"https:\/\/sandzakpress.net\/arhiva\/krivicne-prijave-celnicima-tutinske-opstine-zbog-nenamenskog-trosenja-novca\/#breadcrumb","itemListElement":[{"@type":"ListItem","position":1,"name":"Home","item":"https:\/\/sandzakpress.net\/arhiva\/"},{"@type":"ListItem","position":2,"name":"Krivi\u010dne prijave \u010delnicima Tutinske op\u0161tine zbog nenamenskog tro\u0161enja novca"}]},{"@type":"WebSite","@id":"https:\/\/sandzakpress.net\/arhiva\/#website","url":"https:\/\/sandzakpress.net\/arhiva\/","name":"Sand\u017eak PRESS","description":"Prve elektronske novine u Sand\u017eaku","publisher":{"@id":"https:\/\/sandzakpress.net\/arhiva\/#\/schema\/person\/6e72b67d6e51910a1117b3b483ba20bd"},"potentialAction":[{"@type":"SearchAction","target":{"@type":"EntryPoint","urlTemplate":"https:\/\/sandzakpress.net\/arhiva\/?s={search_term_string}"},"query-input":{"@type":"PropertyValueSpecification","valueRequired":true,"valueName":"search_term_string"}}],"inLanguage":"bs-BA"},{"@type":["Person","Organization"],"@id":"https:\/\/sandzakpress.net\/arhiva\/#\/schema\/person\/6e72b67d6e51910a1117b3b483ba20bd","name":"Kul","image":{"@type":"ImageObject","inLanguage":"bs-BA","@id":"https:\/\/sandzakpress.net\/arhiva\/#\/schema\/person\/image\/","url":"https:\/\/secure.gravatar.com\/avatar\/42263f39aa27ac04c43cab85c280eb2e?s=96&d=mm&r=pg","contentUrl":"https:\/\/secure.gravatar.com\/avatar\/42263f39aa27ac04c43cab85c280eb2e?s=96&d=mm&r=pg","caption":"Kul"},"logo":{"@id":"https:\/\/sandzakpress.net\/arhiva\/#\/schema\/person\/image\/"}},{"@type":"Person","@id":"https:\/\/sandzakpress.net\/arhiva\/#\/schema\/person\/cb59d7e3ab91ab90dd680ad0305a6185","name":"Agencija","image":{"@type":"ImageObject","inLanguage":"bs-BA","@id":"https:\/\/sandzakpress.net\/arhiva\/#\/schema\/person\/image\/","url":"https:\/\/secure.gravatar.com\/avatar\/4b7fafa80a22f0c2afe23966b3961fe0?s=96&d=mm&r=pg","contentUrl":"https:\/\/secure.gravatar.com\/avatar\/4b7fafa80a22f0c2afe23966b3961fe0?s=96&d=mm&r=pg","caption":"Agencija"},"url":"https:\/\/sandzakpress.net\/arhiva\/author\/agencija\/"}]}},"_links":{"self":[{"href":"https:\/\/sandzakpress.net\/arhiva\/wp-json\/wp\/v2\/posts\/190362"}],"collection":[{"href":"https:\/\/sandzakpress.net\/arhiva\/wp-json\/wp\/v2\/posts"}],"about":[{"href":"https:\/\/sandzakpress.net\/arhiva\/wp-json\/wp\/v2\/types\/post"}],"author":[{"embeddable":true,"href":"https:\/\/sandzakpress.net\/arhiva\/wp-json\/wp\/v2\/users\/509"}],"replies":[{"embeddable":true,"href":"https:\/\/sandzakpress.net\/arhiva\/wp-json\/wp\/v2\/comments?post=190362"}],"version-history":[{"count":0,"href":"https:\/\/sandzakpress.net\/arhiva\/wp-json\/wp\/v2\/posts\/190362\/revisions"}],"wp:featuredmedia":[{"embeddable":true,"href":"https:\/\/sandzakpress.net\/arhiva\/wp-json\/wp\/v2\/media\/190365"}],"wp:attachment":[{"href":"https:\/\/sandzakpress.net\/arhiva\/wp-json\/wp\/v2\/media?parent=190362"}],"wp:term":[{"taxonomy":"category","embeddable":true,"href":"https:\/\/sandzakpress.net\/arhiva\/wp-json\/wp\/v2\/categories?post=190362"},{"taxonomy":"post_tag","embeddable":true,"href":"https:\/\/sandzakpress.net\/arhiva\/wp-json\/wp\/v2\/tags?post=190362"}],"curies":[{"name":"wp","href":"https:\/\/api.w.org\/{rel}","templated":true}]}}