{"id":190301,"date":"2017-07-04T16:07:49","date_gmt":"2017-07-04T14:07:49","guid":{"rendered":"https:\/\/sandzakpress.net\/arhiva\/drzavljani-bih-koji-zele-raditi-u-njemackoj-na-termine-za-vize-moraju-cekati-i-vise-od-godinu-dana"},"modified":"2017-07-04T16:07:49","modified_gmt":"2017-07-04T14:07:49","slug":"drzavljani-bih-koji-zele-raditi-u-njemackoj-na-termine-za-vize-moraju-cekati-i-vise-od-godinu-dana","status":"publish","type":"post","link":"https:\/\/sandzakpress.net\/arhiva\/drzavljani-bih-koji-zele-raditi-u-njemackoj-na-termine-za-vize-moraju-cekati-i-vise-od-godinu-dana\/","title":{"rendered":"Dr\u017eavljani BiH koji \u017eele raditi u Njema\u010dkoj na termine za vize moraju \u010dekati i vi\u0161e od godinu dana"},"content":{"rendered":"<p><span class=\"cb-itemprop\"><\/p>\n<div class=\"uvod uvod-clanka hidden-xs\"><strong><img loading=\"lazy\" decoding=\"async\" class=\"alignnone size-large wp-image-197474\" src=\"http:\/\/bosnapress.net\/wp-content\/uploads\/2017\/07\/b_161121042-616x411.jpg\" alt=\"\" width=\"616\" height=\"411\" \/>Sarajevo, Njema\u010dka \u2013 Nakon \u0161to smo iz Ambasade Njema\u010dke u BiH prije dva mjeseca saznali kako ne mogu dati vi\u0161e termina za podno\u0161enje zahtjeva za vize, saznajemo kako je vrijeme \u010dekanja na termine jo\u0161 produ\u017eeno. Broj zahtjeva za vizu se pove\u0107ao jer je dr\u017eavljanima Zapadnog Balkana pro\u0161le godine olak\u0161ano zapo\u0161ljavanje u Njema\u010dkoj.<\/strong><\/div>\n<div><\/div>\n<div class=\"tekst clanak_vijesti\">Kako saznajemo, oni dr\u017eavljani BiH koji su se u martu ove godine registrirali na listu \u010dekanja u svrhu zapo\u0161ljavanja,<a href=\"http:\/\/www.sarajewo.diplo.de\/contentblob\/4944590\/Daten\/7566107\/voraussichtliche_wartezeit_termin_2016.pdf\" target=\"_blank\" rel=\"noopener\">\u00a0termine za vize\u00a0<\/a>mogu o\u010dekivati tek izme\u0111u novembra 2017. i januara 2018. godine. Oni kojima treba viza u svrhu spajanja s porodicom, termine mogu o\u010dekivati u februaru ili maju 2018. godine.<\/p>\n<p>Gra\u0111ani koji su se registrirali na listu \u010dekanja u aprilu ove godine, termine za vize u svrhu spajanja mogu o\u010dekivati tek izme\u0111u juna ili septembra idu\u0107e godine, a oni koji \u017eele u Njema\u010dku radi posla, vize mogu o\u010dekivati izme\u0111u januara i marta 2018. godine.<\/p>\n<p>Ovog mjeseca termine mogu o\u010dekivati oni koji su se registrirali na listu \u010dekanja u decembru 2016. i januaru 2017. godine.<\/p>\n<p>Iz Ambasade Njema\u010dke nismo dobili informacije koliko je u posljednjoj godini bilo zahtjeva za vize te koliko je na\u0161ih dr\u017eavljana uspjelo dobiti termine za vize u skorijem periodu.<\/p>\n<p>\u201cUsljed olak\u0161ica za pristup njema\u010dkom tr\u017ei\u0161tu rada za gra\u0111ane zemalja Zapadnog Balkana koje su stupile na snagu 1. januara 2016. godine, broj zahtjeva za vize je drasti\u010dno porastao. Vrijeme \u010dekanja na termine je zbog toga tako\u0111er znatno produ\u017eeno. Iz toga proizlazi da je tokom 2016. godine znatno pove\u0107an broj termina za podno\u0161enje zahtjeva za vize\u201d, kazala nam je Natascha Garloff-Jonkers, glasnogovornica Njema\u010dke ambasade u Sarajevu.<\/p>\n<p>Gra\u0111ani koji mjesecima moraju \u010dekati na termine zabrinuti su zbog mogu\u0107eg gubitka posla jer bi im poslodavci mogli raskinuti ugovore zbog \u010dekanja. Te\u0161ko je i onima koji moraju \u010dekati na odlazak iz BiH u svrhu spajanja porodice. Mogu\u0107e je kako \u0107e vrijeme \u010dekanja na termine za ove kategorije biti promijenjeno jer Njema\u010dka ambasada ima registrovane i grupe na\u0161ih dr\u017eavljana koje \u017eele napustiti BiH zbog posjete ili osnivanja porodice.<\/p>\n<\/div>\n<div><\/div>\n<div>(Klix)<\/div>\n<p><\/span><br \/>\nPogledajte vijest na izvornom sajtu:<\/p>\n<p><a href=\"http:\/\/bosnapress.net\/drzavljani-bih-koji-zele-raditi-u-njemackoj-na-termine-za-vize-moraju-cekati-i-vise-od-godinu-dana\/\" target=\"_blank\">Dr\u017eavljani BiH koji \u017eele raditi u Njema\u010dkoj na termine za vize moraju \u010dekati i vi\u0161e od godinu dana<\/a><\/p>\n","protected":false},"excerpt":{"rendered":"<p>Sarajevo, Njema\u010dka \u2013 Nakon \u0161to smo iz Ambasade Njema\u010dke u BiH prije dva mjeseca saznali kako ne mogu dati vi\u0161e termina za podno\u0161enje zahtjeva za vize, saznajemo kako je vrijeme \u010dekanja na termine jo\u0161 produ\u017eeno. Broj zahtjeva za vizu se pove\u0107ao jer je dr\u017eavljanima Zapadnog Balkana pro\u0161le godine olak\u0161ano zapo\u0161ljavanje u Njema\u010dkoj. Kako saznajemo, oni [&hellip;]<\/p>\n","protected":false},"author":83,"featured_media":190303,"comment_status":"open","ping_status":"open","sticky":false,"template":"","format":"standard","meta":{"footnotes":""},"categories":[10513],"tags":[10466],"class_list":{"0":"post-190301","1":"post","2":"type-post","3":"status-publish","4":"format-standard","5":"has-post-thumbnail","7":"category-bosna-press","8":"tag-bosna-i-hercegovina"},"yoast_head":"<!-- This site is optimized with the Yoast SEO Premium plugin v23.1 (Yoast SEO v24.9) - https:\/\/yoast.com\/wordpress\/plugins\/seo\/ -->\n<title>Dr\u017eavljani BiH koji \u017eele raditi u Njema\u010dkoj na termine za vize moraju \u010dekati i vi\u0161e od godinu dana<\/title>\n<meta name=\"robots\" content=\"index, follow, max-snippet:-1, max-image-preview:large, max-video-preview:-1\" \/>\n<link rel=\"canonical\" href=\"https:\/\/sandzakpress.net\/arhiva\/drzavljani-bih-koji-zele-raditi-u-njemackoj-na-termine-za-vize-moraju-cekati-i-vise-od-godinu-dana\/\" \/>\n<meta property=\"og:locale\" content=\"bs_BA\" \/>\n<meta property=\"og:type\" content=\"article\" \/>\n<meta property=\"og:title\" content=\"Dr\u017eavljani BiH koji \u017eele raditi u Njema\u010dkoj na termine za vize moraju \u010dekati i vi\u0161e od godinu dana\" \/>\n<meta property=\"og:description\" content=\"Sarajevo, Njema\u010dka \u2013 Nakon \u0161to smo iz Ambasade Njema\u010dke u BiH prije dva mjeseca saznali kako ne mogu dati vi\u0161e termina za podno\u0161enje zahtjeva za vize, saznajemo kako je vrijeme \u010dekanja na termine jo\u0161 produ\u017eeno. Broj zahtjeva za vizu se pove\u0107ao jer je dr\u017eavljanima Zapadnog Balkana pro\u0161le godine olak\u0161ano zapo\u0161ljavanje u Njema\u010dkoj. Kako saznajemo, oni [&hellip;]\" \/>\n<meta property=\"og:url\" content=\"https:\/\/sandzakpress.net\/arhiva\/drzavljani-bih-koji-zele-raditi-u-njemackoj-na-termine-za-vize-moraju-cekati-i-vise-od-godinu-dana\/\" \/>\n<meta property=\"og:site_name\" content=\"Sand\u017eak PRESS\" \/>\n<meta property=\"article:published_time\" content=\"2017-07-04T14:07:49+00:00\" \/>\n<meta property=\"og:image\" content=\"https:\/\/sandzakpress.net\/arhiva\/wp-content\/uploads\/2017\/07\/b_161121042-616x411-1.jpg\" \/>\n\t<meta property=\"og:image:width\" content=\"616\" \/>\n\t<meta property=\"og:image:height\" content=\"411\" \/>\n\t<meta property=\"og:image:type\" content=\"image\/jpeg\" \/>\n<meta name=\"author\" content=\"bosniak\" \/>\n<meta name=\"twitter:card\" content=\"summary_large_image\" \/>\n<meta name=\"twitter:label1\" content=\"Written by\" \/>\n\t<meta name=\"twitter:data1\" content=\"bosniak\" \/>\n\t<meta name=\"twitter:label2\" content=\"Est. reading time\" \/>\n\t<meta name=\"twitter:data2\" content=\"2 minute\" \/>\n<script type=\"application\/ld+json\" class=\"yoast-schema-graph\">{\"@context\":\"https:\/\/schema.org\",\"@graph\":[{\"@type\":\"Article\",\"@id\":\"https:\/\/sandzakpress.net\/arhiva\/drzavljani-bih-koji-zele-raditi-u-njemackoj-na-termine-za-vize-moraju-cekati-i-vise-od-godinu-dana\/#article\",\"isPartOf\":{\"@id\":\"https:\/\/sandzakpress.net\/arhiva\/drzavljani-bih-koji-zele-raditi-u-njemackoj-na-termine-za-vize-moraju-cekati-i-vise-od-godinu-dana\/\"},\"author\":{\"name\":\"bosniak\",\"@id\":\"https:\/\/sandzakpress.net\/arhiva\/#\/schema\/person\/c8baee722073534b583ea7bdb2e36c02\"},\"headline\":\"Dr\u017eavljani BiH koji \u017eele raditi u Njema\u010dkoj na termine za vize moraju \u010dekati i vi\u0161e od godinu dana\",\"datePublished\":\"2017-07-04T14:07:49+00:00\",\"mainEntityOfPage\":{\"@id\":\"https:\/\/sandzakpress.net\/arhiva\/drzavljani-bih-koji-zele-raditi-u-njemackoj-na-termine-za-vize-moraju-cekati-i-vise-od-godinu-dana\/\"},\"wordCount\":410,\"commentCount\":0,\"publisher\":{\"@id\":\"https:\/\/sandzakpress.net\/arhiva\/#\/schema\/person\/6e72b67d6e51910a1117b3b483ba20bd\"},\"image\":{\"@id\":\"https:\/\/sandzakpress.net\/arhiva\/drzavljani-bih-koji-zele-raditi-u-njemackoj-na-termine-za-vize-moraju-cekati-i-vise-od-godinu-dana\/#primaryimage\"},\"thumbnailUrl\":\"https:\/\/sandzakpress.net\/arhiva\/wp-content\/uploads\/2017\/07\/b_161121042-616x411-1.jpg\",\"keywords\":[\"Bosna i Hercegovina\"],\"articleSection\":[\"Bosna PRESS\"],\"inLanguage\":\"bs-BA\",\"potentialAction\":[{\"@type\":\"CommentAction\",\"name\":\"Comment\",\"target\":[\"https:\/\/sandzakpress.net\/arhiva\/drzavljani-bih-koji-zele-raditi-u-njemackoj-na-termine-za-vize-moraju-cekati-i-vise-od-godinu-dana\/#respond\"]}]},{\"@type\":\"WebPage\",\"@id\":\"https:\/\/sandzakpress.net\/arhiva\/drzavljani-bih-koji-zele-raditi-u-njemackoj-na-termine-za-vize-moraju-cekati-i-vise-od-godinu-dana\/\",\"url\":\"https:\/\/sandzakpress.net\/arhiva\/drzavljani-bih-koji-zele-raditi-u-njemackoj-na-termine-za-vize-moraju-cekati-i-vise-od-godinu-dana\/\",\"name\":\"Dr\u017eavljani BiH koji \u017eele raditi u Njema\u010dkoj na termine za vize moraju \u010dekati i vi\u0161e od godinu dana\",\"isPartOf\":{\"@id\":\"https:\/\/sandzakpress.net\/arhiva\/#website\"},\"primaryImageOfPage\":{\"@id\":\"https:\/\/sandzakpress.net\/arhiva\/drzavljani-bih-koji-zele-raditi-u-njemackoj-na-termine-za-vize-moraju-cekati-i-vise-od-godinu-dana\/#primaryimage\"},\"image\":{\"@id\":\"https:\/\/sandzakpress.net\/arhiva\/drzavljani-bih-koji-zele-raditi-u-njemackoj-na-termine-za-vize-moraju-cekati-i-vise-od-godinu-dana\/#primaryimage\"},\"thumbnailUrl\":\"https:\/\/sandzakpress.net\/arhiva\/wp-content\/uploads\/2017\/07\/b_161121042-616x411-1.jpg\",\"datePublished\":\"2017-07-04T14:07:49+00:00\",\"breadcrumb\":{\"@id\":\"https:\/\/sandzakpress.net\/arhiva\/drzavljani-bih-koji-zele-raditi-u-njemackoj-na-termine-za-vize-moraju-cekati-i-vise-od-godinu-dana\/#breadcrumb\"},\"inLanguage\":\"bs-BA\",\"potentialAction\":[{\"@type\":\"ReadAction\",\"target\":[\"https:\/\/sandzakpress.net\/arhiva\/drzavljani-bih-koji-zele-raditi-u-njemackoj-na-termine-za-vize-moraju-cekati-i-vise-od-godinu-dana\/\"]}]},{\"@type\":\"ImageObject\",\"inLanguage\":\"bs-BA\",\"@id\":\"https:\/\/sandzakpress.net\/arhiva\/drzavljani-bih-koji-zele-raditi-u-njemackoj-na-termine-za-vize-moraju-cekati-i-vise-od-godinu-dana\/#primaryimage\",\"url\":\"https:\/\/sandzakpress.net\/arhiva\/wp-content\/uploads\/2017\/07\/b_161121042-616x411-1.jpg\",\"contentUrl\":\"https:\/\/sandzakpress.net\/arhiva\/wp-content\/uploads\/2017\/07\/b_161121042-616x411-1.jpg\",\"width\":616,\"height\":411},{\"@type\":\"BreadcrumbList\",\"@id\":\"https:\/\/sandzakpress.net\/arhiva\/drzavljani-bih-koji-zele-raditi-u-njemackoj-na-termine-za-vize-moraju-cekati-i-vise-od-godinu-dana\/#breadcrumb\",\"itemListElement\":[{\"@type\":\"ListItem\",\"position\":1,\"name\":\"Home\",\"item\":\"https:\/\/sandzakpress.net\/arhiva\/\"},{\"@type\":\"ListItem\",\"position\":2,\"name\":\"Dr\u017eavljani BiH koji \u017eele raditi u Njema\u010dkoj na termine za vize moraju \u010dekati i vi\u0161e od godinu dana\"}]},{\"@type\":\"WebSite\",\"@id\":\"https:\/\/sandzakpress.net\/arhiva\/#website\",\"url\":\"https:\/\/sandzakpress.net\/arhiva\/\",\"name\":\"Sand\u017eak PRESS\",\"description\":\"Prve elektronske novine u Sand\u017eaku\",\"publisher\":{\"@id\":\"https:\/\/sandzakpress.net\/arhiva\/#\/schema\/person\/6e72b67d6e51910a1117b3b483ba20bd\"},\"potentialAction\":[{\"@type\":\"SearchAction\",\"target\":{\"@type\":\"EntryPoint\",\"urlTemplate\":\"https:\/\/sandzakpress.net\/arhiva\/?s={search_term_string}\"},\"query-input\":{\"@type\":\"PropertyValueSpecification\",\"valueRequired\":true,\"valueName\":\"search_term_string\"}}],\"inLanguage\":\"bs-BA\"},{\"@type\":[\"Person\",\"Organization\"],\"@id\":\"https:\/\/sandzakpress.net\/arhiva\/#\/schema\/person\/6e72b67d6e51910a1117b3b483ba20bd\",\"name\":\"Kul\",\"image\":{\"@type\":\"ImageObject\",\"inLanguage\":\"bs-BA\",\"@id\":\"https:\/\/sandzakpress.net\/arhiva\/#\/schema\/person\/image\/\",\"url\":\"https:\/\/secure.gravatar.com\/avatar\/42263f39aa27ac04c43cab85c280eb2e?s=96&d=mm&r=pg\",\"contentUrl\":\"https:\/\/secure.gravatar.com\/avatar\/42263f39aa27ac04c43cab85c280eb2e?s=96&d=mm&r=pg\",\"caption\":\"Kul\"},\"logo\":{\"@id\":\"https:\/\/sandzakpress.net\/arhiva\/#\/schema\/person\/image\/\"}},{\"@type\":\"Person\",\"@id\":\"https:\/\/sandzakpress.net\/arhiva\/#\/schema\/person\/c8baee722073534b583ea7bdb2e36c02\",\"name\":\"bosniak\",\"image\":{\"@type\":\"ImageObject\",\"inLanguage\":\"bs-BA\",\"@id\":\"https:\/\/sandzakpress.net\/arhiva\/#\/schema\/person\/image\/\",\"url\":\"https:\/\/secure.gravatar.com\/avatar\/a04fd330bfe3a36a72a0ad4a6d89fca7?s=96&d=mm&r=pg\",\"contentUrl\":\"https:\/\/secure.gravatar.com\/avatar\/a04fd330bfe3a36a72a0ad4a6d89fca7?s=96&d=mm&r=pg\",\"caption\":\"bosniak\"},\"url\":\"https:\/\/sandzakpress.net\/arhiva\/author\/bosniak\/\"}]}<\/script>\n<!-- \/ Yoast SEO Premium plugin. -->","yoast_head_json":{"title":"Dr\u017eavljani BiH koji \u017eele raditi u Njema\u010dkoj na termine za vize moraju \u010dekati i vi\u0161e od godinu dana","robots":{"index":"index","follow":"follow","max-snippet":"max-snippet:-1","max-image-preview":"max-image-preview:large","max-video-preview":"max-video-preview:-1"},"canonical":"https:\/\/sandzakpress.net\/arhiva\/drzavljani-bih-koji-zele-raditi-u-njemackoj-na-termine-za-vize-moraju-cekati-i-vise-od-godinu-dana\/","og_locale":"bs_BA","og_type":"article","og_title":"Dr\u017eavljani BiH koji \u017eele raditi u Njema\u010dkoj na termine za vize moraju \u010dekati i vi\u0161e od godinu dana","og_description":"Sarajevo, Njema\u010dka \u2013 Nakon \u0161to smo iz Ambasade Njema\u010dke u BiH prije dva mjeseca saznali kako ne mogu dati vi\u0161e termina za podno\u0161enje zahtjeva za vize, saznajemo kako je vrijeme \u010dekanja na termine jo\u0161 produ\u017eeno. Broj zahtjeva za vizu se pove\u0107ao jer je dr\u017eavljanima Zapadnog Balkana pro\u0161le godine olak\u0161ano zapo\u0161ljavanje u Njema\u010dkoj. Kako saznajemo, oni [&hellip;]","og_url":"https:\/\/sandzakpress.net\/arhiva\/drzavljani-bih-koji-zele-raditi-u-njemackoj-na-termine-za-vize-moraju-cekati-i-vise-od-godinu-dana\/","og_site_name":"Sand\u017eak PRESS","article_published_time":"2017-07-04T14:07:49+00:00","og_image":[{"width":616,"height":411,"url":"https:\/\/sandzakpress.net\/arhiva\/wp-content\/uploads\/2017\/07\/b_161121042-616x411-1.jpg","type":"image\/jpeg"}],"author":"bosniak","twitter_card":"summary_large_image","twitter_misc":{"Written by":"bosniak","Est. reading time":"2 minute"},"schema":{"@context":"https:\/\/schema.org","@graph":[{"@type":"Article","@id":"https:\/\/sandzakpress.net\/arhiva\/drzavljani-bih-koji-zele-raditi-u-njemackoj-na-termine-za-vize-moraju-cekati-i-vise-od-godinu-dana\/#article","isPartOf":{"@id":"https:\/\/sandzakpress.net\/arhiva\/drzavljani-bih-koji-zele-raditi-u-njemackoj-na-termine-za-vize-moraju-cekati-i-vise-od-godinu-dana\/"},"author":{"name":"bosniak","@id":"https:\/\/sandzakpress.net\/arhiva\/#\/schema\/person\/c8baee722073534b583ea7bdb2e36c02"},"headline":"Dr\u017eavljani BiH koji \u017eele raditi u Njema\u010dkoj na termine za vize moraju \u010dekati i vi\u0161e od godinu dana","datePublished":"2017-07-04T14:07:49+00:00","mainEntityOfPage":{"@id":"https:\/\/sandzakpress.net\/arhiva\/drzavljani-bih-koji-zele-raditi-u-njemackoj-na-termine-za-vize-moraju-cekati-i-vise-od-godinu-dana\/"},"wordCount":410,"commentCount":0,"publisher":{"@id":"https:\/\/sandzakpress.net\/arhiva\/#\/schema\/person\/6e72b67d6e51910a1117b3b483ba20bd"},"image":{"@id":"https:\/\/sandzakpress.net\/arhiva\/drzavljani-bih-koji-zele-raditi-u-njemackoj-na-termine-za-vize-moraju-cekati-i-vise-od-godinu-dana\/#primaryimage"},"thumbnailUrl":"https:\/\/sandzakpress.net\/arhiva\/wp-content\/uploads\/2017\/07\/b_161121042-616x411-1.jpg","keywords":["Bosna i Hercegovina"],"articleSection":["Bosna PRESS"],"inLanguage":"bs-BA","potentialAction":[{"@type":"CommentAction","name":"Comment","target":["https:\/\/sandzakpress.net\/arhiva\/drzavljani-bih-koji-zele-raditi-u-njemackoj-na-termine-za-vize-moraju-cekati-i-vise-od-godinu-dana\/#respond"]}]},{"@type":"WebPage","@id":"https:\/\/sandzakpress.net\/arhiva\/drzavljani-bih-koji-zele-raditi-u-njemackoj-na-termine-za-vize-moraju-cekati-i-vise-od-godinu-dana\/","url":"https:\/\/sandzakpress.net\/arhiva\/drzavljani-bih-koji-zele-raditi-u-njemackoj-na-termine-za-vize-moraju-cekati-i-vise-od-godinu-dana\/","name":"Dr\u017eavljani BiH koji \u017eele raditi u Njema\u010dkoj na termine za vize moraju \u010dekati i vi\u0161e od godinu dana","isPartOf":{"@id":"https:\/\/sandzakpress.net\/arhiva\/#website"},"primaryImageOfPage":{"@id":"https:\/\/sandzakpress.net\/arhiva\/drzavljani-bih-koji-zele-raditi-u-njemackoj-na-termine-za-vize-moraju-cekati-i-vise-od-godinu-dana\/#primaryimage"},"image":{"@id":"https:\/\/sandzakpress.net\/arhiva\/drzavljani-bih-koji-zele-raditi-u-njemackoj-na-termine-za-vize-moraju-cekati-i-vise-od-godinu-dana\/#primaryimage"},"thumbnailUrl":"https:\/\/sandzakpress.net\/arhiva\/wp-content\/uploads\/2017\/07\/b_161121042-616x411-1.jpg","datePublished":"2017-07-04T14:07:49+00:00","breadcrumb":{"@id":"https:\/\/sandzakpress.net\/arhiva\/drzavljani-bih-koji-zele-raditi-u-njemackoj-na-termine-za-vize-moraju-cekati-i-vise-od-godinu-dana\/#breadcrumb"},"inLanguage":"bs-BA","potentialAction":[{"@type":"ReadAction","target":["https:\/\/sandzakpress.net\/arhiva\/drzavljani-bih-koji-zele-raditi-u-njemackoj-na-termine-za-vize-moraju-cekati-i-vise-od-godinu-dana\/"]}]},{"@type":"ImageObject","inLanguage":"bs-BA","@id":"https:\/\/sandzakpress.net\/arhiva\/drzavljani-bih-koji-zele-raditi-u-njemackoj-na-termine-za-vize-moraju-cekati-i-vise-od-godinu-dana\/#primaryimage","url":"https:\/\/sandzakpress.net\/arhiva\/wp-content\/uploads\/2017\/07\/b_161121042-616x411-1.jpg","contentUrl":"https:\/\/sandzakpress.net\/arhiva\/wp-content\/uploads\/2017\/07\/b_161121042-616x411-1.jpg","width":616,"height":411},{"@type":"BreadcrumbList","@id":"https:\/\/sandzakpress.net\/arhiva\/drzavljani-bih-koji-zele-raditi-u-njemackoj-na-termine-za-vize-moraju-cekati-i-vise-od-godinu-dana\/#breadcrumb","itemListElement":[{"@type":"ListItem","position":1,"name":"Home","item":"https:\/\/sandzakpress.net\/arhiva\/"},{"@type":"ListItem","position":2,"name":"Dr\u017eavljani BiH koji \u017eele raditi u Njema\u010dkoj na termine za vize moraju \u010dekati i vi\u0161e od godinu dana"}]},{"@type":"WebSite","@id":"https:\/\/sandzakpress.net\/arhiva\/#website","url":"https:\/\/sandzakpress.net\/arhiva\/","name":"Sand\u017eak PRESS","description":"Prve elektronske novine u Sand\u017eaku","publisher":{"@id":"https:\/\/sandzakpress.net\/arhiva\/#\/schema\/person\/6e72b67d6e51910a1117b3b483ba20bd"},"potentialAction":[{"@type":"SearchAction","target":{"@type":"EntryPoint","urlTemplate":"https:\/\/sandzakpress.net\/arhiva\/?s={search_term_string}"},"query-input":{"@type":"PropertyValueSpecification","valueRequired":true,"valueName":"search_term_string"}}],"inLanguage":"bs-BA"},{"@type":["Person","Organization"],"@id":"https:\/\/sandzakpress.net\/arhiva\/#\/schema\/person\/6e72b67d6e51910a1117b3b483ba20bd","name":"Kul","image":{"@type":"ImageObject","inLanguage":"bs-BA","@id":"https:\/\/sandzakpress.net\/arhiva\/#\/schema\/person\/image\/","url":"https:\/\/secure.gravatar.com\/avatar\/42263f39aa27ac04c43cab85c280eb2e?s=96&d=mm&r=pg","contentUrl":"https:\/\/secure.gravatar.com\/avatar\/42263f39aa27ac04c43cab85c280eb2e?s=96&d=mm&r=pg","caption":"Kul"},"logo":{"@id":"https:\/\/sandzakpress.net\/arhiva\/#\/schema\/person\/image\/"}},{"@type":"Person","@id":"https:\/\/sandzakpress.net\/arhiva\/#\/schema\/person\/c8baee722073534b583ea7bdb2e36c02","name":"bosniak","image":{"@type":"ImageObject","inLanguage":"bs-BA","@id":"https:\/\/sandzakpress.net\/arhiva\/#\/schema\/person\/image\/","url":"https:\/\/secure.gravatar.com\/avatar\/a04fd330bfe3a36a72a0ad4a6d89fca7?s=96&d=mm&r=pg","contentUrl":"https:\/\/secure.gravatar.com\/avatar\/a04fd330bfe3a36a72a0ad4a6d89fca7?s=96&d=mm&r=pg","caption":"bosniak"},"url":"https:\/\/sandzakpress.net\/arhiva\/author\/bosniak\/"}]}},"_links":{"self":[{"href":"https:\/\/sandzakpress.net\/arhiva\/wp-json\/wp\/v2\/posts\/190301"}],"collection":[{"href":"https:\/\/sandzakpress.net\/arhiva\/wp-json\/wp\/v2\/posts"}],"about":[{"href":"https:\/\/sandzakpress.net\/arhiva\/wp-json\/wp\/v2\/types\/post"}],"author":[{"embeddable":true,"href":"https:\/\/sandzakpress.net\/arhiva\/wp-json\/wp\/v2\/users\/83"}],"replies":[{"embeddable":true,"href":"https:\/\/sandzakpress.net\/arhiva\/wp-json\/wp\/v2\/comments?post=190301"}],"version-history":[{"count":0,"href":"https:\/\/sandzakpress.net\/arhiva\/wp-json\/wp\/v2\/posts\/190301\/revisions"}],"wp:featuredmedia":[{"embeddable":true,"href":"https:\/\/sandzakpress.net\/arhiva\/wp-json\/wp\/v2\/media\/190303"}],"wp:attachment":[{"href":"https:\/\/sandzakpress.net\/arhiva\/wp-json\/wp\/v2\/media?parent=190301"}],"wp:term":[{"taxonomy":"category","embeddable":true,"href":"https:\/\/sandzakpress.net\/arhiva\/wp-json\/wp\/v2\/categories?post=190301"},{"taxonomy":"post_tag","embeddable":true,"href":"https:\/\/sandzakpress.net\/arhiva\/wp-json\/wp\/v2\/tags?post=190301"}],"curies":[{"name":"wp","href":"https:\/\/api.w.org\/{rel}","templated":true}]}}