{"id":1903,"date":"2010-02-02T11:40:00","date_gmt":"2010-02-02T10:40:00","guid":{"rendered":"https:\/\/sandzakpress.net\/arhiva\/?p=1903"},"modified":"2010-02-02T11:40:00","modified_gmt":"2010-02-02T10:40:00","slug":"hoce-li-biti-sastanka","status":"publish","type":"post","link":"https:\/\/sandzakpress.net\/arhiva\/hoce-li-biti-sastanka\/","title":{"rendered":"Ho\u0107e li biti sastanka?"},"content":{"rendered":"<p><strong><a href=\"https:\/\/sandzakpress.net\/arhiva\/wp-content\/uploads\/2010\/02\/esad-dzudzevic.jpg\"><img loading=\"lazy\" decoding=\"async\" class=\"alignleft size-medium wp-image-1904\" title=\"esad dzudzevic\" src=\"https:\/\/sandzakpress.net\/arhiva\/wp-content\/uploads\/2010\/02\/esad-dzudzevic-300x251.jpg\" alt=\"\" width=\"174\" height=\"145\" \/><\/a>Sjeverni Snad\u017eak &#8211; Predsjednik Izvr\u0161nog odbora Bo\u0161nja\u010dkog nacionalnog vije\u0107a Esad D\u017eud\u017eevi\u0107 zatra\u017eio je danas od premijera Mirka Cvetkovi\u0107a da organizuje obe\u0107ani sastanak o izmjenama Uredbe o statisti\u010dkim regionima u Srbiji.<\/strong><\/p>\n<p>Kako je saop\u0161tilo Vije\u0107e, Vlada jo\u0161 nije odgovorila na zahtjeve politi\u010dkih predstavnika Bo\u0161njaka o izmjeni te uredbe.<\/p>\n<p>Vije\u0107e je predlo\u017eilo da sastanku sa predstavnicima politi\u010dkih partija Sand\u017eaka, pored premijera Cvetkovi\u0107a i ministra za ljudska i manjinska prava Svetozara \u010cipli\u0107a, prisustvuju ministri Sulejman Ugljanin i Rasim Ljaji\u0107.<\/p>\n<p>Uredbom o nomenklaturi statisti\u010dkih jedinica Novi Pazar i Tutin uvr\u0161teni u centralni, a Sjenica, Prijepolje, Priboj i Nova Varo\u0161 u Zapadni statisti\u010dki region, podsjetilo je Vije\u0107e.<\/p>\n<p>&#8220;Time su prekr\u0161eni Ustav Srbije, Zakon o za\u0161titi prava i sloboda manjina i dva najzna\u010dajnija me\u0111unarodna dokumenta u oblasti za\u0161tite prava manjina&#8221;, navedeno je u saop\u0161tenju.<\/p>\n<p>Uredba o statisti\u010dkim regionima usvojena je na sjednici Vlade Srbije 24. decembra pro\u0161le godine.<\/p>\n<p>Sve bo\u0161nja\u010dke parlamentarne i vanparlamentarne partije, kao i Islamska zajednica, zahtjevaju da svih \u0161est sand\u017ea\u010dkih op\u0161tina budu u istom statisti\u010dkom regionu.<\/p>\n<p>Premijer Cvetkovi\u0107 je oba\u0107ao da \u0107e sa predstavnicima stranaka odr\u017eati sastanak poslije bo\u017ei\u0107nih praznika.<\/p>\n<p>Izvor: <strong>RadioStoPlus.com<\/strong><\/p>\n","protected":false},"excerpt":{"rendered":"<p>Sjeverni Snad\u017eak &#8211; Predsjednik Izvr\u0161nog odbora Bo\u0161nja\u010dkog nacionalnog vije\u0107a Esad D\u017eud\u017eevi\u0107 zatra\u017eio je danas od premijera Mirka Cvetkovi\u0107a da organizuje obe\u0107ani sastanak o izmjenama Uredbe o statisti\u010dkim regionima u Srbiji. Kako je saop\u0161tilo Vije\u0107e, Vlada jo\u0161 nije odgovorila na zahtjeve politi\u010dkih predstavnika Bo\u0161njaka o izmjeni te uredbe. Vije\u0107e je predlo\u017eilo da sastanku sa predstavnicima politi\u010dkih [&hellip;]<\/p>\n","protected":false},"author":83,"featured_media":1904,"comment_status":"open","ping_status":"open","sticky":false,"template":"","format":"standard","meta":{"footnotes":""},"categories":[1],"tags":[],"class_list":{"0":"post-1903","1":"post","2":"type-post","3":"status-publish","4":"format-standard","5":"has-post-thumbnail","7":"category-politika"},"yoast_head":"<!-- This site is optimized with the Yoast SEO Premium plugin v23.1 (Yoast SEO v24.9) - https:\/\/yoast.com\/wordpress\/plugins\/seo\/ -->\n<title>Ho\u0107e li biti sastanka?<\/title>\n<meta name=\"robots\" content=\"index, follow, max-snippet:-1, max-image-preview:large, max-video-preview:-1\" \/>\n<link rel=\"canonical\" href=\"https:\/\/sandzakpress.net\/arhiva\/hoce-li-biti-sastanka\/\" \/>\n<meta property=\"og:locale\" content=\"bs_BA\" \/>\n<meta property=\"og:type\" content=\"article\" \/>\n<meta property=\"og:title\" content=\"Ho\u0107e li biti sastanka?\" \/>\n<meta property=\"og:description\" content=\"Sjeverni Snad\u017eak &#8211; Predsjednik Izvr\u0161nog odbora Bo\u0161nja\u010dkog nacionalnog vije\u0107a Esad D\u017eud\u017eevi\u0107 zatra\u017eio je danas od premijera Mirka Cvetkovi\u0107a da organizuje obe\u0107ani sastanak o izmjenama Uredbe o statisti\u010dkim regionima u Srbiji. Kako je saop\u0161tilo Vije\u0107e, Vlada jo\u0161 nije odgovorila na zahtjeve politi\u010dkih predstavnika Bo\u0161njaka o izmjeni te uredbe. Vije\u0107e je predlo\u017eilo da sastanku sa predstavnicima politi\u010dkih [&hellip;]\" \/>\n<meta property=\"og:url\" content=\"https:\/\/sandzakpress.net\/arhiva\/hoce-li-biti-sastanka\/\" \/>\n<meta property=\"og:site_name\" content=\"Sand\u017eak PRESS\" \/>\n<meta property=\"article:published_time\" content=\"2010-02-02T10:40:00+00:00\" \/>\n<meta property=\"og:image\" content=\"https:\/\/sandzakpress.net\/arhiva\/wp-content\/uploads\/2010\/02\/esad-dzudzevic.jpg\" \/>\n\t<meta property=\"og:image:width\" content=\"500\" \/>\n\t<meta property=\"og:image:height\" content=\"419\" \/>\n\t<meta property=\"og:image:type\" content=\"image\/jpeg\" \/>\n<meta name=\"author\" content=\"bosniak\" \/>\n<meta name=\"twitter:card\" content=\"summary_large_image\" \/>\n<meta name=\"twitter:label1\" content=\"Written by\" \/>\n\t<meta name=\"twitter:data1\" content=\"bosniak\" \/>\n\t<meta name=\"twitter:label2\" content=\"Est. reading time\" \/>\n\t<meta name=\"twitter:data2\" content=\"1 minuta\" \/>\n<script type=\"application\/ld+json\" class=\"yoast-schema-graph\">{\"@context\":\"https:\/\/schema.org\",\"@graph\":[{\"@type\":\"Article\",\"@id\":\"https:\/\/sandzakpress.net\/arhiva\/hoce-li-biti-sastanka\/#article\",\"isPartOf\":{\"@id\":\"https:\/\/sandzakpress.net\/arhiva\/hoce-li-biti-sastanka\/\"},\"author\":{\"name\":\"bosniak\",\"@id\":\"https:\/\/sandzakpress.net\/arhiva\/#\/schema\/person\/c8baee722073534b583ea7bdb2e36c02\"},\"headline\":\"Ho\u0107e li biti sastanka?\",\"datePublished\":\"2010-02-02T10:40:00+00:00\",\"mainEntityOfPage\":{\"@id\":\"https:\/\/sandzakpress.net\/arhiva\/hoce-li-biti-sastanka\/\"},\"wordCount\":227,\"commentCount\":2,\"publisher\":{\"@id\":\"https:\/\/sandzakpress.net\/arhiva\/#\/schema\/person\/6e72b67d6e51910a1117b3b483ba20bd\"},\"image\":{\"@id\":\"https:\/\/sandzakpress.net\/arhiva\/hoce-li-biti-sastanka\/#primaryimage\"},\"thumbnailUrl\":\"https:\/\/sandzakpress.net\/arhiva\/wp-content\/uploads\/2010\/02\/esad-dzudzevic.jpg\",\"articleSection\":[\"Politika\"],\"inLanguage\":\"bs-BA\",\"potentialAction\":[{\"@type\":\"CommentAction\",\"name\":\"Comment\",\"target\":[\"https:\/\/sandzakpress.net\/arhiva\/hoce-li-biti-sastanka\/#respond\"]}]},{\"@type\":\"WebPage\",\"@id\":\"https:\/\/sandzakpress.net\/arhiva\/hoce-li-biti-sastanka\/\",\"url\":\"https:\/\/sandzakpress.net\/arhiva\/hoce-li-biti-sastanka\/\",\"name\":\"Ho\u0107e li biti sastanka?\",\"isPartOf\":{\"@id\":\"https:\/\/sandzakpress.net\/arhiva\/#website\"},\"primaryImageOfPage\":{\"@id\":\"https:\/\/sandzakpress.net\/arhiva\/hoce-li-biti-sastanka\/#primaryimage\"},\"image\":{\"@id\":\"https:\/\/sandzakpress.net\/arhiva\/hoce-li-biti-sastanka\/#primaryimage\"},\"thumbnailUrl\":\"https:\/\/sandzakpress.net\/arhiva\/wp-content\/uploads\/2010\/02\/esad-dzudzevic.jpg\",\"datePublished\":\"2010-02-02T10:40:00+00:00\",\"breadcrumb\":{\"@id\":\"https:\/\/sandzakpress.net\/arhiva\/hoce-li-biti-sastanka\/#breadcrumb\"},\"inLanguage\":\"bs-BA\",\"potentialAction\":[{\"@type\":\"ReadAction\",\"target\":[\"https:\/\/sandzakpress.net\/arhiva\/hoce-li-biti-sastanka\/\"]}]},{\"@type\":\"ImageObject\",\"inLanguage\":\"bs-BA\",\"@id\":\"https:\/\/sandzakpress.net\/arhiva\/hoce-li-biti-sastanka\/#primaryimage\",\"url\":\"https:\/\/sandzakpress.net\/arhiva\/wp-content\/uploads\/2010\/02\/esad-dzudzevic.jpg\",\"contentUrl\":\"https:\/\/sandzakpress.net\/arhiva\/wp-content\/uploads\/2010\/02\/esad-dzudzevic.jpg\",\"width\":500,\"height\":419},{\"@type\":\"BreadcrumbList\",\"@id\":\"https:\/\/sandzakpress.net\/arhiva\/hoce-li-biti-sastanka\/#breadcrumb\",\"itemListElement\":[{\"@type\":\"ListItem\",\"position\":1,\"name\":\"Home\",\"item\":\"https:\/\/sandzakpress.net\/arhiva\/\"},{\"@type\":\"ListItem\",\"position\":2,\"name\":\"Ho\u0107e li biti sastanka?\"}]},{\"@type\":\"WebSite\",\"@id\":\"https:\/\/sandzakpress.net\/arhiva\/#website\",\"url\":\"https:\/\/sandzakpress.net\/arhiva\/\",\"name\":\"Sand\u017eak PRESS\",\"description\":\"Prve elektronske novine u Sand\u017eaku\",\"publisher\":{\"@id\":\"https:\/\/sandzakpress.net\/arhiva\/#\/schema\/person\/6e72b67d6e51910a1117b3b483ba20bd\"},\"potentialAction\":[{\"@type\":\"SearchAction\",\"target\":{\"@type\":\"EntryPoint\",\"urlTemplate\":\"https:\/\/sandzakpress.net\/arhiva\/?s={search_term_string}\"},\"query-input\":{\"@type\":\"PropertyValueSpecification\",\"valueRequired\":true,\"valueName\":\"search_term_string\"}}],\"inLanguage\":\"bs-BA\"},{\"@type\":[\"Person\",\"Organization\"],\"@id\":\"https:\/\/sandzakpress.net\/arhiva\/#\/schema\/person\/6e72b67d6e51910a1117b3b483ba20bd\",\"name\":\"Kul\",\"image\":{\"@type\":\"ImageObject\",\"inLanguage\":\"bs-BA\",\"@id\":\"https:\/\/sandzakpress.net\/arhiva\/#\/schema\/person\/image\/\",\"url\":\"https:\/\/secure.gravatar.com\/avatar\/42263f39aa27ac04c43cab85c280eb2e?s=96&d=mm&r=pg\",\"contentUrl\":\"https:\/\/secure.gravatar.com\/avatar\/42263f39aa27ac04c43cab85c280eb2e?s=96&d=mm&r=pg\",\"caption\":\"Kul\"},\"logo\":{\"@id\":\"https:\/\/sandzakpress.net\/arhiva\/#\/schema\/person\/image\/\"}},{\"@type\":\"Person\",\"@id\":\"https:\/\/sandzakpress.net\/arhiva\/#\/schema\/person\/c8baee722073534b583ea7bdb2e36c02\",\"name\":\"bosniak\",\"image\":{\"@type\":\"ImageObject\",\"inLanguage\":\"bs-BA\",\"@id\":\"https:\/\/sandzakpress.net\/arhiva\/#\/schema\/person\/image\/\",\"url\":\"https:\/\/secure.gravatar.com\/avatar\/a04fd330bfe3a36a72a0ad4a6d89fca7?s=96&d=mm&r=pg\",\"contentUrl\":\"https:\/\/secure.gravatar.com\/avatar\/a04fd330bfe3a36a72a0ad4a6d89fca7?s=96&d=mm&r=pg\",\"caption\":\"bosniak\"},\"url\":\"https:\/\/sandzakpress.net\/arhiva\/author\/bosniak\/\"}]}<\/script>\n<!-- \/ Yoast SEO Premium plugin. -->","yoast_head_json":{"title":"Ho\u0107e li biti sastanka?","robots":{"index":"index","follow":"follow","max-snippet":"max-snippet:-1","max-image-preview":"max-image-preview:large","max-video-preview":"max-video-preview:-1"},"canonical":"https:\/\/sandzakpress.net\/arhiva\/hoce-li-biti-sastanka\/","og_locale":"bs_BA","og_type":"article","og_title":"Ho\u0107e li biti sastanka?","og_description":"Sjeverni Snad\u017eak &#8211; Predsjednik Izvr\u0161nog odbora Bo\u0161nja\u010dkog nacionalnog vije\u0107a Esad D\u017eud\u017eevi\u0107 zatra\u017eio je danas od premijera Mirka Cvetkovi\u0107a da organizuje obe\u0107ani sastanak o izmjenama Uredbe o statisti\u010dkim regionima u Srbiji. Kako je saop\u0161tilo Vije\u0107e, Vlada jo\u0161 nije odgovorila na zahtjeve politi\u010dkih predstavnika Bo\u0161njaka o izmjeni te uredbe. Vije\u0107e je predlo\u017eilo da sastanku sa predstavnicima politi\u010dkih [&hellip;]","og_url":"https:\/\/sandzakpress.net\/arhiva\/hoce-li-biti-sastanka\/","og_site_name":"Sand\u017eak PRESS","article_published_time":"2010-02-02T10:40:00+00:00","og_image":[{"width":500,"height":419,"url":"https:\/\/sandzakpress.net\/arhiva\/wp-content\/uploads\/2010\/02\/esad-dzudzevic.jpg","type":"image\/jpeg"}],"author":"bosniak","twitter_card":"summary_large_image","twitter_misc":{"Written by":"bosniak","Est. reading time":"1 minuta"},"schema":{"@context":"https:\/\/schema.org","@graph":[{"@type":"Article","@id":"https:\/\/sandzakpress.net\/arhiva\/hoce-li-biti-sastanka\/#article","isPartOf":{"@id":"https:\/\/sandzakpress.net\/arhiva\/hoce-li-biti-sastanka\/"},"author":{"name":"bosniak","@id":"https:\/\/sandzakpress.net\/arhiva\/#\/schema\/person\/c8baee722073534b583ea7bdb2e36c02"},"headline":"Ho\u0107e li biti sastanka?","datePublished":"2010-02-02T10:40:00+00:00","mainEntityOfPage":{"@id":"https:\/\/sandzakpress.net\/arhiva\/hoce-li-biti-sastanka\/"},"wordCount":227,"commentCount":2,"publisher":{"@id":"https:\/\/sandzakpress.net\/arhiva\/#\/schema\/person\/6e72b67d6e51910a1117b3b483ba20bd"},"image":{"@id":"https:\/\/sandzakpress.net\/arhiva\/hoce-li-biti-sastanka\/#primaryimage"},"thumbnailUrl":"https:\/\/sandzakpress.net\/arhiva\/wp-content\/uploads\/2010\/02\/esad-dzudzevic.jpg","articleSection":["Politika"],"inLanguage":"bs-BA","potentialAction":[{"@type":"CommentAction","name":"Comment","target":["https:\/\/sandzakpress.net\/arhiva\/hoce-li-biti-sastanka\/#respond"]}]},{"@type":"WebPage","@id":"https:\/\/sandzakpress.net\/arhiva\/hoce-li-biti-sastanka\/","url":"https:\/\/sandzakpress.net\/arhiva\/hoce-li-biti-sastanka\/","name":"Ho\u0107e li biti sastanka?","isPartOf":{"@id":"https:\/\/sandzakpress.net\/arhiva\/#website"},"primaryImageOfPage":{"@id":"https:\/\/sandzakpress.net\/arhiva\/hoce-li-biti-sastanka\/#primaryimage"},"image":{"@id":"https:\/\/sandzakpress.net\/arhiva\/hoce-li-biti-sastanka\/#primaryimage"},"thumbnailUrl":"https:\/\/sandzakpress.net\/arhiva\/wp-content\/uploads\/2010\/02\/esad-dzudzevic.jpg","datePublished":"2010-02-02T10:40:00+00:00","breadcrumb":{"@id":"https:\/\/sandzakpress.net\/arhiva\/hoce-li-biti-sastanka\/#breadcrumb"},"inLanguage":"bs-BA","potentialAction":[{"@type":"ReadAction","target":["https:\/\/sandzakpress.net\/arhiva\/hoce-li-biti-sastanka\/"]}]},{"@type":"ImageObject","inLanguage":"bs-BA","@id":"https:\/\/sandzakpress.net\/arhiva\/hoce-li-biti-sastanka\/#primaryimage","url":"https:\/\/sandzakpress.net\/arhiva\/wp-content\/uploads\/2010\/02\/esad-dzudzevic.jpg","contentUrl":"https:\/\/sandzakpress.net\/arhiva\/wp-content\/uploads\/2010\/02\/esad-dzudzevic.jpg","width":500,"height":419},{"@type":"BreadcrumbList","@id":"https:\/\/sandzakpress.net\/arhiva\/hoce-li-biti-sastanka\/#breadcrumb","itemListElement":[{"@type":"ListItem","position":1,"name":"Home","item":"https:\/\/sandzakpress.net\/arhiva\/"},{"@type":"ListItem","position":2,"name":"Ho\u0107e li biti sastanka?"}]},{"@type":"WebSite","@id":"https:\/\/sandzakpress.net\/arhiva\/#website","url":"https:\/\/sandzakpress.net\/arhiva\/","name":"Sand\u017eak PRESS","description":"Prve elektronske novine u Sand\u017eaku","publisher":{"@id":"https:\/\/sandzakpress.net\/arhiva\/#\/schema\/person\/6e72b67d6e51910a1117b3b483ba20bd"},"potentialAction":[{"@type":"SearchAction","target":{"@type":"EntryPoint","urlTemplate":"https:\/\/sandzakpress.net\/arhiva\/?s={search_term_string}"},"query-input":{"@type":"PropertyValueSpecification","valueRequired":true,"valueName":"search_term_string"}}],"inLanguage":"bs-BA"},{"@type":["Person","Organization"],"@id":"https:\/\/sandzakpress.net\/arhiva\/#\/schema\/person\/6e72b67d6e51910a1117b3b483ba20bd","name":"Kul","image":{"@type":"ImageObject","inLanguage":"bs-BA","@id":"https:\/\/sandzakpress.net\/arhiva\/#\/schema\/person\/image\/","url":"https:\/\/secure.gravatar.com\/avatar\/42263f39aa27ac04c43cab85c280eb2e?s=96&d=mm&r=pg","contentUrl":"https:\/\/secure.gravatar.com\/avatar\/42263f39aa27ac04c43cab85c280eb2e?s=96&d=mm&r=pg","caption":"Kul"},"logo":{"@id":"https:\/\/sandzakpress.net\/arhiva\/#\/schema\/person\/image\/"}},{"@type":"Person","@id":"https:\/\/sandzakpress.net\/arhiva\/#\/schema\/person\/c8baee722073534b583ea7bdb2e36c02","name":"bosniak","image":{"@type":"ImageObject","inLanguage":"bs-BA","@id":"https:\/\/sandzakpress.net\/arhiva\/#\/schema\/person\/image\/","url":"https:\/\/secure.gravatar.com\/avatar\/a04fd330bfe3a36a72a0ad4a6d89fca7?s=96&d=mm&r=pg","contentUrl":"https:\/\/secure.gravatar.com\/avatar\/a04fd330bfe3a36a72a0ad4a6d89fca7?s=96&d=mm&r=pg","caption":"bosniak"},"url":"https:\/\/sandzakpress.net\/arhiva\/author\/bosniak\/"}]}},"_links":{"self":[{"href":"https:\/\/sandzakpress.net\/arhiva\/wp-json\/wp\/v2\/posts\/1903"}],"collection":[{"href":"https:\/\/sandzakpress.net\/arhiva\/wp-json\/wp\/v2\/posts"}],"about":[{"href":"https:\/\/sandzakpress.net\/arhiva\/wp-json\/wp\/v2\/types\/post"}],"author":[{"embeddable":true,"href":"https:\/\/sandzakpress.net\/arhiva\/wp-json\/wp\/v2\/users\/83"}],"replies":[{"embeddable":true,"href":"https:\/\/sandzakpress.net\/arhiva\/wp-json\/wp\/v2\/comments?post=1903"}],"version-history":[{"count":0,"href":"https:\/\/sandzakpress.net\/arhiva\/wp-json\/wp\/v2\/posts\/1903\/revisions"}],"wp:featuredmedia":[{"embeddable":true,"href":"https:\/\/sandzakpress.net\/arhiva\/wp-json\/wp\/v2\/media\/1904"}],"wp:attachment":[{"href":"https:\/\/sandzakpress.net\/arhiva\/wp-json\/wp\/v2\/media?parent=1903"}],"wp:term":[{"taxonomy":"category","embeddable":true,"href":"https:\/\/sandzakpress.net\/arhiva\/wp-json\/wp\/v2\/categories?post=1903"},{"taxonomy":"post_tag","embeddable":true,"href":"https:\/\/sandzakpress.net\/arhiva\/wp-json\/wp\/v2\/tags?post=1903"}],"curies":[{"name":"wp","href":"https:\/\/api.w.org\/{rel}","templated":true}]}}