{"id":190036,"date":"2017-06-29T14:44:31","date_gmt":"2017-06-29T12:44:31","guid":{"rendered":"https:\/\/sandzakpress.net\/arhiva\/u-visegradu-otkriven-spomenik-mehmed-pasi-sokolovicu"},"modified":"2017-06-29T14:44:31","modified_gmt":"2017-06-29T12:44:31","slug":"u-visegradu-otkriven-spomenik-mehmed-pasi-sokolovicu","status":"publish","type":"post","link":"https:\/\/sandzakpress.net\/arhiva\/u-visegradu-otkriven-spomenik-mehmed-pasi-sokolovicu\/","title":{"rendered":"U Vi\u0161egradu otkriven spomenik Mehmed-pa\u0161i Sokolovi\u0107u"},"content":{"rendered":"<p><span class=\"cb-itemprop\"><\/p>\n<p><strong><img loading=\"lazy\" decoding=\"async\" class=\"size-large wp-image-197362 aligncenter\" src=\"http:\/\/bosnapress.net\/wp-content\/uploads\/2017\/06\/765-430-f98abe94c1ec7c2068fae81e5070b320-616x394.jpg\" alt=\"\" width=\"616\" height=\"394\" \/>Vi\u0161egrad \u2013 Na\u010delnik Op\u0161tine Vi\u0161egrad Mladen \u0110urevi\u0107 i biznismen Slobodan Pavlovi\u0107 sve\u010dano su danas u Vi\u0161egradu, u okviru manifestacije Vidovdanske sve\u010danosti, otkrili spomenik Mehmed-pa\u0161i Sokolovi\u0107u.<\/strong><\/p>\n<p>Spomenik je otkriven u prisustvu predsjednika Republike Srpske Milorada Dodika i idejnog tvorca Andri\u0107grada re\u017eisera Emira Kusturice.<\/p>\n<p>Prema dostupnim informacijama, Sokolovi\u0107 je porijeklom Srbin iz Hercegovine. Ro\u0111en je kao Bajica Nenadi\u0107 u selu Sokolovi\u0107i, blizu gradi\u0107a Rudo. Otac mu se zvao Dimitrije, dok ime majke nije poznato, a ina\u010de se pominju imena Dobrina, An\u0111elija ili Marija.<\/p>\n<p>Kao dje\u010dak \u0161kolovao se u manastiru Mile\u0161eva. U \u201cdanku u krvi\u201d odveden je u janji\u010dare kada mu je bilo oko 15 godina kao dio osmanskog sistema sakupljanja hri\u0161\u0107anskih dje\u010daka koji \u0107e biti odgajani da slu\u017ee kao janji\u010dari. \u0160kolovan je u Jedrenskom saraju gdje ostaje 13 godina.<\/p>\n<p><img loading=\"lazy\" decoding=\"async\" class=\"lazy alignnone size-full wp-image-339773 lazy-loaded\" src=\"https:\/\/www.cdm.me\/wp-content\/uploads\/2017\/06\/Otriven-spomenik-mehmed-pasi-sokolovicu-6.jpg\" alt=\"\" width=\"960\" height=\"640\" \/><\/p>\n<p>Dje\u010daci su bili primorani da pre\u0111u u islam, odgajani su i obrazovani kao vojnici i vjernici, ali su zauzvrat dobili priliku da se uklju\u010de i napreduju u osmanskom carskom sistemu.<\/p>\n<p>Mehmed-pa\u0161a Sokolovi\u0107 bio je jedan od brojnih koji su napravili zavidnu karijeru i dospjeli do polo\u017eaja Velikog vezira.<\/p>\n<p>Mehmed-pa\u0161a je podizao brojne zadu\u017ebine i vakufe \u0161irom Carstva. Po njegovom nare\u0111enju, 1571. godine izgra\u0111en je most preko Drine u Vi\u0161egradu, opisan u djelu \u201cNa Drini \u0107uprija\u201d Ive Andri\u0107a, koji je za ovaj roman dobio Nobelovu nagradu za knji\u017eevnost.<\/p>\n<p>Podigao je i tri mosta na prostorima sada\u0161nje u BiH i jedan u Crnoj Gori \u2013 Arslanagi\u0107a most u Trebinju, most na u\u0161\u0107u \u017depe u Drinu, Kozju \u0106upriju u Sarajevu i Vezirov most u Podgorici.<\/p>\n<p><img loading=\"lazy\" decoding=\"async\" class=\"lazy alignnone wp-image-339774 lazy-loaded\" src=\"https:\/\/www.cdm.me\/wp-content\/uploads\/2017\/06\/bbd110ad36634926938b68bf43dbaef0.jpg\" alt=\"\" width=\"903\" height=\"524\" \/><\/p>\n<p>U svom rodnom selu Sokolovi\u0107ima kod Rudog izgradio je d\u017eamiju, a u selu Pobla\u0107e kod Priboja, prema predanju, podigao je i crkvu koja je vi\u0161e puta ru\u0161ena i obnavljana.<\/p>\n<p>Crkva je izgra\u0111ena u saracenskom stilu i u ovom selu je sa\u010duvano predanje da je sazidana na grobu njegove majke.<\/p>\n<p>Vjeruje se da je Mehmed-pa\u0161a Sokolovi\u0107 bio ktitor mnogim sagra\u0111enim \u010desmama, od kojih je najpoznatija ona u Beogradu, na Kalemegdanu.<\/p>\n<p>\/cdm\/<\/p>\n<p><\/span><br \/>\nPogledajte vijest na izvornom sajtu:<\/p>\n<p><a href=\"http:\/\/bosnapress.net\/u-visegradu-otkriven-spomenik-mehmed-pasi-sokolovicu\/\" target=\"_blank\">U Vi\u0161egradu otkriven spomenik Mehmed-pa\u0161i Sokolovi\u0107u<\/a><\/p>\n","protected":false},"excerpt":{"rendered":"<p>Vi\u0161egrad \u2013 Na\u010delnik Op\u0161tine Vi\u0161egrad Mladen \u0110urevi\u0107 i biznismen Slobodan Pavlovi\u0107 sve\u010dano su danas u Vi\u0161egradu, u okviru manifestacije Vidovdanske sve\u010danosti, otkrili spomenik Mehmed-pa\u0161i Sokolovi\u0107u. Spomenik je otkriven u prisustvu predsjednika Republike Srpske Milorada Dodika i idejnog tvorca Andri\u0107grada re\u017eisera Emira Kusturice. Prema dostupnim informacijama, Sokolovi\u0107 je porijeklom Srbin iz Hercegovine. Ro\u0111en je kao Bajica [&hellip;]<\/p>\n","protected":false},"author":83,"featured_media":190038,"comment_status":"open","ping_status":"open","sticky":false,"template":"","format":"standard","meta":{"footnotes":""},"categories":[10513],"tags":[10466],"class_list":{"0":"post-190036","1":"post","2":"type-post","3":"status-publish","4":"format-standard","5":"has-post-thumbnail","7":"category-bosna-press","8":"tag-bosna-i-hercegovina"},"yoast_head":"<!-- This site is optimized with the Yoast SEO Premium plugin v23.1 (Yoast SEO v24.9) - https:\/\/yoast.com\/wordpress\/plugins\/seo\/ -->\n<title>U Vi\u0161egradu otkriven spomenik Mehmed-pa\u0161i Sokolovi\u0107u<\/title>\n<meta name=\"robots\" content=\"index, follow, max-snippet:-1, max-image-preview:large, max-video-preview:-1\" \/>\n<link rel=\"canonical\" href=\"https:\/\/sandzakpress.net\/arhiva\/u-visegradu-otkriven-spomenik-mehmed-pasi-sokolovicu\/\" \/>\n<meta property=\"og:locale\" content=\"bs_BA\" \/>\n<meta property=\"og:type\" content=\"article\" \/>\n<meta property=\"og:title\" content=\"U Vi\u0161egradu otkriven spomenik Mehmed-pa\u0161i Sokolovi\u0107u\" \/>\n<meta property=\"og:description\" content=\"Vi\u0161egrad \u2013 Na\u010delnik Op\u0161tine Vi\u0161egrad Mladen \u0110urevi\u0107 i biznismen Slobodan Pavlovi\u0107 sve\u010dano su danas u Vi\u0161egradu, u okviru manifestacije Vidovdanske sve\u010danosti, otkrili spomenik Mehmed-pa\u0161i Sokolovi\u0107u. Spomenik je otkriven u prisustvu predsjednika Republike Srpske Milorada Dodika i idejnog tvorca Andri\u0107grada re\u017eisera Emira Kusturice. Prema dostupnim informacijama, Sokolovi\u0107 je porijeklom Srbin iz Hercegovine. Ro\u0111en je kao Bajica [&hellip;]\" \/>\n<meta property=\"og:url\" content=\"https:\/\/sandzakpress.net\/arhiva\/u-visegradu-otkriven-spomenik-mehmed-pasi-sokolovicu\/\" \/>\n<meta property=\"og:site_name\" content=\"Sand\u017eak PRESS\" \/>\n<meta property=\"article:published_time\" content=\"2017-06-29T12:44:31+00:00\" \/>\n<meta property=\"og:image\" content=\"https:\/\/sandzakpress.net\/arhiva\/wp-content\/uploads\/2017\/06\/765-430-f98abe94c1ec7c2068fae81e5070b320-616x394-1.jpg\" \/>\n\t<meta property=\"og:image:width\" content=\"616\" \/>\n\t<meta property=\"og:image:height\" content=\"394\" \/>\n\t<meta property=\"og:image:type\" content=\"image\/jpeg\" \/>\n<meta name=\"author\" content=\"bosniak\" \/>\n<meta name=\"twitter:card\" content=\"summary_large_image\" \/>\n<meta name=\"twitter:label1\" content=\"Written by\" \/>\n\t<meta name=\"twitter:data1\" content=\"bosniak\" \/>\n\t<meta name=\"twitter:label2\" content=\"Est. reading time\" \/>\n\t<meta name=\"twitter:data2\" content=\"2 minute\" \/>\n<script type=\"application\/ld+json\" class=\"yoast-schema-graph\">{\"@context\":\"https:\/\/schema.org\",\"@graph\":[{\"@type\":\"Article\",\"@id\":\"https:\/\/sandzakpress.net\/arhiva\/u-visegradu-otkriven-spomenik-mehmed-pasi-sokolovicu\/#article\",\"isPartOf\":{\"@id\":\"https:\/\/sandzakpress.net\/arhiva\/u-visegradu-otkriven-spomenik-mehmed-pasi-sokolovicu\/\"},\"author\":{\"name\":\"bosniak\",\"@id\":\"https:\/\/sandzakpress.net\/arhiva\/#\/schema\/person\/c8baee722073534b583ea7bdb2e36c02\"},\"headline\":\"U Vi\u0161egradu otkriven spomenik Mehmed-pa\u0161i Sokolovi\u0107u\",\"datePublished\":\"2017-06-29T12:44:31+00:00\",\"mainEntityOfPage\":{\"@id\":\"https:\/\/sandzakpress.net\/arhiva\/u-visegradu-otkriven-spomenik-mehmed-pasi-sokolovicu\/\"},\"wordCount\":384,\"commentCount\":0,\"publisher\":{\"@id\":\"https:\/\/sandzakpress.net\/arhiva\/#\/schema\/person\/6e72b67d6e51910a1117b3b483ba20bd\"},\"image\":{\"@id\":\"https:\/\/sandzakpress.net\/arhiva\/u-visegradu-otkriven-spomenik-mehmed-pasi-sokolovicu\/#primaryimage\"},\"thumbnailUrl\":\"https:\/\/sandzakpress.net\/arhiva\/wp-content\/uploads\/2017\/06\/765-430-f98abe94c1ec7c2068fae81e5070b320-616x394-1.jpg\",\"keywords\":[\"Bosna i Hercegovina\"],\"articleSection\":[\"Bosna PRESS\"],\"inLanguage\":\"bs-BA\",\"potentialAction\":[{\"@type\":\"CommentAction\",\"name\":\"Comment\",\"target\":[\"https:\/\/sandzakpress.net\/arhiva\/u-visegradu-otkriven-spomenik-mehmed-pasi-sokolovicu\/#respond\"]}]},{\"@type\":\"WebPage\",\"@id\":\"https:\/\/sandzakpress.net\/arhiva\/u-visegradu-otkriven-spomenik-mehmed-pasi-sokolovicu\/\",\"url\":\"https:\/\/sandzakpress.net\/arhiva\/u-visegradu-otkriven-spomenik-mehmed-pasi-sokolovicu\/\",\"name\":\"U Vi\u0161egradu otkriven spomenik Mehmed-pa\u0161i Sokolovi\u0107u\",\"isPartOf\":{\"@id\":\"https:\/\/sandzakpress.net\/arhiva\/#website\"},\"primaryImageOfPage\":{\"@id\":\"https:\/\/sandzakpress.net\/arhiva\/u-visegradu-otkriven-spomenik-mehmed-pasi-sokolovicu\/#primaryimage\"},\"image\":{\"@id\":\"https:\/\/sandzakpress.net\/arhiva\/u-visegradu-otkriven-spomenik-mehmed-pasi-sokolovicu\/#primaryimage\"},\"thumbnailUrl\":\"https:\/\/sandzakpress.net\/arhiva\/wp-content\/uploads\/2017\/06\/765-430-f98abe94c1ec7c2068fae81e5070b320-616x394-1.jpg\",\"datePublished\":\"2017-06-29T12:44:31+00:00\",\"breadcrumb\":{\"@id\":\"https:\/\/sandzakpress.net\/arhiva\/u-visegradu-otkriven-spomenik-mehmed-pasi-sokolovicu\/#breadcrumb\"},\"inLanguage\":\"bs-BA\",\"potentialAction\":[{\"@type\":\"ReadAction\",\"target\":[\"https:\/\/sandzakpress.net\/arhiva\/u-visegradu-otkriven-spomenik-mehmed-pasi-sokolovicu\/\"]}]},{\"@type\":\"ImageObject\",\"inLanguage\":\"bs-BA\",\"@id\":\"https:\/\/sandzakpress.net\/arhiva\/u-visegradu-otkriven-spomenik-mehmed-pasi-sokolovicu\/#primaryimage\",\"url\":\"https:\/\/sandzakpress.net\/arhiva\/wp-content\/uploads\/2017\/06\/765-430-f98abe94c1ec7c2068fae81e5070b320-616x394-1.jpg\",\"contentUrl\":\"https:\/\/sandzakpress.net\/arhiva\/wp-content\/uploads\/2017\/06\/765-430-f98abe94c1ec7c2068fae81e5070b320-616x394-1.jpg\",\"width\":616,\"height\":394},{\"@type\":\"BreadcrumbList\",\"@id\":\"https:\/\/sandzakpress.net\/arhiva\/u-visegradu-otkriven-spomenik-mehmed-pasi-sokolovicu\/#breadcrumb\",\"itemListElement\":[{\"@type\":\"ListItem\",\"position\":1,\"name\":\"Home\",\"item\":\"https:\/\/sandzakpress.net\/arhiva\/\"},{\"@type\":\"ListItem\",\"position\":2,\"name\":\"U Vi\u0161egradu otkriven spomenik Mehmed-pa\u0161i Sokolovi\u0107u\"}]},{\"@type\":\"WebSite\",\"@id\":\"https:\/\/sandzakpress.net\/arhiva\/#website\",\"url\":\"https:\/\/sandzakpress.net\/arhiva\/\",\"name\":\"Sand\u017eak PRESS\",\"description\":\"Prve elektronske novine u Sand\u017eaku\",\"publisher\":{\"@id\":\"https:\/\/sandzakpress.net\/arhiva\/#\/schema\/person\/6e72b67d6e51910a1117b3b483ba20bd\"},\"potentialAction\":[{\"@type\":\"SearchAction\",\"target\":{\"@type\":\"EntryPoint\",\"urlTemplate\":\"https:\/\/sandzakpress.net\/arhiva\/?s={search_term_string}\"},\"query-input\":{\"@type\":\"PropertyValueSpecification\",\"valueRequired\":true,\"valueName\":\"search_term_string\"}}],\"inLanguage\":\"bs-BA\"},{\"@type\":[\"Person\",\"Organization\"],\"@id\":\"https:\/\/sandzakpress.net\/arhiva\/#\/schema\/person\/6e72b67d6e51910a1117b3b483ba20bd\",\"name\":\"Kul\",\"image\":{\"@type\":\"ImageObject\",\"inLanguage\":\"bs-BA\",\"@id\":\"https:\/\/sandzakpress.net\/arhiva\/#\/schema\/person\/image\/\",\"url\":\"https:\/\/secure.gravatar.com\/avatar\/42263f39aa27ac04c43cab85c280eb2e?s=96&d=mm&r=pg\",\"contentUrl\":\"https:\/\/secure.gravatar.com\/avatar\/42263f39aa27ac04c43cab85c280eb2e?s=96&d=mm&r=pg\",\"caption\":\"Kul\"},\"logo\":{\"@id\":\"https:\/\/sandzakpress.net\/arhiva\/#\/schema\/person\/image\/\"}},{\"@type\":\"Person\",\"@id\":\"https:\/\/sandzakpress.net\/arhiva\/#\/schema\/person\/c8baee722073534b583ea7bdb2e36c02\",\"name\":\"bosniak\",\"image\":{\"@type\":\"ImageObject\",\"inLanguage\":\"bs-BA\",\"@id\":\"https:\/\/sandzakpress.net\/arhiva\/#\/schema\/person\/image\/\",\"url\":\"https:\/\/secure.gravatar.com\/avatar\/a04fd330bfe3a36a72a0ad4a6d89fca7?s=96&d=mm&r=pg\",\"contentUrl\":\"https:\/\/secure.gravatar.com\/avatar\/a04fd330bfe3a36a72a0ad4a6d89fca7?s=96&d=mm&r=pg\",\"caption\":\"bosniak\"},\"url\":\"https:\/\/sandzakpress.net\/arhiva\/author\/bosniak\/\"}]}<\/script>\n<!-- \/ Yoast SEO Premium plugin. -->","yoast_head_json":{"title":"U Vi\u0161egradu otkriven spomenik Mehmed-pa\u0161i Sokolovi\u0107u","robots":{"index":"index","follow":"follow","max-snippet":"max-snippet:-1","max-image-preview":"max-image-preview:large","max-video-preview":"max-video-preview:-1"},"canonical":"https:\/\/sandzakpress.net\/arhiva\/u-visegradu-otkriven-spomenik-mehmed-pasi-sokolovicu\/","og_locale":"bs_BA","og_type":"article","og_title":"U Vi\u0161egradu otkriven spomenik Mehmed-pa\u0161i Sokolovi\u0107u","og_description":"Vi\u0161egrad \u2013 Na\u010delnik Op\u0161tine Vi\u0161egrad Mladen \u0110urevi\u0107 i biznismen Slobodan Pavlovi\u0107 sve\u010dano su danas u Vi\u0161egradu, u okviru manifestacije Vidovdanske sve\u010danosti, otkrili spomenik Mehmed-pa\u0161i Sokolovi\u0107u. Spomenik je otkriven u prisustvu predsjednika Republike Srpske Milorada Dodika i idejnog tvorca Andri\u0107grada re\u017eisera Emira Kusturice. Prema dostupnim informacijama, Sokolovi\u0107 je porijeklom Srbin iz Hercegovine. Ro\u0111en je kao Bajica [&hellip;]","og_url":"https:\/\/sandzakpress.net\/arhiva\/u-visegradu-otkriven-spomenik-mehmed-pasi-sokolovicu\/","og_site_name":"Sand\u017eak PRESS","article_published_time":"2017-06-29T12:44:31+00:00","og_image":[{"width":616,"height":394,"url":"https:\/\/sandzakpress.net\/arhiva\/wp-content\/uploads\/2017\/06\/765-430-f98abe94c1ec7c2068fae81e5070b320-616x394-1.jpg","type":"image\/jpeg"}],"author":"bosniak","twitter_card":"summary_large_image","twitter_misc":{"Written by":"bosniak","Est. reading time":"2 minute"},"schema":{"@context":"https:\/\/schema.org","@graph":[{"@type":"Article","@id":"https:\/\/sandzakpress.net\/arhiva\/u-visegradu-otkriven-spomenik-mehmed-pasi-sokolovicu\/#article","isPartOf":{"@id":"https:\/\/sandzakpress.net\/arhiva\/u-visegradu-otkriven-spomenik-mehmed-pasi-sokolovicu\/"},"author":{"name":"bosniak","@id":"https:\/\/sandzakpress.net\/arhiva\/#\/schema\/person\/c8baee722073534b583ea7bdb2e36c02"},"headline":"U Vi\u0161egradu otkriven spomenik Mehmed-pa\u0161i Sokolovi\u0107u","datePublished":"2017-06-29T12:44:31+00:00","mainEntityOfPage":{"@id":"https:\/\/sandzakpress.net\/arhiva\/u-visegradu-otkriven-spomenik-mehmed-pasi-sokolovicu\/"},"wordCount":384,"commentCount":0,"publisher":{"@id":"https:\/\/sandzakpress.net\/arhiva\/#\/schema\/person\/6e72b67d6e51910a1117b3b483ba20bd"},"image":{"@id":"https:\/\/sandzakpress.net\/arhiva\/u-visegradu-otkriven-spomenik-mehmed-pasi-sokolovicu\/#primaryimage"},"thumbnailUrl":"https:\/\/sandzakpress.net\/arhiva\/wp-content\/uploads\/2017\/06\/765-430-f98abe94c1ec7c2068fae81e5070b320-616x394-1.jpg","keywords":["Bosna i Hercegovina"],"articleSection":["Bosna PRESS"],"inLanguage":"bs-BA","potentialAction":[{"@type":"CommentAction","name":"Comment","target":["https:\/\/sandzakpress.net\/arhiva\/u-visegradu-otkriven-spomenik-mehmed-pasi-sokolovicu\/#respond"]}]},{"@type":"WebPage","@id":"https:\/\/sandzakpress.net\/arhiva\/u-visegradu-otkriven-spomenik-mehmed-pasi-sokolovicu\/","url":"https:\/\/sandzakpress.net\/arhiva\/u-visegradu-otkriven-spomenik-mehmed-pasi-sokolovicu\/","name":"U Vi\u0161egradu otkriven spomenik Mehmed-pa\u0161i Sokolovi\u0107u","isPartOf":{"@id":"https:\/\/sandzakpress.net\/arhiva\/#website"},"primaryImageOfPage":{"@id":"https:\/\/sandzakpress.net\/arhiva\/u-visegradu-otkriven-spomenik-mehmed-pasi-sokolovicu\/#primaryimage"},"image":{"@id":"https:\/\/sandzakpress.net\/arhiva\/u-visegradu-otkriven-spomenik-mehmed-pasi-sokolovicu\/#primaryimage"},"thumbnailUrl":"https:\/\/sandzakpress.net\/arhiva\/wp-content\/uploads\/2017\/06\/765-430-f98abe94c1ec7c2068fae81e5070b320-616x394-1.jpg","datePublished":"2017-06-29T12:44:31+00:00","breadcrumb":{"@id":"https:\/\/sandzakpress.net\/arhiva\/u-visegradu-otkriven-spomenik-mehmed-pasi-sokolovicu\/#breadcrumb"},"inLanguage":"bs-BA","potentialAction":[{"@type":"ReadAction","target":["https:\/\/sandzakpress.net\/arhiva\/u-visegradu-otkriven-spomenik-mehmed-pasi-sokolovicu\/"]}]},{"@type":"ImageObject","inLanguage":"bs-BA","@id":"https:\/\/sandzakpress.net\/arhiva\/u-visegradu-otkriven-spomenik-mehmed-pasi-sokolovicu\/#primaryimage","url":"https:\/\/sandzakpress.net\/arhiva\/wp-content\/uploads\/2017\/06\/765-430-f98abe94c1ec7c2068fae81e5070b320-616x394-1.jpg","contentUrl":"https:\/\/sandzakpress.net\/arhiva\/wp-content\/uploads\/2017\/06\/765-430-f98abe94c1ec7c2068fae81e5070b320-616x394-1.jpg","width":616,"height":394},{"@type":"BreadcrumbList","@id":"https:\/\/sandzakpress.net\/arhiva\/u-visegradu-otkriven-spomenik-mehmed-pasi-sokolovicu\/#breadcrumb","itemListElement":[{"@type":"ListItem","position":1,"name":"Home","item":"https:\/\/sandzakpress.net\/arhiva\/"},{"@type":"ListItem","position":2,"name":"U Vi\u0161egradu otkriven spomenik Mehmed-pa\u0161i Sokolovi\u0107u"}]},{"@type":"WebSite","@id":"https:\/\/sandzakpress.net\/arhiva\/#website","url":"https:\/\/sandzakpress.net\/arhiva\/","name":"Sand\u017eak PRESS","description":"Prve elektronske novine u Sand\u017eaku","publisher":{"@id":"https:\/\/sandzakpress.net\/arhiva\/#\/schema\/person\/6e72b67d6e51910a1117b3b483ba20bd"},"potentialAction":[{"@type":"SearchAction","target":{"@type":"EntryPoint","urlTemplate":"https:\/\/sandzakpress.net\/arhiva\/?s={search_term_string}"},"query-input":{"@type":"PropertyValueSpecification","valueRequired":true,"valueName":"search_term_string"}}],"inLanguage":"bs-BA"},{"@type":["Person","Organization"],"@id":"https:\/\/sandzakpress.net\/arhiva\/#\/schema\/person\/6e72b67d6e51910a1117b3b483ba20bd","name":"Kul","image":{"@type":"ImageObject","inLanguage":"bs-BA","@id":"https:\/\/sandzakpress.net\/arhiva\/#\/schema\/person\/image\/","url":"https:\/\/secure.gravatar.com\/avatar\/42263f39aa27ac04c43cab85c280eb2e?s=96&d=mm&r=pg","contentUrl":"https:\/\/secure.gravatar.com\/avatar\/42263f39aa27ac04c43cab85c280eb2e?s=96&d=mm&r=pg","caption":"Kul"},"logo":{"@id":"https:\/\/sandzakpress.net\/arhiva\/#\/schema\/person\/image\/"}},{"@type":"Person","@id":"https:\/\/sandzakpress.net\/arhiva\/#\/schema\/person\/c8baee722073534b583ea7bdb2e36c02","name":"bosniak","image":{"@type":"ImageObject","inLanguage":"bs-BA","@id":"https:\/\/sandzakpress.net\/arhiva\/#\/schema\/person\/image\/","url":"https:\/\/secure.gravatar.com\/avatar\/a04fd330bfe3a36a72a0ad4a6d89fca7?s=96&d=mm&r=pg","contentUrl":"https:\/\/secure.gravatar.com\/avatar\/a04fd330bfe3a36a72a0ad4a6d89fca7?s=96&d=mm&r=pg","caption":"bosniak"},"url":"https:\/\/sandzakpress.net\/arhiva\/author\/bosniak\/"}]}},"_links":{"self":[{"href":"https:\/\/sandzakpress.net\/arhiva\/wp-json\/wp\/v2\/posts\/190036"}],"collection":[{"href":"https:\/\/sandzakpress.net\/arhiva\/wp-json\/wp\/v2\/posts"}],"about":[{"href":"https:\/\/sandzakpress.net\/arhiva\/wp-json\/wp\/v2\/types\/post"}],"author":[{"embeddable":true,"href":"https:\/\/sandzakpress.net\/arhiva\/wp-json\/wp\/v2\/users\/83"}],"replies":[{"embeddable":true,"href":"https:\/\/sandzakpress.net\/arhiva\/wp-json\/wp\/v2\/comments?post=190036"}],"version-history":[{"count":0,"href":"https:\/\/sandzakpress.net\/arhiva\/wp-json\/wp\/v2\/posts\/190036\/revisions"}],"wp:featuredmedia":[{"embeddable":true,"href":"https:\/\/sandzakpress.net\/arhiva\/wp-json\/wp\/v2\/media\/190038"}],"wp:attachment":[{"href":"https:\/\/sandzakpress.net\/arhiva\/wp-json\/wp\/v2\/media?parent=190036"}],"wp:term":[{"taxonomy":"category","embeddable":true,"href":"https:\/\/sandzakpress.net\/arhiva\/wp-json\/wp\/v2\/categories?post=190036"},{"taxonomy":"post_tag","embeddable":true,"href":"https:\/\/sandzakpress.net\/arhiva\/wp-json\/wp\/v2\/tags?post=190036"}],"curies":[{"name":"wp","href":"https:\/\/api.w.org\/{rel}","templated":true}]}}