{"id":189989,"date":"2017-06-28T14:01:29","date_gmt":"2017-06-28T12:01:29","guid":{"rendered":"https:\/\/sandzakpress.net\/arhiva\/promovirana-knjiga-pravno-politicka-promisljanja-o-bosni-autora-akademika-suada-kurtcehajica-video"},"modified":"2017-06-28T14:01:29","modified_gmt":"2017-06-28T12:01:29","slug":"promovirana-knjiga-pravno-politicka-promisljanja-o-bosni-autora-akademika-suada-kurtcehajica-video","status":"publish","type":"post","link":"https:\/\/sandzakpress.net\/arhiva\/promovirana-knjiga-pravno-politicka-promisljanja-o-bosni-autora-akademika-suada-kurtcehajica-video\/","title":{"rendered":"Promovirana knjiga \u201cPravno-politi\u010dka promi\u0161ljanja o Bosni\u201d autora akademika Suada Kurt\u0107ehaji\u0107a (Video)"},"content":{"rendered":"<p><span class=\"cb-itemprop\"><\/p>\n<p><img loading=\"lazy\" decoding=\"async\" class=\"alignnone size-large wp-image-197341\" src=\"http:\/\/bosnapress.net\/wp-content\/uploads\/2017\/06\/19396779_10209511970062775_8441998740139673712_n-Copy-616x411.jpg\" alt=\"\" width=\"616\" height=\"411\" \/><\/p>\n<p><strong>Sarajevo \u2013 U organizaciji Foruma bo\u0161nja\u010dkih intelektualaca, Svjetskog bo\u0161nja\u010dkog kongresa i Bo\u0161nja\u010dke nacionalne fondacije i Stranke za BiH\u00a0knjiga \u201ePravno \u2013 politi\u010dka promi\u0161ljanja o Bosni\u201d autora akademika dr. Suada Kurt\u0107ehaji\u0107a promovirana je u Sarajevu.<\/strong><\/p>\n<p>Knjiga predstavlja sintezu vi\u0161egodi\u0161njih medijskih nastupa kojima autor tematizira politi\u010dke kontroverze u BiH.<\/p>\n<p>Knjiga sublimira stavove autora o brojnim otvorenim pitanjima bh. zbilje, te podsti\u010de daljnje rasprave i promi\u0161ljanja o dr\u017eavotvornim temama, kazao je recenzent prof. dr. Ned\u017ead Korajli\u0107.<\/p>\n<p>U knjizi je obra\u0111en i Mehanizam dodatnih nadle\u017enosti u okviru Dejtonskog sporazuma o integraciji BiH.<\/p>\n<\/p>\n<p><img loading=\"lazy\" decoding=\"async\" class=\"aligncenter size-large wp-image-11405 td-animation-stack-type0-2\" src=\"http:\/\/sbk.eu.com\/wp-content\/uploads\/2017\/06\/19366240_10209511953622364_7527510807994362015_n-600x400.jpg\" alt=\"19366240_10209511953622364_7527510807994362015_n\" width=\"600\" height=\"400\" \/><img loading=\"lazy\" decoding=\"async\" class=\"aligncenter size-large wp-image-11406 td-animation-stack-type0-2\" src=\"http:\/\/sbk.eu.com\/wp-content\/uploads\/2017\/06\/19396601_10209511953782368_2836251756652798676_n-600x400.jpg\" alt=\"19396601_10209511953782368_2836251756652798676_n\" width=\"600\" height=\"400\" \/><img loading=\"lazy\" decoding=\"async\" class=\"aligncenter size-large wp-image-11407 td-animation-stack-type0-2\" src=\"http:\/\/sbk.eu.com\/wp-content\/uploads\/2017\/06\/19396779_10209511970062775_8441998740139673712_n-600x400.jpg\" alt=\"19396779_10209511970062775_8441998740139673712_n\" width=\"600\" height=\"400\" \/><img loading=\"lazy\" decoding=\"async\" class=\"aligncenter size-large wp-image-11408 td-animation-stack-type0-2\" src=\"http:\/\/sbk.eu.com\/wp-content\/uploads\/2017\/06\/19399121_10209511990663290_6904833311377075361_n-600x400.jpg\" alt=\"19399121_10209511990663290_6904833311377075361_n\" width=\"600\" height=\"400\" \/><img loading=\"lazy\" decoding=\"async\" class=\"aligncenter size-large wp-image-11409 td-animation-stack-type0-2\" src=\"http:\/\/sbk.eu.com\/wp-content\/uploads\/2017\/06\/19399823_10209511968262730_2820751693110096814_n-600x400.jpg\" alt=\"19399823_10209511968262730_2820751693110096814_n\" width=\"600\" height=\"400\" \/><img loading=\"lazy\" decoding=\"async\" class=\"aligncenter size-large wp-image-11410 td-animation-stack-type0-2\" src=\"http:\/\/sbk.eu.com\/wp-content\/uploads\/2017\/06\/19400011_10209511954142377_5050749242097579148_n-600x400.jpg\" alt=\"19400011_10209511954142377_5050749242097579148_n\" width=\"600\" height=\"400\" \/><img loading=\"lazy\" decoding=\"async\" class=\"aligncenter size-large wp-image-11411 td-animation-stack-type0-2\" src=\"http:\/\/sbk.eu.com\/wp-content\/uploads\/2017\/06\/19400077_10209511969902771_6405082128499220821_n-600x400.jpg\" alt=\"19400077_10209511969902771_6405082128499220821_n\" width=\"600\" height=\"400\" \/><img loading=\"lazy\" decoding=\"async\" class=\"aligncenter size-large wp-image-11412 td-animation-stack-type0-2\" src=\"http:\/\/sbk.eu.com\/wp-content\/uploads\/2017\/06\/19400160_10209511969302756_4859639937773418427_n-600x400.jpg\" alt=\"19400160_10209511969302756_4859639937773418427_n\" width=\"600\" height=\"400\" \/><img loading=\"lazy\" decoding=\"async\" class=\"aligncenter size-large wp-image-11413 td-animation-stack-type0-2\" src=\"http:\/\/sbk.eu.com\/wp-content\/uploads\/2017\/06\/19420865_10209511967742717_4091387699381161000_n-600x400.jpg\" alt=\"19420865_10209511967742717_4091387699381161000_n\" width=\"600\" height=\"400\" \/><img loading=\"lazy\" decoding=\"async\" class=\"aligncenter size-large wp-image-11414 td-animation-stack-type0-2\" src=\"http:\/\/sbk.eu.com\/wp-content\/uploads\/2017\/06\/19429978_10209511967582713_500626668936022011_n-600x400.jpg\" alt=\"19429978_10209511967582713_500626668936022011_n\" width=\"600\" height=\"400\" \/><img loading=\"lazy\" decoding=\"async\" class=\"aligncenter size-large wp-image-11415 td-animation-stack-type0-2\" src=\"http:\/\/sbk.eu.com\/wp-content\/uploads\/2017\/06\/19437236_10209511958462485_1259953331904103501_n-600x400.jpg\" alt=\"19437236_10209511958462485_1259953331904103501_n\" width=\"600\" height=\"400\" \/><\/p>\n<p>\/tvsa\/<\/p>\n<p><\/span><br \/>\nPogledajte vijest na izvornom sajtu:<\/p>\n<p><a href=\"http:\/\/bosnapress.net\/promovirana-knjiga-pravno-politicka-promisljanja-o-bosni-autora-akademika-suada-kurtcehajica-video\/\" target=\"_blank\">Promovirana knjiga \u201cPravno-politi\u010dka promi\u0161ljanja o Bosni\u201d autora akademika Suada Kurt\u0107ehaji\u0107a (Video)<\/a><\/p>\n","protected":false},"excerpt":{"rendered":"<p>Sarajevo \u2013 U organizaciji Foruma bo\u0161nja\u010dkih intelektualaca, Svjetskog bo\u0161nja\u010dkog kongresa i Bo\u0161nja\u010dke nacionalne fondacije i Stranke za BiH\u00a0knjiga \u201ePravno \u2013 politi\u010dka promi\u0161ljanja o Bosni\u201d autora akademika dr. Suada Kurt\u0107ehaji\u0107a promovirana je u Sarajevu. Knjiga predstavlja sintezu vi\u0161egodi\u0161njih medijskih nastupa kojima autor tematizira politi\u010dke kontroverze u BiH. Knjiga sublimira stavove autora o brojnim otvorenim pitanjima bh. [&hellip;]<\/p>\n","protected":false},"author":83,"featured_media":189991,"comment_status":"open","ping_status":"open","sticky":false,"template":"","format":"standard","meta":{"footnotes":""},"categories":[10513],"tags":[10466],"class_list":{"0":"post-189989","1":"post","2":"type-post","3":"status-publish","4":"format-standard","5":"has-post-thumbnail","7":"category-bosna-press","8":"tag-bosna-i-hercegovina"},"yoast_head":"<!-- This site is optimized with the Yoast SEO Premium plugin v23.1 (Yoast SEO v24.9) - https:\/\/yoast.com\/wordpress\/plugins\/seo\/ -->\n<title>Promovirana knjiga \u201cPravno-politi\u010dka promi\u0161ljanja o Bosni\u201d autora akademika Suada Kurt\u0107ehaji\u0107a (Video)<\/title>\n<meta name=\"robots\" content=\"index, follow, max-snippet:-1, max-image-preview:large, max-video-preview:-1\" \/>\n<link rel=\"canonical\" href=\"https:\/\/sandzakpress.net\/arhiva\/promovirana-knjiga-pravno-politicka-promisljanja-o-bosni-autora-akademika-suada-kurtcehajica-video\/\" \/>\n<meta property=\"og:locale\" content=\"bs_BA\" \/>\n<meta property=\"og:type\" content=\"article\" \/>\n<meta property=\"og:title\" content=\"Promovirana knjiga \u201cPravno-politi\u010dka promi\u0161ljanja o Bosni\u201d autora akademika Suada Kurt\u0107ehaji\u0107a (Video)\" \/>\n<meta property=\"og:description\" content=\"Sarajevo \u2013 U organizaciji Foruma bo\u0161nja\u010dkih intelektualaca, Svjetskog bo\u0161nja\u010dkog kongresa i Bo\u0161nja\u010dke nacionalne fondacije i Stranke za BiH\u00a0knjiga \u201ePravno \u2013 politi\u010dka promi\u0161ljanja o Bosni\u201d autora akademika dr. Suada Kurt\u0107ehaji\u0107a promovirana je u Sarajevu. Knjiga predstavlja sintezu vi\u0161egodi\u0161njih medijskih nastupa kojima autor tematizira politi\u010dke kontroverze u BiH. Knjiga sublimira stavove autora o brojnim otvorenim pitanjima bh. [&hellip;]\" \/>\n<meta property=\"og:url\" content=\"https:\/\/sandzakpress.net\/arhiva\/promovirana-knjiga-pravno-politicka-promisljanja-o-bosni-autora-akademika-suada-kurtcehajica-video\/\" \/>\n<meta property=\"og:site_name\" content=\"Sand\u017eak PRESS\" \/>\n<meta property=\"article:published_time\" content=\"2017-06-28T12:01:29+00:00\" \/>\n<meta property=\"og:image\" content=\"https:\/\/sandzakpress.net\/arhiva\/wp-content\/uploads\/2017\/06\/19396779_10209511970062775_8441998740139673712_n-Copy-616x411-1.jpg\" \/>\n\t<meta property=\"og:image:width\" content=\"616\" \/>\n\t<meta property=\"og:image:height\" content=\"411\" \/>\n\t<meta property=\"og:image:type\" content=\"image\/jpeg\" \/>\n<meta name=\"author\" content=\"bosniak\" \/>\n<meta name=\"twitter:card\" content=\"summary_large_image\" \/>\n<meta name=\"twitter:label1\" content=\"Written by\" \/>\n\t<meta name=\"twitter:data1\" content=\"bosniak\" \/>\n\t<meta name=\"twitter:label2\" content=\"Est. reading time\" \/>\n\t<meta name=\"twitter:data2\" content=\"1 minuta\" \/>\n<script type=\"application\/ld+json\" class=\"yoast-schema-graph\">{\"@context\":\"https:\/\/schema.org\",\"@graph\":[{\"@type\":\"Article\",\"@id\":\"https:\/\/sandzakpress.net\/arhiva\/promovirana-knjiga-pravno-politicka-promisljanja-o-bosni-autora-akademika-suada-kurtcehajica-video\/#article\",\"isPartOf\":{\"@id\":\"https:\/\/sandzakpress.net\/arhiva\/promovirana-knjiga-pravno-politicka-promisljanja-o-bosni-autora-akademika-suada-kurtcehajica-video\/\"},\"author\":{\"name\":\"bosniak\",\"@id\":\"https:\/\/sandzakpress.net\/arhiva\/#\/schema\/person\/c8baee722073534b583ea7bdb2e36c02\"},\"headline\":\"Promovirana knjiga \u201cPravno-politi\u010dka promi\u0161ljanja o Bosni\u201d autora akademika Suada Kurt\u0107ehaji\u0107a (Video)\",\"datePublished\":\"2017-06-28T12:01:29+00:00\",\"mainEntityOfPage\":{\"@id\":\"https:\/\/sandzakpress.net\/arhiva\/promovirana-knjiga-pravno-politicka-promisljanja-o-bosni-autora-akademika-suada-kurtcehajica-video\/\"},\"wordCount\":141,\"commentCount\":0,\"publisher\":{\"@id\":\"https:\/\/sandzakpress.net\/arhiva\/#\/schema\/person\/6e72b67d6e51910a1117b3b483ba20bd\"},\"image\":{\"@id\":\"https:\/\/sandzakpress.net\/arhiva\/promovirana-knjiga-pravno-politicka-promisljanja-o-bosni-autora-akademika-suada-kurtcehajica-video\/#primaryimage\"},\"thumbnailUrl\":\"https:\/\/sandzakpress.net\/arhiva\/wp-content\/uploads\/2017\/06\/19396779_10209511970062775_8441998740139673712_n-Copy-616x411-1.jpg\",\"keywords\":[\"Bosna i Hercegovina\"],\"articleSection\":[\"Bosna PRESS\"],\"inLanguage\":\"bs-BA\",\"potentialAction\":[{\"@type\":\"CommentAction\",\"name\":\"Comment\",\"target\":[\"https:\/\/sandzakpress.net\/arhiva\/promovirana-knjiga-pravno-politicka-promisljanja-o-bosni-autora-akademika-suada-kurtcehajica-video\/#respond\"]}]},{\"@type\":\"WebPage\",\"@id\":\"https:\/\/sandzakpress.net\/arhiva\/promovirana-knjiga-pravno-politicka-promisljanja-o-bosni-autora-akademika-suada-kurtcehajica-video\/\",\"url\":\"https:\/\/sandzakpress.net\/arhiva\/promovirana-knjiga-pravno-politicka-promisljanja-o-bosni-autora-akademika-suada-kurtcehajica-video\/\",\"name\":\"Promovirana knjiga \u201cPravno-politi\u010dka promi\u0161ljanja o Bosni\u201d autora akademika Suada Kurt\u0107ehaji\u0107a (Video)\",\"isPartOf\":{\"@id\":\"https:\/\/sandzakpress.net\/arhiva\/#website\"},\"primaryImageOfPage\":{\"@id\":\"https:\/\/sandzakpress.net\/arhiva\/promovirana-knjiga-pravno-politicka-promisljanja-o-bosni-autora-akademika-suada-kurtcehajica-video\/#primaryimage\"},\"image\":{\"@id\":\"https:\/\/sandzakpress.net\/arhiva\/promovirana-knjiga-pravno-politicka-promisljanja-o-bosni-autora-akademika-suada-kurtcehajica-video\/#primaryimage\"},\"thumbnailUrl\":\"https:\/\/sandzakpress.net\/arhiva\/wp-content\/uploads\/2017\/06\/19396779_10209511970062775_8441998740139673712_n-Copy-616x411-1.jpg\",\"datePublished\":\"2017-06-28T12:01:29+00:00\",\"breadcrumb\":{\"@id\":\"https:\/\/sandzakpress.net\/arhiva\/promovirana-knjiga-pravno-politicka-promisljanja-o-bosni-autora-akademika-suada-kurtcehajica-video\/#breadcrumb\"},\"inLanguage\":\"bs-BA\",\"potentialAction\":[{\"@type\":\"ReadAction\",\"target\":[\"https:\/\/sandzakpress.net\/arhiva\/promovirana-knjiga-pravno-politicka-promisljanja-o-bosni-autora-akademika-suada-kurtcehajica-video\/\"]}]},{\"@type\":\"ImageObject\",\"inLanguage\":\"bs-BA\",\"@id\":\"https:\/\/sandzakpress.net\/arhiva\/promovirana-knjiga-pravno-politicka-promisljanja-o-bosni-autora-akademika-suada-kurtcehajica-video\/#primaryimage\",\"url\":\"https:\/\/sandzakpress.net\/arhiva\/wp-content\/uploads\/2017\/06\/19396779_10209511970062775_8441998740139673712_n-Copy-616x411-1.jpg\",\"contentUrl\":\"https:\/\/sandzakpress.net\/arhiva\/wp-content\/uploads\/2017\/06\/19396779_10209511970062775_8441998740139673712_n-Copy-616x411-1.jpg\",\"width\":616,\"height\":411},{\"@type\":\"BreadcrumbList\",\"@id\":\"https:\/\/sandzakpress.net\/arhiva\/promovirana-knjiga-pravno-politicka-promisljanja-o-bosni-autora-akademika-suada-kurtcehajica-video\/#breadcrumb\",\"itemListElement\":[{\"@type\":\"ListItem\",\"position\":1,\"name\":\"Home\",\"item\":\"https:\/\/sandzakpress.net\/arhiva\/\"},{\"@type\":\"ListItem\",\"position\":2,\"name\":\"Promovirana knjiga \u201cPravno-politi\u010dka promi\u0161ljanja o Bosni\u201d autora akademika Suada Kurt\u0107ehaji\u0107a (Video)\"}]},{\"@type\":\"WebSite\",\"@id\":\"https:\/\/sandzakpress.net\/arhiva\/#website\",\"url\":\"https:\/\/sandzakpress.net\/arhiva\/\",\"name\":\"Sand\u017eak PRESS\",\"description\":\"Prve elektronske novine u Sand\u017eaku\",\"publisher\":{\"@id\":\"https:\/\/sandzakpress.net\/arhiva\/#\/schema\/person\/6e72b67d6e51910a1117b3b483ba20bd\"},\"potentialAction\":[{\"@type\":\"SearchAction\",\"target\":{\"@type\":\"EntryPoint\",\"urlTemplate\":\"https:\/\/sandzakpress.net\/arhiva\/?s={search_term_string}\"},\"query-input\":{\"@type\":\"PropertyValueSpecification\",\"valueRequired\":true,\"valueName\":\"search_term_string\"}}],\"inLanguage\":\"bs-BA\"},{\"@type\":[\"Person\",\"Organization\"],\"@id\":\"https:\/\/sandzakpress.net\/arhiva\/#\/schema\/person\/6e72b67d6e51910a1117b3b483ba20bd\",\"name\":\"Kul\",\"image\":{\"@type\":\"ImageObject\",\"inLanguage\":\"bs-BA\",\"@id\":\"https:\/\/sandzakpress.net\/arhiva\/#\/schema\/person\/image\/\",\"url\":\"https:\/\/secure.gravatar.com\/avatar\/42263f39aa27ac04c43cab85c280eb2e?s=96&d=mm&r=pg\",\"contentUrl\":\"https:\/\/secure.gravatar.com\/avatar\/42263f39aa27ac04c43cab85c280eb2e?s=96&d=mm&r=pg\",\"caption\":\"Kul\"},\"logo\":{\"@id\":\"https:\/\/sandzakpress.net\/arhiva\/#\/schema\/person\/image\/\"}},{\"@type\":\"Person\",\"@id\":\"https:\/\/sandzakpress.net\/arhiva\/#\/schema\/person\/c8baee722073534b583ea7bdb2e36c02\",\"name\":\"bosniak\",\"image\":{\"@type\":\"ImageObject\",\"inLanguage\":\"bs-BA\",\"@id\":\"https:\/\/sandzakpress.net\/arhiva\/#\/schema\/person\/image\/\",\"url\":\"https:\/\/secure.gravatar.com\/avatar\/a04fd330bfe3a36a72a0ad4a6d89fca7?s=96&d=mm&r=pg\",\"contentUrl\":\"https:\/\/secure.gravatar.com\/avatar\/a04fd330bfe3a36a72a0ad4a6d89fca7?s=96&d=mm&r=pg\",\"caption\":\"bosniak\"},\"url\":\"https:\/\/sandzakpress.net\/arhiva\/author\/bosniak\/\"}]}<\/script>\n<!-- \/ Yoast SEO Premium plugin. -->","yoast_head_json":{"title":"Promovirana knjiga \u201cPravno-politi\u010dka promi\u0161ljanja o Bosni\u201d autora akademika Suada Kurt\u0107ehaji\u0107a (Video)","robots":{"index":"index","follow":"follow","max-snippet":"max-snippet:-1","max-image-preview":"max-image-preview:large","max-video-preview":"max-video-preview:-1"},"canonical":"https:\/\/sandzakpress.net\/arhiva\/promovirana-knjiga-pravno-politicka-promisljanja-o-bosni-autora-akademika-suada-kurtcehajica-video\/","og_locale":"bs_BA","og_type":"article","og_title":"Promovirana knjiga \u201cPravno-politi\u010dka promi\u0161ljanja o Bosni\u201d autora akademika Suada Kurt\u0107ehaji\u0107a (Video)","og_description":"Sarajevo \u2013 U organizaciji Foruma bo\u0161nja\u010dkih intelektualaca, Svjetskog bo\u0161nja\u010dkog kongresa i Bo\u0161nja\u010dke nacionalne fondacije i Stranke za BiH\u00a0knjiga \u201ePravno \u2013 politi\u010dka promi\u0161ljanja o Bosni\u201d autora akademika dr. Suada Kurt\u0107ehaji\u0107a promovirana je u Sarajevu. Knjiga predstavlja sintezu vi\u0161egodi\u0161njih medijskih nastupa kojima autor tematizira politi\u010dke kontroverze u BiH. Knjiga sublimira stavove autora o brojnim otvorenim pitanjima bh. [&hellip;]","og_url":"https:\/\/sandzakpress.net\/arhiva\/promovirana-knjiga-pravno-politicka-promisljanja-o-bosni-autora-akademika-suada-kurtcehajica-video\/","og_site_name":"Sand\u017eak PRESS","article_published_time":"2017-06-28T12:01:29+00:00","og_image":[{"width":616,"height":411,"url":"https:\/\/sandzakpress.net\/arhiva\/wp-content\/uploads\/2017\/06\/19396779_10209511970062775_8441998740139673712_n-Copy-616x411-1.jpg","type":"image\/jpeg"}],"author":"bosniak","twitter_card":"summary_large_image","twitter_misc":{"Written by":"bosniak","Est. reading time":"1 minuta"},"schema":{"@context":"https:\/\/schema.org","@graph":[{"@type":"Article","@id":"https:\/\/sandzakpress.net\/arhiva\/promovirana-knjiga-pravno-politicka-promisljanja-o-bosni-autora-akademika-suada-kurtcehajica-video\/#article","isPartOf":{"@id":"https:\/\/sandzakpress.net\/arhiva\/promovirana-knjiga-pravno-politicka-promisljanja-o-bosni-autora-akademika-suada-kurtcehajica-video\/"},"author":{"name":"bosniak","@id":"https:\/\/sandzakpress.net\/arhiva\/#\/schema\/person\/c8baee722073534b583ea7bdb2e36c02"},"headline":"Promovirana knjiga \u201cPravno-politi\u010dka promi\u0161ljanja o Bosni\u201d autora akademika Suada Kurt\u0107ehaji\u0107a (Video)","datePublished":"2017-06-28T12:01:29+00:00","mainEntityOfPage":{"@id":"https:\/\/sandzakpress.net\/arhiva\/promovirana-knjiga-pravno-politicka-promisljanja-o-bosni-autora-akademika-suada-kurtcehajica-video\/"},"wordCount":141,"commentCount":0,"publisher":{"@id":"https:\/\/sandzakpress.net\/arhiva\/#\/schema\/person\/6e72b67d6e51910a1117b3b483ba20bd"},"image":{"@id":"https:\/\/sandzakpress.net\/arhiva\/promovirana-knjiga-pravno-politicka-promisljanja-o-bosni-autora-akademika-suada-kurtcehajica-video\/#primaryimage"},"thumbnailUrl":"https:\/\/sandzakpress.net\/arhiva\/wp-content\/uploads\/2017\/06\/19396779_10209511970062775_8441998740139673712_n-Copy-616x411-1.jpg","keywords":["Bosna i Hercegovina"],"articleSection":["Bosna PRESS"],"inLanguage":"bs-BA","potentialAction":[{"@type":"CommentAction","name":"Comment","target":["https:\/\/sandzakpress.net\/arhiva\/promovirana-knjiga-pravno-politicka-promisljanja-o-bosni-autora-akademika-suada-kurtcehajica-video\/#respond"]}]},{"@type":"WebPage","@id":"https:\/\/sandzakpress.net\/arhiva\/promovirana-knjiga-pravno-politicka-promisljanja-o-bosni-autora-akademika-suada-kurtcehajica-video\/","url":"https:\/\/sandzakpress.net\/arhiva\/promovirana-knjiga-pravno-politicka-promisljanja-o-bosni-autora-akademika-suada-kurtcehajica-video\/","name":"Promovirana knjiga \u201cPravno-politi\u010dka promi\u0161ljanja o Bosni\u201d autora akademika Suada Kurt\u0107ehaji\u0107a (Video)","isPartOf":{"@id":"https:\/\/sandzakpress.net\/arhiva\/#website"},"primaryImageOfPage":{"@id":"https:\/\/sandzakpress.net\/arhiva\/promovirana-knjiga-pravno-politicka-promisljanja-o-bosni-autora-akademika-suada-kurtcehajica-video\/#primaryimage"},"image":{"@id":"https:\/\/sandzakpress.net\/arhiva\/promovirana-knjiga-pravno-politicka-promisljanja-o-bosni-autora-akademika-suada-kurtcehajica-video\/#primaryimage"},"thumbnailUrl":"https:\/\/sandzakpress.net\/arhiva\/wp-content\/uploads\/2017\/06\/19396779_10209511970062775_8441998740139673712_n-Copy-616x411-1.jpg","datePublished":"2017-06-28T12:01:29+00:00","breadcrumb":{"@id":"https:\/\/sandzakpress.net\/arhiva\/promovirana-knjiga-pravno-politicka-promisljanja-o-bosni-autora-akademika-suada-kurtcehajica-video\/#breadcrumb"},"inLanguage":"bs-BA","potentialAction":[{"@type":"ReadAction","target":["https:\/\/sandzakpress.net\/arhiva\/promovirana-knjiga-pravno-politicka-promisljanja-o-bosni-autora-akademika-suada-kurtcehajica-video\/"]}]},{"@type":"ImageObject","inLanguage":"bs-BA","@id":"https:\/\/sandzakpress.net\/arhiva\/promovirana-knjiga-pravno-politicka-promisljanja-o-bosni-autora-akademika-suada-kurtcehajica-video\/#primaryimage","url":"https:\/\/sandzakpress.net\/arhiva\/wp-content\/uploads\/2017\/06\/19396779_10209511970062775_8441998740139673712_n-Copy-616x411-1.jpg","contentUrl":"https:\/\/sandzakpress.net\/arhiva\/wp-content\/uploads\/2017\/06\/19396779_10209511970062775_8441998740139673712_n-Copy-616x411-1.jpg","width":616,"height":411},{"@type":"BreadcrumbList","@id":"https:\/\/sandzakpress.net\/arhiva\/promovirana-knjiga-pravno-politicka-promisljanja-o-bosni-autora-akademika-suada-kurtcehajica-video\/#breadcrumb","itemListElement":[{"@type":"ListItem","position":1,"name":"Home","item":"https:\/\/sandzakpress.net\/arhiva\/"},{"@type":"ListItem","position":2,"name":"Promovirana knjiga \u201cPravno-politi\u010dka promi\u0161ljanja o Bosni\u201d autora akademika Suada Kurt\u0107ehaji\u0107a (Video)"}]},{"@type":"WebSite","@id":"https:\/\/sandzakpress.net\/arhiva\/#website","url":"https:\/\/sandzakpress.net\/arhiva\/","name":"Sand\u017eak PRESS","description":"Prve elektronske novine u Sand\u017eaku","publisher":{"@id":"https:\/\/sandzakpress.net\/arhiva\/#\/schema\/person\/6e72b67d6e51910a1117b3b483ba20bd"},"potentialAction":[{"@type":"SearchAction","target":{"@type":"EntryPoint","urlTemplate":"https:\/\/sandzakpress.net\/arhiva\/?s={search_term_string}"},"query-input":{"@type":"PropertyValueSpecification","valueRequired":true,"valueName":"search_term_string"}}],"inLanguage":"bs-BA"},{"@type":["Person","Organization"],"@id":"https:\/\/sandzakpress.net\/arhiva\/#\/schema\/person\/6e72b67d6e51910a1117b3b483ba20bd","name":"Kul","image":{"@type":"ImageObject","inLanguage":"bs-BA","@id":"https:\/\/sandzakpress.net\/arhiva\/#\/schema\/person\/image\/","url":"https:\/\/secure.gravatar.com\/avatar\/42263f39aa27ac04c43cab85c280eb2e?s=96&d=mm&r=pg","contentUrl":"https:\/\/secure.gravatar.com\/avatar\/42263f39aa27ac04c43cab85c280eb2e?s=96&d=mm&r=pg","caption":"Kul"},"logo":{"@id":"https:\/\/sandzakpress.net\/arhiva\/#\/schema\/person\/image\/"}},{"@type":"Person","@id":"https:\/\/sandzakpress.net\/arhiva\/#\/schema\/person\/c8baee722073534b583ea7bdb2e36c02","name":"bosniak","image":{"@type":"ImageObject","inLanguage":"bs-BA","@id":"https:\/\/sandzakpress.net\/arhiva\/#\/schema\/person\/image\/","url":"https:\/\/secure.gravatar.com\/avatar\/a04fd330bfe3a36a72a0ad4a6d89fca7?s=96&d=mm&r=pg","contentUrl":"https:\/\/secure.gravatar.com\/avatar\/a04fd330bfe3a36a72a0ad4a6d89fca7?s=96&d=mm&r=pg","caption":"bosniak"},"url":"https:\/\/sandzakpress.net\/arhiva\/author\/bosniak\/"}]}},"_links":{"self":[{"href":"https:\/\/sandzakpress.net\/arhiva\/wp-json\/wp\/v2\/posts\/189989"}],"collection":[{"href":"https:\/\/sandzakpress.net\/arhiva\/wp-json\/wp\/v2\/posts"}],"about":[{"href":"https:\/\/sandzakpress.net\/arhiva\/wp-json\/wp\/v2\/types\/post"}],"author":[{"embeddable":true,"href":"https:\/\/sandzakpress.net\/arhiva\/wp-json\/wp\/v2\/users\/83"}],"replies":[{"embeddable":true,"href":"https:\/\/sandzakpress.net\/arhiva\/wp-json\/wp\/v2\/comments?post=189989"}],"version-history":[{"count":0,"href":"https:\/\/sandzakpress.net\/arhiva\/wp-json\/wp\/v2\/posts\/189989\/revisions"}],"wp:featuredmedia":[{"embeddable":true,"href":"https:\/\/sandzakpress.net\/arhiva\/wp-json\/wp\/v2\/media\/189991"}],"wp:attachment":[{"href":"https:\/\/sandzakpress.net\/arhiva\/wp-json\/wp\/v2\/media?parent=189989"}],"wp:term":[{"taxonomy":"category","embeddable":true,"href":"https:\/\/sandzakpress.net\/arhiva\/wp-json\/wp\/v2\/categories?post=189989"},{"taxonomy":"post_tag","embeddable":true,"href":"https:\/\/sandzakpress.net\/arhiva\/wp-json\/wp\/v2\/tags?post=189989"}],"curies":[{"name":"wp","href":"https:\/\/api.w.org\/{rel}","templated":true}]}}