{"id":189766,"date":"2017-06-23T19:17:44","date_gmt":"2017-06-23T17:17:44","guid":{"rendered":"https:\/\/sandzakpress.net\/arhiva\/?p=189766"},"modified":"2017-06-23T22:57:54","modified_gmt":"2017-06-23T20:57:54","slug":"o-sandzaklije-ponosite-se","status":"publish","type":"post","link":"https:\/\/sandzakpress.net\/arhiva\/o-sandzaklije-ponosite-se\/","title":{"rendered":"O Sand\u017eaklije, ponosite se"},"content":{"rendered":"<p><img loading=\"lazy\" decoding=\"async\" class=\"alignnone size-full wp-image-189767\" src=\"https:\/\/sandzakpress.net\/arhiva\/wp-content\/uploads\/2017\/06\/nocni-namaz-novi-pazar.jpg\" alt=\"\" width=\"1299\" height=\"681\" srcset=\"https:\/\/sandzakpress.net\/arhiva\/wp-content\/uploads\/2017\/06\/nocni-namaz-novi-pazar.jpg 1299w, https:\/\/sandzakpress.net\/arhiva\/wp-content\/uploads\/2017\/06\/nocni-namaz-novi-pazar-768x403.jpg 768w, https:\/\/sandzakpress.net\/arhiva\/wp-content\/uploads\/2017\/06\/nocni-namaz-novi-pazar-616x323.jpg 616w\" sizes=\"(max-width: 1299px) 100vw, 1299px\" \/><\/p>\n<p>U dana\u0161njem vaktu kad je muslimanski umet u velikoj krizi i kada se bori sa raznim velikim fitnama i isku\u0161enjima ,u srcu Srbije ,Sand\u017eak i taj ponosni narod izdvajaju se kao jedinstven saff da prkose i pou\u010davaju ,(odgovorno tvrdim da ne pretjerujem kad ka\u017eem) \u010ditav muslimanski ummet !!!<\/p>\n<p>Jo\u0161 pro\u0161le godine sam nijetila zaputit se u Novi Pazar \u00a0za 27.no\u0107 ramazana ,ali bolest me sprije\u010di ,pa sebi uzeh u obavezu da \u0107u sa njima u saffu biti ove godine .Ponovila sam to obe\u0107anje kada sam gledala na TV 5 intervju sa muftijom Abdurahmanom hfz.Kujevi\u0107em koji je sa takvim emocijama i ponosom opisao Sand\u017eak i svu njihovu borbu za o\u010duvanje vjere i tradicije na tim prostorima da sam u\u010dvrstila svoju odluku.<\/p>\n<p>Allahu neizmjerno zahvaljujem \u0161to me pomogao i omogu\u0107io mi da sino\u0107 ispunim svoj san.<\/p>\n<p>Sami ulazak u Sand\u017eak mi je odao poseban miris ramazana koji nikad nigdje nisam osjetila Subhanalah,da ovo pi\u0161e neka Sand\u017eaklijka rekli bi da pretjeruje ali pi\u0161e osoba koja je ramazane do\u010dekivala u raznim dr\u017eavama i gradovima ,koja \u017eivi u Bosni i Hercegovini, u njenom centru, u \u0160ehere Sarajevu&#8230;<\/p>\n<p>Na \u017ealost u mom voljenom \u0160eheru se ve\u0107 nekoliko godina ramazan na ulici ne razlikuje od drugih mjeseci \u2639 Kafi\u0107i su prepuni .Nebrojeno puta sam vidjela \u010dak pokrivene sestre kako javno mrse ,vjerovatno opravdano ne poste ali javno mrse bez trunke ustru\u010davanja.<\/p>\n<p>U Novom Pazaru nigdje nisam vidjela da neko jede ili pije .Ne sumnjam da ima i tamo ne posta\u010da ali to nisu javno pokazivali.<\/p>\n<p>Tokom cijelog dana grad je poluprazan ..<\/p>\n<p>Prelijepim gostoprimstvom koje su mi i ovoga puta ukazali u hotelu Vrbak u\u010dinili su da se osje\u0107am kao kod ku\u0107e.I ovog puta su mi obezbjedili pogled na voljeni sebilj i omiljenog Gaziju , prkosni Bedem i pazarsku \u010dar\u0161iju sa mno\u0161tvom d\u017eamija koja uzdah \u010de\u017enje uvijek izaziva pri samoj pomisli na one divne mirise tradicije &#8230;.<\/p>\n<p>Eh ,tj Pazar ima du\u0161u koja se sa mojom du\u0161om prepoznala .Vi\u0161e ni ne istra\u017eujem imam li sand\u017ea\u010dke krvi .Znam da je sigurno imam .<\/p>\n<p>Nakon prou\u010denog namaza za jaciju namaz ,divljenje izazva\u0161e rijeke ljudi koje pohrli\u0161e u obli\u017enje d\u017eamije .Pristi\u017eu sa svih strana i tako \u017eurno kora\u010daju kao da ih se poziva na besplatnu podjelu svih ovodunjau\u010dkih dobara pa se boje da ih neko ne ugrabi prije njih&#8230;Znaju moje sestre i cijenjena Sand\u017ea\u010dka bra\u0107a da\u00a0 su oni pozivi sa munara ,poizivi na spas .Glasovi mujezina koji u\u010de sa takvim ubje\u0111enjem i ne ostavljaju nikog ravnodu\u0161nog .Pozivaju arapskim jezikom ali tako jasno da razumije svako srce u kome se trun dobra krije.<\/p>\n<p>Poslije teravih namaza ,te iste pritoke rijaka sali\u0161e se na jednom mjesto .Na trg Gazi Isa -Bega na kome su pripreme za zajedni\u010dki no\u0107ni namaz trajale jo\u0161 od podne namaza ,odakle je odjekivalo milozvu\u010dno u\u010denje Kur'ana ,a vrijedna bra\u0107a sterala \u0107ilime i tepihe ,odre\u0111ivale polo\u017eaj kible i pripremali svoje sugra\u0111ane za veliki,zajedni\u010dki ibadet.<\/p>\n<p>Subhanallah ,posmatrala sam ih sa prozora svoje sobe sa kojom ljubavlju i smirenjem to rade .Nikakve nervoze niti galame.<\/p>\n<p>Nijednog jedinog trenutka sa tog razglasa se nije \u010dula nijedna ilahija ni bez muzike,kamoli ne\u0161to drugo osim Kur'ana .Sigurno da mogu da poslu\u017ee za primjer mnogima koji \u017eele iskreno da hizmete ovom dinu.<\/p>\n<p>Nema na\u010dina da se \u00a0opi\u0161u osje\u0107anja prilikom stajanja u saff pored tolikog broja bra\u0107e i sestara .<\/p>\n<p>Nema na\u010dina da se opi\u0161e milina prilikom odjekivanja po\u010detnog tekbira u toj lijepoj dolini.<\/p>\n<p>A tek zajedni\u010dka ,veoma sad\u017eajna dova u kojoj se nema \u0161ta niti dodat niti oduzet.Znam samo da mi je srce kucalo tako jako da sam mislila na svakoj sed\u017edi da mi je posljednja .Znam da sam se tko osje\u0107ala samo u mekanskom i medinskom haremu.<\/p>\n<p>\u010cestitam vam drage Sand\u017eaklije !\u010cestitam vama organizatorima\u00a0 i kreatorima ovakvog doga\u0111aja !<\/p>\n<p>Ponosite se moje drage Sand\u017eaklije!<\/p>\n<p>Vi nikada ,in\u0161allah ,ne\u0107ete biti pobije\u0111eni dok god se dr\u017eite Kur'ana i Suneta i svoj narod okupljate na dobru!<\/p>\n<p>Ponosite se \u0161to dokazujete u srcu Srbije da mo\u017eete okupiti desetine hiljada ljudi u robovanju Allahu ,na Kur'anu i Sunetu i da vama za takvo ne\u0161to nisu potrebna la\u017ena opravdanja, niti sebi dozvoljavate skrnavljenje Allahovog dina u okupljanju muslimanskih masa.<\/p>\n<p>Ponosite se \u0161to i kad ste najlju\u0107i ne dozvoljavate sebi nepravdu ,ve\u0107 pozivate na jedinstvo i toleranciju!Tome svjedo\u010di sino\u0161nji vaz muftije dr.Dudi\u0107a i svako ko ka\u017ee druga\u010dije ,samo \u017eeli podjelu me\u0111u Muslimanima Sand\u017eaka ,a taj gaflet sebi nijedan Musliman ne smije dozvoliti ,a posebno ne onaj koji \u017eivi me\u0111u nemuslimanima kojima treba pokazat ponos i ljepotu islama.<\/p>\n<p>Ponosite se \u0161to \u010duvate svoju tradiciju kao niko sli\u010dan vama,a \u0161to to \u010duvanje ne naru\u0161ava Allahovo pravo i lijepi \u0160erijat!<\/p>\n<p>Ponosite se \u0161to \u010duvate va\u0161u vjeru ,\u0161to ste mala zemlja velikih vrijednosti ,\u0161to ste \u010duvari Allahovog govora i \u0161to se va\u0161i u\u010denici islamskih nauka i polaznici \u0161kola Kur'ana isti\u010du me\u0111u drugima .<\/p>\n<p>Ponosite se \u0161to imate vo\u0111e koji mogu bti uzor svima onima koji se boje emaneta vo\u0111stva muslimana.<\/p>\n<p>Ponosim se i ja vama .Allah mi je svjedok ponosim se \u0161to vam do\u0111em i osje\u0107am se kao da sam kod ku\u0107e .Ponosim se \u0161to mogu da vas zovem svojom bra\u0107om i sestrama i budem bar ponekad dio va\u0161eg tima nadaju\u0107i se da \u0107u uzeti malo pra\u0161ine od va\u0161ih nagrada za hizmet Allahovg dina.<\/p>\n<p>Volim vas u ime Allaha i dovim da vas Allah pomogne,\u010duva i ujedini d\u017eemat muslimana .Allahumme amin<\/p>\n<p>Sestra Na\u0111a Dizdarevi\u0107<\/p>\n<p>Sarajevo 22.06.2017.<\/p>\n<p>&nbsp;<\/p>\n<p>&nbsp;<\/p>\n","protected":false},"excerpt":{"rendered":"<p>U dana\u0161njem vaktu kad je muslimanski umet u velikoj krizi i kada se bori sa raznim velikim fitnama i isku\u0161enjima ,u srcu Srbije ,Sand\u017eak i taj ponosni narod izdvajaju se kao jedinstven saff da prkose i pou\u010davaju ,(odgovorno tvrdim da ne pretjerujem kad ka\u017eem) \u010ditav muslimanski ummet !!! Jo\u0161 pro\u0161le godine sam nijetila zaputit se [&hellip;]<\/p>\n","protected":false},"author":509,"featured_media":189767,"comment_status":"open","ping_status":"open","sticky":false,"template":"","format":"standard","meta":{"footnotes":""},"categories":[72,10196],"tags":[],"class_list":{"0":"post-189766","1":"post","2":"type-post","3":"status-publish","4":"format-standard","5":"has-post-thumbnail","7":"category-novi-pazar","8":"category-iz-pera-nasih-autora"},"yoast_head":"<!-- This site is optimized with the Yoast SEO Premium plugin v23.1 (Yoast SEO v24.9) - https:\/\/yoast.com\/wordpress\/plugins\/seo\/ -->\n<title>O Sand\u017eaklije, ponosite se<\/title>\n<meta name=\"robots\" content=\"index, follow, max-snippet:-1, max-image-preview:large, max-video-preview:-1\" \/>\n<link rel=\"canonical\" href=\"https:\/\/sandzakpress.net\/arhiva\/o-sandzaklije-ponosite-se\/\" \/>\n<meta property=\"og:locale\" content=\"bs_BA\" \/>\n<meta property=\"og:type\" content=\"article\" \/>\n<meta property=\"og:title\" content=\"O Sand\u017eaklije, ponosite se\" \/>\n<meta property=\"og:description\" content=\"U dana\u0161njem vaktu kad je muslimanski umet u velikoj krizi i kada se bori sa raznim velikim fitnama i isku\u0161enjima ,u srcu Srbije ,Sand\u017eak i taj ponosni narod izdvajaju se kao jedinstven saff da prkose i pou\u010davaju ,(odgovorno tvrdim da ne pretjerujem kad ka\u017eem) \u010ditav muslimanski ummet !!! Jo\u0161 pro\u0161le godine sam nijetila zaputit se [&hellip;]\" \/>\n<meta property=\"og:url\" content=\"https:\/\/sandzakpress.net\/arhiva\/o-sandzaklije-ponosite-se\/\" \/>\n<meta property=\"og:site_name\" content=\"Sand\u017eak PRESS\" \/>\n<meta property=\"article:published_time\" content=\"2017-06-23T17:17:44+00:00\" \/>\n<meta property=\"article:modified_time\" content=\"2017-06-23T20:57:54+00:00\" \/>\n<meta property=\"og:image\" content=\"https:\/\/sandzakpress.net\/arhiva\/wp-content\/uploads\/2017\/06\/nocni-namaz-novi-pazar.jpg\" \/>\n\t<meta property=\"og:image:width\" content=\"1299\" \/>\n\t<meta property=\"og:image:height\" content=\"681\" \/>\n\t<meta property=\"og:image:type\" content=\"image\/jpeg\" \/>\n<meta name=\"author\" content=\"Agencija\" \/>\n<meta name=\"twitter:card\" content=\"summary_large_image\" \/>\n<meta name=\"twitter:label1\" content=\"Written by\" \/>\n\t<meta name=\"twitter:data1\" content=\"Agencija\" \/>\n\t<meta name=\"twitter:label2\" content=\"Est. reading time\" \/>\n\t<meta name=\"twitter:data2\" content=\"5 minuta\" \/>\n<script type=\"application\/ld+json\" class=\"yoast-schema-graph\">{\"@context\":\"https:\/\/schema.org\",\"@graph\":[{\"@type\":\"Article\",\"@id\":\"https:\/\/sandzakpress.net\/arhiva\/o-sandzaklije-ponosite-se\/#article\",\"isPartOf\":{\"@id\":\"https:\/\/sandzakpress.net\/arhiva\/o-sandzaklije-ponosite-se\/\"},\"author\":{\"name\":\"Agencija\",\"@id\":\"https:\/\/sandzakpress.net\/arhiva\/#\/schema\/person\/cb59d7e3ab91ab90dd680ad0305a6185\"},\"headline\":\"O Sand\u017eaklije, ponosite se\",\"datePublished\":\"2017-06-23T17:17:44+00:00\",\"dateModified\":\"2017-06-23T20:57:54+00:00\",\"mainEntityOfPage\":{\"@id\":\"https:\/\/sandzakpress.net\/arhiva\/o-sandzaklije-ponosite-se\/\"},\"wordCount\":1003,\"commentCount\":2,\"publisher\":{\"@id\":\"https:\/\/sandzakpress.net\/arhiva\/#\/schema\/person\/6e72b67d6e51910a1117b3b483ba20bd\"},\"image\":{\"@id\":\"https:\/\/sandzakpress.net\/arhiva\/o-sandzaklije-ponosite-se\/#primaryimage\"},\"thumbnailUrl\":\"https:\/\/sandzakpress.net\/arhiva\/wp-content\/uploads\/2017\/06\/nocni-namaz-novi-pazar.jpg\",\"articleSection\":[\"Novi Pazar\",\"Iz pera na\u0161ih autora\"],\"inLanguage\":\"bs-BA\",\"potentialAction\":[{\"@type\":\"CommentAction\",\"name\":\"Comment\",\"target\":[\"https:\/\/sandzakpress.net\/arhiva\/o-sandzaklije-ponosite-se\/#respond\"]}]},{\"@type\":\"WebPage\",\"@id\":\"https:\/\/sandzakpress.net\/arhiva\/o-sandzaklije-ponosite-se\/\",\"url\":\"https:\/\/sandzakpress.net\/arhiva\/o-sandzaklije-ponosite-se\/\",\"name\":\"O Sand\u017eaklije, ponosite se\",\"isPartOf\":{\"@id\":\"https:\/\/sandzakpress.net\/arhiva\/#website\"},\"primaryImageOfPage\":{\"@id\":\"https:\/\/sandzakpress.net\/arhiva\/o-sandzaklije-ponosite-se\/#primaryimage\"},\"image\":{\"@id\":\"https:\/\/sandzakpress.net\/arhiva\/o-sandzaklije-ponosite-se\/#primaryimage\"},\"thumbnailUrl\":\"https:\/\/sandzakpress.net\/arhiva\/wp-content\/uploads\/2017\/06\/nocni-namaz-novi-pazar.jpg\",\"datePublished\":\"2017-06-23T17:17:44+00:00\",\"dateModified\":\"2017-06-23T20:57:54+00:00\",\"breadcrumb\":{\"@id\":\"https:\/\/sandzakpress.net\/arhiva\/o-sandzaklije-ponosite-se\/#breadcrumb\"},\"inLanguage\":\"bs-BA\",\"potentialAction\":[{\"@type\":\"ReadAction\",\"target\":[\"https:\/\/sandzakpress.net\/arhiva\/o-sandzaklije-ponosite-se\/\"]}]},{\"@type\":\"ImageObject\",\"inLanguage\":\"bs-BA\",\"@id\":\"https:\/\/sandzakpress.net\/arhiva\/o-sandzaklije-ponosite-se\/#primaryimage\",\"url\":\"https:\/\/sandzakpress.net\/arhiva\/wp-content\/uploads\/2017\/06\/nocni-namaz-novi-pazar.jpg\",\"contentUrl\":\"https:\/\/sandzakpress.net\/arhiva\/wp-content\/uploads\/2017\/06\/nocni-namaz-novi-pazar.jpg\",\"width\":1299,\"height\":681},{\"@type\":\"BreadcrumbList\",\"@id\":\"https:\/\/sandzakpress.net\/arhiva\/o-sandzaklije-ponosite-se\/#breadcrumb\",\"itemListElement\":[{\"@type\":\"ListItem\",\"position\":1,\"name\":\"Home\",\"item\":\"https:\/\/sandzakpress.net\/arhiva\/\"},{\"@type\":\"ListItem\",\"position\":2,\"name\":\"O Sand\u017eaklije, ponosite se\"}]},{\"@type\":\"WebSite\",\"@id\":\"https:\/\/sandzakpress.net\/arhiva\/#website\",\"url\":\"https:\/\/sandzakpress.net\/arhiva\/\",\"name\":\"Sand\u017eak PRESS\",\"description\":\"Prve elektronske novine u Sand\u017eaku\",\"publisher\":{\"@id\":\"https:\/\/sandzakpress.net\/arhiva\/#\/schema\/person\/6e72b67d6e51910a1117b3b483ba20bd\"},\"potentialAction\":[{\"@type\":\"SearchAction\",\"target\":{\"@type\":\"EntryPoint\",\"urlTemplate\":\"https:\/\/sandzakpress.net\/arhiva\/?s={search_term_string}\"},\"query-input\":{\"@type\":\"PropertyValueSpecification\",\"valueRequired\":true,\"valueName\":\"search_term_string\"}}],\"inLanguage\":\"bs-BA\"},{\"@type\":[\"Person\",\"Organization\"],\"@id\":\"https:\/\/sandzakpress.net\/arhiva\/#\/schema\/person\/6e72b67d6e51910a1117b3b483ba20bd\",\"name\":\"Kul\",\"image\":{\"@type\":\"ImageObject\",\"inLanguage\":\"bs-BA\",\"@id\":\"https:\/\/sandzakpress.net\/arhiva\/#\/schema\/person\/image\/\",\"url\":\"https:\/\/secure.gravatar.com\/avatar\/42263f39aa27ac04c43cab85c280eb2e?s=96&d=mm&r=pg\",\"contentUrl\":\"https:\/\/secure.gravatar.com\/avatar\/42263f39aa27ac04c43cab85c280eb2e?s=96&d=mm&r=pg\",\"caption\":\"Kul\"},\"logo\":{\"@id\":\"https:\/\/sandzakpress.net\/arhiva\/#\/schema\/person\/image\/\"}},{\"@type\":\"Person\",\"@id\":\"https:\/\/sandzakpress.net\/arhiva\/#\/schema\/person\/cb59d7e3ab91ab90dd680ad0305a6185\",\"name\":\"Agencija\",\"image\":{\"@type\":\"ImageObject\",\"inLanguage\":\"bs-BA\",\"@id\":\"https:\/\/sandzakpress.net\/arhiva\/#\/schema\/person\/image\/\",\"url\":\"https:\/\/secure.gravatar.com\/avatar\/4b7fafa80a22f0c2afe23966b3961fe0?s=96&d=mm&r=pg\",\"contentUrl\":\"https:\/\/secure.gravatar.com\/avatar\/4b7fafa80a22f0c2afe23966b3961fe0?s=96&d=mm&r=pg\",\"caption\":\"Agencija\"},\"url\":\"https:\/\/sandzakpress.net\/arhiva\/author\/agencija\/\"}]}<\/script>\n<!-- \/ Yoast SEO Premium plugin. -->","yoast_head_json":{"title":"O Sand\u017eaklije, ponosite se","robots":{"index":"index","follow":"follow","max-snippet":"max-snippet:-1","max-image-preview":"max-image-preview:large","max-video-preview":"max-video-preview:-1"},"canonical":"https:\/\/sandzakpress.net\/arhiva\/o-sandzaklije-ponosite-se\/","og_locale":"bs_BA","og_type":"article","og_title":"O Sand\u017eaklije, ponosite se","og_description":"U dana\u0161njem vaktu kad je muslimanski umet u velikoj krizi i kada se bori sa raznim velikim fitnama i isku\u0161enjima ,u srcu Srbije ,Sand\u017eak i taj ponosni narod izdvajaju se kao jedinstven saff da prkose i pou\u010davaju ,(odgovorno tvrdim da ne pretjerujem kad ka\u017eem) \u010ditav muslimanski ummet !!! Jo\u0161 pro\u0161le godine sam nijetila zaputit se [&hellip;]","og_url":"https:\/\/sandzakpress.net\/arhiva\/o-sandzaklije-ponosite-se\/","og_site_name":"Sand\u017eak PRESS","article_published_time":"2017-06-23T17:17:44+00:00","article_modified_time":"2017-06-23T20:57:54+00:00","og_image":[{"width":1299,"height":681,"url":"https:\/\/sandzakpress.net\/arhiva\/wp-content\/uploads\/2017\/06\/nocni-namaz-novi-pazar.jpg","type":"image\/jpeg"}],"author":"Agencija","twitter_card":"summary_large_image","twitter_misc":{"Written by":"Agencija","Est. reading time":"5 minuta"},"schema":{"@context":"https:\/\/schema.org","@graph":[{"@type":"Article","@id":"https:\/\/sandzakpress.net\/arhiva\/o-sandzaklije-ponosite-se\/#article","isPartOf":{"@id":"https:\/\/sandzakpress.net\/arhiva\/o-sandzaklije-ponosite-se\/"},"author":{"name":"Agencija","@id":"https:\/\/sandzakpress.net\/arhiva\/#\/schema\/person\/cb59d7e3ab91ab90dd680ad0305a6185"},"headline":"O Sand\u017eaklije, ponosite se","datePublished":"2017-06-23T17:17:44+00:00","dateModified":"2017-06-23T20:57:54+00:00","mainEntityOfPage":{"@id":"https:\/\/sandzakpress.net\/arhiva\/o-sandzaklije-ponosite-se\/"},"wordCount":1003,"commentCount":2,"publisher":{"@id":"https:\/\/sandzakpress.net\/arhiva\/#\/schema\/person\/6e72b67d6e51910a1117b3b483ba20bd"},"image":{"@id":"https:\/\/sandzakpress.net\/arhiva\/o-sandzaklije-ponosite-se\/#primaryimage"},"thumbnailUrl":"https:\/\/sandzakpress.net\/arhiva\/wp-content\/uploads\/2017\/06\/nocni-namaz-novi-pazar.jpg","articleSection":["Novi Pazar","Iz pera na\u0161ih autora"],"inLanguage":"bs-BA","potentialAction":[{"@type":"CommentAction","name":"Comment","target":["https:\/\/sandzakpress.net\/arhiva\/o-sandzaklije-ponosite-se\/#respond"]}]},{"@type":"WebPage","@id":"https:\/\/sandzakpress.net\/arhiva\/o-sandzaklije-ponosite-se\/","url":"https:\/\/sandzakpress.net\/arhiva\/o-sandzaklije-ponosite-se\/","name":"O Sand\u017eaklije, ponosite se","isPartOf":{"@id":"https:\/\/sandzakpress.net\/arhiva\/#website"},"primaryImageOfPage":{"@id":"https:\/\/sandzakpress.net\/arhiva\/o-sandzaklije-ponosite-se\/#primaryimage"},"image":{"@id":"https:\/\/sandzakpress.net\/arhiva\/o-sandzaklije-ponosite-se\/#primaryimage"},"thumbnailUrl":"https:\/\/sandzakpress.net\/arhiva\/wp-content\/uploads\/2017\/06\/nocni-namaz-novi-pazar.jpg","datePublished":"2017-06-23T17:17:44+00:00","dateModified":"2017-06-23T20:57:54+00:00","breadcrumb":{"@id":"https:\/\/sandzakpress.net\/arhiva\/o-sandzaklije-ponosite-se\/#breadcrumb"},"inLanguage":"bs-BA","potentialAction":[{"@type":"ReadAction","target":["https:\/\/sandzakpress.net\/arhiva\/o-sandzaklije-ponosite-se\/"]}]},{"@type":"ImageObject","inLanguage":"bs-BA","@id":"https:\/\/sandzakpress.net\/arhiva\/o-sandzaklije-ponosite-se\/#primaryimage","url":"https:\/\/sandzakpress.net\/arhiva\/wp-content\/uploads\/2017\/06\/nocni-namaz-novi-pazar.jpg","contentUrl":"https:\/\/sandzakpress.net\/arhiva\/wp-content\/uploads\/2017\/06\/nocni-namaz-novi-pazar.jpg","width":1299,"height":681},{"@type":"BreadcrumbList","@id":"https:\/\/sandzakpress.net\/arhiva\/o-sandzaklije-ponosite-se\/#breadcrumb","itemListElement":[{"@type":"ListItem","position":1,"name":"Home","item":"https:\/\/sandzakpress.net\/arhiva\/"},{"@type":"ListItem","position":2,"name":"O Sand\u017eaklije, ponosite se"}]},{"@type":"WebSite","@id":"https:\/\/sandzakpress.net\/arhiva\/#website","url":"https:\/\/sandzakpress.net\/arhiva\/","name":"Sand\u017eak PRESS","description":"Prve elektronske novine u Sand\u017eaku","publisher":{"@id":"https:\/\/sandzakpress.net\/arhiva\/#\/schema\/person\/6e72b67d6e51910a1117b3b483ba20bd"},"potentialAction":[{"@type":"SearchAction","target":{"@type":"EntryPoint","urlTemplate":"https:\/\/sandzakpress.net\/arhiva\/?s={search_term_string}"},"query-input":{"@type":"PropertyValueSpecification","valueRequired":true,"valueName":"search_term_string"}}],"inLanguage":"bs-BA"},{"@type":["Person","Organization"],"@id":"https:\/\/sandzakpress.net\/arhiva\/#\/schema\/person\/6e72b67d6e51910a1117b3b483ba20bd","name":"Kul","image":{"@type":"ImageObject","inLanguage":"bs-BA","@id":"https:\/\/sandzakpress.net\/arhiva\/#\/schema\/person\/image\/","url":"https:\/\/secure.gravatar.com\/avatar\/42263f39aa27ac04c43cab85c280eb2e?s=96&d=mm&r=pg","contentUrl":"https:\/\/secure.gravatar.com\/avatar\/42263f39aa27ac04c43cab85c280eb2e?s=96&d=mm&r=pg","caption":"Kul"},"logo":{"@id":"https:\/\/sandzakpress.net\/arhiva\/#\/schema\/person\/image\/"}},{"@type":"Person","@id":"https:\/\/sandzakpress.net\/arhiva\/#\/schema\/person\/cb59d7e3ab91ab90dd680ad0305a6185","name":"Agencija","image":{"@type":"ImageObject","inLanguage":"bs-BA","@id":"https:\/\/sandzakpress.net\/arhiva\/#\/schema\/person\/image\/","url":"https:\/\/secure.gravatar.com\/avatar\/4b7fafa80a22f0c2afe23966b3961fe0?s=96&d=mm&r=pg","contentUrl":"https:\/\/secure.gravatar.com\/avatar\/4b7fafa80a22f0c2afe23966b3961fe0?s=96&d=mm&r=pg","caption":"Agencija"},"url":"https:\/\/sandzakpress.net\/arhiva\/author\/agencija\/"}]}},"_links":{"self":[{"href":"https:\/\/sandzakpress.net\/arhiva\/wp-json\/wp\/v2\/posts\/189766"}],"collection":[{"href":"https:\/\/sandzakpress.net\/arhiva\/wp-json\/wp\/v2\/posts"}],"about":[{"href":"https:\/\/sandzakpress.net\/arhiva\/wp-json\/wp\/v2\/types\/post"}],"author":[{"embeddable":true,"href":"https:\/\/sandzakpress.net\/arhiva\/wp-json\/wp\/v2\/users\/509"}],"replies":[{"embeddable":true,"href":"https:\/\/sandzakpress.net\/arhiva\/wp-json\/wp\/v2\/comments?post=189766"}],"version-history":[{"count":0,"href":"https:\/\/sandzakpress.net\/arhiva\/wp-json\/wp\/v2\/posts\/189766\/revisions"}],"wp:featuredmedia":[{"embeddable":true,"href":"https:\/\/sandzakpress.net\/arhiva\/wp-json\/wp\/v2\/media\/189767"}],"wp:attachment":[{"href":"https:\/\/sandzakpress.net\/arhiva\/wp-json\/wp\/v2\/media?parent=189766"}],"wp:term":[{"taxonomy":"category","embeddable":true,"href":"https:\/\/sandzakpress.net\/arhiva\/wp-json\/wp\/v2\/categories?post=189766"},{"taxonomy":"post_tag","embeddable":true,"href":"https:\/\/sandzakpress.net\/arhiva\/wp-json\/wp\/v2\/tags?post=189766"}],"curies":[{"name":"wp","href":"https:\/\/api.w.org\/{rel}","templated":true}]}}