{"id":189690,"date":"2017-06-22T14:56:48","date_gmt":"2017-06-22T12:56:48","guid":{"rendered":"https:\/\/sandzakpress.net\/arhiva\/iftar-na-ulicama-devastirane-dume-simbol-prkosa-sirijskog-naroda-foto"},"modified":"2017-06-22T14:56:48","modified_gmt":"2017-06-22T12:56:48","slug":"iftar-na-ulicama-devastirane-dume-simbol-prkosa-sirijskog-naroda-foto","status":"publish","type":"post","link":"https:\/\/sandzakpress.net\/arhiva\/iftar-na-ulicama-devastirane-dume-simbol-prkosa-sirijskog-naroda-foto\/","title":{"rendered":"Iftar na ulicama devastirane Dume simbol prkosa sirijskog naroda (FOTO)"},"content":{"rendered":"<p><span class=\"cb-itemprop\"><\/p>\n<p><img decoding=\"async\" src=\"http:\/\/cdn.trt.net.tr\/images\/large\/rectangle\/bd6e\/283b\/c237\/594a1a1ec0428.jpg?time=1498132943\" alt=\"suriye ifta2r.jpg\" \/><\/p>\n<p><strong>Nakon nekoliko godina, to je prvi put da mje\u0161tani sirijske Dume mogu zajedno iftariti i na neki na\u010din osjetiti ljepotu odabranog mjeseca ramazana<\/strong><\/p>\n<p>Distrikt Duma kod Damaska ve\u0107 \u010detiri godine je pod kontrolom sirijske opozicije i pod potpunom opsadom snaga odanih re\u017eimu sirijskog predsjednika Bashara al-Assada, a mje\u0161tani su iza\u0161li na ulice devastiranog grada gdje prisustvuju zajedni\u010dkim iftarima i tako prkose egzodusu koji je zadesio njih i njihov grad.<\/p>\n<p>Duma je smje\u0161tena u provinciji isto\u010dne Gute, a snage odane sirijskom re\u017eimu nedavno su okon\u010dale artiljerijske napade, ali opsada i blokada tog gradi\u0107a i dalje traju.<\/p>\n<p>Humanitarna organizacija Adale Hayr od nedjelje organizira iftare za 600 osoba na ulicama devastirane Dume, a me\u0111u njima je i vi\u0161e od 100 djece.<\/p>\n<p>Iftarske sofre serviraju se u nekoliko ulica u nekada razvijenim, a danas u potpunosti devastiranim kvartovima.<\/p>\n<p>Nakon nekoliko godina, to je prvi put da mje\u0161tani sirijske Dume mogu zajedno iftariti i na neki na\u010din osjetiti ljepotu odabranog mjeseca ramazana.<\/p>\n<p>Predstavnik humanitarne organizacije Mueyid Abu Shadi je za AA kazao kako se na iftarskom meniju nalaze ri\u017ea, meso, vo\u0107e i voda, a da prizor \u0161arenih trpeza na devastiranim ulicama i vra\u0107eni osmijesi na lica djece i ljudi ponajbolje prikazuje inat naroda i volju za \u017eivotom bez obzira na rat koji bukti.<\/p>\n<p>\u201cRanije su iftari organizirani u skloni\u0161tima, ali ove godine to radimo na ulicama jer nema vi\u0161e gdje da se ljudi sklone da bi bili sigurni. Spremat \u0107emo iftare do kraja ramazana\u201c, kazao je Shadi.<\/p>\n<p>Dje\u010dak koji je ve\u0107inu \u017eivota proveo u skloni\u0161tima, sedmogodi\u0161nji Rima Ahmed je kazao da je sretan da je iza\u0161ao vani i da mo\u017ee iftariti i dru\u017eiti se sa mnogo ljudi.<\/p>\n<p>(trt.net.tr)<\/p>\n<p><\/span><br \/>\nPogledajte vijest na izvornom sajtu:<\/p>\n<p><a href=\"http:\/\/islampress.net\/32645\/iftar-na-ulicama-devastirane-dume-simbol-prkosa-sirijskog-naroda-foto\/\" target=\"_blank\">Iftar na ulicama devastirane Dume simbol prkosa sirijskog naroda (FOTO)<\/a><\/p>\n","protected":false},"excerpt":{"rendered":"<p>Nakon nekoliko godina, to je prvi put da mje\u0161tani sirijske Dume mogu zajedno iftariti i na neki na\u010din osjetiti ljepotu odabranog mjeseca ramazana Distrikt Duma kod Damaska ve\u0107 \u010detiri godine je pod kontrolom sirijske opozicije i pod potpunom opsadom snaga odanih re\u017eimu sirijskog predsjednika Bashara al-Assada, a mje\u0161tani su iza\u0161li na ulice devastiranog grada gdje [&hellip;]<\/p>\n","protected":false},"author":83,"featured_media":189691,"comment_status":"open","ping_status":"open","sticky":false,"template":"","format":"standard","meta":{"footnotes":""},"categories":[9],"tags":[10499],"class_list":{"0":"post-189690","1":"post","2":"type-post","3":"status-publish","4":"format-standard","5":"has-post-thumbnail","7":"category-svijet","8":"tag-a"},"yoast_head":"<!-- This site is optimized with the Yoast SEO Premium plugin v23.1 (Yoast SEO v24.9) - https:\/\/yoast.com\/wordpress\/plugins\/seo\/ -->\n<title>Iftar na ulicama devastirane Dume simbol prkosa sirijskog naroda (FOTO)<\/title>\n<meta name=\"robots\" content=\"index, follow, max-snippet:-1, max-image-preview:large, max-video-preview:-1\" \/>\n<link rel=\"canonical\" href=\"https:\/\/sandzakpress.net\/arhiva\/iftar-na-ulicama-devastirane-dume-simbol-prkosa-sirijskog-naroda-foto\/\" \/>\n<meta property=\"og:locale\" content=\"bs_BA\" \/>\n<meta property=\"og:type\" content=\"article\" \/>\n<meta property=\"og:title\" content=\"Iftar na ulicama devastirane Dume simbol prkosa sirijskog naroda (FOTO)\" \/>\n<meta property=\"og:description\" content=\"Nakon nekoliko godina, to je prvi put da mje\u0161tani sirijske Dume mogu zajedno iftariti i na neki na\u010din osjetiti ljepotu odabranog mjeseca ramazana Distrikt Duma kod Damaska ve\u0107 \u010detiri godine je pod kontrolom sirijske opozicije i pod potpunom opsadom snaga odanih re\u017eimu sirijskog predsjednika Bashara al-Assada, a mje\u0161tani su iza\u0161li na ulice devastiranog grada gdje [&hellip;]\" \/>\n<meta property=\"og:url\" content=\"https:\/\/sandzakpress.net\/arhiva\/iftar-na-ulicama-devastirane-dume-simbol-prkosa-sirijskog-naroda-foto\/\" \/>\n<meta property=\"og:site_name\" content=\"Sand\u017eak PRESS\" \/>\n<meta property=\"article:published_time\" content=\"2017-06-22T12:56:48+00:00\" \/>\n<meta property=\"og:image\" content=\"https:\/\/sandzakpress.net\/arhiva\/wp-content\/uploads\/2017\/06\/594a1a1ec0428.jpg\" \/>\n\t<meta property=\"og:image:width\" content=\"610\" \/>\n\t<meta property=\"og:image:height\" content=\"343\" \/>\n\t<meta property=\"og:image:type\" content=\"image\/jpeg\" \/>\n<meta name=\"author\" content=\"bosniak\" \/>\n<meta name=\"twitter:card\" content=\"summary_large_image\" \/>\n<meta name=\"twitter:label1\" content=\"Written by\" \/>\n\t<meta name=\"twitter:data1\" content=\"bosniak\" \/>\n\t<meta name=\"twitter:label2\" content=\"Est. reading time\" \/>\n\t<meta name=\"twitter:data2\" content=\"2 minute\" \/>\n<script type=\"application\/ld+json\" class=\"yoast-schema-graph\">{\"@context\":\"https:\/\/schema.org\",\"@graph\":[{\"@type\":\"Article\",\"@id\":\"https:\/\/sandzakpress.net\/arhiva\/iftar-na-ulicama-devastirane-dume-simbol-prkosa-sirijskog-naroda-foto\/#article\",\"isPartOf\":{\"@id\":\"https:\/\/sandzakpress.net\/arhiva\/iftar-na-ulicama-devastirane-dume-simbol-prkosa-sirijskog-naroda-foto\/\"},\"author\":{\"name\":\"bosniak\",\"@id\":\"https:\/\/sandzakpress.net\/arhiva\/#\/schema\/person\/c8baee722073534b583ea7bdb2e36c02\"},\"headline\":\"Iftar na ulicama devastirane Dume simbol prkosa sirijskog naroda (FOTO)\",\"datePublished\":\"2017-06-22T12:56:48+00:00\",\"mainEntityOfPage\":{\"@id\":\"https:\/\/sandzakpress.net\/arhiva\/iftar-na-ulicama-devastirane-dume-simbol-prkosa-sirijskog-naroda-foto\/\"},\"wordCount\":326,\"commentCount\":0,\"publisher\":{\"@id\":\"https:\/\/sandzakpress.net\/arhiva\/#\/schema\/person\/6e72b67d6e51910a1117b3b483ba20bd\"},\"image\":{\"@id\":\"https:\/\/sandzakpress.net\/arhiva\/iftar-na-ulicama-devastirane-dume-simbol-prkosa-sirijskog-naroda-foto\/#primaryimage\"},\"thumbnailUrl\":\"https:\/\/sandzakpress.net\/arhiva\/wp-content\/uploads\/2017\/06\/594a1a1ec0428.jpg\",\"keywords\":[\"A\"],\"articleSection\":[\"Svijet\"],\"inLanguage\":\"bs-BA\",\"potentialAction\":[{\"@type\":\"CommentAction\",\"name\":\"Comment\",\"target\":[\"https:\/\/sandzakpress.net\/arhiva\/iftar-na-ulicama-devastirane-dume-simbol-prkosa-sirijskog-naroda-foto\/#respond\"]}]},{\"@type\":\"WebPage\",\"@id\":\"https:\/\/sandzakpress.net\/arhiva\/iftar-na-ulicama-devastirane-dume-simbol-prkosa-sirijskog-naroda-foto\/\",\"url\":\"https:\/\/sandzakpress.net\/arhiva\/iftar-na-ulicama-devastirane-dume-simbol-prkosa-sirijskog-naroda-foto\/\",\"name\":\"Iftar na ulicama devastirane Dume simbol prkosa sirijskog naroda (FOTO)\",\"isPartOf\":{\"@id\":\"https:\/\/sandzakpress.net\/arhiva\/#website\"},\"primaryImageOfPage\":{\"@id\":\"https:\/\/sandzakpress.net\/arhiva\/iftar-na-ulicama-devastirane-dume-simbol-prkosa-sirijskog-naroda-foto\/#primaryimage\"},\"image\":{\"@id\":\"https:\/\/sandzakpress.net\/arhiva\/iftar-na-ulicama-devastirane-dume-simbol-prkosa-sirijskog-naroda-foto\/#primaryimage\"},\"thumbnailUrl\":\"https:\/\/sandzakpress.net\/arhiva\/wp-content\/uploads\/2017\/06\/594a1a1ec0428.jpg\",\"datePublished\":\"2017-06-22T12:56:48+00:00\",\"breadcrumb\":{\"@id\":\"https:\/\/sandzakpress.net\/arhiva\/iftar-na-ulicama-devastirane-dume-simbol-prkosa-sirijskog-naroda-foto\/#breadcrumb\"},\"inLanguage\":\"bs-BA\",\"potentialAction\":[{\"@type\":\"ReadAction\",\"target\":[\"https:\/\/sandzakpress.net\/arhiva\/iftar-na-ulicama-devastirane-dume-simbol-prkosa-sirijskog-naroda-foto\/\"]}]},{\"@type\":\"ImageObject\",\"inLanguage\":\"bs-BA\",\"@id\":\"https:\/\/sandzakpress.net\/arhiva\/iftar-na-ulicama-devastirane-dume-simbol-prkosa-sirijskog-naroda-foto\/#primaryimage\",\"url\":\"https:\/\/sandzakpress.net\/arhiva\/wp-content\/uploads\/2017\/06\/594a1a1ec0428.jpg\",\"contentUrl\":\"https:\/\/sandzakpress.net\/arhiva\/wp-content\/uploads\/2017\/06\/594a1a1ec0428.jpg\",\"width\":610,\"height\":343},{\"@type\":\"BreadcrumbList\",\"@id\":\"https:\/\/sandzakpress.net\/arhiva\/iftar-na-ulicama-devastirane-dume-simbol-prkosa-sirijskog-naroda-foto\/#breadcrumb\",\"itemListElement\":[{\"@type\":\"ListItem\",\"position\":1,\"name\":\"Home\",\"item\":\"https:\/\/sandzakpress.net\/arhiva\/\"},{\"@type\":\"ListItem\",\"position\":2,\"name\":\"Iftar na ulicama devastirane Dume simbol prkosa sirijskog naroda (FOTO)\"}]},{\"@type\":\"WebSite\",\"@id\":\"https:\/\/sandzakpress.net\/arhiva\/#website\",\"url\":\"https:\/\/sandzakpress.net\/arhiva\/\",\"name\":\"Sand\u017eak PRESS\",\"description\":\"Prve elektronske novine u Sand\u017eaku\",\"publisher\":{\"@id\":\"https:\/\/sandzakpress.net\/arhiva\/#\/schema\/person\/6e72b67d6e51910a1117b3b483ba20bd\"},\"potentialAction\":[{\"@type\":\"SearchAction\",\"target\":{\"@type\":\"EntryPoint\",\"urlTemplate\":\"https:\/\/sandzakpress.net\/arhiva\/?s={search_term_string}\"},\"query-input\":{\"@type\":\"PropertyValueSpecification\",\"valueRequired\":true,\"valueName\":\"search_term_string\"}}],\"inLanguage\":\"bs-BA\"},{\"@type\":[\"Person\",\"Organization\"],\"@id\":\"https:\/\/sandzakpress.net\/arhiva\/#\/schema\/person\/6e72b67d6e51910a1117b3b483ba20bd\",\"name\":\"Kul\",\"image\":{\"@type\":\"ImageObject\",\"inLanguage\":\"bs-BA\",\"@id\":\"https:\/\/sandzakpress.net\/arhiva\/#\/schema\/person\/image\/\",\"url\":\"https:\/\/secure.gravatar.com\/avatar\/42263f39aa27ac04c43cab85c280eb2e?s=96&d=mm&r=pg\",\"contentUrl\":\"https:\/\/secure.gravatar.com\/avatar\/42263f39aa27ac04c43cab85c280eb2e?s=96&d=mm&r=pg\",\"caption\":\"Kul\"},\"logo\":{\"@id\":\"https:\/\/sandzakpress.net\/arhiva\/#\/schema\/person\/image\/\"}},{\"@type\":\"Person\",\"@id\":\"https:\/\/sandzakpress.net\/arhiva\/#\/schema\/person\/c8baee722073534b583ea7bdb2e36c02\",\"name\":\"bosniak\",\"image\":{\"@type\":\"ImageObject\",\"inLanguage\":\"bs-BA\",\"@id\":\"https:\/\/sandzakpress.net\/arhiva\/#\/schema\/person\/image\/\",\"url\":\"https:\/\/secure.gravatar.com\/avatar\/a04fd330bfe3a36a72a0ad4a6d89fca7?s=96&d=mm&r=pg\",\"contentUrl\":\"https:\/\/secure.gravatar.com\/avatar\/a04fd330bfe3a36a72a0ad4a6d89fca7?s=96&d=mm&r=pg\",\"caption\":\"bosniak\"},\"url\":\"https:\/\/sandzakpress.net\/arhiva\/author\/bosniak\/\"}]}<\/script>\n<!-- \/ Yoast SEO Premium plugin. -->","yoast_head_json":{"title":"Iftar na ulicama devastirane Dume simbol prkosa sirijskog naroda (FOTO)","robots":{"index":"index","follow":"follow","max-snippet":"max-snippet:-1","max-image-preview":"max-image-preview:large","max-video-preview":"max-video-preview:-1"},"canonical":"https:\/\/sandzakpress.net\/arhiva\/iftar-na-ulicama-devastirane-dume-simbol-prkosa-sirijskog-naroda-foto\/","og_locale":"bs_BA","og_type":"article","og_title":"Iftar na ulicama devastirane Dume simbol prkosa sirijskog naroda (FOTO)","og_description":"Nakon nekoliko godina, to je prvi put da mje\u0161tani sirijske Dume mogu zajedno iftariti i na neki na\u010din osjetiti ljepotu odabranog mjeseca ramazana Distrikt Duma kod Damaska ve\u0107 \u010detiri godine je pod kontrolom sirijske opozicije i pod potpunom opsadom snaga odanih re\u017eimu sirijskog predsjednika Bashara al-Assada, a mje\u0161tani su iza\u0161li na ulice devastiranog grada gdje [&hellip;]","og_url":"https:\/\/sandzakpress.net\/arhiva\/iftar-na-ulicama-devastirane-dume-simbol-prkosa-sirijskog-naroda-foto\/","og_site_name":"Sand\u017eak PRESS","article_published_time":"2017-06-22T12:56:48+00:00","og_image":[{"width":610,"height":343,"url":"https:\/\/sandzakpress.net\/arhiva\/wp-content\/uploads\/2017\/06\/594a1a1ec0428.jpg","type":"image\/jpeg"}],"author":"bosniak","twitter_card":"summary_large_image","twitter_misc":{"Written by":"bosniak","Est. reading time":"2 minute"},"schema":{"@context":"https:\/\/schema.org","@graph":[{"@type":"Article","@id":"https:\/\/sandzakpress.net\/arhiva\/iftar-na-ulicama-devastirane-dume-simbol-prkosa-sirijskog-naroda-foto\/#article","isPartOf":{"@id":"https:\/\/sandzakpress.net\/arhiva\/iftar-na-ulicama-devastirane-dume-simbol-prkosa-sirijskog-naroda-foto\/"},"author":{"name":"bosniak","@id":"https:\/\/sandzakpress.net\/arhiva\/#\/schema\/person\/c8baee722073534b583ea7bdb2e36c02"},"headline":"Iftar na ulicama devastirane Dume simbol prkosa sirijskog naroda (FOTO)","datePublished":"2017-06-22T12:56:48+00:00","mainEntityOfPage":{"@id":"https:\/\/sandzakpress.net\/arhiva\/iftar-na-ulicama-devastirane-dume-simbol-prkosa-sirijskog-naroda-foto\/"},"wordCount":326,"commentCount":0,"publisher":{"@id":"https:\/\/sandzakpress.net\/arhiva\/#\/schema\/person\/6e72b67d6e51910a1117b3b483ba20bd"},"image":{"@id":"https:\/\/sandzakpress.net\/arhiva\/iftar-na-ulicama-devastirane-dume-simbol-prkosa-sirijskog-naroda-foto\/#primaryimage"},"thumbnailUrl":"https:\/\/sandzakpress.net\/arhiva\/wp-content\/uploads\/2017\/06\/594a1a1ec0428.jpg","keywords":["A"],"articleSection":["Svijet"],"inLanguage":"bs-BA","potentialAction":[{"@type":"CommentAction","name":"Comment","target":["https:\/\/sandzakpress.net\/arhiva\/iftar-na-ulicama-devastirane-dume-simbol-prkosa-sirijskog-naroda-foto\/#respond"]}]},{"@type":"WebPage","@id":"https:\/\/sandzakpress.net\/arhiva\/iftar-na-ulicama-devastirane-dume-simbol-prkosa-sirijskog-naroda-foto\/","url":"https:\/\/sandzakpress.net\/arhiva\/iftar-na-ulicama-devastirane-dume-simbol-prkosa-sirijskog-naroda-foto\/","name":"Iftar na ulicama devastirane Dume simbol prkosa sirijskog naroda (FOTO)","isPartOf":{"@id":"https:\/\/sandzakpress.net\/arhiva\/#website"},"primaryImageOfPage":{"@id":"https:\/\/sandzakpress.net\/arhiva\/iftar-na-ulicama-devastirane-dume-simbol-prkosa-sirijskog-naroda-foto\/#primaryimage"},"image":{"@id":"https:\/\/sandzakpress.net\/arhiva\/iftar-na-ulicama-devastirane-dume-simbol-prkosa-sirijskog-naroda-foto\/#primaryimage"},"thumbnailUrl":"https:\/\/sandzakpress.net\/arhiva\/wp-content\/uploads\/2017\/06\/594a1a1ec0428.jpg","datePublished":"2017-06-22T12:56:48+00:00","breadcrumb":{"@id":"https:\/\/sandzakpress.net\/arhiva\/iftar-na-ulicama-devastirane-dume-simbol-prkosa-sirijskog-naroda-foto\/#breadcrumb"},"inLanguage":"bs-BA","potentialAction":[{"@type":"ReadAction","target":["https:\/\/sandzakpress.net\/arhiva\/iftar-na-ulicama-devastirane-dume-simbol-prkosa-sirijskog-naroda-foto\/"]}]},{"@type":"ImageObject","inLanguage":"bs-BA","@id":"https:\/\/sandzakpress.net\/arhiva\/iftar-na-ulicama-devastirane-dume-simbol-prkosa-sirijskog-naroda-foto\/#primaryimage","url":"https:\/\/sandzakpress.net\/arhiva\/wp-content\/uploads\/2017\/06\/594a1a1ec0428.jpg","contentUrl":"https:\/\/sandzakpress.net\/arhiva\/wp-content\/uploads\/2017\/06\/594a1a1ec0428.jpg","width":610,"height":343},{"@type":"BreadcrumbList","@id":"https:\/\/sandzakpress.net\/arhiva\/iftar-na-ulicama-devastirane-dume-simbol-prkosa-sirijskog-naroda-foto\/#breadcrumb","itemListElement":[{"@type":"ListItem","position":1,"name":"Home","item":"https:\/\/sandzakpress.net\/arhiva\/"},{"@type":"ListItem","position":2,"name":"Iftar na ulicama devastirane Dume simbol prkosa sirijskog naroda (FOTO)"}]},{"@type":"WebSite","@id":"https:\/\/sandzakpress.net\/arhiva\/#website","url":"https:\/\/sandzakpress.net\/arhiva\/","name":"Sand\u017eak PRESS","description":"Prve elektronske novine u Sand\u017eaku","publisher":{"@id":"https:\/\/sandzakpress.net\/arhiva\/#\/schema\/person\/6e72b67d6e51910a1117b3b483ba20bd"},"potentialAction":[{"@type":"SearchAction","target":{"@type":"EntryPoint","urlTemplate":"https:\/\/sandzakpress.net\/arhiva\/?s={search_term_string}"},"query-input":{"@type":"PropertyValueSpecification","valueRequired":true,"valueName":"search_term_string"}}],"inLanguage":"bs-BA"},{"@type":["Person","Organization"],"@id":"https:\/\/sandzakpress.net\/arhiva\/#\/schema\/person\/6e72b67d6e51910a1117b3b483ba20bd","name":"Kul","image":{"@type":"ImageObject","inLanguage":"bs-BA","@id":"https:\/\/sandzakpress.net\/arhiva\/#\/schema\/person\/image\/","url":"https:\/\/secure.gravatar.com\/avatar\/42263f39aa27ac04c43cab85c280eb2e?s=96&d=mm&r=pg","contentUrl":"https:\/\/secure.gravatar.com\/avatar\/42263f39aa27ac04c43cab85c280eb2e?s=96&d=mm&r=pg","caption":"Kul"},"logo":{"@id":"https:\/\/sandzakpress.net\/arhiva\/#\/schema\/person\/image\/"}},{"@type":"Person","@id":"https:\/\/sandzakpress.net\/arhiva\/#\/schema\/person\/c8baee722073534b583ea7bdb2e36c02","name":"bosniak","image":{"@type":"ImageObject","inLanguage":"bs-BA","@id":"https:\/\/sandzakpress.net\/arhiva\/#\/schema\/person\/image\/","url":"https:\/\/secure.gravatar.com\/avatar\/a04fd330bfe3a36a72a0ad4a6d89fca7?s=96&d=mm&r=pg","contentUrl":"https:\/\/secure.gravatar.com\/avatar\/a04fd330bfe3a36a72a0ad4a6d89fca7?s=96&d=mm&r=pg","caption":"bosniak"},"url":"https:\/\/sandzakpress.net\/arhiva\/author\/bosniak\/"}]}},"_links":{"self":[{"href":"https:\/\/sandzakpress.net\/arhiva\/wp-json\/wp\/v2\/posts\/189690"}],"collection":[{"href":"https:\/\/sandzakpress.net\/arhiva\/wp-json\/wp\/v2\/posts"}],"about":[{"href":"https:\/\/sandzakpress.net\/arhiva\/wp-json\/wp\/v2\/types\/post"}],"author":[{"embeddable":true,"href":"https:\/\/sandzakpress.net\/arhiva\/wp-json\/wp\/v2\/users\/83"}],"replies":[{"embeddable":true,"href":"https:\/\/sandzakpress.net\/arhiva\/wp-json\/wp\/v2\/comments?post=189690"}],"version-history":[{"count":0,"href":"https:\/\/sandzakpress.net\/arhiva\/wp-json\/wp\/v2\/posts\/189690\/revisions"}],"wp:featuredmedia":[{"embeddable":true,"href":"https:\/\/sandzakpress.net\/arhiva\/wp-json\/wp\/v2\/media\/189691"}],"wp:attachment":[{"href":"https:\/\/sandzakpress.net\/arhiva\/wp-json\/wp\/v2\/media?parent=189690"}],"wp:term":[{"taxonomy":"category","embeddable":true,"href":"https:\/\/sandzakpress.net\/arhiva\/wp-json\/wp\/v2\/categories?post=189690"},{"taxonomy":"post_tag","embeddable":true,"href":"https:\/\/sandzakpress.net\/arhiva\/wp-json\/wp\/v2\/tags?post=189690"}],"curies":[{"name":"wp","href":"https:\/\/api.w.org\/{rel}","templated":true}]}}