{"id":1895,"date":"2010-02-01T15:24:12","date_gmt":"2010-02-01T14:24:12","guid":{"rendered":"https:\/\/sandzakpress.net\/arhiva\/?p=1895"},"modified":"2010-02-01T15:24:12","modified_gmt":"2010-02-01T14:24:12","slug":"najmanje-16-mrtvih-u-pakistanu","status":"publish","type":"post","link":"https:\/\/sandzakpress.net\/arhiva\/najmanje-16-mrtvih-u-pakistanu\/","title":{"rendered":"Najmanje 16 mrtvih u Pakistanu"},"content":{"rendered":"<p><strong><a href=\"https:\/\/sandzakpress.net\/arhiva\/wp-content\/uploads\/2010\/02\/8790_pakistan-napad-afp_f.jpg\"><img loading=\"lazy\" decoding=\"async\" class=\"alignleft size-medium wp-image-1896\" title=\"8790_pakistan-napad-afp_f\" src=\"https:\/\/sandzakpress.net\/arhiva\/wp-content\/uploads\/2010\/02\/8790_pakistan-napad-afp_f-300x172.jpg\" alt=\"\" width=\"300\" height=\"172\" \/><\/a>Pakistan &#8211; Najmanje 16 ljudi je ubijeno u sukobu pakistanskih snaga i talibanskih pobunjenika kada su pobunjenici napali vojni punkt i konvoj na sevjerozapadu Pakistana.<\/strong><\/p>\n<p>Pakistanske snage su proteklih dana intenzivirale napade na pripadnike Al Kaide u Bad\u017eauru, plemenskoj oblasti na granici s Avganistanom. Najnoviji sukob izbio je ju\u010der po podne u pobunjeni\u010dkom upori\u0161tu Vara Mamun i trajao je do pono\u0107i, izjavio je predstavnik lokalne vlade Abdul Malik.<\/p>\n<p>&#8211; Talibani su napali na\u0161 kontrolni punkt i konvoj i uzvratili smo paljbom s kopna i iz vazduha. Poginulo je 15 talibana i jedan vojnik, dok je 10 pobunjenika ranjeno &#8211; kazao je Malik.<\/p>\n<p>Pakistanski talibani su ju\u010der demantovali navode da je njihov lider Hakimulah Mehsud ubijen u napadu ameri\u010dke bespilotne ljetelice.<\/p>\n<p>Pakistanska vojska je prethodno saop\u0161tila da provjerava izvje\u0161taj da je Hakimulah preminuo od rana zadobijenih u napadu 17. januara i da je sahranjen u plemenskoj oblasti Orakzaj, na sevjerozapadu zemlje.<\/p>\n<p>Izvor: <strong>Glas-Javnosti.rs<\/strong><\/p>\n","protected":false},"excerpt":{"rendered":"<p>Pakistan &#8211; Najmanje 16 ljudi je ubijeno u sukobu pakistanskih snaga i talibanskih pobunjenika kada su pobunjenici napali vojni punkt i konvoj na sevjerozapadu Pakistana. Pakistanske snage su proteklih dana intenzivirale napade na pripadnike Al Kaide u Bad\u017eauru, plemenskoj oblasti na granici s Avganistanom. Najnoviji sukob izbio je ju\u010der po podne u pobunjeni\u010dkom upori\u0161tu Vara [&hellip;]<\/p>\n","protected":false},"author":83,"featured_media":1896,"comment_status":"open","ping_status":"open","sticky":false,"template":"","format":"standard","meta":{"footnotes":""},"categories":[9],"tags":[],"class_list":{"0":"post-1895","1":"post","2":"type-post","3":"status-publish","4":"format-standard","5":"has-post-thumbnail","7":"category-svijet"},"yoast_head":"<!-- This site is optimized with the Yoast SEO Premium plugin v23.1 (Yoast SEO v24.9) - https:\/\/yoast.com\/wordpress\/plugins\/seo\/ -->\n<title>Najmanje 16 mrtvih u Pakistanu<\/title>\n<meta name=\"robots\" content=\"index, follow, max-snippet:-1, max-image-preview:large, max-video-preview:-1\" \/>\n<link rel=\"canonical\" href=\"https:\/\/sandzakpress.net\/arhiva\/najmanje-16-mrtvih-u-pakistanu\/\" \/>\n<meta property=\"og:locale\" content=\"bs_BA\" \/>\n<meta property=\"og:type\" content=\"article\" \/>\n<meta property=\"og:title\" content=\"Najmanje 16 mrtvih u Pakistanu\" \/>\n<meta property=\"og:description\" content=\"Pakistan &#8211; Najmanje 16 ljudi je ubijeno u sukobu pakistanskih snaga i talibanskih pobunjenika kada su pobunjenici napali vojni punkt i konvoj na sevjerozapadu Pakistana. Pakistanske snage su proteklih dana intenzivirale napade na pripadnike Al Kaide u Bad\u017eauru, plemenskoj oblasti na granici s Avganistanom. Najnoviji sukob izbio je ju\u010der po podne u pobunjeni\u010dkom upori\u0161tu Vara [&hellip;]\" \/>\n<meta property=\"og:url\" content=\"https:\/\/sandzakpress.net\/arhiva\/najmanje-16-mrtvih-u-pakistanu\/\" \/>\n<meta property=\"og:site_name\" content=\"Sand\u017eak PRESS\" \/>\n<meta property=\"article:published_time\" content=\"2010-02-01T14:24:12+00:00\" \/>\n<meta property=\"og:image\" content=\"https:\/\/sandzakpress.net\/arhiva\/wp-content\/uploads\/2010\/02\/8790_pakistan-napad-afp_f.jpg\" \/>\n\t<meta property=\"og:image:width\" content=\"470\" \/>\n\t<meta property=\"og:image:height\" content=\"270\" \/>\n\t<meta property=\"og:image:type\" content=\"image\/jpeg\" \/>\n<meta name=\"author\" content=\"bosniak\" \/>\n<meta name=\"twitter:card\" content=\"summary_large_image\" \/>\n<meta name=\"twitter:label1\" content=\"Written by\" \/>\n\t<meta name=\"twitter:data1\" content=\"bosniak\" \/>\n\t<meta name=\"twitter:label2\" content=\"Est. reading time\" \/>\n\t<meta name=\"twitter:data2\" content=\"1 minuta\" \/>\n<script type=\"application\/ld+json\" class=\"yoast-schema-graph\">{\"@context\":\"https:\/\/schema.org\",\"@graph\":[{\"@type\":\"Article\",\"@id\":\"https:\/\/sandzakpress.net\/arhiva\/najmanje-16-mrtvih-u-pakistanu\/#article\",\"isPartOf\":{\"@id\":\"https:\/\/sandzakpress.net\/arhiva\/najmanje-16-mrtvih-u-pakistanu\/\"},\"author\":{\"name\":\"bosniak\",\"@id\":\"https:\/\/sandzakpress.net\/arhiva\/#\/schema\/person\/c8baee722073534b583ea7bdb2e36c02\"},\"headline\":\"Najmanje 16 mrtvih u Pakistanu\",\"datePublished\":\"2010-02-01T14:24:12+00:00\",\"mainEntityOfPage\":{\"@id\":\"https:\/\/sandzakpress.net\/arhiva\/najmanje-16-mrtvih-u-pakistanu\/\"},\"wordCount\":162,\"commentCount\":0,\"publisher\":{\"@id\":\"https:\/\/sandzakpress.net\/arhiva\/#\/schema\/person\/6e72b67d6e51910a1117b3b483ba20bd\"},\"image\":{\"@id\":\"https:\/\/sandzakpress.net\/arhiva\/najmanje-16-mrtvih-u-pakistanu\/#primaryimage\"},\"thumbnailUrl\":\"https:\/\/sandzakpress.net\/arhiva\/wp-content\/uploads\/2010\/02\/8790_pakistan-napad-afp_f.jpg\",\"articleSection\":[\"Svijet\"],\"inLanguage\":\"bs-BA\",\"potentialAction\":[{\"@type\":\"CommentAction\",\"name\":\"Comment\",\"target\":[\"https:\/\/sandzakpress.net\/arhiva\/najmanje-16-mrtvih-u-pakistanu\/#respond\"]}]},{\"@type\":\"WebPage\",\"@id\":\"https:\/\/sandzakpress.net\/arhiva\/najmanje-16-mrtvih-u-pakistanu\/\",\"url\":\"https:\/\/sandzakpress.net\/arhiva\/najmanje-16-mrtvih-u-pakistanu\/\",\"name\":\"Najmanje 16 mrtvih u Pakistanu\",\"isPartOf\":{\"@id\":\"https:\/\/sandzakpress.net\/arhiva\/#website\"},\"primaryImageOfPage\":{\"@id\":\"https:\/\/sandzakpress.net\/arhiva\/najmanje-16-mrtvih-u-pakistanu\/#primaryimage\"},\"image\":{\"@id\":\"https:\/\/sandzakpress.net\/arhiva\/najmanje-16-mrtvih-u-pakistanu\/#primaryimage\"},\"thumbnailUrl\":\"https:\/\/sandzakpress.net\/arhiva\/wp-content\/uploads\/2010\/02\/8790_pakistan-napad-afp_f.jpg\",\"datePublished\":\"2010-02-01T14:24:12+00:00\",\"breadcrumb\":{\"@id\":\"https:\/\/sandzakpress.net\/arhiva\/najmanje-16-mrtvih-u-pakistanu\/#breadcrumb\"},\"inLanguage\":\"bs-BA\",\"potentialAction\":[{\"@type\":\"ReadAction\",\"target\":[\"https:\/\/sandzakpress.net\/arhiva\/najmanje-16-mrtvih-u-pakistanu\/\"]}]},{\"@type\":\"ImageObject\",\"inLanguage\":\"bs-BA\",\"@id\":\"https:\/\/sandzakpress.net\/arhiva\/najmanje-16-mrtvih-u-pakistanu\/#primaryimage\",\"url\":\"https:\/\/sandzakpress.net\/arhiva\/wp-content\/uploads\/2010\/02\/8790_pakistan-napad-afp_f.jpg\",\"contentUrl\":\"https:\/\/sandzakpress.net\/arhiva\/wp-content\/uploads\/2010\/02\/8790_pakistan-napad-afp_f.jpg\",\"width\":470,\"height\":270},{\"@type\":\"BreadcrumbList\",\"@id\":\"https:\/\/sandzakpress.net\/arhiva\/najmanje-16-mrtvih-u-pakistanu\/#breadcrumb\",\"itemListElement\":[{\"@type\":\"ListItem\",\"position\":1,\"name\":\"Home\",\"item\":\"https:\/\/sandzakpress.net\/arhiva\/\"},{\"@type\":\"ListItem\",\"position\":2,\"name\":\"Najmanje 16 mrtvih u Pakistanu\"}]},{\"@type\":\"WebSite\",\"@id\":\"https:\/\/sandzakpress.net\/arhiva\/#website\",\"url\":\"https:\/\/sandzakpress.net\/arhiva\/\",\"name\":\"Sand\u017eak PRESS\",\"description\":\"Prve elektronske novine u Sand\u017eaku\",\"publisher\":{\"@id\":\"https:\/\/sandzakpress.net\/arhiva\/#\/schema\/person\/6e72b67d6e51910a1117b3b483ba20bd\"},\"potentialAction\":[{\"@type\":\"SearchAction\",\"target\":{\"@type\":\"EntryPoint\",\"urlTemplate\":\"https:\/\/sandzakpress.net\/arhiva\/?s={search_term_string}\"},\"query-input\":{\"@type\":\"PropertyValueSpecification\",\"valueRequired\":true,\"valueName\":\"search_term_string\"}}],\"inLanguage\":\"bs-BA\"},{\"@type\":[\"Person\",\"Organization\"],\"@id\":\"https:\/\/sandzakpress.net\/arhiva\/#\/schema\/person\/6e72b67d6e51910a1117b3b483ba20bd\",\"name\":\"Kul\",\"image\":{\"@type\":\"ImageObject\",\"inLanguage\":\"bs-BA\",\"@id\":\"https:\/\/sandzakpress.net\/arhiva\/#\/schema\/person\/image\/\",\"url\":\"https:\/\/secure.gravatar.com\/avatar\/42263f39aa27ac04c43cab85c280eb2e?s=96&d=mm&r=pg\",\"contentUrl\":\"https:\/\/secure.gravatar.com\/avatar\/42263f39aa27ac04c43cab85c280eb2e?s=96&d=mm&r=pg\",\"caption\":\"Kul\"},\"logo\":{\"@id\":\"https:\/\/sandzakpress.net\/arhiva\/#\/schema\/person\/image\/\"}},{\"@type\":\"Person\",\"@id\":\"https:\/\/sandzakpress.net\/arhiva\/#\/schema\/person\/c8baee722073534b583ea7bdb2e36c02\",\"name\":\"bosniak\",\"image\":{\"@type\":\"ImageObject\",\"inLanguage\":\"bs-BA\",\"@id\":\"https:\/\/sandzakpress.net\/arhiva\/#\/schema\/person\/image\/\",\"url\":\"https:\/\/secure.gravatar.com\/avatar\/a04fd330bfe3a36a72a0ad4a6d89fca7?s=96&d=mm&r=pg\",\"contentUrl\":\"https:\/\/secure.gravatar.com\/avatar\/a04fd330bfe3a36a72a0ad4a6d89fca7?s=96&d=mm&r=pg\",\"caption\":\"bosniak\"},\"url\":\"https:\/\/sandzakpress.net\/arhiva\/author\/bosniak\/\"}]}<\/script>\n<!-- \/ Yoast SEO Premium plugin. -->","yoast_head_json":{"title":"Najmanje 16 mrtvih u Pakistanu","robots":{"index":"index","follow":"follow","max-snippet":"max-snippet:-1","max-image-preview":"max-image-preview:large","max-video-preview":"max-video-preview:-1"},"canonical":"https:\/\/sandzakpress.net\/arhiva\/najmanje-16-mrtvih-u-pakistanu\/","og_locale":"bs_BA","og_type":"article","og_title":"Najmanje 16 mrtvih u Pakistanu","og_description":"Pakistan &#8211; Najmanje 16 ljudi je ubijeno u sukobu pakistanskih snaga i talibanskih pobunjenika kada su pobunjenici napali vojni punkt i konvoj na sevjerozapadu Pakistana. Pakistanske snage su proteklih dana intenzivirale napade na pripadnike Al Kaide u Bad\u017eauru, plemenskoj oblasti na granici s Avganistanom. Najnoviji sukob izbio je ju\u010der po podne u pobunjeni\u010dkom upori\u0161tu Vara [&hellip;]","og_url":"https:\/\/sandzakpress.net\/arhiva\/najmanje-16-mrtvih-u-pakistanu\/","og_site_name":"Sand\u017eak PRESS","article_published_time":"2010-02-01T14:24:12+00:00","og_image":[{"width":470,"height":270,"url":"https:\/\/sandzakpress.net\/arhiva\/wp-content\/uploads\/2010\/02\/8790_pakistan-napad-afp_f.jpg","type":"image\/jpeg"}],"author":"bosniak","twitter_card":"summary_large_image","twitter_misc":{"Written by":"bosniak","Est. reading time":"1 minuta"},"schema":{"@context":"https:\/\/schema.org","@graph":[{"@type":"Article","@id":"https:\/\/sandzakpress.net\/arhiva\/najmanje-16-mrtvih-u-pakistanu\/#article","isPartOf":{"@id":"https:\/\/sandzakpress.net\/arhiva\/najmanje-16-mrtvih-u-pakistanu\/"},"author":{"name":"bosniak","@id":"https:\/\/sandzakpress.net\/arhiva\/#\/schema\/person\/c8baee722073534b583ea7bdb2e36c02"},"headline":"Najmanje 16 mrtvih u Pakistanu","datePublished":"2010-02-01T14:24:12+00:00","mainEntityOfPage":{"@id":"https:\/\/sandzakpress.net\/arhiva\/najmanje-16-mrtvih-u-pakistanu\/"},"wordCount":162,"commentCount":0,"publisher":{"@id":"https:\/\/sandzakpress.net\/arhiva\/#\/schema\/person\/6e72b67d6e51910a1117b3b483ba20bd"},"image":{"@id":"https:\/\/sandzakpress.net\/arhiva\/najmanje-16-mrtvih-u-pakistanu\/#primaryimage"},"thumbnailUrl":"https:\/\/sandzakpress.net\/arhiva\/wp-content\/uploads\/2010\/02\/8790_pakistan-napad-afp_f.jpg","articleSection":["Svijet"],"inLanguage":"bs-BA","potentialAction":[{"@type":"CommentAction","name":"Comment","target":["https:\/\/sandzakpress.net\/arhiva\/najmanje-16-mrtvih-u-pakistanu\/#respond"]}]},{"@type":"WebPage","@id":"https:\/\/sandzakpress.net\/arhiva\/najmanje-16-mrtvih-u-pakistanu\/","url":"https:\/\/sandzakpress.net\/arhiva\/najmanje-16-mrtvih-u-pakistanu\/","name":"Najmanje 16 mrtvih u Pakistanu","isPartOf":{"@id":"https:\/\/sandzakpress.net\/arhiva\/#website"},"primaryImageOfPage":{"@id":"https:\/\/sandzakpress.net\/arhiva\/najmanje-16-mrtvih-u-pakistanu\/#primaryimage"},"image":{"@id":"https:\/\/sandzakpress.net\/arhiva\/najmanje-16-mrtvih-u-pakistanu\/#primaryimage"},"thumbnailUrl":"https:\/\/sandzakpress.net\/arhiva\/wp-content\/uploads\/2010\/02\/8790_pakistan-napad-afp_f.jpg","datePublished":"2010-02-01T14:24:12+00:00","breadcrumb":{"@id":"https:\/\/sandzakpress.net\/arhiva\/najmanje-16-mrtvih-u-pakistanu\/#breadcrumb"},"inLanguage":"bs-BA","potentialAction":[{"@type":"ReadAction","target":["https:\/\/sandzakpress.net\/arhiva\/najmanje-16-mrtvih-u-pakistanu\/"]}]},{"@type":"ImageObject","inLanguage":"bs-BA","@id":"https:\/\/sandzakpress.net\/arhiva\/najmanje-16-mrtvih-u-pakistanu\/#primaryimage","url":"https:\/\/sandzakpress.net\/arhiva\/wp-content\/uploads\/2010\/02\/8790_pakistan-napad-afp_f.jpg","contentUrl":"https:\/\/sandzakpress.net\/arhiva\/wp-content\/uploads\/2010\/02\/8790_pakistan-napad-afp_f.jpg","width":470,"height":270},{"@type":"BreadcrumbList","@id":"https:\/\/sandzakpress.net\/arhiva\/najmanje-16-mrtvih-u-pakistanu\/#breadcrumb","itemListElement":[{"@type":"ListItem","position":1,"name":"Home","item":"https:\/\/sandzakpress.net\/arhiva\/"},{"@type":"ListItem","position":2,"name":"Najmanje 16 mrtvih u Pakistanu"}]},{"@type":"WebSite","@id":"https:\/\/sandzakpress.net\/arhiva\/#website","url":"https:\/\/sandzakpress.net\/arhiva\/","name":"Sand\u017eak PRESS","description":"Prve elektronske novine u Sand\u017eaku","publisher":{"@id":"https:\/\/sandzakpress.net\/arhiva\/#\/schema\/person\/6e72b67d6e51910a1117b3b483ba20bd"},"potentialAction":[{"@type":"SearchAction","target":{"@type":"EntryPoint","urlTemplate":"https:\/\/sandzakpress.net\/arhiva\/?s={search_term_string}"},"query-input":{"@type":"PropertyValueSpecification","valueRequired":true,"valueName":"search_term_string"}}],"inLanguage":"bs-BA"},{"@type":["Person","Organization"],"@id":"https:\/\/sandzakpress.net\/arhiva\/#\/schema\/person\/6e72b67d6e51910a1117b3b483ba20bd","name":"Kul","image":{"@type":"ImageObject","inLanguage":"bs-BA","@id":"https:\/\/sandzakpress.net\/arhiva\/#\/schema\/person\/image\/","url":"https:\/\/secure.gravatar.com\/avatar\/42263f39aa27ac04c43cab85c280eb2e?s=96&d=mm&r=pg","contentUrl":"https:\/\/secure.gravatar.com\/avatar\/42263f39aa27ac04c43cab85c280eb2e?s=96&d=mm&r=pg","caption":"Kul"},"logo":{"@id":"https:\/\/sandzakpress.net\/arhiva\/#\/schema\/person\/image\/"}},{"@type":"Person","@id":"https:\/\/sandzakpress.net\/arhiva\/#\/schema\/person\/c8baee722073534b583ea7bdb2e36c02","name":"bosniak","image":{"@type":"ImageObject","inLanguage":"bs-BA","@id":"https:\/\/sandzakpress.net\/arhiva\/#\/schema\/person\/image\/","url":"https:\/\/secure.gravatar.com\/avatar\/a04fd330bfe3a36a72a0ad4a6d89fca7?s=96&d=mm&r=pg","contentUrl":"https:\/\/secure.gravatar.com\/avatar\/a04fd330bfe3a36a72a0ad4a6d89fca7?s=96&d=mm&r=pg","caption":"bosniak"},"url":"https:\/\/sandzakpress.net\/arhiva\/author\/bosniak\/"}]}},"_links":{"self":[{"href":"https:\/\/sandzakpress.net\/arhiva\/wp-json\/wp\/v2\/posts\/1895"}],"collection":[{"href":"https:\/\/sandzakpress.net\/arhiva\/wp-json\/wp\/v2\/posts"}],"about":[{"href":"https:\/\/sandzakpress.net\/arhiva\/wp-json\/wp\/v2\/types\/post"}],"author":[{"embeddable":true,"href":"https:\/\/sandzakpress.net\/arhiva\/wp-json\/wp\/v2\/users\/83"}],"replies":[{"embeddable":true,"href":"https:\/\/sandzakpress.net\/arhiva\/wp-json\/wp\/v2\/comments?post=1895"}],"version-history":[{"count":0,"href":"https:\/\/sandzakpress.net\/arhiva\/wp-json\/wp\/v2\/posts\/1895\/revisions"}],"wp:featuredmedia":[{"embeddable":true,"href":"https:\/\/sandzakpress.net\/arhiva\/wp-json\/wp\/v2\/media\/1896"}],"wp:attachment":[{"href":"https:\/\/sandzakpress.net\/arhiva\/wp-json\/wp\/v2\/media?parent=1895"}],"wp:term":[{"taxonomy":"category","embeddable":true,"href":"https:\/\/sandzakpress.net\/arhiva\/wp-json\/wp\/v2\/categories?post=1895"},{"taxonomy":"post_tag","embeddable":true,"href":"https:\/\/sandzakpress.net\/arhiva\/wp-json\/wp\/v2\/tags?post=1895"}],"curies":[{"name":"wp","href":"https:\/\/api.w.org\/{rel}","templated":true}]}}