{"id":189418,"date":"2017-06-20T12:54:39","date_gmt":"2017-06-20T10:54:39","guid":{"rendered":"https:\/\/sandzakpress.net\/arhiva\/?p=189418"},"modified":"2017-06-20T13:17:58","modified_gmt":"2017-06-20T11:17:58","slug":"i-turski-ambasador-dobio-drevnu-bosnu","status":"publish","type":"post","link":"https:\/\/sandzakpress.net\/arhiva\/i-turski-ambasador-dobio-drevnu-bosnu\/","title":{"rendered":"I turski ambasador dobio \u201cDrevnu Bosnu\u201d"},"content":{"rendered":"<p><img decoding=\"async\" src=\"http:\/\/sanapress.info\/wp-content\/uploads\/2017\/06\/1-5.jpg\" \/><\/p>\n<p><strong>Prilikom iftara uprili\u010denog za vjerske i politi\u010dke predstavnike muslimana u Srbiji u rezidenciji njegove ekselencije na Senjaku, ambasadoru Republike Turske Tan\u017eu Bilgi\u0107u u Beogradu, narodni poslanik Muamer Zukorli\u0107 uru\u010dio je knjigu &#8220;Drevna Bosna&#8221;<\/strong>.<\/p>\n<p>Zukorli\u0107 je tom prilikom istakao da je ovim istra\u017eivanjem spoznao dubinu korijena i bogatstvo zajedni\u010dke kulture balkanskih naroda i prije dolaska Osmanlija na ove prostore.<\/p>\n<p><img loading=\"lazy\" decoding=\"async\" class=\"size-full wp-image-31500 aligncenter\" src=\"http:\/\/sanapress.info\/wp-content\/uploads\/2017\/06\/2-4.jpg\" sizes=\"(max-width: 640px) 100vw, 640px\" srcset=\"http:\/\/sanapress.info\/wp-content\/uploads\/2017\/06\/2-4.jpg 640w, http:\/\/sanapress.info\/wp-content\/uploads\/2017\/06\/2-4-300x225.jpg 300w\" alt=\"\" width=\"640\" height=\"480\" \/> <img loading=\"lazy\" decoding=\"async\" class=\" wp-image-31501 aligncenter\" src=\"http:\/\/sanapress.info\/wp-content\/uploads\/2017\/06\/3-3.jpg\" sizes=\"(max-width: 951px) 100vw, 951px\" srcset=\"http:\/\/sanapress.info\/wp-content\/uploads\/2017\/06\/3-3.jpg 951w, http:\/\/sanapress.info\/wp-content\/uploads\/2017\/06\/3-3-300x248.jpg 300w, http:\/\/sanapress.info\/wp-content\/uploads\/2017\/06\/3-3-768x636.jpg 768w\" alt=\"\" width=\"640\" height=\"569\" \/><\/p>\n","protected":false},"excerpt":{"rendered":"<p>Prilikom iftara uprili\u010denog za vjerske i politi\u010dke predstavnike muslimana u Srbiji u rezidenciji njegove ekselencije na Senjaku, ambasadoru Republike Turske Tan\u017eu Bilgi\u0107u u Beogradu, narodni poslanik Muamer Zukorli\u0107 uru\u010dio je knjigu &#8220;Drevna Bosna&#8221;. Zukorli\u0107 je tom prilikom istakao da je ovim istra\u017eivanjem spoznao dubinu korijena i bogatstvo zajedni\u010dke kulture balkanskih naroda i prije dolaska Osmanlija [&hellip;]<\/p>\n","protected":false},"author":509,"featured_media":189421,"comment_status":"open","ping_status":"open","sticky":false,"template":"","format":"standard","meta":{"footnotes":""},"categories":[72,800,8957,2692],"tags":[10204],"class_list":{"0":"post-189418","1":"post","2":"type-post","3":"status-publish","4":"format-standard","5":"has-post-thumbnail","7":"category-novi-pazar","8":"category-nacija","9":"category-vijesti-dana","10":"category-turska-gradovi","11":"tag-muftija-muamer-zukorlic"},"yoast_head":"<!-- This site is optimized with the Yoast SEO Premium plugin v23.1 (Yoast SEO v24.9) - https:\/\/yoast.com\/wordpress\/plugins\/seo\/ -->\n<title>I turski ambasador dobio \u201cDrevnu Bosnu\u201d<\/title>\n<meta name=\"robots\" content=\"index, follow, max-snippet:-1, max-image-preview:large, max-video-preview:-1\" \/>\n<link rel=\"canonical\" href=\"https:\/\/sandzakpress.net\/arhiva\/i-turski-ambasador-dobio-drevnu-bosnu\/\" \/>\n<meta property=\"og:locale\" content=\"bs_BA\" \/>\n<meta property=\"og:type\" content=\"article\" \/>\n<meta property=\"og:title\" content=\"I turski ambasador dobio \u201cDrevnu Bosnu\u201d\" \/>\n<meta property=\"og:description\" content=\"Prilikom iftara uprili\u010denog za vjerske i politi\u010dke predstavnike muslimana u Srbiji u rezidenciji njegove ekselencije na Senjaku, ambasadoru Republike Turske Tan\u017eu Bilgi\u0107u u Beogradu, narodni poslanik Muamer Zukorli\u0107 uru\u010dio je knjigu &#8220;Drevna Bosna&#8221;. Zukorli\u0107 je tom prilikom istakao da je ovim istra\u017eivanjem spoznao dubinu korijena i bogatstvo zajedni\u010dke kulture balkanskih naroda i prije dolaska Osmanlija [&hellip;]\" \/>\n<meta property=\"og:url\" content=\"https:\/\/sandzakpress.net\/arhiva\/i-turski-ambasador-dobio-drevnu-bosnu\/\" \/>\n<meta property=\"og:site_name\" content=\"Sand\u017eak PRESS\" \/>\n<meta property=\"article:published_time\" content=\"2017-06-20T10:54:39+00:00\" \/>\n<meta property=\"article:modified_time\" content=\"2017-06-20T11:17:58+00:00\" \/>\n<meta property=\"og:image\" content=\"https:\/\/sandzakpress.net\/arhiva\/wp-content\/uploads\/2017\/06\/1-7.jpg\" \/>\n\t<meta property=\"og:image:width\" content=\"822\" \/>\n\t<meta property=\"og:image:height\" content=\"427\" \/>\n\t<meta property=\"og:image:type\" content=\"image\/jpeg\" \/>\n<meta name=\"author\" content=\"Agencija\" \/>\n<meta name=\"twitter:card\" content=\"summary_large_image\" \/>\n<meta name=\"twitter:label1\" content=\"Written by\" \/>\n\t<meta name=\"twitter:data1\" content=\"Agencija\" \/>\n<script type=\"application\/ld+json\" class=\"yoast-schema-graph\">{\"@context\":\"https:\/\/schema.org\",\"@graph\":[{\"@type\":\"Article\",\"@id\":\"https:\/\/sandzakpress.net\/arhiva\/i-turski-ambasador-dobio-drevnu-bosnu\/#article\",\"isPartOf\":{\"@id\":\"https:\/\/sandzakpress.net\/arhiva\/i-turski-ambasador-dobio-drevnu-bosnu\/\"},\"author\":{\"name\":\"Agencija\",\"@id\":\"https:\/\/sandzakpress.net\/arhiva\/#\/schema\/person\/cb59d7e3ab91ab90dd680ad0305a6185\"},\"headline\":\"I turski ambasador dobio \u201cDrevnu Bosnu\u201d\",\"datePublished\":\"2017-06-20T10:54:39+00:00\",\"dateModified\":\"2017-06-20T11:17:58+00:00\",\"mainEntityOfPage\":{\"@id\":\"https:\/\/sandzakpress.net\/arhiva\/i-turski-ambasador-dobio-drevnu-bosnu\/\"},\"wordCount\":71,\"commentCount\":4,\"publisher\":{\"@id\":\"https:\/\/sandzakpress.net\/arhiva\/#\/schema\/person\/6e72b67d6e51910a1117b3b483ba20bd\"},\"image\":{\"@id\":\"https:\/\/sandzakpress.net\/arhiva\/i-turski-ambasador-dobio-drevnu-bosnu\/#primaryimage\"},\"thumbnailUrl\":\"https:\/\/sandzakpress.net\/arhiva\/wp-content\/uploads\/2017\/06\/1-7.jpg\",\"keywords\":[\"muftija Muamer Zukorli\u0107\"],\"articleSection\":[\"Novi Pazar\",\"Nacija\",\"VIJESTI DANA\",\"Turska\"],\"inLanguage\":\"bs-BA\",\"potentialAction\":[{\"@type\":\"CommentAction\",\"name\":\"Comment\",\"target\":[\"https:\/\/sandzakpress.net\/arhiva\/i-turski-ambasador-dobio-drevnu-bosnu\/#respond\"]}]},{\"@type\":\"WebPage\",\"@id\":\"https:\/\/sandzakpress.net\/arhiva\/i-turski-ambasador-dobio-drevnu-bosnu\/\",\"url\":\"https:\/\/sandzakpress.net\/arhiva\/i-turski-ambasador-dobio-drevnu-bosnu\/\",\"name\":\"I turski ambasador dobio \u201cDrevnu Bosnu\u201d\",\"isPartOf\":{\"@id\":\"https:\/\/sandzakpress.net\/arhiva\/#website\"},\"primaryImageOfPage\":{\"@id\":\"https:\/\/sandzakpress.net\/arhiva\/i-turski-ambasador-dobio-drevnu-bosnu\/#primaryimage\"},\"image\":{\"@id\":\"https:\/\/sandzakpress.net\/arhiva\/i-turski-ambasador-dobio-drevnu-bosnu\/#primaryimage\"},\"thumbnailUrl\":\"https:\/\/sandzakpress.net\/arhiva\/wp-content\/uploads\/2017\/06\/1-7.jpg\",\"datePublished\":\"2017-06-20T10:54:39+00:00\",\"dateModified\":\"2017-06-20T11:17:58+00:00\",\"breadcrumb\":{\"@id\":\"https:\/\/sandzakpress.net\/arhiva\/i-turski-ambasador-dobio-drevnu-bosnu\/#breadcrumb\"},\"inLanguage\":\"bs-BA\",\"potentialAction\":[{\"@type\":\"ReadAction\",\"target\":[\"https:\/\/sandzakpress.net\/arhiva\/i-turski-ambasador-dobio-drevnu-bosnu\/\"]}]},{\"@type\":\"ImageObject\",\"inLanguage\":\"bs-BA\",\"@id\":\"https:\/\/sandzakpress.net\/arhiva\/i-turski-ambasador-dobio-drevnu-bosnu\/#primaryimage\",\"url\":\"https:\/\/sandzakpress.net\/arhiva\/wp-content\/uploads\/2017\/06\/1-7.jpg\",\"contentUrl\":\"https:\/\/sandzakpress.net\/arhiva\/wp-content\/uploads\/2017\/06\/1-7.jpg\",\"width\":822,\"height\":427},{\"@type\":\"BreadcrumbList\",\"@id\":\"https:\/\/sandzakpress.net\/arhiva\/i-turski-ambasador-dobio-drevnu-bosnu\/#breadcrumb\",\"itemListElement\":[{\"@type\":\"ListItem\",\"position\":1,\"name\":\"Home\",\"item\":\"https:\/\/sandzakpress.net\/arhiva\/\"},{\"@type\":\"ListItem\",\"position\":2,\"name\":\"I turski ambasador dobio \u201cDrevnu Bosnu\u201d\"}]},{\"@type\":\"WebSite\",\"@id\":\"https:\/\/sandzakpress.net\/arhiva\/#website\",\"url\":\"https:\/\/sandzakpress.net\/arhiva\/\",\"name\":\"Sand\u017eak PRESS\",\"description\":\"Prve elektronske novine u Sand\u017eaku\",\"publisher\":{\"@id\":\"https:\/\/sandzakpress.net\/arhiva\/#\/schema\/person\/6e72b67d6e51910a1117b3b483ba20bd\"},\"potentialAction\":[{\"@type\":\"SearchAction\",\"target\":{\"@type\":\"EntryPoint\",\"urlTemplate\":\"https:\/\/sandzakpress.net\/arhiva\/?s={search_term_string}\"},\"query-input\":{\"@type\":\"PropertyValueSpecification\",\"valueRequired\":true,\"valueName\":\"search_term_string\"}}],\"inLanguage\":\"bs-BA\"},{\"@type\":[\"Person\",\"Organization\"],\"@id\":\"https:\/\/sandzakpress.net\/arhiva\/#\/schema\/person\/6e72b67d6e51910a1117b3b483ba20bd\",\"name\":\"Kul\",\"image\":{\"@type\":\"ImageObject\",\"inLanguage\":\"bs-BA\",\"@id\":\"https:\/\/sandzakpress.net\/arhiva\/#\/schema\/person\/image\/\",\"url\":\"https:\/\/secure.gravatar.com\/avatar\/42263f39aa27ac04c43cab85c280eb2e?s=96&d=mm&r=pg\",\"contentUrl\":\"https:\/\/secure.gravatar.com\/avatar\/42263f39aa27ac04c43cab85c280eb2e?s=96&d=mm&r=pg\",\"caption\":\"Kul\"},\"logo\":{\"@id\":\"https:\/\/sandzakpress.net\/arhiva\/#\/schema\/person\/image\/\"}},{\"@type\":\"Person\",\"@id\":\"https:\/\/sandzakpress.net\/arhiva\/#\/schema\/person\/cb59d7e3ab91ab90dd680ad0305a6185\",\"name\":\"Agencija\",\"image\":{\"@type\":\"ImageObject\",\"inLanguage\":\"bs-BA\",\"@id\":\"https:\/\/sandzakpress.net\/arhiva\/#\/schema\/person\/image\/\",\"url\":\"https:\/\/secure.gravatar.com\/avatar\/4b7fafa80a22f0c2afe23966b3961fe0?s=96&d=mm&r=pg\",\"contentUrl\":\"https:\/\/secure.gravatar.com\/avatar\/4b7fafa80a22f0c2afe23966b3961fe0?s=96&d=mm&r=pg\",\"caption\":\"Agencija\"},\"url\":\"https:\/\/sandzakpress.net\/arhiva\/author\/agencija\/\"}]}<\/script>\n<!-- \/ Yoast SEO Premium plugin. -->","yoast_head_json":{"title":"I turski ambasador dobio \u201cDrevnu Bosnu\u201d","robots":{"index":"index","follow":"follow","max-snippet":"max-snippet:-1","max-image-preview":"max-image-preview:large","max-video-preview":"max-video-preview:-1"},"canonical":"https:\/\/sandzakpress.net\/arhiva\/i-turski-ambasador-dobio-drevnu-bosnu\/","og_locale":"bs_BA","og_type":"article","og_title":"I turski ambasador dobio \u201cDrevnu Bosnu\u201d","og_description":"Prilikom iftara uprili\u010denog za vjerske i politi\u010dke predstavnike muslimana u Srbiji u rezidenciji njegove ekselencije na Senjaku, ambasadoru Republike Turske Tan\u017eu Bilgi\u0107u u Beogradu, narodni poslanik Muamer Zukorli\u0107 uru\u010dio je knjigu &#8220;Drevna Bosna&#8221;. Zukorli\u0107 je tom prilikom istakao da je ovim istra\u017eivanjem spoznao dubinu korijena i bogatstvo zajedni\u010dke kulture balkanskih naroda i prije dolaska Osmanlija [&hellip;]","og_url":"https:\/\/sandzakpress.net\/arhiva\/i-turski-ambasador-dobio-drevnu-bosnu\/","og_site_name":"Sand\u017eak PRESS","article_published_time":"2017-06-20T10:54:39+00:00","article_modified_time":"2017-06-20T11:17:58+00:00","og_image":[{"width":822,"height":427,"url":"https:\/\/sandzakpress.net\/arhiva\/wp-content\/uploads\/2017\/06\/1-7.jpg","type":"image\/jpeg"}],"author":"Agencija","twitter_card":"summary_large_image","twitter_misc":{"Written by":"Agencija"},"schema":{"@context":"https:\/\/schema.org","@graph":[{"@type":"Article","@id":"https:\/\/sandzakpress.net\/arhiva\/i-turski-ambasador-dobio-drevnu-bosnu\/#article","isPartOf":{"@id":"https:\/\/sandzakpress.net\/arhiva\/i-turski-ambasador-dobio-drevnu-bosnu\/"},"author":{"name":"Agencija","@id":"https:\/\/sandzakpress.net\/arhiva\/#\/schema\/person\/cb59d7e3ab91ab90dd680ad0305a6185"},"headline":"I turski ambasador dobio \u201cDrevnu Bosnu\u201d","datePublished":"2017-06-20T10:54:39+00:00","dateModified":"2017-06-20T11:17:58+00:00","mainEntityOfPage":{"@id":"https:\/\/sandzakpress.net\/arhiva\/i-turski-ambasador-dobio-drevnu-bosnu\/"},"wordCount":71,"commentCount":4,"publisher":{"@id":"https:\/\/sandzakpress.net\/arhiva\/#\/schema\/person\/6e72b67d6e51910a1117b3b483ba20bd"},"image":{"@id":"https:\/\/sandzakpress.net\/arhiva\/i-turski-ambasador-dobio-drevnu-bosnu\/#primaryimage"},"thumbnailUrl":"https:\/\/sandzakpress.net\/arhiva\/wp-content\/uploads\/2017\/06\/1-7.jpg","keywords":["muftija Muamer Zukorli\u0107"],"articleSection":["Novi Pazar","Nacija","VIJESTI DANA","Turska"],"inLanguage":"bs-BA","potentialAction":[{"@type":"CommentAction","name":"Comment","target":["https:\/\/sandzakpress.net\/arhiva\/i-turski-ambasador-dobio-drevnu-bosnu\/#respond"]}]},{"@type":"WebPage","@id":"https:\/\/sandzakpress.net\/arhiva\/i-turski-ambasador-dobio-drevnu-bosnu\/","url":"https:\/\/sandzakpress.net\/arhiva\/i-turski-ambasador-dobio-drevnu-bosnu\/","name":"I turski ambasador dobio \u201cDrevnu Bosnu\u201d","isPartOf":{"@id":"https:\/\/sandzakpress.net\/arhiva\/#website"},"primaryImageOfPage":{"@id":"https:\/\/sandzakpress.net\/arhiva\/i-turski-ambasador-dobio-drevnu-bosnu\/#primaryimage"},"image":{"@id":"https:\/\/sandzakpress.net\/arhiva\/i-turski-ambasador-dobio-drevnu-bosnu\/#primaryimage"},"thumbnailUrl":"https:\/\/sandzakpress.net\/arhiva\/wp-content\/uploads\/2017\/06\/1-7.jpg","datePublished":"2017-06-20T10:54:39+00:00","dateModified":"2017-06-20T11:17:58+00:00","breadcrumb":{"@id":"https:\/\/sandzakpress.net\/arhiva\/i-turski-ambasador-dobio-drevnu-bosnu\/#breadcrumb"},"inLanguage":"bs-BA","potentialAction":[{"@type":"ReadAction","target":["https:\/\/sandzakpress.net\/arhiva\/i-turski-ambasador-dobio-drevnu-bosnu\/"]}]},{"@type":"ImageObject","inLanguage":"bs-BA","@id":"https:\/\/sandzakpress.net\/arhiva\/i-turski-ambasador-dobio-drevnu-bosnu\/#primaryimage","url":"https:\/\/sandzakpress.net\/arhiva\/wp-content\/uploads\/2017\/06\/1-7.jpg","contentUrl":"https:\/\/sandzakpress.net\/arhiva\/wp-content\/uploads\/2017\/06\/1-7.jpg","width":822,"height":427},{"@type":"BreadcrumbList","@id":"https:\/\/sandzakpress.net\/arhiva\/i-turski-ambasador-dobio-drevnu-bosnu\/#breadcrumb","itemListElement":[{"@type":"ListItem","position":1,"name":"Home","item":"https:\/\/sandzakpress.net\/arhiva\/"},{"@type":"ListItem","position":2,"name":"I turski ambasador dobio \u201cDrevnu Bosnu\u201d"}]},{"@type":"WebSite","@id":"https:\/\/sandzakpress.net\/arhiva\/#website","url":"https:\/\/sandzakpress.net\/arhiva\/","name":"Sand\u017eak PRESS","description":"Prve elektronske novine u Sand\u017eaku","publisher":{"@id":"https:\/\/sandzakpress.net\/arhiva\/#\/schema\/person\/6e72b67d6e51910a1117b3b483ba20bd"},"potentialAction":[{"@type":"SearchAction","target":{"@type":"EntryPoint","urlTemplate":"https:\/\/sandzakpress.net\/arhiva\/?s={search_term_string}"},"query-input":{"@type":"PropertyValueSpecification","valueRequired":true,"valueName":"search_term_string"}}],"inLanguage":"bs-BA"},{"@type":["Person","Organization"],"@id":"https:\/\/sandzakpress.net\/arhiva\/#\/schema\/person\/6e72b67d6e51910a1117b3b483ba20bd","name":"Kul","image":{"@type":"ImageObject","inLanguage":"bs-BA","@id":"https:\/\/sandzakpress.net\/arhiva\/#\/schema\/person\/image\/","url":"https:\/\/secure.gravatar.com\/avatar\/42263f39aa27ac04c43cab85c280eb2e?s=96&d=mm&r=pg","contentUrl":"https:\/\/secure.gravatar.com\/avatar\/42263f39aa27ac04c43cab85c280eb2e?s=96&d=mm&r=pg","caption":"Kul"},"logo":{"@id":"https:\/\/sandzakpress.net\/arhiva\/#\/schema\/person\/image\/"}},{"@type":"Person","@id":"https:\/\/sandzakpress.net\/arhiva\/#\/schema\/person\/cb59d7e3ab91ab90dd680ad0305a6185","name":"Agencija","image":{"@type":"ImageObject","inLanguage":"bs-BA","@id":"https:\/\/sandzakpress.net\/arhiva\/#\/schema\/person\/image\/","url":"https:\/\/secure.gravatar.com\/avatar\/4b7fafa80a22f0c2afe23966b3961fe0?s=96&d=mm&r=pg","contentUrl":"https:\/\/secure.gravatar.com\/avatar\/4b7fafa80a22f0c2afe23966b3961fe0?s=96&d=mm&r=pg","caption":"Agencija"},"url":"https:\/\/sandzakpress.net\/arhiva\/author\/agencija\/"}]}},"_links":{"self":[{"href":"https:\/\/sandzakpress.net\/arhiva\/wp-json\/wp\/v2\/posts\/189418"}],"collection":[{"href":"https:\/\/sandzakpress.net\/arhiva\/wp-json\/wp\/v2\/posts"}],"about":[{"href":"https:\/\/sandzakpress.net\/arhiva\/wp-json\/wp\/v2\/types\/post"}],"author":[{"embeddable":true,"href":"https:\/\/sandzakpress.net\/arhiva\/wp-json\/wp\/v2\/users\/509"}],"replies":[{"embeddable":true,"href":"https:\/\/sandzakpress.net\/arhiva\/wp-json\/wp\/v2\/comments?post=189418"}],"version-history":[{"count":0,"href":"https:\/\/sandzakpress.net\/arhiva\/wp-json\/wp\/v2\/posts\/189418\/revisions"}],"wp:featuredmedia":[{"embeddable":true,"href":"https:\/\/sandzakpress.net\/arhiva\/wp-json\/wp\/v2\/media\/189421"}],"wp:attachment":[{"href":"https:\/\/sandzakpress.net\/arhiva\/wp-json\/wp\/v2\/media?parent=189418"}],"wp:term":[{"taxonomy":"category","embeddable":true,"href":"https:\/\/sandzakpress.net\/arhiva\/wp-json\/wp\/v2\/categories?post=189418"},{"taxonomy":"post_tag","embeddable":true,"href":"https:\/\/sandzakpress.net\/arhiva\/wp-json\/wp\/v2\/tags?post=189418"}],"curies":[{"name":"wp","href":"https:\/\/api.w.org\/{rel}","templated":true}]}}