{"id":189288,"date":"2017-06-17T20:00:50","date_gmt":"2017-06-17T18:00:50","guid":{"rendered":"https:\/\/sandzakpress.net\/arhiva\/?p=189288"},"modified":"2017-06-17T20:07:12","modified_gmt":"2017-06-17T18:07:12","slug":"ugrozena-vecina-stefanovic-zukorlicevi-palmini-i-neki-sns-ovi-narodni-poslanici-nece-glasati-za-brnabicku","status":"publish","type":"post","link":"https:\/\/sandzakpress.net\/arhiva\/ugrozena-vecina-stefanovic-zukorlicevi-palmini-i-neki-sns-ovi-narodni-poslanici-nece-glasati-za-brnabicku\/","title":{"rendered":"UGRO\u017dENA VE\u0106INA &#8211; Stefanovi\u0107 &#8211; Zukorli\u0107evi, Palmini i neki SNS-ovi narodni poslanici ne\u0107e glasati za Brnabi\u0107ku!"},"content":{"rendered":"<p><strong><img loading=\"lazy\" decoding=\"async\" class=\"aligncenter\" src=\"http:\/\/static.rs.n1info.com\/Picture\/21529\/jpeg\/nebojsa-stefanovic-tanjug-zoran-zivkovic.jpg\" alt=\"Slikovni rezultat za nebojsa stefanovic\" width=\"736\" height=\"462\" \/><\/strong><\/p>\n<p><strong>Srpska napredna stranka i predsjednik Aleksandar Vu\u010di\u0107 imaju problem u obezbje\u0111ivanju ve\u0107ine u parlamentu kada je rije\u010d o izglasavanju Ane Brnabi\u0107 za premijera.<\/strong><\/p>\n<p>Kako &#8220;Blic&#8221;&#8216;ekskluzivno saznaje, zbog toga \u0107e biti odlo\u017eena sjednica Skup\u0161tine Srbije na kojoj bi trebalo da bude data podr\u0161ka Brnabi\u0107evoj.<\/p>\n<div id=\"firstParagraphBlock\">\u00a0<\/div>\n<div class=\"image clear\" data-item-uuid=\"3fc553ee-1871-41c8-b313-fe09288def65\">\n<div class=\"imageWrapper\" data-run-module=\"embeddedapp\/main.share_photo_social\" data-uuid-photo=\"60ec8533-3ebe-4b6f-9173-e99dc112236f\" data-run-module-isrun=\"1\"><img decoding=\"async\" src=\"http:\/\/ocdn.eu\/pulscms-transforms\/1\/9WLktkqTURBXy9lZmZjODljNWExYTU5NzczYjgwNGYyNjM5YTQ3ZmQyNy5qcGVnk5UCzQMUAMLDlQLNAdYAwsOVB9kyL3B1bHNjbXMvTURBXy8xZDc0Y2I0MTcwNTk1MDQzNjYyOWNhYmQ2MDZmNTBmNi5wbmcHwgA\" alt=\"Ana Brnabi\u0107\" \/><\/p>\n<div><span class=\"author\">Foto: Dragan Kujund\u017ei\u0107 \/ Tanjug<\/span><span class=\"caption\">Ana Brnabi\u0107<\/span><\/div>\n<\/div>\n<\/div>\n<p>U toku dana je, prema na\u0161im saznanjima, odr\u017eana i sjednica beogradskog odbora SNS-a. Ove informacije za &#8220;Blic&#8221; je potvrdio i Neboj\u0161a Stefanovi\u0107.<\/p>\n<p>&#8211; Pred predsjednikom Vu\u010di\u0107em i strankom su problemi koji se ti\u010du obezbje\u0111ivanja ve\u0107ine u Parlamentu. U veoma smo te\u0161koj situaciji oko formiranja stabilne ve\u0107inske podr\u0161ke i cijelu nedjelju \u0107emo iskoristiti za obezbje\u0111ivanje te ve\u0107ine. Sa sigurno\u0161\u0107u mogu da ka\u017eem da \u0107e sedam poslanika Jedinstvene Srbije glasati protiv, vi\u0161e njih iz SNS-a nije sigurno kako \u0107e glasati, a prijedlog ne\u0107e podr\u017eati ni Muamer Zukorli\u0107 &#8211; navodi Stefanovi\u0107 za &#8220;Blic&#8221;.<\/p>\n<p>On dodaje da \u0107e se zbog cijele situacije Vu\u010di\u0107 i SNS tokom nedjelje baviti u\u010dvr\u0161\u0107ivanjem ve\u0107ine.<\/p>\n<p>&#8211; Ako ve\u0107inu uspemo da obezbijedimo, mo\u017eemo da o\u010dekujemo da sjednica Slup\u0161tine na kojoj bi trebalo da bude izabrana nova premijerka po\u010dne tokom narednog vikenda &#8211; nagla\u0161ava Stefanovi\u0107.<\/p>\n<p>On isti\u010de da je Vu\u010di\u0107 odlu\u010dan i istrajan u svom prijedlogu, kao i da ga ne\u0107e mijenjati ni po koju cijenu, &#8220;jer ovo nije samo pitanje podr\u0161ke Ani Brnabi\u0107 ve\u0107 i predsjedniku Vu\u010di\u0107u&#8221;.<\/p>\n<p>&nbsp;<\/p>\n<p>Izvor: <strong>blic.rs<\/strong><\/p>\n","protected":false},"excerpt":{"rendered":"<p>Srpska napredna stranka i predsjednik Aleksandar Vu\u010di\u0107 imaju problem u obezbje\u0111ivanju ve\u0107ine u parlamentu kada je rije\u010d o izglasavanju Ane Brnabi\u0107 za premijera. Kako &#8220;Blic&#8221;&#8216;ekskluzivno saznaje, zbog toga \u0107e biti odlo\u017eena sjednica Skup\u0161tine Srbije na kojoj bi trebalo da bude data podr\u0161ka Brnabi\u0107evoj. \u00a0 Foto: Dragan Kujund\u017ei\u0107 \/ TanjugAna Brnabi\u0107 U toku dana je, prema [&hellip;]<\/p>\n","protected":false},"author":125,"featured_media":189289,"comment_status":"open","ping_status":"open","sticky":false,"template":"","format":"standard","meta":{"footnotes":""},"categories":[1,10307,8957],"tags":[10204],"class_list":{"0":"post-189288","1":"post","2":"type-post","3":"status-publish","4":"format-standard","5":"has-post-thumbnail","7":"category-politika","8":"category-srbija","9":"category-vijesti-dana","10":"tag-muftija-muamer-zukorlic"},"yoast_head":"<!-- This site is optimized with the Yoast SEO Premium plugin v23.1 (Yoast SEO v24.9) - https:\/\/yoast.com\/wordpress\/plugins\/seo\/ -->\n<title>UGRO\u017dENA VE\u0106INA - Stefanovi\u0107 - Zukorli\u0107evi, Palmini i neki SNS-ovi narodni poslanici ne\u0107e glasati za Brnabi\u0107ku!<\/title>\n<meta name=\"robots\" content=\"index, follow, max-snippet:-1, max-image-preview:large, max-video-preview:-1\" \/>\n<link rel=\"canonical\" href=\"https:\/\/sandzakpress.net\/arhiva\/ugrozena-vecina-stefanovic-zukorlicevi-palmini-i-neki-sns-ovi-narodni-poslanici-nece-glasati-za-brnabicku\/\" \/>\n<meta property=\"og:locale\" content=\"bs_BA\" \/>\n<meta property=\"og:type\" content=\"article\" \/>\n<meta property=\"og:title\" content=\"UGRO\u017dENA VE\u0106INA - Stefanovi\u0107 - Zukorli\u0107evi, Palmini i neki SNS-ovi narodni poslanici ne\u0107e glasati za Brnabi\u0107ku!\" \/>\n<meta property=\"og:description\" content=\"Srpska napredna stranka i predsjednik Aleksandar Vu\u010di\u0107 imaju problem u obezbje\u0111ivanju ve\u0107ine u parlamentu kada je rije\u010d o izglasavanju Ane Brnabi\u0107 za premijera. Kako &#8220;Blic&#8221;&#8216;ekskluzivno saznaje, zbog toga \u0107e biti odlo\u017eena sjednica Skup\u0161tine Srbije na kojoj bi trebalo da bude data podr\u0161ka Brnabi\u0107evoj. \u00a0 Foto: Dragan Kujund\u017ei\u0107 \/ TanjugAna Brnabi\u0107 U toku dana je, prema [&hellip;]\" \/>\n<meta property=\"og:url\" content=\"https:\/\/sandzakpress.net\/arhiva\/ugrozena-vecina-stefanovic-zukorlicevi-palmini-i-neki-sns-ovi-narodni-poslanici-nece-glasati-za-brnabicku\/\" \/>\n<meta property=\"og:site_name\" content=\"Sand\u017eak PRESS\" \/>\n<meta property=\"article:published_time\" content=\"2017-06-17T18:00:50+00:00\" \/>\n<meta property=\"article:modified_time\" content=\"2017-06-17T18:07:12+00:00\" \/>\n<meta property=\"og:image\" content=\"https:\/\/sandzakpress.net\/arhiva\/wp-content\/uploads\/2017\/06\/nebojsa-stefanovic-tanjug-zoran-zivkovic.jpg\" \/>\n\t<meta property=\"og:image:width\" content=\"940\" \/>\n\t<meta property=\"og:image:height\" content=\"528\" \/>\n\t<meta property=\"og:image:type\" content=\"image\/jpeg\" \/>\n<meta name=\"author\" content=\"Korektor\" \/>\n<meta name=\"twitter:card\" content=\"summary_large_image\" \/>\n<meta name=\"twitter:label1\" content=\"Written by\" \/>\n\t<meta name=\"twitter:data1\" content=\"Korektor\" \/>\n\t<meta name=\"twitter:label2\" content=\"Est. reading time\" \/>\n\t<meta name=\"twitter:data2\" content=\"1 minuta\" \/>\n<script type=\"application\/ld+json\" class=\"yoast-schema-graph\">{\"@context\":\"https:\/\/schema.org\",\"@graph\":[{\"@type\":\"Article\",\"@id\":\"https:\/\/sandzakpress.net\/arhiva\/ugrozena-vecina-stefanovic-zukorlicevi-palmini-i-neki-sns-ovi-narodni-poslanici-nece-glasati-za-brnabicku\/#article\",\"isPartOf\":{\"@id\":\"https:\/\/sandzakpress.net\/arhiva\/ugrozena-vecina-stefanovic-zukorlicevi-palmini-i-neki-sns-ovi-narodni-poslanici-nece-glasati-za-brnabicku\/\"},\"author\":{\"name\":\"Korektor\",\"@id\":\"https:\/\/sandzakpress.net\/arhiva\/#\/schema\/person\/b71f9565a8a6ce38c0200f1cf59c368c\"},\"headline\":\"UGRO\u017dENA VE\u0106INA &#8211; Stefanovi\u0107 &#8211; Zukorli\u0107evi, Palmini i neki SNS-ovi narodni poslanici ne\u0107e glasati za Brnabi\u0107ku!\",\"datePublished\":\"2017-06-17T18:00:50+00:00\",\"dateModified\":\"2017-06-17T18:07:12+00:00\",\"mainEntityOfPage\":{\"@id\":\"https:\/\/sandzakpress.net\/arhiva\/ugrozena-vecina-stefanovic-zukorlicevi-palmini-i-neki-sns-ovi-narodni-poslanici-nece-glasati-za-brnabicku\/\"},\"wordCount\":285,\"commentCount\":10,\"publisher\":{\"@id\":\"https:\/\/sandzakpress.net\/arhiva\/#\/schema\/person\/6e72b67d6e51910a1117b3b483ba20bd\"},\"image\":{\"@id\":\"https:\/\/sandzakpress.net\/arhiva\/ugrozena-vecina-stefanovic-zukorlicevi-palmini-i-neki-sns-ovi-narodni-poslanici-nece-glasati-za-brnabicku\/#primaryimage\"},\"thumbnailUrl\":\"https:\/\/sandzakpress.net\/arhiva\/wp-content\/uploads\/2017\/06\/nebojsa-stefanovic-tanjug-zoran-zivkovic.jpg\",\"keywords\":[\"muftija Muamer Zukorli\u0107\"],\"articleSection\":[\"Politika\",\"Srbija\",\"VIJESTI DANA\"],\"inLanguage\":\"bs-BA\",\"potentialAction\":[{\"@type\":\"CommentAction\",\"name\":\"Comment\",\"target\":[\"https:\/\/sandzakpress.net\/arhiva\/ugrozena-vecina-stefanovic-zukorlicevi-palmini-i-neki-sns-ovi-narodni-poslanici-nece-glasati-za-brnabicku\/#respond\"]}]},{\"@type\":\"WebPage\",\"@id\":\"https:\/\/sandzakpress.net\/arhiva\/ugrozena-vecina-stefanovic-zukorlicevi-palmini-i-neki-sns-ovi-narodni-poslanici-nece-glasati-za-brnabicku\/\",\"url\":\"https:\/\/sandzakpress.net\/arhiva\/ugrozena-vecina-stefanovic-zukorlicevi-palmini-i-neki-sns-ovi-narodni-poslanici-nece-glasati-za-brnabicku\/\",\"name\":\"UGRO\u017dENA VE\u0106INA - Stefanovi\u0107 - Zukorli\u0107evi, Palmini i neki SNS-ovi narodni poslanici ne\u0107e glasati za Brnabi\u0107ku!\",\"isPartOf\":{\"@id\":\"https:\/\/sandzakpress.net\/arhiva\/#website\"},\"primaryImageOfPage\":{\"@id\":\"https:\/\/sandzakpress.net\/arhiva\/ugrozena-vecina-stefanovic-zukorlicevi-palmini-i-neki-sns-ovi-narodni-poslanici-nece-glasati-za-brnabicku\/#primaryimage\"},\"image\":{\"@id\":\"https:\/\/sandzakpress.net\/arhiva\/ugrozena-vecina-stefanovic-zukorlicevi-palmini-i-neki-sns-ovi-narodni-poslanici-nece-glasati-za-brnabicku\/#primaryimage\"},\"thumbnailUrl\":\"https:\/\/sandzakpress.net\/arhiva\/wp-content\/uploads\/2017\/06\/nebojsa-stefanovic-tanjug-zoran-zivkovic.jpg\",\"datePublished\":\"2017-06-17T18:00:50+00:00\",\"dateModified\":\"2017-06-17T18:07:12+00:00\",\"breadcrumb\":{\"@id\":\"https:\/\/sandzakpress.net\/arhiva\/ugrozena-vecina-stefanovic-zukorlicevi-palmini-i-neki-sns-ovi-narodni-poslanici-nece-glasati-za-brnabicku\/#breadcrumb\"},\"inLanguage\":\"bs-BA\",\"potentialAction\":[{\"@type\":\"ReadAction\",\"target\":[\"https:\/\/sandzakpress.net\/arhiva\/ugrozena-vecina-stefanovic-zukorlicevi-palmini-i-neki-sns-ovi-narodni-poslanici-nece-glasati-za-brnabicku\/\"]}]},{\"@type\":\"ImageObject\",\"inLanguage\":\"bs-BA\",\"@id\":\"https:\/\/sandzakpress.net\/arhiva\/ugrozena-vecina-stefanovic-zukorlicevi-palmini-i-neki-sns-ovi-narodni-poslanici-nece-glasati-za-brnabicku\/#primaryimage\",\"url\":\"https:\/\/sandzakpress.net\/arhiva\/wp-content\/uploads\/2017\/06\/nebojsa-stefanovic-tanjug-zoran-zivkovic.jpg\",\"contentUrl\":\"https:\/\/sandzakpress.net\/arhiva\/wp-content\/uploads\/2017\/06\/nebojsa-stefanovic-tanjug-zoran-zivkovic.jpg\",\"width\":940,\"height\":528},{\"@type\":\"BreadcrumbList\",\"@id\":\"https:\/\/sandzakpress.net\/arhiva\/ugrozena-vecina-stefanovic-zukorlicevi-palmini-i-neki-sns-ovi-narodni-poslanici-nece-glasati-za-brnabicku\/#breadcrumb\",\"itemListElement\":[{\"@type\":\"ListItem\",\"position\":1,\"name\":\"Home\",\"item\":\"https:\/\/sandzakpress.net\/arhiva\/\"},{\"@type\":\"ListItem\",\"position\":2,\"name\":\"UGRO\u017dENA VE\u0106INA &#8211; Stefanovi\u0107 &#8211; Zukorli\u0107evi, Palmini i neki SNS-ovi narodni poslanici ne\u0107e glasati za Brnabi\u0107ku!\"}]},{\"@type\":\"WebSite\",\"@id\":\"https:\/\/sandzakpress.net\/arhiva\/#website\",\"url\":\"https:\/\/sandzakpress.net\/arhiva\/\",\"name\":\"Sand\u017eak PRESS\",\"description\":\"Prve elektronske novine u Sand\u017eaku\",\"publisher\":{\"@id\":\"https:\/\/sandzakpress.net\/arhiva\/#\/schema\/person\/6e72b67d6e51910a1117b3b483ba20bd\"},\"potentialAction\":[{\"@type\":\"SearchAction\",\"target\":{\"@type\":\"EntryPoint\",\"urlTemplate\":\"https:\/\/sandzakpress.net\/arhiva\/?s={search_term_string}\"},\"query-input\":{\"@type\":\"PropertyValueSpecification\",\"valueRequired\":true,\"valueName\":\"search_term_string\"}}],\"inLanguage\":\"bs-BA\"},{\"@type\":[\"Person\",\"Organization\"],\"@id\":\"https:\/\/sandzakpress.net\/arhiva\/#\/schema\/person\/6e72b67d6e51910a1117b3b483ba20bd\",\"name\":\"Kul\",\"image\":{\"@type\":\"ImageObject\",\"inLanguage\":\"bs-BA\",\"@id\":\"https:\/\/sandzakpress.net\/arhiva\/#\/schema\/person\/image\/\",\"url\":\"https:\/\/secure.gravatar.com\/avatar\/42263f39aa27ac04c43cab85c280eb2e?s=96&d=mm&r=pg\",\"contentUrl\":\"https:\/\/secure.gravatar.com\/avatar\/42263f39aa27ac04c43cab85c280eb2e?s=96&d=mm&r=pg\",\"caption\":\"Kul\"},\"logo\":{\"@id\":\"https:\/\/sandzakpress.net\/arhiva\/#\/schema\/person\/image\/\"}},{\"@type\":\"Person\",\"@id\":\"https:\/\/sandzakpress.net\/arhiva\/#\/schema\/person\/b71f9565a8a6ce38c0200f1cf59c368c\",\"name\":\"Korektor\",\"image\":{\"@type\":\"ImageObject\",\"inLanguage\":\"bs-BA\",\"@id\":\"https:\/\/sandzakpress.net\/arhiva\/#\/schema\/person\/image\/\",\"url\":\"https:\/\/secure.gravatar.com\/avatar\/ae3388ff9b8eb74e0751a069466905f6?s=96&d=mm&r=pg\",\"contentUrl\":\"https:\/\/secure.gravatar.com\/avatar\/ae3388ff9b8eb74e0751a069466905f6?s=96&d=mm&r=pg\",\"caption\":\"Korektor\"},\"url\":\"https:\/\/sandzakpress.net\/arhiva\/author\/korektor\/\"}]}<\/script>\n<!-- \/ Yoast SEO Premium plugin. -->","yoast_head_json":{"title":"UGRO\u017dENA VE\u0106INA - Stefanovi\u0107 - Zukorli\u0107evi, Palmini i neki SNS-ovi narodni poslanici ne\u0107e glasati za Brnabi\u0107ku!","robots":{"index":"index","follow":"follow","max-snippet":"max-snippet:-1","max-image-preview":"max-image-preview:large","max-video-preview":"max-video-preview:-1"},"canonical":"https:\/\/sandzakpress.net\/arhiva\/ugrozena-vecina-stefanovic-zukorlicevi-palmini-i-neki-sns-ovi-narodni-poslanici-nece-glasati-za-brnabicku\/","og_locale":"bs_BA","og_type":"article","og_title":"UGRO\u017dENA VE\u0106INA - Stefanovi\u0107 - Zukorli\u0107evi, Palmini i neki SNS-ovi narodni poslanici ne\u0107e glasati za Brnabi\u0107ku!","og_description":"Srpska napredna stranka i predsjednik Aleksandar Vu\u010di\u0107 imaju problem u obezbje\u0111ivanju ve\u0107ine u parlamentu kada je rije\u010d o izglasavanju Ane Brnabi\u0107 za premijera. Kako &#8220;Blic&#8221;&#8216;ekskluzivno saznaje, zbog toga \u0107e biti odlo\u017eena sjednica Skup\u0161tine Srbije na kojoj bi trebalo da bude data podr\u0161ka Brnabi\u0107evoj. \u00a0 Foto: Dragan Kujund\u017ei\u0107 \/ TanjugAna Brnabi\u0107 U toku dana je, prema [&hellip;]","og_url":"https:\/\/sandzakpress.net\/arhiva\/ugrozena-vecina-stefanovic-zukorlicevi-palmini-i-neki-sns-ovi-narodni-poslanici-nece-glasati-za-brnabicku\/","og_site_name":"Sand\u017eak PRESS","article_published_time":"2017-06-17T18:00:50+00:00","article_modified_time":"2017-06-17T18:07:12+00:00","og_image":[{"width":940,"height":528,"url":"https:\/\/sandzakpress.net\/arhiva\/wp-content\/uploads\/2017\/06\/nebojsa-stefanovic-tanjug-zoran-zivkovic.jpg","type":"image\/jpeg"}],"author":"Korektor","twitter_card":"summary_large_image","twitter_misc":{"Written by":"Korektor","Est. reading time":"1 minuta"},"schema":{"@context":"https:\/\/schema.org","@graph":[{"@type":"Article","@id":"https:\/\/sandzakpress.net\/arhiva\/ugrozena-vecina-stefanovic-zukorlicevi-palmini-i-neki-sns-ovi-narodni-poslanici-nece-glasati-za-brnabicku\/#article","isPartOf":{"@id":"https:\/\/sandzakpress.net\/arhiva\/ugrozena-vecina-stefanovic-zukorlicevi-palmini-i-neki-sns-ovi-narodni-poslanici-nece-glasati-za-brnabicku\/"},"author":{"name":"Korektor","@id":"https:\/\/sandzakpress.net\/arhiva\/#\/schema\/person\/b71f9565a8a6ce38c0200f1cf59c368c"},"headline":"UGRO\u017dENA VE\u0106INA &#8211; Stefanovi\u0107 &#8211; Zukorli\u0107evi, Palmini i neki SNS-ovi narodni poslanici ne\u0107e glasati za Brnabi\u0107ku!","datePublished":"2017-06-17T18:00:50+00:00","dateModified":"2017-06-17T18:07:12+00:00","mainEntityOfPage":{"@id":"https:\/\/sandzakpress.net\/arhiva\/ugrozena-vecina-stefanovic-zukorlicevi-palmini-i-neki-sns-ovi-narodni-poslanici-nece-glasati-za-brnabicku\/"},"wordCount":285,"commentCount":10,"publisher":{"@id":"https:\/\/sandzakpress.net\/arhiva\/#\/schema\/person\/6e72b67d6e51910a1117b3b483ba20bd"},"image":{"@id":"https:\/\/sandzakpress.net\/arhiva\/ugrozena-vecina-stefanovic-zukorlicevi-palmini-i-neki-sns-ovi-narodni-poslanici-nece-glasati-za-brnabicku\/#primaryimage"},"thumbnailUrl":"https:\/\/sandzakpress.net\/arhiva\/wp-content\/uploads\/2017\/06\/nebojsa-stefanovic-tanjug-zoran-zivkovic.jpg","keywords":["muftija Muamer Zukorli\u0107"],"articleSection":["Politika","Srbija","VIJESTI DANA"],"inLanguage":"bs-BA","potentialAction":[{"@type":"CommentAction","name":"Comment","target":["https:\/\/sandzakpress.net\/arhiva\/ugrozena-vecina-stefanovic-zukorlicevi-palmini-i-neki-sns-ovi-narodni-poslanici-nece-glasati-za-brnabicku\/#respond"]}]},{"@type":"WebPage","@id":"https:\/\/sandzakpress.net\/arhiva\/ugrozena-vecina-stefanovic-zukorlicevi-palmini-i-neki-sns-ovi-narodni-poslanici-nece-glasati-za-brnabicku\/","url":"https:\/\/sandzakpress.net\/arhiva\/ugrozena-vecina-stefanovic-zukorlicevi-palmini-i-neki-sns-ovi-narodni-poslanici-nece-glasati-za-brnabicku\/","name":"UGRO\u017dENA VE\u0106INA - Stefanovi\u0107 - Zukorli\u0107evi, Palmini i neki SNS-ovi narodni poslanici ne\u0107e glasati za Brnabi\u0107ku!","isPartOf":{"@id":"https:\/\/sandzakpress.net\/arhiva\/#website"},"primaryImageOfPage":{"@id":"https:\/\/sandzakpress.net\/arhiva\/ugrozena-vecina-stefanovic-zukorlicevi-palmini-i-neki-sns-ovi-narodni-poslanici-nece-glasati-za-brnabicku\/#primaryimage"},"image":{"@id":"https:\/\/sandzakpress.net\/arhiva\/ugrozena-vecina-stefanovic-zukorlicevi-palmini-i-neki-sns-ovi-narodni-poslanici-nece-glasati-za-brnabicku\/#primaryimage"},"thumbnailUrl":"https:\/\/sandzakpress.net\/arhiva\/wp-content\/uploads\/2017\/06\/nebojsa-stefanovic-tanjug-zoran-zivkovic.jpg","datePublished":"2017-06-17T18:00:50+00:00","dateModified":"2017-06-17T18:07:12+00:00","breadcrumb":{"@id":"https:\/\/sandzakpress.net\/arhiva\/ugrozena-vecina-stefanovic-zukorlicevi-palmini-i-neki-sns-ovi-narodni-poslanici-nece-glasati-za-brnabicku\/#breadcrumb"},"inLanguage":"bs-BA","potentialAction":[{"@type":"ReadAction","target":["https:\/\/sandzakpress.net\/arhiva\/ugrozena-vecina-stefanovic-zukorlicevi-palmini-i-neki-sns-ovi-narodni-poslanici-nece-glasati-za-brnabicku\/"]}]},{"@type":"ImageObject","inLanguage":"bs-BA","@id":"https:\/\/sandzakpress.net\/arhiva\/ugrozena-vecina-stefanovic-zukorlicevi-palmini-i-neki-sns-ovi-narodni-poslanici-nece-glasati-za-brnabicku\/#primaryimage","url":"https:\/\/sandzakpress.net\/arhiva\/wp-content\/uploads\/2017\/06\/nebojsa-stefanovic-tanjug-zoran-zivkovic.jpg","contentUrl":"https:\/\/sandzakpress.net\/arhiva\/wp-content\/uploads\/2017\/06\/nebojsa-stefanovic-tanjug-zoran-zivkovic.jpg","width":940,"height":528},{"@type":"BreadcrumbList","@id":"https:\/\/sandzakpress.net\/arhiva\/ugrozena-vecina-stefanovic-zukorlicevi-palmini-i-neki-sns-ovi-narodni-poslanici-nece-glasati-za-brnabicku\/#breadcrumb","itemListElement":[{"@type":"ListItem","position":1,"name":"Home","item":"https:\/\/sandzakpress.net\/arhiva\/"},{"@type":"ListItem","position":2,"name":"UGRO\u017dENA VE\u0106INA &#8211; Stefanovi\u0107 &#8211; Zukorli\u0107evi, Palmini i neki SNS-ovi narodni poslanici ne\u0107e glasati za Brnabi\u0107ku!"}]},{"@type":"WebSite","@id":"https:\/\/sandzakpress.net\/arhiva\/#website","url":"https:\/\/sandzakpress.net\/arhiva\/","name":"Sand\u017eak PRESS","description":"Prve elektronske novine u Sand\u017eaku","publisher":{"@id":"https:\/\/sandzakpress.net\/arhiva\/#\/schema\/person\/6e72b67d6e51910a1117b3b483ba20bd"},"potentialAction":[{"@type":"SearchAction","target":{"@type":"EntryPoint","urlTemplate":"https:\/\/sandzakpress.net\/arhiva\/?s={search_term_string}"},"query-input":{"@type":"PropertyValueSpecification","valueRequired":true,"valueName":"search_term_string"}}],"inLanguage":"bs-BA"},{"@type":["Person","Organization"],"@id":"https:\/\/sandzakpress.net\/arhiva\/#\/schema\/person\/6e72b67d6e51910a1117b3b483ba20bd","name":"Kul","image":{"@type":"ImageObject","inLanguage":"bs-BA","@id":"https:\/\/sandzakpress.net\/arhiva\/#\/schema\/person\/image\/","url":"https:\/\/secure.gravatar.com\/avatar\/42263f39aa27ac04c43cab85c280eb2e?s=96&d=mm&r=pg","contentUrl":"https:\/\/secure.gravatar.com\/avatar\/42263f39aa27ac04c43cab85c280eb2e?s=96&d=mm&r=pg","caption":"Kul"},"logo":{"@id":"https:\/\/sandzakpress.net\/arhiva\/#\/schema\/person\/image\/"}},{"@type":"Person","@id":"https:\/\/sandzakpress.net\/arhiva\/#\/schema\/person\/b71f9565a8a6ce38c0200f1cf59c368c","name":"Korektor","image":{"@type":"ImageObject","inLanguage":"bs-BA","@id":"https:\/\/sandzakpress.net\/arhiva\/#\/schema\/person\/image\/","url":"https:\/\/secure.gravatar.com\/avatar\/ae3388ff9b8eb74e0751a069466905f6?s=96&d=mm&r=pg","contentUrl":"https:\/\/secure.gravatar.com\/avatar\/ae3388ff9b8eb74e0751a069466905f6?s=96&d=mm&r=pg","caption":"Korektor"},"url":"https:\/\/sandzakpress.net\/arhiva\/author\/korektor\/"}]}},"_links":{"self":[{"href":"https:\/\/sandzakpress.net\/arhiva\/wp-json\/wp\/v2\/posts\/189288"}],"collection":[{"href":"https:\/\/sandzakpress.net\/arhiva\/wp-json\/wp\/v2\/posts"}],"about":[{"href":"https:\/\/sandzakpress.net\/arhiva\/wp-json\/wp\/v2\/types\/post"}],"author":[{"embeddable":true,"href":"https:\/\/sandzakpress.net\/arhiva\/wp-json\/wp\/v2\/users\/125"}],"replies":[{"embeddable":true,"href":"https:\/\/sandzakpress.net\/arhiva\/wp-json\/wp\/v2\/comments?post=189288"}],"version-history":[{"count":0,"href":"https:\/\/sandzakpress.net\/arhiva\/wp-json\/wp\/v2\/posts\/189288\/revisions"}],"wp:featuredmedia":[{"embeddable":true,"href":"https:\/\/sandzakpress.net\/arhiva\/wp-json\/wp\/v2\/media\/189289"}],"wp:attachment":[{"href":"https:\/\/sandzakpress.net\/arhiva\/wp-json\/wp\/v2\/media?parent=189288"}],"wp:term":[{"taxonomy":"category","embeddable":true,"href":"https:\/\/sandzakpress.net\/arhiva\/wp-json\/wp\/v2\/categories?post=189288"},{"taxonomy":"post_tag","embeddable":true,"href":"https:\/\/sandzakpress.net\/arhiva\/wp-json\/wp\/v2\/tags?post=189288"}],"curies":[{"name":"wp","href":"https:\/\/api.w.org\/{rel}","templated":true}]}}