{"id":18899,"date":"2011-08-17T18:42:53","date_gmt":"2011-08-17T16:42:53","guid":{"rendered":"https:\/\/sandzakpress.net\/arhiva\/?p=18899"},"modified":"2011-08-17T18:42:53","modified_gmt":"2011-08-17T16:42:53","slug":"festival-islama-sesti-dan-u-rozajama","status":"publish","type":"post","link":"https:\/\/sandzakpress.net\/arhiva\/festival-islama-sesti-dan-u-rozajama\/","title":{"rendered":"Festival islama: \u0160esti dan u Ro\u017eajama"},"content":{"rendered":"<p><strong><a href=\"https:\/\/sandzakpress.net\/arhiva\/wp-content\/uploads\/2011\/08\/festival-islama-ui-rozajama-05.jpg\"><img loading=\"lazy\" decoding=\"async\" class=\"alignleft size-medium wp-image-18900\" title=\"festival islama ui rozajama (05)\" src=\"https:\/\/sandzakpress.net\/arhiva\/wp-content\/uploads\/2011\/08\/festival-islama-ui-rozajama-05-300x199.jpg\" alt=\"\" width=\"300\" height=\"199\" \/><\/a>Ro\u017eaje &#8211; \u0160esta ve\u010der manifestacije \u201eFestival islama\u201c odr\u017eana je sino\u0107 u Ro\u017eajama, na Gradskome trgu, gdje je vi\u0161e od \u0161est stotina posta\u010da zajedno do\u010dekalo iftar. <\/strong><\/p>\n<p>Program je otpo\u010deo na pola sata od iftara, ilahijama i kasidama u izvedbi hora Bo\u0161nja\u010dke kulturne zajednice \u201eSan\u017eak\u201c. Ersan Muhovi\u0107, \u010dlan literalne sekcije BKZ-a, recitovao je stihove\u201eUkorih du\u0161u\u201c.<\/p>\n<p>Potom je nastupilo iftarsko vrijeme i prou\u010den je ezan. Tokom, iftara na video prezentaciji prikazivan je Ramazanski program.<\/p>\n<p>Tokom programa, ro\u017eajska omladina je u jednom dijelu Trga organizovala sakupljanje sredstava za pomo\u0107 Somaliji, gdje su na video projekciji prikazivali fotografije somalijske djece koja umiru od gladi.<\/p>\n<p>Nakon iftara, izvedbom jo\u0161 par ilahija i kasida ponovo je nastupio spomenuti hor, a potom su uslijedila obra\u0107anja predsjednika BKZ-a za Crnu Goru Hazbije Kala\u010da i muftije sand\u017ea\u010dkog Muamer ef. Zukorli\u0107a.<\/p>\n<p>U obra\u0107anju g. Kala\u010d se osvrnuo na va\u017enost o\u010duvanja vjerske i nacionalne tradicije Bo\u0161njaka, te istakao ulogu koju imaju manifestacije poput \u201eFestivala islama\u201c na tom putu:<\/p>\n<p>\u201eFestival islama je i u na\u0161em gradu. Esselamu alejkum svima koji ste do\u0161li ve\u010deras na ovom prelijepom skupu i u\u010dinili korak ka islamskom adetu safa, d\u017eemata i zajedni\u010dke sofre kojoj se mu'mini raduju na poseban na\u010din.<\/p>\n<p>Ovaj festival nije politi\u010dka demonstracija, kako to neki s podozrenjem prikazuju, ve\u0107 ne\u0161to mnogo ve\u0107e i zna\u010dajnije, ne\u0161to \u0161to nosi mjeru na\u0161e tradicije, ljepotu vjere i nadu u na\u0161e sjutra.<\/p>\n<p style=\"text-align: center;\"><img decoding=\"async\" class=\"aligncenter\" src=\"http:\/\/mesihat.org\/images\/stories\/festival%20islama%20-%20rozaje,%2015.8.2011\/festival%20islama%20ui%20rozajama%20%2809%29.jpg\" alt=\"\" \/><\/p>\n<p>&#8216;Nije politika, ali politika je po malo svuda&#8217; \u2013 ka\u017ee se u politi\u010dkom \u017eargonu, logikom koja se o\u010dito ne umije uzdi\u0107i iznad horizonta podozrenja, sumnji, uho\u0111enja, podvala i konflikata. I to je opet reklo bi se na\u0161im oporim rje\u010dnikom na\u0161a realnost. Iz tog razloga, kao inteligentnim bi\u0107ima kojima je Gospodar podario iz svoje beskona\u010dne milosti, du\u017enost nam je da na prizemnost politi\u010dkih igrarija odgovorimo vizijom uzdignu\u0107a i otrgnu\u0107a od netolerancije, porobljavanja, mr\u017enje i progonstva, vizijom \u017eivota u kojem se samo Gospodaru svjetova robuje i u miru \u017eivi.<\/p>\n<p>Uva\u017eeni sugra\u0111ani, bra\u0107o i sestre, Bo\u0161njaci na ovom par\u010detu zemlje vjekovima nose emanet da nad ljudksom Bo\u017eja rije\u010d bude. Taj emanet je sama osnova na\u0161e kulture i istovremeno najve\u0107i nam izazov. I ovaj ramazanski post, kao dio na\u0161eg ibadeta u ime Allaha, d\u017e.\u0161., na\u0161e duhovnosti koju ba\u0161tinimo ne samo kao vjersku i kulturnu vrijednost, ve\u0107 sna\u017eno sredstvo osloboa\u0111anja od ovodunjalu\u010dkih strahova i mo\u0107no sredstvo osvajanja slobode.<\/p>\n<p>Festival islama koji se ovih dana kre\u0107e kroz sand\u017ea\u010dke gradove manifestacija je kojom se u ovom posebnom ibadetu Allahu d\u017e.\u0161. \u017eelimo podsjetiti da je na\u0161a duhovnost vijekovima stara i utkana u ovaj prostor, te da nije strana, niti tu\u0111a, ve\u0107 svoja na svome.\u201c<\/p>\n<p>Uz zahvalnost Allahu d\u017e.\u0161. \u0161to je omogu\u0107io da se iftar u Ro\u017eajama realizuje, Hazbija je najavio obra\u0107anje muftije sand\u017ea\u010dkog Muamer ef. Zukorli\u0107a.<\/p>\n<p>\u201eMoram ista\u0107i posebno zadovoljstvo \u0161to vam ve\u010deras mogu predstaviti nama dragog musafira, muftiju sand\u017ea\u010dkog Muamera Zukorli\u0107a, kojeg pozivam da nam se obrati. Bujrum.\u201c<\/p>\n<p>Nakon selama upu\u0107enih ro\u017eajcima Muftija je sa prisutnima podijelio utiske koji su ga dojmili tokom iftara:<\/p>\n<p>\u201eVe\u010deras smo ovdje Allahovom milo\u0161\u0107u da uz u\u010denje Kur'ana, ilahija, kasida salevata, slu\u0161anje nasihata i iftarski zalogaj poka\u017eemo drugima da je mogu\u0107e biti zajedno bez li\u010dnog interesa, na vrijednostima ljudskosti, me\u0111usobnog po\u0161tovanja, uva\u017eavanja i \u0161irenje poruke dobro\u010dinstva za sve ljude bez obzira na njihove li\u010dne i druge razlike.\u201c<\/p>\n<p>Muftija je govorio \u010dovjeku kao bi\u0107u koje je iznad biolo\u0161kog organizma, koje ima du\u0161u, razum i moralne vrijednosti:<\/p>\n<p>\u201e\u010covjek je, izme\u0111u ostalog i biolo\u0161ko bi\u0107e, i on ima potrebu da se bori za biolo\u0161ki opstanak. Me\u0111utim taj nagon, ne predstavlja ljudsku vrlinu i ne\u0161to \u010dime se \u010dovjek mo\u017ee pohvalit. Jer i neka druga \u017eiva bi\u0107a imaju taj nagon. Poput \u017eivotinja, recimo. A \u010dovjek, \u010dovjek je ne\u0161to vi\u0161e od biolo\u0161kog organizma. On ima svoju du\u0161u, razum i moralne vrijednosti. I zato se ljudskost ne dokazuje na snazi da zaradi\u0161 za sebe, ve\u0107 na snazi da u\u010dini\u0161 dobro djelo za sebe, porodicu, rodbinu, kom\u0161ije i sve ljude. To je, zapravo i svrha objave Kur'ana: Podizanje \u010dovjeka iznad biolo\u0161kog nivoa.<\/p>\n<p>Zato smo ve\u010deras u ovom gradu, na gradskome trgu, ovdje na iftaru kojeg ste priredili sa va\u0161im donatorima sa porukom dobrog djela i me\u0111uljudskog povezivanja u dobru.\u201c<\/p>\n<p>Muftija je, potom, naglasio da je ramazan posebna prilika koju na Bog daje da nau\u010dimo biti dostojanstveni.<\/p>\n<p style=\"text-align: center;\"><img decoding=\"async\" class=\"aligncenter\" src=\"http:\/\/mesihat.org\/images\/stories\/festival%20islama%20-%20rozaje,%2015.8.2011\/festival%20islama%20ui%20rozajama%20%2817%29.jpg\" alt=\"\" \/><\/p>\n<p>\u201eIslam od nas tra\u017ei da budemo uspravni i dostojanstveni, da se ne saginjemo ni pred kime osim Njemu Uzvi\u0161enom. Ko se spusti na sed\u017edu Allahu Uzvi\u0161enom, on se ne\u0107e pokoravati Njegovim stvorenjima, dok onaj koji se ne pokorava Uzvi\u0161enom, svakodnevno \u0107e imati potencijalnih &#8216;gospodara&#8217; kojima \u0107e se morati saginjati, jer \u0107e mu uzimati imetak i dostojanstvo i na kraju \u0107e mu uzeti du\u0161u. To su zapravo dva puta.<\/p>\n<p>Ramazanski dani su posebna volja duha i morala kojom u\u010dimo dostojanstvo i na\u0161u uspravnost. Jer kontroli\u0161emo svoj biolo\u0161ki sistem, demonstriramo snagu duha i razuma nad elementarnim porivima. Ne treba Gospodaru na\u0161 post. To treba nama. On je Uzvi\u0161en pokoravali mju se ili ne. Ali to treba nama da nau\u010dimo biti \u010dvrsti, uspravni i da na\u0161 karakter bude ispravan.<\/p>\n<p>Na\u0161 \u0161ehadet, namaz, post, zekat, had\u017ed\u017e i sva lepeza ibadeta nema za cilj da nama ote\u017ea. Naprotiv! Oni nam poma\u017eu da na\u0161a du\u0161a i ljudskost u nama oja\u010daju.<\/p>\n<p>Zato se kvalitet muslimana ne mjeri u tome koliko dugo boravi u d\u017eamiji, iako je obavezan obaviti pet dnevnih namaza, ve\u0107 kvalitet s kojim izlazi iz d\u017eamije u sopstvenom pona\u0161anju. Mo\u017ee imati sedamneaset puta obavljen had\u017ed\u017e, ali ako se na njegovom jeziku nalazi ogovaranje, la\u017e ili ru\u017ean govor koji mu ne prili\u010di, nema ni\u0161ta od njegovog had\u017ed\u017ea.<\/p>\n<p>To su poruke islama i misija muslimana.\u201c<\/p>\n<p>Na kraju, Muftija je uputio poruku prisutnima da Bo\u0161njaci mogu opstati \u010dvrstim dr\u017eanjem za u\u017ee vjere i bo\u0161nja\u010dko-muslimanske tradicije:<\/p>\n<p>\u201eMi ovdje u Sand\u017eaku, koji smo \u017ertva raznih podjela, jedini nam je na\u010din da opstanemo da prihvatimo poruku islama i na\u0161e bo\u0161nja\u010dke muslimanske tradicije. Ona je vi\u0161e od svake podjele. Sa istinom u grudima i svim spomenutim vrijednostima \u0107emo pobijediti svake podjele, granice i poku\u0161aje da se vr\u0161i destrukcije u vjerskom i nacionalnom bi\u0107u. Na sve takve programe koji idu u pravcu razaranja vjerskog i nacionalnog bi\u0107a ne\u0107emo odgovoriti istom mjerom. Naprotiv! Na\u0161i programi su afirmacija duhovnih i vjerskih vrijednosti. Pokazalo se u pro\u0161losti da kada su nam oduzimali sve, opstao je bo\u0161nja\u010dki \u010dovjek, uspravan i sa o\u010duvanim vlastitim identitetom.<\/p>\n<p>Ima onih koji su poklekli. Evo Ramazan je nada za takve. Ima nade, pokaj se \u010dovje\u010de Allahovoj vjeri, onome koji \u0107e ti oprostiti taj grijeh i o\u010distiti te. Dodu\u0161e ove starije generacije se ne mogu puno popraviti i na njih se ne treba tro\u0161iti vrijeme. Glavnu energiju \u0107emo usmjeriti na omladinu. Ona je na\u0161a snaga i najzdravije tkivo na\u0161ega naroda.\u201c<\/p>\n<p>Na kraju je dovu za iftar i skup prou\u010dio direktor \u201eGazi Isa-beg\u201c medrese Re\u0161ad ef. Plojovi\u0107, \u010dime je zavr\u0161ena manifestacija.<\/p>\n<p>Izvor:<strong> Mesihat.org<\/strong><\/p>\n","protected":false},"excerpt":{"rendered":"<p>Ro\u017eaje &#8211; \u0160esta ve\u010der manifestacije \u201eFestival islama\u201c odr\u017eana je sino\u0107 u Ro\u017eajama, na Gradskome trgu, gdje je vi\u0161e od \u0161est stotina posta\u010da zajedno do\u010dekalo iftar. Program je otpo\u010deo na pola sata od iftara, ilahijama i kasidama u izvedbi hora Bo\u0161nja\u010dke kulturne zajednice \u201eSan\u017eak\u201c. Ersan Muhovi\u0107, \u010dlan literalne sekcije BKZ-a, recitovao je stihove\u201eUkorih du\u0161u\u201c. Potom je [&hellip;]<\/p>\n","protected":false},"author":83,"featured_media":18900,"comment_status":"open","ping_status":"open","sticky":false,"template":"","format":"standard","meta":{"footnotes":""},"categories":[398,802],"tags":[],"class_list":{"0":"post-18899","1":"post","2":"type-post","3":"status-publish","4":"format-standard","5":"has-post-thumbnail","7":"category-rozaje","8":"category-islamska_zajednica"},"yoast_head":"<!-- This site is optimized with the Yoast SEO Premium plugin v23.1 (Yoast SEO v24.9) - https:\/\/yoast.com\/wordpress\/plugins\/seo\/ -->\n<title>Festival islama: \u0160esti dan u Ro\u017eajama<\/title>\n<meta name=\"robots\" content=\"index, follow, max-snippet:-1, max-image-preview:large, max-video-preview:-1\" \/>\n<link rel=\"canonical\" href=\"https:\/\/sandzakpress.net\/arhiva\/festival-islama-sesti-dan-u-rozajama\/\" \/>\n<meta property=\"og:locale\" content=\"bs_BA\" \/>\n<meta property=\"og:type\" content=\"article\" \/>\n<meta property=\"og:title\" content=\"Festival islama: \u0160esti dan u Ro\u017eajama\" \/>\n<meta property=\"og:description\" content=\"Ro\u017eaje &#8211; \u0160esta ve\u010der manifestacije \u201eFestival islama\u201c odr\u017eana je sino\u0107 u Ro\u017eajama, na Gradskome trgu, gdje je vi\u0161e od \u0161est stotina posta\u010da zajedno do\u010dekalo iftar. Program je otpo\u010deo na pola sata od iftara, ilahijama i kasidama u izvedbi hora Bo\u0161nja\u010dke kulturne zajednice \u201eSan\u017eak\u201c. Ersan Muhovi\u0107, \u010dlan literalne sekcije BKZ-a, recitovao je stihove\u201eUkorih du\u0161u\u201c. Potom je [&hellip;]\" \/>\n<meta property=\"og:url\" content=\"https:\/\/sandzakpress.net\/arhiva\/festival-islama-sesti-dan-u-rozajama\/\" \/>\n<meta property=\"og:site_name\" content=\"Sand\u017eak PRESS\" \/>\n<meta property=\"article:published_time\" content=\"2011-08-17T16:42:53+00:00\" \/>\n<meta property=\"og:image\" content=\"https:\/\/sandzakpress.net\/arhiva\/wp-content\/uploads\/2011\/08\/festival-islama-ui-rozajama-05.jpg\" \/>\n\t<meta property=\"og:image:width\" content=\"600\" \/>\n\t<meta property=\"og:image:height\" content=\"399\" \/>\n\t<meta property=\"og:image:type\" content=\"image\/jpeg\" \/>\n<meta name=\"author\" content=\"bosniak\" \/>\n<meta name=\"twitter:card\" content=\"summary_large_image\" \/>\n<meta name=\"twitter:label1\" content=\"Written by\" \/>\n\t<meta name=\"twitter:data1\" content=\"bosniak\" \/>\n\t<meta name=\"twitter:label2\" content=\"Est. reading time\" \/>\n\t<meta name=\"twitter:data2\" content=\"6 minuta\" \/>\n<script type=\"application\/ld+json\" class=\"yoast-schema-graph\">{\"@context\":\"https:\/\/schema.org\",\"@graph\":[{\"@type\":\"Article\",\"@id\":\"https:\/\/sandzakpress.net\/arhiva\/festival-islama-sesti-dan-u-rozajama\/#article\",\"isPartOf\":{\"@id\":\"https:\/\/sandzakpress.net\/arhiva\/festival-islama-sesti-dan-u-rozajama\/\"},\"author\":{\"name\":\"bosniak\",\"@id\":\"https:\/\/sandzakpress.net\/arhiva\/#\/schema\/person\/c8baee722073534b583ea7bdb2e36c02\"},\"headline\":\"Festival islama: \u0160esti dan u Ro\u017eajama\",\"datePublished\":\"2011-08-17T16:42:53+00:00\",\"mainEntityOfPage\":{\"@id\":\"https:\/\/sandzakpress.net\/arhiva\/festival-islama-sesti-dan-u-rozajama\/\"},\"wordCount\":1296,\"commentCount\":1,\"publisher\":{\"@id\":\"https:\/\/sandzakpress.net\/arhiva\/#\/schema\/person\/6e72b67d6e51910a1117b3b483ba20bd\"},\"image\":{\"@id\":\"https:\/\/sandzakpress.net\/arhiva\/festival-islama-sesti-dan-u-rozajama\/#primaryimage\"},\"thumbnailUrl\":\"https:\/\/sandzakpress.net\/arhiva\/wp-content\/uploads\/2011\/08\/festival-islama-ui-rozajama-05.jpg\",\"articleSection\":[\"Ro\u017eaje\",\"Islamska zajednica\"],\"inLanguage\":\"bs-BA\",\"potentialAction\":[{\"@type\":\"CommentAction\",\"name\":\"Comment\",\"target\":[\"https:\/\/sandzakpress.net\/arhiva\/festival-islama-sesti-dan-u-rozajama\/#respond\"]}]},{\"@type\":\"WebPage\",\"@id\":\"https:\/\/sandzakpress.net\/arhiva\/festival-islama-sesti-dan-u-rozajama\/\",\"url\":\"https:\/\/sandzakpress.net\/arhiva\/festival-islama-sesti-dan-u-rozajama\/\",\"name\":\"Festival islama: \u0160esti dan u Ro\u017eajama\",\"isPartOf\":{\"@id\":\"https:\/\/sandzakpress.net\/arhiva\/#website\"},\"primaryImageOfPage\":{\"@id\":\"https:\/\/sandzakpress.net\/arhiva\/festival-islama-sesti-dan-u-rozajama\/#primaryimage\"},\"image\":{\"@id\":\"https:\/\/sandzakpress.net\/arhiva\/festival-islama-sesti-dan-u-rozajama\/#primaryimage\"},\"thumbnailUrl\":\"https:\/\/sandzakpress.net\/arhiva\/wp-content\/uploads\/2011\/08\/festival-islama-ui-rozajama-05.jpg\",\"datePublished\":\"2011-08-17T16:42:53+00:00\",\"breadcrumb\":{\"@id\":\"https:\/\/sandzakpress.net\/arhiva\/festival-islama-sesti-dan-u-rozajama\/#breadcrumb\"},\"inLanguage\":\"bs-BA\",\"potentialAction\":[{\"@type\":\"ReadAction\",\"target\":[\"https:\/\/sandzakpress.net\/arhiva\/festival-islama-sesti-dan-u-rozajama\/\"]}]},{\"@type\":\"ImageObject\",\"inLanguage\":\"bs-BA\",\"@id\":\"https:\/\/sandzakpress.net\/arhiva\/festival-islama-sesti-dan-u-rozajama\/#primaryimage\",\"url\":\"https:\/\/sandzakpress.net\/arhiva\/wp-content\/uploads\/2011\/08\/festival-islama-ui-rozajama-05.jpg\",\"contentUrl\":\"https:\/\/sandzakpress.net\/arhiva\/wp-content\/uploads\/2011\/08\/festival-islama-ui-rozajama-05.jpg\",\"width\":600,\"height\":399},{\"@type\":\"BreadcrumbList\",\"@id\":\"https:\/\/sandzakpress.net\/arhiva\/festival-islama-sesti-dan-u-rozajama\/#breadcrumb\",\"itemListElement\":[{\"@type\":\"ListItem\",\"position\":1,\"name\":\"Home\",\"item\":\"https:\/\/sandzakpress.net\/arhiva\/\"},{\"@type\":\"ListItem\",\"position\":2,\"name\":\"Festival islama: \u0160esti dan u Ro\u017eajama\"}]},{\"@type\":\"WebSite\",\"@id\":\"https:\/\/sandzakpress.net\/arhiva\/#website\",\"url\":\"https:\/\/sandzakpress.net\/arhiva\/\",\"name\":\"Sand\u017eak PRESS\",\"description\":\"Prve elektronske novine u Sand\u017eaku\",\"publisher\":{\"@id\":\"https:\/\/sandzakpress.net\/arhiva\/#\/schema\/person\/6e72b67d6e51910a1117b3b483ba20bd\"},\"potentialAction\":[{\"@type\":\"SearchAction\",\"target\":{\"@type\":\"EntryPoint\",\"urlTemplate\":\"https:\/\/sandzakpress.net\/arhiva\/?s={search_term_string}\"},\"query-input\":{\"@type\":\"PropertyValueSpecification\",\"valueRequired\":true,\"valueName\":\"search_term_string\"}}],\"inLanguage\":\"bs-BA\"},{\"@type\":[\"Person\",\"Organization\"],\"@id\":\"https:\/\/sandzakpress.net\/arhiva\/#\/schema\/person\/6e72b67d6e51910a1117b3b483ba20bd\",\"name\":\"Kul\",\"image\":{\"@type\":\"ImageObject\",\"inLanguage\":\"bs-BA\",\"@id\":\"https:\/\/sandzakpress.net\/arhiva\/#\/schema\/person\/image\/\",\"url\":\"https:\/\/secure.gravatar.com\/avatar\/42263f39aa27ac04c43cab85c280eb2e?s=96&d=mm&r=pg\",\"contentUrl\":\"https:\/\/secure.gravatar.com\/avatar\/42263f39aa27ac04c43cab85c280eb2e?s=96&d=mm&r=pg\",\"caption\":\"Kul\"},\"logo\":{\"@id\":\"https:\/\/sandzakpress.net\/arhiva\/#\/schema\/person\/image\/\"}},{\"@type\":\"Person\",\"@id\":\"https:\/\/sandzakpress.net\/arhiva\/#\/schema\/person\/c8baee722073534b583ea7bdb2e36c02\",\"name\":\"bosniak\",\"image\":{\"@type\":\"ImageObject\",\"inLanguage\":\"bs-BA\",\"@id\":\"https:\/\/sandzakpress.net\/arhiva\/#\/schema\/person\/image\/\",\"url\":\"https:\/\/secure.gravatar.com\/avatar\/a04fd330bfe3a36a72a0ad4a6d89fca7?s=96&d=mm&r=pg\",\"contentUrl\":\"https:\/\/secure.gravatar.com\/avatar\/a04fd330bfe3a36a72a0ad4a6d89fca7?s=96&d=mm&r=pg\",\"caption\":\"bosniak\"},\"url\":\"https:\/\/sandzakpress.net\/arhiva\/author\/bosniak\/\"}]}<\/script>\n<!-- \/ Yoast SEO Premium plugin. -->","yoast_head_json":{"title":"Festival islama: \u0160esti dan u Ro\u017eajama","robots":{"index":"index","follow":"follow","max-snippet":"max-snippet:-1","max-image-preview":"max-image-preview:large","max-video-preview":"max-video-preview:-1"},"canonical":"https:\/\/sandzakpress.net\/arhiva\/festival-islama-sesti-dan-u-rozajama\/","og_locale":"bs_BA","og_type":"article","og_title":"Festival islama: \u0160esti dan u Ro\u017eajama","og_description":"Ro\u017eaje &#8211; \u0160esta ve\u010der manifestacije \u201eFestival islama\u201c odr\u017eana je sino\u0107 u Ro\u017eajama, na Gradskome trgu, gdje je vi\u0161e od \u0161est stotina posta\u010da zajedno do\u010dekalo iftar. Program je otpo\u010deo na pola sata od iftara, ilahijama i kasidama u izvedbi hora Bo\u0161nja\u010dke kulturne zajednice \u201eSan\u017eak\u201c. Ersan Muhovi\u0107, \u010dlan literalne sekcije BKZ-a, recitovao je stihove\u201eUkorih du\u0161u\u201c. Potom je [&hellip;]","og_url":"https:\/\/sandzakpress.net\/arhiva\/festival-islama-sesti-dan-u-rozajama\/","og_site_name":"Sand\u017eak PRESS","article_published_time":"2011-08-17T16:42:53+00:00","og_image":[{"width":600,"height":399,"url":"https:\/\/sandzakpress.net\/arhiva\/wp-content\/uploads\/2011\/08\/festival-islama-ui-rozajama-05.jpg","type":"image\/jpeg"}],"author":"bosniak","twitter_card":"summary_large_image","twitter_misc":{"Written by":"bosniak","Est. reading time":"6 minuta"},"schema":{"@context":"https:\/\/schema.org","@graph":[{"@type":"Article","@id":"https:\/\/sandzakpress.net\/arhiva\/festival-islama-sesti-dan-u-rozajama\/#article","isPartOf":{"@id":"https:\/\/sandzakpress.net\/arhiva\/festival-islama-sesti-dan-u-rozajama\/"},"author":{"name":"bosniak","@id":"https:\/\/sandzakpress.net\/arhiva\/#\/schema\/person\/c8baee722073534b583ea7bdb2e36c02"},"headline":"Festival islama: \u0160esti dan u Ro\u017eajama","datePublished":"2011-08-17T16:42:53+00:00","mainEntityOfPage":{"@id":"https:\/\/sandzakpress.net\/arhiva\/festival-islama-sesti-dan-u-rozajama\/"},"wordCount":1296,"commentCount":1,"publisher":{"@id":"https:\/\/sandzakpress.net\/arhiva\/#\/schema\/person\/6e72b67d6e51910a1117b3b483ba20bd"},"image":{"@id":"https:\/\/sandzakpress.net\/arhiva\/festival-islama-sesti-dan-u-rozajama\/#primaryimage"},"thumbnailUrl":"https:\/\/sandzakpress.net\/arhiva\/wp-content\/uploads\/2011\/08\/festival-islama-ui-rozajama-05.jpg","articleSection":["Ro\u017eaje","Islamska zajednica"],"inLanguage":"bs-BA","potentialAction":[{"@type":"CommentAction","name":"Comment","target":["https:\/\/sandzakpress.net\/arhiva\/festival-islama-sesti-dan-u-rozajama\/#respond"]}]},{"@type":"WebPage","@id":"https:\/\/sandzakpress.net\/arhiva\/festival-islama-sesti-dan-u-rozajama\/","url":"https:\/\/sandzakpress.net\/arhiva\/festival-islama-sesti-dan-u-rozajama\/","name":"Festival islama: \u0160esti dan u Ro\u017eajama","isPartOf":{"@id":"https:\/\/sandzakpress.net\/arhiva\/#website"},"primaryImageOfPage":{"@id":"https:\/\/sandzakpress.net\/arhiva\/festival-islama-sesti-dan-u-rozajama\/#primaryimage"},"image":{"@id":"https:\/\/sandzakpress.net\/arhiva\/festival-islama-sesti-dan-u-rozajama\/#primaryimage"},"thumbnailUrl":"https:\/\/sandzakpress.net\/arhiva\/wp-content\/uploads\/2011\/08\/festival-islama-ui-rozajama-05.jpg","datePublished":"2011-08-17T16:42:53+00:00","breadcrumb":{"@id":"https:\/\/sandzakpress.net\/arhiva\/festival-islama-sesti-dan-u-rozajama\/#breadcrumb"},"inLanguage":"bs-BA","potentialAction":[{"@type":"ReadAction","target":["https:\/\/sandzakpress.net\/arhiva\/festival-islama-sesti-dan-u-rozajama\/"]}]},{"@type":"ImageObject","inLanguage":"bs-BA","@id":"https:\/\/sandzakpress.net\/arhiva\/festival-islama-sesti-dan-u-rozajama\/#primaryimage","url":"https:\/\/sandzakpress.net\/arhiva\/wp-content\/uploads\/2011\/08\/festival-islama-ui-rozajama-05.jpg","contentUrl":"https:\/\/sandzakpress.net\/arhiva\/wp-content\/uploads\/2011\/08\/festival-islama-ui-rozajama-05.jpg","width":600,"height":399},{"@type":"BreadcrumbList","@id":"https:\/\/sandzakpress.net\/arhiva\/festival-islama-sesti-dan-u-rozajama\/#breadcrumb","itemListElement":[{"@type":"ListItem","position":1,"name":"Home","item":"https:\/\/sandzakpress.net\/arhiva\/"},{"@type":"ListItem","position":2,"name":"Festival islama: \u0160esti dan u Ro\u017eajama"}]},{"@type":"WebSite","@id":"https:\/\/sandzakpress.net\/arhiva\/#website","url":"https:\/\/sandzakpress.net\/arhiva\/","name":"Sand\u017eak PRESS","description":"Prve elektronske novine u Sand\u017eaku","publisher":{"@id":"https:\/\/sandzakpress.net\/arhiva\/#\/schema\/person\/6e72b67d6e51910a1117b3b483ba20bd"},"potentialAction":[{"@type":"SearchAction","target":{"@type":"EntryPoint","urlTemplate":"https:\/\/sandzakpress.net\/arhiva\/?s={search_term_string}"},"query-input":{"@type":"PropertyValueSpecification","valueRequired":true,"valueName":"search_term_string"}}],"inLanguage":"bs-BA"},{"@type":["Person","Organization"],"@id":"https:\/\/sandzakpress.net\/arhiva\/#\/schema\/person\/6e72b67d6e51910a1117b3b483ba20bd","name":"Kul","image":{"@type":"ImageObject","inLanguage":"bs-BA","@id":"https:\/\/sandzakpress.net\/arhiva\/#\/schema\/person\/image\/","url":"https:\/\/secure.gravatar.com\/avatar\/42263f39aa27ac04c43cab85c280eb2e?s=96&d=mm&r=pg","contentUrl":"https:\/\/secure.gravatar.com\/avatar\/42263f39aa27ac04c43cab85c280eb2e?s=96&d=mm&r=pg","caption":"Kul"},"logo":{"@id":"https:\/\/sandzakpress.net\/arhiva\/#\/schema\/person\/image\/"}},{"@type":"Person","@id":"https:\/\/sandzakpress.net\/arhiva\/#\/schema\/person\/c8baee722073534b583ea7bdb2e36c02","name":"bosniak","image":{"@type":"ImageObject","inLanguage":"bs-BA","@id":"https:\/\/sandzakpress.net\/arhiva\/#\/schema\/person\/image\/","url":"https:\/\/secure.gravatar.com\/avatar\/a04fd330bfe3a36a72a0ad4a6d89fca7?s=96&d=mm&r=pg","contentUrl":"https:\/\/secure.gravatar.com\/avatar\/a04fd330bfe3a36a72a0ad4a6d89fca7?s=96&d=mm&r=pg","caption":"bosniak"},"url":"https:\/\/sandzakpress.net\/arhiva\/author\/bosniak\/"}]}},"_links":{"self":[{"href":"https:\/\/sandzakpress.net\/arhiva\/wp-json\/wp\/v2\/posts\/18899"}],"collection":[{"href":"https:\/\/sandzakpress.net\/arhiva\/wp-json\/wp\/v2\/posts"}],"about":[{"href":"https:\/\/sandzakpress.net\/arhiva\/wp-json\/wp\/v2\/types\/post"}],"author":[{"embeddable":true,"href":"https:\/\/sandzakpress.net\/arhiva\/wp-json\/wp\/v2\/users\/83"}],"replies":[{"embeddable":true,"href":"https:\/\/sandzakpress.net\/arhiva\/wp-json\/wp\/v2\/comments?post=18899"}],"version-history":[{"count":0,"href":"https:\/\/sandzakpress.net\/arhiva\/wp-json\/wp\/v2\/posts\/18899\/revisions"}],"wp:featuredmedia":[{"embeddable":true,"href":"https:\/\/sandzakpress.net\/arhiva\/wp-json\/wp\/v2\/media\/18900"}],"wp:attachment":[{"href":"https:\/\/sandzakpress.net\/arhiva\/wp-json\/wp\/v2\/media?parent=18899"}],"wp:term":[{"taxonomy":"category","embeddable":true,"href":"https:\/\/sandzakpress.net\/arhiva\/wp-json\/wp\/v2\/categories?post=18899"},{"taxonomy":"post_tag","embeddable":true,"href":"https:\/\/sandzakpress.net\/arhiva\/wp-json\/wp\/v2\/tags?post=18899"}],"curies":[{"name":"wp","href":"https:\/\/api.w.org\/{rel}","templated":true}]}}