{"id":188876,"date":"2017-06-13T14:16:00","date_gmt":"2017-06-13T12:16:00","guid":{"rendered":"https:\/\/sandzakpress.net\/arhiva\/?p=188876"},"modified":"2017-06-13T13:20:09","modified_gmt":"2017-06-13T11:20:09","slug":"zavrsena-skolska-godina-poceo-ljetnji-raspust","status":"publish","type":"post","link":"https:\/\/sandzakpress.net\/arhiva\/zavrsena-skolska-godina-poceo-ljetnji-raspust\/","title":{"rendered":"Zavr\u0161ena \u0161kolska godina &#8211; Po\u010deo ljetnji raspust"},"content":{"rendered":"<p><img loading=\"lazy\" decoding=\"async\" class=\"aligncenter\" src=\"http:\/\/www.radiostoplus.com\/images\/clanci\/DRUSTVO\/bratstvo.jpg\" width=\"616\" height=\"406\" \/><\/p>\n<p><b>\u0160kolska godina za u\u010denike osnovnih \u0161kola od prvog do osmog razreda zavr\u0161ava se u utorak.<\/b><\/p>\n<div class=\"desc_holder mb15\">\n<p>Prema Pravilniku o kalendaru obrazovno-vaspitnog rada za osnovne \u0161kole za \u0161kolsku 2016\/2017. godinu, ljetnji raspust po\u010dinje u srijedu, 14. juna, a zavr\u0161ava u \u010detvrtak, 31. avgusta.<\/p>\n<p>Letnji raspust za u\u010denike srednjih \u0161kola po\u010dinje u srijedu 21. juna.<\/p>\n<\/div>\n","protected":false},"excerpt":{"rendered":"<p>\u0160kolska godina za u\u010denike osnovnih \u0161kola od prvog do osmog razreda zavr\u0161ava se u utorak. Prema Pravilniku o kalendaru obrazovno-vaspitnog rada za osnovne \u0161kole za \u0161kolsku 2016\/2017. godinu, ljetnji raspust po\u010dinje u srijedu, 14. juna, a zavr\u0161ava u \u010detvrtak, 31. avgusta. Letnji raspust za u\u010denike srednjih \u0161kola po\u010dinje u srijedu 21. juna.<\/p>\n","protected":false},"author":509,"featured_media":188896,"comment_status":"open","ping_status":"open","sticky":false,"template":"","format":"standard","meta":{"footnotes":""},"categories":[72,52,327,392,393,4,394,10429],"tags":[],"class_list":{"0":"post-188876","1":"post","2":"type-post","3":"status-publish","4":"format-standard","5":"has-post-thumbnail","7":"category-novi-pazar","8":"category-sjenica","9":"category-tutin","10":"category-prijepolje_","11":"category-priboj","12":"category-obrazovanje","13":"category-nova-varos","14":"category-vazno"},"yoast_head":"<!-- This site is optimized with the Yoast SEO Premium plugin v23.1 (Yoast SEO v24.9) - https:\/\/yoast.com\/wordpress\/plugins\/seo\/ -->\n<title>Zavr\u0161ena \u0161kolska godina - Po\u010deo ljetnji raspust<\/title>\n<meta name=\"robots\" content=\"index, follow, max-snippet:-1, max-image-preview:large, max-video-preview:-1\" \/>\n<link rel=\"canonical\" href=\"https:\/\/sandzakpress.net\/arhiva\/zavrsena-skolska-godina-poceo-ljetnji-raspust\/\" \/>\n<meta property=\"og:locale\" content=\"bs_BA\" \/>\n<meta property=\"og:type\" content=\"article\" \/>\n<meta property=\"og:title\" content=\"Zavr\u0161ena \u0161kolska godina - Po\u010deo ljetnji raspust\" \/>\n<meta property=\"og:description\" content=\"\u0160kolska godina za u\u010denike osnovnih \u0161kola od prvog do osmog razreda zavr\u0161ava se u utorak. Prema Pravilniku o kalendaru obrazovno-vaspitnog rada za osnovne \u0161kole za \u0161kolsku 2016\/2017. godinu, ljetnji raspust po\u010dinje u srijedu, 14. juna, a zavr\u0161ava u \u010detvrtak, 31. avgusta. Letnji raspust za u\u010denike srednjih \u0161kola po\u010dinje u srijedu 21. juna.\" \/>\n<meta property=\"og:url\" content=\"https:\/\/sandzakpress.net\/arhiva\/zavrsena-skolska-godina-poceo-ljetnji-raspust\/\" \/>\n<meta property=\"og:site_name\" content=\"Sand\u017eak PRESS\" \/>\n<meta property=\"article:published_time\" content=\"2017-06-13T12:16:00+00:00\" \/>\n<meta property=\"og:image\" content=\"https:\/\/sandzakpress.net\/arhiva\/wp-content\/uploads\/2017\/06\/bratstvo.jpg\" \/>\n\t<meta property=\"og:image:width\" content=\"470\" \/>\n\t<meta property=\"og:image:height\" content=\"270\" \/>\n\t<meta property=\"og:image:type\" content=\"image\/jpeg\" \/>\n<meta name=\"author\" content=\"Agencija\" \/>\n<meta name=\"twitter:card\" content=\"summary_large_image\" \/>\n<meta name=\"twitter:label1\" content=\"Written by\" \/>\n\t<meta name=\"twitter:data1\" content=\"Agencija\" \/>\n<script type=\"application\/ld+json\" class=\"yoast-schema-graph\">{\"@context\":\"https:\/\/schema.org\",\"@graph\":[{\"@type\":\"Article\",\"@id\":\"https:\/\/sandzakpress.net\/arhiva\/zavrsena-skolska-godina-poceo-ljetnji-raspust\/#article\",\"isPartOf\":{\"@id\":\"https:\/\/sandzakpress.net\/arhiva\/zavrsena-skolska-godina-poceo-ljetnji-raspust\/\"},\"author\":{\"name\":\"Agencija\",\"@id\":\"https:\/\/sandzakpress.net\/arhiva\/#\/schema\/person\/cb59d7e3ab91ab90dd680ad0305a6185\"},\"headline\":\"Zavr\u0161ena \u0161kolska godina &#8211; Po\u010deo ljetnji raspust\",\"datePublished\":\"2017-06-13T12:16:00+00:00\",\"mainEntityOfPage\":{\"@id\":\"https:\/\/sandzakpress.net\/arhiva\/zavrsena-skolska-godina-poceo-ljetnji-raspust\/\"},\"wordCount\":63,\"commentCount\":0,\"publisher\":{\"@id\":\"https:\/\/sandzakpress.net\/arhiva\/#\/schema\/person\/6e72b67d6e51910a1117b3b483ba20bd\"},\"image\":{\"@id\":\"https:\/\/sandzakpress.net\/arhiva\/zavrsena-skolska-godina-poceo-ljetnji-raspust\/#primaryimage\"},\"thumbnailUrl\":\"https:\/\/sandzakpress.net\/arhiva\/wp-content\/uploads\/2017\/06\/bratstvo.jpg\",\"articleSection\":[\"Novi Pazar\",\"Sjenica\",\"Tutin\",\"Prijepolje\",\"Priboj\",\"Obrazovanje\",\"Nova Varo\u0161\",\"VA\u017dNO!\"],\"inLanguage\":\"bs-BA\",\"potentialAction\":[{\"@type\":\"CommentAction\",\"name\":\"Comment\",\"target\":[\"https:\/\/sandzakpress.net\/arhiva\/zavrsena-skolska-godina-poceo-ljetnji-raspust\/#respond\"]}]},{\"@type\":\"WebPage\",\"@id\":\"https:\/\/sandzakpress.net\/arhiva\/zavrsena-skolska-godina-poceo-ljetnji-raspust\/\",\"url\":\"https:\/\/sandzakpress.net\/arhiva\/zavrsena-skolska-godina-poceo-ljetnji-raspust\/\",\"name\":\"Zavr\u0161ena \u0161kolska godina - Po\u010deo ljetnji raspust\",\"isPartOf\":{\"@id\":\"https:\/\/sandzakpress.net\/arhiva\/#website\"},\"primaryImageOfPage\":{\"@id\":\"https:\/\/sandzakpress.net\/arhiva\/zavrsena-skolska-godina-poceo-ljetnji-raspust\/#primaryimage\"},\"image\":{\"@id\":\"https:\/\/sandzakpress.net\/arhiva\/zavrsena-skolska-godina-poceo-ljetnji-raspust\/#primaryimage\"},\"thumbnailUrl\":\"https:\/\/sandzakpress.net\/arhiva\/wp-content\/uploads\/2017\/06\/bratstvo.jpg\",\"datePublished\":\"2017-06-13T12:16:00+00:00\",\"breadcrumb\":{\"@id\":\"https:\/\/sandzakpress.net\/arhiva\/zavrsena-skolska-godina-poceo-ljetnji-raspust\/#breadcrumb\"},\"inLanguage\":\"bs-BA\",\"potentialAction\":[{\"@type\":\"ReadAction\",\"target\":[\"https:\/\/sandzakpress.net\/arhiva\/zavrsena-skolska-godina-poceo-ljetnji-raspust\/\"]}]},{\"@type\":\"ImageObject\",\"inLanguage\":\"bs-BA\",\"@id\":\"https:\/\/sandzakpress.net\/arhiva\/zavrsena-skolska-godina-poceo-ljetnji-raspust\/#primaryimage\",\"url\":\"https:\/\/sandzakpress.net\/arhiva\/wp-content\/uploads\/2017\/06\/bratstvo.jpg\",\"contentUrl\":\"https:\/\/sandzakpress.net\/arhiva\/wp-content\/uploads\/2017\/06\/bratstvo.jpg\",\"width\":470,\"height\":270},{\"@type\":\"BreadcrumbList\",\"@id\":\"https:\/\/sandzakpress.net\/arhiva\/zavrsena-skolska-godina-poceo-ljetnji-raspust\/#breadcrumb\",\"itemListElement\":[{\"@type\":\"ListItem\",\"position\":1,\"name\":\"Home\",\"item\":\"https:\/\/sandzakpress.net\/arhiva\/\"},{\"@type\":\"ListItem\",\"position\":2,\"name\":\"Zavr\u0161ena \u0161kolska godina &#8211; Po\u010deo ljetnji raspust\"}]},{\"@type\":\"WebSite\",\"@id\":\"https:\/\/sandzakpress.net\/arhiva\/#website\",\"url\":\"https:\/\/sandzakpress.net\/arhiva\/\",\"name\":\"Sand\u017eak PRESS\",\"description\":\"Prve elektronske novine u Sand\u017eaku\",\"publisher\":{\"@id\":\"https:\/\/sandzakpress.net\/arhiva\/#\/schema\/person\/6e72b67d6e51910a1117b3b483ba20bd\"},\"potentialAction\":[{\"@type\":\"SearchAction\",\"target\":{\"@type\":\"EntryPoint\",\"urlTemplate\":\"https:\/\/sandzakpress.net\/arhiva\/?s={search_term_string}\"},\"query-input\":{\"@type\":\"PropertyValueSpecification\",\"valueRequired\":true,\"valueName\":\"search_term_string\"}}],\"inLanguage\":\"bs-BA\"},{\"@type\":[\"Person\",\"Organization\"],\"@id\":\"https:\/\/sandzakpress.net\/arhiva\/#\/schema\/person\/6e72b67d6e51910a1117b3b483ba20bd\",\"name\":\"Kul\",\"image\":{\"@type\":\"ImageObject\",\"inLanguage\":\"bs-BA\",\"@id\":\"https:\/\/sandzakpress.net\/arhiva\/#\/schema\/person\/image\/\",\"url\":\"https:\/\/secure.gravatar.com\/avatar\/42263f39aa27ac04c43cab85c280eb2e?s=96&d=mm&r=pg\",\"contentUrl\":\"https:\/\/secure.gravatar.com\/avatar\/42263f39aa27ac04c43cab85c280eb2e?s=96&d=mm&r=pg\",\"caption\":\"Kul\"},\"logo\":{\"@id\":\"https:\/\/sandzakpress.net\/arhiva\/#\/schema\/person\/image\/\"}},{\"@type\":\"Person\",\"@id\":\"https:\/\/sandzakpress.net\/arhiva\/#\/schema\/person\/cb59d7e3ab91ab90dd680ad0305a6185\",\"name\":\"Agencija\",\"image\":{\"@type\":\"ImageObject\",\"inLanguage\":\"bs-BA\",\"@id\":\"https:\/\/sandzakpress.net\/arhiva\/#\/schema\/person\/image\/\",\"url\":\"https:\/\/secure.gravatar.com\/avatar\/4b7fafa80a22f0c2afe23966b3961fe0?s=96&d=mm&r=pg\",\"contentUrl\":\"https:\/\/secure.gravatar.com\/avatar\/4b7fafa80a22f0c2afe23966b3961fe0?s=96&d=mm&r=pg\",\"caption\":\"Agencija\"},\"url\":\"https:\/\/sandzakpress.net\/arhiva\/author\/agencija\/\"}]}<\/script>\n<!-- \/ Yoast SEO Premium plugin. -->","yoast_head_json":{"title":"Zavr\u0161ena \u0161kolska godina - Po\u010deo ljetnji raspust","robots":{"index":"index","follow":"follow","max-snippet":"max-snippet:-1","max-image-preview":"max-image-preview:large","max-video-preview":"max-video-preview:-1"},"canonical":"https:\/\/sandzakpress.net\/arhiva\/zavrsena-skolska-godina-poceo-ljetnji-raspust\/","og_locale":"bs_BA","og_type":"article","og_title":"Zavr\u0161ena \u0161kolska godina - Po\u010deo ljetnji raspust","og_description":"\u0160kolska godina za u\u010denike osnovnih \u0161kola od prvog do osmog razreda zavr\u0161ava se u utorak. Prema Pravilniku o kalendaru obrazovno-vaspitnog rada za osnovne \u0161kole za \u0161kolsku 2016\/2017. godinu, ljetnji raspust po\u010dinje u srijedu, 14. juna, a zavr\u0161ava u \u010detvrtak, 31. avgusta. Letnji raspust za u\u010denike srednjih \u0161kola po\u010dinje u srijedu 21. juna.","og_url":"https:\/\/sandzakpress.net\/arhiva\/zavrsena-skolska-godina-poceo-ljetnji-raspust\/","og_site_name":"Sand\u017eak PRESS","article_published_time":"2017-06-13T12:16:00+00:00","og_image":[{"width":470,"height":270,"url":"https:\/\/sandzakpress.net\/arhiva\/wp-content\/uploads\/2017\/06\/bratstvo.jpg","type":"image\/jpeg"}],"author":"Agencija","twitter_card":"summary_large_image","twitter_misc":{"Written by":"Agencija"},"schema":{"@context":"https:\/\/schema.org","@graph":[{"@type":"Article","@id":"https:\/\/sandzakpress.net\/arhiva\/zavrsena-skolska-godina-poceo-ljetnji-raspust\/#article","isPartOf":{"@id":"https:\/\/sandzakpress.net\/arhiva\/zavrsena-skolska-godina-poceo-ljetnji-raspust\/"},"author":{"name":"Agencija","@id":"https:\/\/sandzakpress.net\/arhiva\/#\/schema\/person\/cb59d7e3ab91ab90dd680ad0305a6185"},"headline":"Zavr\u0161ena \u0161kolska godina &#8211; Po\u010deo ljetnji raspust","datePublished":"2017-06-13T12:16:00+00:00","mainEntityOfPage":{"@id":"https:\/\/sandzakpress.net\/arhiva\/zavrsena-skolska-godina-poceo-ljetnji-raspust\/"},"wordCount":63,"commentCount":0,"publisher":{"@id":"https:\/\/sandzakpress.net\/arhiva\/#\/schema\/person\/6e72b67d6e51910a1117b3b483ba20bd"},"image":{"@id":"https:\/\/sandzakpress.net\/arhiva\/zavrsena-skolska-godina-poceo-ljetnji-raspust\/#primaryimage"},"thumbnailUrl":"https:\/\/sandzakpress.net\/arhiva\/wp-content\/uploads\/2017\/06\/bratstvo.jpg","articleSection":["Novi Pazar","Sjenica","Tutin","Prijepolje","Priboj","Obrazovanje","Nova Varo\u0161","VA\u017dNO!"],"inLanguage":"bs-BA","potentialAction":[{"@type":"CommentAction","name":"Comment","target":["https:\/\/sandzakpress.net\/arhiva\/zavrsena-skolska-godina-poceo-ljetnji-raspust\/#respond"]}]},{"@type":"WebPage","@id":"https:\/\/sandzakpress.net\/arhiva\/zavrsena-skolska-godina-poceo-ljetnji-raspust\/","url":"https:\/\/sandzakpress.net\/arhiva\/zavrsena-skolska-godina-poceo-ljetnji-raspust\/","name":"Zavr\u0161ena \u0161kolska godina - Po\u010deo ljetnji raspust","isPartOf":{"@id":"https:\/\/sandzakpress.net\/arhiva\/#website"},"primaryImageOfPage":{"@id":"https:\/\/sandzakpress.net\/arhiva\/zavrsena-skolska-godina-poceo-ljetnji-raspust\/#primaryimage"},"image":{"@id":"https:\/\/sandzakpress.net\/arhiva\/zavrsena-skolska-godina-poceo-ljetnji-raspust\/#primaryimage"},"thumbnailUrl":"https:\/\/sandzakpress.net\/arhiva\/wp-content\/uploads\/2017\/06\/bratstvo.jpg","datePublished":"2017-06-13T12:16:00+00:00","breadcrumb":{"@id":"https:\/\/sandzakpress.net\/arhiva\/zavrsena-skolska-godina-poceo-ljetnji-raspust\/#breadcrumb"},"inLanguage":"bs-BA","potentialAction":[{"@type":"ReadAction","target":["https:\/\/sandzakpress.net\/arhiva\/zavrsena-skolska-godina-poceo-ljetnji-raspust\/"]}]},{"@type":"ImageObject","inLanguage":"bs-BA","@id":"https:\/\/sandzakpress.net\/arhiva\/zavrsena-skolska-godina-poceo-ljetnji-raspust\/#primaryimage","url":"https:\/\/sandzakpress.net\/arhiva\/wp-content\/uploads\/2017\/06\/bratstvo.jpg","contentUrl":"https:\/\/sandzakpress.net\/arhiva\/wp-content\/uploads\/2017\/06\/bratstvo.jpg","width":470,"height":270},{"@type":"BreadcrumbList","@id":"https:\/\/sandzakpress.net\/arhiva\/zavrsena-skolska-godina-poceo-ljetnji-raspust\/#breadcrumb","itemListElement":[{"@type":"ListItem","position":1,"name":"Home","item":"https:\/\/sandzakpress.net\/arhiva\/"},{"@type":"ListItem","position":2,"name":"Zavr\u0161ena \u0161kolska godina &#8211; Po\u010deo ljetnji raspust"}]},{"@type":"WebSite","@id":"https:\/\/sandzakpress.net\/arhiva\/#website","url":"https:\/\/sandzakpress.net\/arhiva\/","name":"Sand\u017eak PRESS","description":"Prve elektronske novine u Sand\u017eaku","publisher":{"@id":"https:\/\/sandzakpress.net\/arhiva\/#\/schema\/person\/6e72b67d6e51910a1117b3b483ba20bd"},"potentialAction":[{"@type":"SearchAction","target":{"@type":"EntryPoint","urlTemplate":"https:\/\/sandzakpress.net\/arhiva\/?s={search_term_string}"},"query-input":{"@type":"PropertyValueSpecification","valueRequired":true,"valueName":"search_term_string"}}],"inLanguage":"bs-BA"},{"@type":["Person","Organization"],"@id":"https:\/\/sandzakpress.net\/arhiva\/#\/schema\/person\/6e72b67d6e51910a1117b3b483ba20bd","name":"Kul","image":{"@type":"ImageObject","inLanguage":"bs-BA","@id":"https:\/\/sandzakpress.net\/arhiva\/#\/schema\/person\/image\/","url":"https:\/\/secure.gravatar.com\/avatar\/42263f39aa27ac04c43cab85c280eb2e?s=96&d=mm&r=pg","contentUrl":"https:\/\/secure.gravatar.com\/avatar\/42263f39aa27ac04c43cab85c280eb2e?s=96&d=mm&r=pg","caption":"Kul"},"logo":{"@id":"https:\/\/sandzakpress.net\/arhiva\/#\/schema\/person\/image\/"}},{"@type":"Person","@id":"https:\/\/sandzakpress.net\/arhiva\/#\/schema\/person\/cb59d7e3ab91ab90dd680ad0305a6185","name":"Agencija","image":{"@type":"ImageObject","inLanguage":"bs-BA","@id":"https:\/\/sandzakpress.net\/arhiva\/#\/schema\/person\/image\/","url":"https:\/\/secure.gravatar.com\/avatar\/4b7fafa80a22f0c2afe23966b3961fe0?s=96&d=mm&r=pg","contentUrl":"https:\/\/secure.gravatar.com\/avatar\/4b7fafa80a22f0c2afe23966b3961fe0?s=96&d=mm&r=pg","caption":"Agencija"},"url":"https:\/\/sandzakpress.net\/arhiva\/author\/agencija\/"}]}},"_links":{"self":[{"href":"https:\/\/sandzakpress.net\/arhiva\/wp-json\/wp\/v2\/posts\/188876"}],"collection":[{"href":"https:\/\/sandzakpress.net\/arhiva\/wp-json\/wp\/v2\/posts"}],"about":[{"href":"https:\/\/sandzakpress.net\/arhiva\/wp-json\/wp\/v2\/types\/post"}],"author":[{"embeddable":true,"href":"https:\/\/sandzakpress.net\/arhiva\/wp-json\/wp\/v2\/users\/509"}],"replies":[{"embeddable":true,"href":"https:\/\/sandzakpress.net\/arhiva\/wp-json\/wp\/v2\/comments?post=188876"}],"version-history":[{"count":0,"href":"https:\/\/sandzakpress.net\/arhiva\/wp-json\/wp\/v2\/posts\/188876\/revisions"}],"wp:featuredmedia":[{"embeddable":true,"href":"https:\/\/sandzakpress.net\/arhiva\/wp-json\/wp\/v2\/media\/188896"}],"wp:attachment":[{"href":"https:\/\/sandzakpress.net\/arhiva\/wp-json\/wp\/v2\/media?parent=188876"}],"wp:term":[{"taxonomy":"category","embeddable":true,"href":"https:\/\/sandzakpress.net\/arhiva\/wp-json\/wp\/v2\/categories?post=188876"},{"taxonomy":"post_tag","embeddable":true,"href":"https:\/\/sandzakpress.net\/arhiva\/wp-json\/wp\/v2\/tags?post=188876"}],"curies":[{"name":"wp","href":"https:\/\/api.w.org\/{rel}","templated":true}]}}