{"id":188811,"date":"2017-06-12T14:07:56","date_gmt":"2017-06-12T12:07:56","guid":{"rendered":"https:\/\/sandzakpress.net\/arhiva\/u-utorak-pocinje-novo-sudenje-stanisicu-i-simatovicu"},"modified":"2017-06-12T14:07:56","modified_gmt":"2017-06-12T12:07:56","slug":"u-utorak-pocinje-novo-sudenje-stanisicu-i-simatovicu","status":"publish","type":"post","link":"https:\/\/sandzakpress.net\/arhiva\/u-utorak-pocinje-novo-sudenje-stanisicu-i-simatovicu\/","title":{"rendered":"U utorak po\u010dinje novo su\u0111enje Stani\u0161i\u0107u i Simatovi\u0107u"},"content":{"rendered":"<p><span class=\"cb-itemprop\"><\/p>\n<div><img decoding=\"async\" src=\"http:\/\/vijesti.ba\/storage\/2015\/12\/22\/thumbs\/5679aea1-11b4-42b5-8359-3e4b0a0a0a80-simatovic-stanisic-700x402.jpg\" alt=\"U utorak po\u010dinje novo su\u0111enje Stani\u0161i\u0107u i Simatovi\u0107u\" \/><\/div>\n<div class=\"articleIntro\"><strong>Na Me\u0111unarodnom kaznenom sudu za biv\u0161u Jugoslaviju (ICTY) u utorak po\u010dinje ponovljeno su\u0111enje nekada\u0161njim \u010delnicima srbijanske Dr\u017eavne sigurnosti (DB) Jovici Stani\u0161icu\u0301 i Franku Simatovic\u0301u, optu\u017eenima za slanje \u201codreda smrti\u201d u Hrvatsku i Bosnu i Hercegovinu u ratovima devedestih godina.<\/strong><\/div>\n<div class=\"articleTxt\">\n<p>Stani\u0161i\u0107 (66) i Simatovi\u0107 (67) odgovarat \u0107e na iste optu\u017ebe kao i na prvom su\u0111enju. Optu\u017enica ICTY-ja tereti da su formirali, pomagali i vodili tajne policijske i paravojne postrojbe na podru\u010dju Hrvatske i BiH, te za sudjelovanje u udru\u017eenom zlo\u010dina\u010dkom pothvatu koji je za posljedice imao progon, ubojstva, deportacije i prisilno premje\u0161tanje hrvatskog i muslimanskog stanovni\u0161tva.<\/p>\n<p>ICTY je u maju 2013. prvostepeno oslobodio biv\u0161eg \u0161efa srbijanske slu\u017ebe dr\u017eavne sigurnosti (SDB) Stani\u0161i\u0107a i biv\u0161eg zapovjednika jedinice za specijalne operacije SDB-a Simatovi\u0107a odgovornosti za zlo\u010dine koje su u Hrvatskoj i BiH po\u010dinile srpske paravojne jedinice ocijeniv\u0161i da im ona nije dokazana.<\/p>\n<p>Presudom je bilo utvr\u0111eno da su Stani\u0161i\u0107 i Simatovi\u0107 slali u Hrvatsku i BiH jedinice specijalne namjene SDB-a tzv. \u201ccrvene beretke\u201d koje su sa \u201c\u0161korpionima\u201d, srpskom dobrovolja\u010dkom gardom \u017deljka Ra\u017enatovi\u0107a Arkana, te milicijom SAO Krajine po\u010dinile zlo\u010dine, no to nije bilo dovoljno da se utvrdi njihova odgovornost za te zlo\u010dine jer nije dokazano da su ih slali s namjerom da se po\u010dine zlo\u010dini.<\/p>\n<p>Po prvostepenom vije\u0107u ponu\u0111eni dokazi nisu dokazali ni njihovu namjeru sudjelovanja u udru\u017eenom zlo\u010dina\u010dkom pothvatu (UZP).<\/p>\n<p>Takva presuda izazvala je zadovoljstvo vlade u Beogradu i veliko ogor\u010denje u Hrvatskoj i BiH.<\/p>\n<p>Nakon \u017ealbe ha\u0161kog tu\u017eila\u0161tva, u decembru 2015. \u017ealbeno vije\u0107e ICTY-ja presudu je poni\u0161tilo zbog pogre\u0161ne interpretacije nekoliko aspekata zakona i vratilo su\u0111enje na po\u010detak.<\/p>\n<p>Srbijanske vlasti uhapsile su Stani\u0161i\u0107a i Simatovi\u0107a tokom akcije \u201cSablja\u201d nakon ubistva premijera Zorana \u0110in\u0111i\u0107a 12. marta 2003. godine. Simatovi\u0107 je izru\u010den Haagu 30. maja, a Stani\u0161i\u0107 11. juna te godine. Tamo su bili do osloba\u0111aju\u0107e presude 2013., a u o\u010dekivaju novog su\u0111enja nedavno su vra\u0107eni u Scheveningen.<\/p>\n<p>(Vijesti.ba \/ FENA)<\/p>\n<\/div>\n<p><\/span><br \/>\nPogledajte vijest na izvornom sajtu:<\/p>\n<p><a href=\"http:\/\/bosnapress.net\/u-utorak-pocinje-novo-sudjenje-stanisicu-i-simatovicu\/\" target=\"_blank\">U utorak po\u010dinje novo su\u0111enje Stani\u0161i\u0107u i Simatovi\u0107u<\/a><\/p>\n","protected":false},"excerpt":{"rendered":"<p>Na Me\u0111unarodnom kaznenom sudu za biv\u0161u Jugoslaviju (ICTY) u utorak po\u010dinje ponovljeno su\u0111enje nekada\u0161njim \u010delnicima srbijanske Dr\u017eavne sigurnosti (DB) Jovici Stani\u0161icu\u0301 i Franku Simatovic\u0301u, optu\u017eenima za slanje \u201codreda smrti\u201d u Hrvatsku i Bosnu i Hercegovinu u ratovima devedestih godina. Stani\u0161i\u0107 (66) i Simatovi\u0107 (67) odgovarat \u0107e na iste optu\u017ebe kao i na prvom su\u0111enju. Optu\u017enica [&hellip;]<\/p>\n","protected":false},"author":83,"featured_media":0,"comment_status":"open","ping_status":"open","sticky":false,"template":"","format":"standard","meta":{"footnotes":""},"categories":[10513],"tags":[10466],"class_list":{"0":"post-188811","1":"post","2":"type-post","3":"status-publish","4":"format-standard","6":"category-bosna-press","7":"tag-bosna-i-hercegovina"},"yoast_head":"<!-- This site is optimized with the Yoast SEO Premium plugin v23.1 (Yoast SEO v24.9) - https:\/\/yoast.com\/wordpress\/plugins\/seo\/ -->\n<title>U utorak po\u010dinje novo su\u0111enje Stani\u0161i\u0107u i Simatovi\u0107u<\/title>\n<meta name=\"robots\" content=\"index, follow, max-snippet:-1, max-image-preview:large, max-video-preview:-1\" \/>\n<link rel=\"canonical\" href=\"https:\/\/sandzakpress.net\/arhiva\/u-utorak-pocinje-novo-sudenje-stanisicu-i-simatovicu\/\" \/>\n<meta property=\"og:locale\" content=\"bs_BA\" \/>\n<meta property=\"og:type\" content=\"article\" \/>\n<meta property=\"og:title\" content=\"U utorak po\u010dinje novo su\u0111enje Stani\u0161i\u0107u i Simatovi\u0107u\" \/>\n<meta property=\"og:description\" content=\"Na Me\u0111unarodnom kaznenom sudu za biv\u0161u Jugoslaviju (ICTY) u utorak po\u010dinje ponovljeno su\u0111enje nekada\u0161njim \u010delnicima srbijanske Dr\u017eavne sigurnosti (DB) Jovici Stani\u0161icu\u0301 i Franku Simatovic\u0301u, optu\u017eenima za slanje \u201codreda smrti\u201d u Hrvatsku i Bosnu i Hercegovinu u ratovima devedestih godina. Stani\u0161i\u0107 (66) i Simatovi\u0107 (67) odgovarat \u0107e na iste optu\u017ebe kao i na prvom su\u0111enju. Optu\u017enica [&hellip;]\" \/>\n<meta property=\"og:url\" content=\"https:\/\/sandzakpress.net\/arhiva\/u-utorak-pocinje-novo-sudenje-stanisicu-i-simatovicu\/\" \/>\n<meta property=\"og:site_name\" content=\"Sand\u017eak PRESS\" \/>\n<meta property=\"article:published_time\" content=\"2017-06-12T12:07:56+00:00\" \/>\n<meta property=\"og:image\" content=\"http:\/\/vijesti.ba\/storage\/2015\/12\/22\/thumbs\/5679aea1-11b4-42b5-8359-3e4b0a0a0a80-simatovic-stanisic-700x402.jpg\" \/>\n<meta name=\"author\" content=\"bosniak\" \/>\n<meta name=\"twitter:card\" content=\"summary_large_image\" \/>\n<meta name=\"twitter:label1\" content=\"Written by\" \/>\n\t<meta name=\"twitter:data1\" content=\"bosniak\" \/>\n\t<meta name=\"twitter:label2\" content=\"Est. reading time\" \/>\n\t<meta name=\"twitter:data2\" content=\"2 minute\" \/>\n<script type=\"application\/ld+json\" class=\"yoast-schema-graph\">{\"@context\":\"https:\/\/schema.org\",\"@graph\":[{\"@type\":\"Article\",\"@id\":\"https:\/\/sandzakpress.net\/arhiva\/u-utorak-pocinje-novo-sudenje-stanisicu-i-simatovicu\/#article\",\"isPartOf\":{\"@id\":\"https:\/\/sandzakpress.net\/arhiva\/u-utorak-pocinje-novo-sudenje-stanisicu-i-simatovicu\/\"},\"author\":{\"name\":\"bosniak\",\"@id\":\"https:\/\/sandzakpress.net\/arhiva\/#\/schema\/person\/c8baee722073534b583ea7bdb2e36c02\"},\"headline\":\"U utorak po\u010dinje novo su\u0111enje Stani\u0161i\u0107u i Simatovi\u0107u\",\"datePublished\":\"2017-06-12T12:07:56+00:00\",\"mainEntityOfPage\":{\"@id\":\"https:\/\/sandzakpress.net\/arhiva\/u-utorak-pocinje-novo-sudenje-stanisicu-i-simatovicu\/\"},\"wordCount\":394,\"commentCount\":0,\"publisher\":{\"@id\":\"https:\/\/sandzakpress.net\/arhiva\/#\/schema\/person\/6e72b67d6e51910a1117b3b483ba20bd\"},\"image\":{\"@id\":\"https:\/\/sandzakpress.net\/arhiva\/u-utorak-pocinje-novo-sudenje-stanisicu-i-simatovicu\/#primaryimage\"},\"thumbnailUrl\":\"http:\/\/vijesti.ba\/storage\/2015\/12\/22\/thumbs\/5679aea1-11b4-42b5-8359-3e4b0a0a0a80-simatovic-stanisic-700x402.jpg\",\"keywords\":[\"Bosna i Hercegovina\"],\"articleSection\":[\"Bosna PRESS\"],\"inLanguage\":\"bs-BA\",\"potentialAction\":[{\"@type\":\"CommentAction\",\"name\":\"Comment\",\"target\":[\"https:\/\/sandzakpress.net\/arhiva\/u-utorak-pocinje-novo-sudenje-stanisicu-i-simatovicu\/#respond\"]}]},{\"@type\":\"WebPage\",\"@id\":\"https:\/\/sandzakpress.net\/arhiva\/u-utorak-pocinje-novo-sudenje-stanisicu-i-simatovicu\/\",\"url\":\"https:\/\/sandzakpress.net\/arhiva\/u-utorak-pocinje-novo-sudenje-stanisicu-i-simatovicu\/\",\"name\":\"U utorak po\u010dinje novo su\u0111enje Stani\u0161i\u0107u i Simatovi\u0107u\",\"isPartOf\":{\"@id\":\"https:\/\/sandzakpress.net\/arhiva\/#website\"},\"primaryImageOfPage\":{\"@id\":\"https:\/\/sandzakpress.net\/arhiva\/u-utorak-pocinje-novo-sudenje-stanisicu-i-simatovicu\/#primaryimage\"},\"image\":{\"@id\":\"https:\/\/sandzakpress.net\/arhiva\/u-utorak-pocinje-novo-sudenje-stanisicu-i-simatovicu\/#primaryimage\"},\"thumbnailUrl\":\"http:\/\/vijesti.ba\/storage\/2015\/12\/22\/thumbs\/5679aea1-11b4-42b5-8359-3e4b0a0a0a80-simatovic-stanisic-700x402.jpg\",\"datePublished\":\"2017-06-12T12:07:56+00:00\",\"breadcrumb\":{\"@id\":\"https:\/\/sandzakpress.net\/arhiva\/u-utorak-pocinje-novo-sudenje-stanisicu-i-simatovicu\/#breadcrumb\"},\"inLanguage\":\"bs-BA\",\"potentialAction\":[{\"@type\":\"ReadAction\",\"target\":[\"https:\/\/sandzakpress.net\/arhiva\/u-utorak-pocinje-novo-sudenje-stanisicu-i-simatovicu\/\"]}]},{\"@type\":\"ImageObject\",\"inLanguage\":\"bs-BA\",\"@id\":\"https:\/\/sandzakpress.net\/arhiva\/u-utorak-pocinje-novo-sudenje-stanisicu-i-simatovicu\/#primaryimage\",\"url\":\"http:\/\/vijesti.ba\/storage\/2015\/12\/22\/thumbs\/5679aea1-11b4-42b5-8359-3e4b0a0a0a80-simatovic-stanisic-700x402.jpg\",\"contentUrl\":\"http:\/\/vijesti.ba\/storage\/2015\/12\/22\/thumbs\/5679aea1-11b4-42b5-8359-3e4b0a0a0a80-simatovic-stanisic-700x402.jpg\"},{\"@type\":\"BreadcrumbList\",\"@id\":\"https:\/\/sandzakpress.net\/arhiva\/u-utorak-pocinje-novo-sudenje-stanisicu-i-simatovicu\/#breadcrumb\",\"itemListElement\":[{\"@type\":\"ListItem\",\"position\":1,\"name\":\"Home\",\"item\":\"https:\/\/sandzakpress.net\/arhiva\/\"},{\"@type\":\"ListItem\",\"position\":2,\"name\":\"U utorak po\u010dinje novo su\u0111enje Stani\u0161i\u0107u i Simatovi\u0107u\"}]},{\"@type\":\"WebSite\",\"@id\":\"https:\/\/sandzakpress.net\/arhiva\/#website\",\"url\":\"https:\/\/sandzakpress.net\/arhiva\/\",\"name\":\"Sand\u017eak PRESS\",\"description\":\"Prve elektronske novine u Sand\u017eaku\",\"publisher\":{\"@id\":\"https:\/\/sandzakpress.net\/arhiva\/#\/schema\/person\/6e72b67d6e51910a1117b3b483ba20bd\"},\"potentialAction\":[{\"@type\":\"SearchAction\",\"target\":{\"@type\":\"EntryPoint\",\"urlTemplate\":\"https:\/\/sandzakpress.net\/arhiva\/?s={search_term_string}\"},\"query-input\":{\"@type\":\"PropertyValueSpecification\",\"valueRequired\":true,\"valueName\":\"search_term_string\"}}],\"inLanguage\":\"bs-BA\"},{\"@type\":[\"Person\",\"Organization\"],\"@id\":\"https:\/\/sandzakpress.net\/arhiva\/#\/schema\/person\/6e72b67d6e51910a1117b3b483ba20bd\",\"name\":\"Kul\",\"image\":{\"@type\":\"ImageObject\",\"inLanguage\":\"bs-BA\",\"@id\":\"https:\/\/sandzakpress.net\/arhiva\/#\/schema\/person\/image\/\",\"url\":\"https:\/\/secure.gravatar.com\/avatar\/42263f39aa27ac04c43cab85c280eb2e?s=96&d=mm&r=pg\",\"contentUrl\":\"https:\/\/secure.gravatar.com\/avatar\/42263f39aa27ac04c43cab85c280eb2e?s=96&d=mm&r=pg\",\"caption\":\"Kul\"},\"logo\":{\"@id\":\"https:\/\/sandzakpress.net\/arhiva\/#\/schema\/person\/image\/\"}},{\"@type\":\"Person\",\"@id\":\"https:\/\/sandzakpress.net\/arhiva\/#\/schema\/person\/c8baee722073534b583ea7bdb2e36c02\",\"name\":\"bosniak\",\"image\":{\"@type\":\"ImageObject\",\"inLanguage\":\"bs-BA\",\"@id\":\"https:\/\/sandzakpress.net\/arhiva\/#\/schema\/person\/image\/\",\"url\":\"https:\/\/secure.gravatar.com\/avatar\/a04fd330bfe3a36a72a0ad4a6d89fca7?s=96&d=mm&r=pg\",\"contentUrl\":\"https:\/\/secure.gravatar.com\/avatar\/a04fd330bfe3a36a72a0ad4a6d89fca7?s=96&d=mm&r=pg\",\"caption\":\"bosniak\"},\"url\":\"https:\/\/sandzakpress.net\/arhiva\/author\/bosniak\/\"}]}<\/script>\n<!-- \/ Yoast SEO Premium plugin. -->","yoast_head_json":{"title":"U utorak po\u010dinje novo su\u0111enje Stani\u0161i\u0107u i Simatovi\u0107u","robots":{"index":"index","follow":"follow","max-snippet":"max-snippet:-1","max-image-preview":"max-image-preview:large","max-video-preview":"max-video-preview:-1"},"canonical":"https:\/\/sandzakpress.net\/arhiva\/u-utorak-pocinje-novo-sudenje-stanisicu-i-simatovicu\/","og_locale":"bs_BA","og_type":"article","og_title":"U utorak po\u010dinje novo su\u0111enje Stani\u0161i\u0107u i Simatovi\u0107u","og_description":"Na Me\u0111unarodnom kaznenom sudu za biv\u0161u Jugoslaviju (ICTY) u utorak po\u010dinje ponovljeno su\u0111enje nekada\u0161njim \u010delnicima srbijanske Dr\u017eavne sigurnosti (DB) Jovici Stani\u0161icu\u0301 i Franku Simatovic\u0301u, optu\u017eenima za slanje \u201codreda smrti\u201d u Hrvatsku i Bosnu i Hercegovinu u ratovima devedestih godina. Stani\u0161i\u0107 (66) i Simatovi\u0107 (67) odgovarat \u0107e na iste optu\u017ebe kao i na prvom su\u0111enju. Optu\u017enica [&hellip;]","og_url":"https:\/\/sandzakpress.net\/arhiva\/u-utorak-pocinje-novo-sudenje-stanisicu-i-simatovicu\/","og_site_name":"Sand\u017eak PRESS","article_published_time":"2017-06-12T12:07:56+00:00","og_image":[{"url":"http:\/\/vijesti.ba\/storage\/2015\/12\/22\/thumbs\/5679aea1-11b4-42b5-8359-3e4b0a0a0a80-simatovic-stanisic-700x402.jpg","type":"","width":"","height":""}],"author":"bosniak","twitter_card":"summary_large_image","twitter_misc":{"Written by":"bosniak","Est. reading time":"2 minute"},"schema":{"@context":"https:\/\/schema.org","@graph":[{"@type":"Article","@id":"https:\/\/sandzakpress.net\/arhiva\/u-utorak-pocinje-novo-sudenje-stanisicu-i-simatovicu\/#article","isPartOf":{"@id":"https:\/\/sandzakpress.net\/arhiva\/u-utorak-pocinje-novo-sudenje-stanisicu-i-simatovicu\/"},"author":{"name":"bosniak","@id":"https:\/\/sandzakpress.net\/arhiva\/#\/schema\/person\/c8baee722073534b583ea7bdb2e36c02"},"headline":"U utorak po\u010dinje novo su\u0111enje Stani\u0161i\u0107u i Simatovi\u0107u","datePublished":"2017-06-12T12:07:56+00:00","mainEntityOfPage":{"@id":"https:\/\/sandzakpress.net\/arhiva\/u-utorak-pocinje-novo-sudenje-stanisicu-i-simatovicu\/"},"wordCount":394,"commentCount":0,"publisher":{"@id":"https:\/\/sandzakpress.net\/arhiva\/#\/schema\/person\/6e72b67d6e51910a1117b3b483ba20bd"},"image":{"@id":"https:\/\/sandzakpress.net\/arhiva\/u-utorak-pocinje-novo-sudenje-stanisicu-i-simatovicu\/#primaryimage"},"thumbnailUrl":"http:\/\/vijesti.ba\/storage\/2015\/12\/22\/thumbs\/5679aea1-11b4-42b5-8359-3e4b0a0a0a80-simatovic-stanisic-700x402.jpg","keywords":["Bosna i Hercegovina"],"articleSection":["Bosna PRESS"],"inLanguage":"bs-BA","potentialAction":[{"@type":"CommentAction","name":"Comment","target":["https:\/\/sandzakpress.net\/arhiva\/u-utorak-pocinje-novo-sudenje-stanisicu-i-simatovicu\/#respond"]}]},{"@type":"WebPage","@id":"https:\/\/sandzakpress.net\/arhiva\/u-utorak-pocinje-novo-sudenje-stanisicu-i-simatovicu\/","url":"https:\/\/sandzakpress.net\/arhiva\/u-utorak-pocinje-novo-sudenje-stanisicu-i-simatovicu\/","name":"U utorak po\u010dinje novo su\u0111enje Stani\u0161i\u0107u i Simatovi\u0107u","isPartOf":{"@id":"https:\/\/sandzakpress.net\/arhiva\/#website"},"primaryImageOfPage":{"@id":"https:\/\/sandzakpress.net\/arhiva\/u-utorak-pocinje-novo-sudenje-stanisicu-i-simatovicu\/#primaryimage"},"image":{"@id":"https:\/\/sandzakpress.net\/arhiva\/u-utorak-pocinje-novo-sudenje-stanisicu-i-simatovicu\/#primaryimage"},"thumbnailUrl":"http:\/\/vijesti.ba\/storage\/2015\/12\/22\/thumbs\/5679aea1-11b4-42b5-8359-3e4b0a0a0a80-simatovic-stanisic-700x402.jpg","datePublished":"2017-06-12T12:07:56+00:00","breadcrumb":{"@id":"https:\/\/sandzakpress.net\/arhiva\/u-utorak-pocinje-novo-sudenje-stanisicu-i-simatovicu\/#breadcrumb"},"inLanguage":"bs-BA","potentialAction":[{"@type":"ReadAction","target":["https:\/\/sandzakpress.net\/arhiva\/u-utorak-pocinje-novo-sudenje-stanisicu-i-simatovicu\/"]}]},{"@type":"ImageObject","inLanguage":"bs-BA","@id":"https:\/\/sandzakpress.net\/arhiva\/u-utorak-pocinje-novo-sudenje-stanisicu-i-simatovicu\/#primaryimage","url":"http:\/\/vijesti.ba\/storage\/2015\/12\/22\/thumbs\/5679aea1-11b4-42b5-8359-3e4b0a0a0a80-simatovic-stanisic-700x402.jpg","contentUrl":"http:\/\/vijesti.ba\/storage\/2015\/12\/22\/thumbs\/5679aea1-11b4-42b5-8359-3e4b0a0a0a80-simatovic-stanisic-700x402.jpg"},{"@type":"BreadcrumbList","@id":"https:\/\/sandzakpress.net\/arhiva\/u-utorak-pocinje-novo-sudenje-stanisicu-i-simatovicu\/#breadcrumb","itemListElement":[{"@type":"ListItem","position":1,"name":"Home","item":"https:\/\/sandzakpress.net\/arhiva\/"},{"@type":"ListItem","position":2,"name":"U utorak po\u010dinje novo su\u0111enje Stani\u0161i\u0107u i Simatovi\u0107u"}]},{"@type":"WebSite","@id":"https:\/\/sandzakpress.net\/arhiva\/#website","url":"https:\/\/sandzakpress.net\/arhiva\/","name":"Sand\u017eak PRESS","description":"Prve elektronske novine u Sand\u017eaku","publisher":{"@id":"https:\/\/sandzakpress.net\/arhiva\/#\/schema\/person\/6e72b67d6e51910a1117b3b483ba20bd"},"potentialAction":[{"@type":"SearchAction","target":{"@type":"EntryPoint","urlTemplate":"https:\/\/sandzakpress.net\/arhiva\/?s={search_term_string}"},"query-input":{"@type":"PropertyValueSpecification","valueRequired":true,"valueName":"search_term_string"}}],"inLanguage":"bs-BA"},{"@type":["Person","Organization"],"@id":"https:\/\/sandzakpress.net\/arhiva\/#\/schema\/person\/6e72b67d6e51910a1117b3b483ba20bd","name":"Kul","image":{"@type":"ImageObject","inLanguage":"bs-BA","@id":"https:\/\/sandzakpress.net\/arhiva\/#\/schema\/person\/image\/","url":"https:\/\/secure.gravatar.com\/avatar\/42263f39aa27ac04c43cab85c280eb2e?s=96&d=mm&r=pg","contentUrl":"https:\/\/secure.gravatar.com\/avatar\/42263f39aa27ac04c43cab85c280eb2e?s=96&d=mm&r=pg","caption":"Kul"},"logo":{"@id":"https:\/\/sandzakpress.net\/arhiva\/#\/schema\/person\/image\/"}},{"@type":"Person","@id":"https:\/\/sandzakpress.net\/arhiva\/#\/schema\/person\/c8baee722073534b583ea7bdb2e36c02","name":"bosniak","image":{"@type":"ImageObject","inLanguage":"bs-BA","@id":"https:\/\/sandzakpress.net\/arhiva\/#\/schema\/person\/image\/","url":"https:\/\/secure.gravatar.com\/avatar\/a04fd330bfe3a36a72a0ad4a6d89fca7?s=96&d=mm&r=pg","contentUrl":"https:\/\/secure.gravatar.com\/avatar\/a04fd330bfe3a36a72a0ad4a6d89fca7?s=96&d=mm&r=pg","caption":"bosniak"},"url":"https:\/\/sandzakpress.net\/arhiva\/author\/bosniak\/"}]}},"_links":{"self":[{"href":"https:\/\/sandzakpress.net\/arhiva\/wp-json\/wp\/v2\/posts\/188811"}],"collection":[{"href":"https:\/\/sandzakpress.net\/arhiva\/wp-json\/wp\/v2\/posts"}],"about":[{"href":"https:\/\/sandzakpress.net\/arhiva\/wp-json\/wp\/v2\/types\/post"}],"author":[{"embeddable":true,"href":"https:\/\/sandzakpress.net\/arhiva\/wp-json\/wp\/v2\/users\/83"}],"replies":[{"embeddable":true,"href":"https:\/\/sandzakpress.net\/arhiva\/wp-json\/wp\/v2\/comments?post=188811"}],"version-history":[{"count":0,"href":"https:\/\/sandzakpress.net\/arhiva\/wp-json\/wp\/v2\/posts\/188811\/revisions"}],"wp:attachment":[{"href":"https:\/\/sandzakpress.net\/arhiva\/wp-json\/wp\/v2\/media?parent=188811"}],"wp:term":[{"taxonomy":"category","embeddable":true,"href":"https:\/\/sandzakpress.net\/arhiva\/wp-json\/wp\/v2\/categories?post=188811"},{"taxonomy":"post_tag","embeddable":true,"href":"https:\/\/sandzakpress.net\/arhiva\/wp-json\/wp\/v2\/tags?post=188811"}],"curies":[{"name":"wp","href":"https:\/\/api.w.org\/{rel}","templated":true}]}}