{"id":18870,"date":"2011-08-12T19:28:28","date_gmt":"2011-08-12T17:28:28","guid":{"rendered":"https:\/\/sandzakpress.net\/arhiva\/?p=18870"},"modified":"2011-08-12T19:28:28","modified_gmt":"2011-08-12T17:28:28","slug":"sandzak-most-spajanja","status":"publish","type":"post","link":"https:\/\/sandzakpress.net\/arhiva\/sandzak-most-spajanja\/","title":{"rendered":"Sand\u017eak &#8211; most spajanja"},"content":{"rendered":"<p><a href=\"https:\/\/sandzakpress.net\/arhiva\/wp-content\/uploads\/2011\/08\/Kongres_Bosnjacke_stranke.jpg\"><img loading=\"lazy\" decoding=\"async\" class=\"aligncenter size-full wp-image-18871\" title=\"Kongres_Bosnjacke_stranke\" src=\"https:\/\/sandzakpress.net\/arhiva\/wp-content\/uploads\/2011\/08\/Kongres_Bosnjacke_stranke.jpg\" alt=\"\" width=\"600\" height=\"366\" \/><\/a><\/p>\n<p><strong>Sand\u017eak &#8211; Kongresu su prisustvovali i predstavnici brojnih ambasada u Crnoj Gori, na \u010delu sa ambasadorom Delegacije EU u Crnoj Gori,\u00a0 gospodin Leopoldom Maurerom. Gosti Kongresa su bile i ve\u0107ina parlamentarnih\u00a0 partija iz Crne Gore, kao i vi\u0161e partija iz okru\u017eenja. Specijalni gosti bili su predstavnici turske AK partije, na \u010delu sa savjetnicom premijera Erdogana gospo\u0111om\u00a0 Ozdemir Sema.\u00a0 Gosti kongresa su bili i predstavnici IZ, predsjednik Bo\u0161nja\u010dkog savjeta u Crnoj Gori akademik \u0160erbo Rastoder, vi\u0161e predstavnika NVO i mnogih medija.<\/strong><\/p>\n<p>Predstavnici politi\u010dkih partija iz Crne Gore i okru\u017eenja obratili su se delegatima Kongresa biranim rije\u010dima, upu\u0107uju\u0107i \u010destitke BS-u na ostvarenim rezultatima i ja\u010danju njenog ugleda kako u Crnoj Gori, tako i u regionu.<\/p>\n<p>Nakon gostiju, rije\u010d je uzeo predsjednik BS-a gospodin Rafet Husovi\u0107, koji je iznio dio programskih opredjeljenja stranke. On je istakao da je BS politi\u010dki i kulturni projekt koji je osmi\u0161ljen kao put afirmacije nacionalne samobitnosti Bo\u0161njaka u Crnoj Gori, kao i da u\u00a0 kontinuitetu radi na politi\u010dkoj i kulturnoj emancipaciji ovog naroda. Bo\u0161nja\u010dki narod u Crnoj Gori, time i BS, nezavisnu i suverenu Crnu Goru do\u017eivljavaju kao dr\u017eavu utemeljenu na ravnopravnosti naroda i jednakosti gra\u0111ana. Gospodin Husovi\u0107 je istakao da se BS posebno zala\u017ee za: ravnopravnost svih gra\u0111ana, naroda i manjinskih nacionalnih zajednica u Crnoj Gori, potpunu jednakost pred zakonom i ravnopravnost u procesima odlu\u010divanja i pristupu resursima, istinsko multinacionalno, multikulturalno i vi\u0161evjersko dru\u0161tvo, unapre\u0111enje \u017eivotnih uslova gra\u0111ana, demokratizaciju dru\u0161tvenog i politi\u010dkog ambijenta i funkcioniranje pravne dr\u017eave, za\u0161titu vjerskih sloboda i uvjerenja, ravnopravni tretman vjerskih zajednica, autonomnost u radu, pravednu restituciju i za\u0161titu imovinskih prava, iznala\u017eenje najpogodnijih formi me\u0111ukonfesionalnog dijaloga i saradnje, uz uva\u017eavanje svih vjerskih razlika, usmjerene ka zajedni\u010dkom cilju \u2013 razumijevanju i toleranciji, za dobrobit svih ljudi, za\u0161titu privatne svojine, ravnopravnost svih oblika vlasni\u0161tva, slobodu preduzetni\u0161tva, tr\u017ei\u0161nu ekonomiju i pravednu i potpunu restituciju, br\u017ei razvoj turizma i ja\u010danje turisti\u010dke infrastrukture, posebno za br\u017ei razvoj kontinentalnog turizma, izgradnju auto puta kao\u00a0 jednog od najva\u017enijih uslova razvoja Crne Gore, Saobra\u0107ajno povezivanje sjevera i juga, sanaciju mre\u017ee lokalnih puteva i izgradnja novih, po\u0161tovanje na\u010dela solidarnosti, kao temeljnog na\u010dela za vo\u0111enje kvalitetne regionalne politike i pravedniju preraspodjelu dr\u017eavnih fondova, decentralizaciju vlasti, u skladu sa Evropskom poveljom o lokalnoj samoupravi, formiranje tri regiona u Crnoj Gori, u granicama prepoznatim Zakonom o regionalnom razvoju, Sand\u017eak\u00a0 kao prekograni\u010dnu regiju, sa slobodnim protokom ljudi, roba i kapitala, otvorenu za saradnju i ja\u010danje ekonomskih i kulturnih veza, organizacija, privrednih subjekata i lokalnih samouprava unutar ove regije. \u201eSand\u017eak, dakle, vidimo kao most spajanja.\u201c \u2013 istakao je Husovi\u0107.<\/p>\n<p>Bo\u0161nja\u010dka stranka se zala\u017ee da se u osnovne i srednje \u0161kole uvede vjerska nastava kao fakultativan predmet.\u00a0 Posebno je apostrofiran zna\u010daj koji BS\u00a0 pridaje o\u010duvanju porodice kao jezgra moralnih i eti\u010dkih vrijednosti i najzna\u010dajnijeg faktora u odgoju \u010dovjeka. Istaknuto je\u00a0 da je jaka i stabilna porodica temelj jake i stabilne dr\u017eave. Razvoj i o\u010duvanje porodice koja \u0107e predstavljati podsticajni ambijent za pravilan psiho-fizi\u010dki razvoj djece, afirmaciju roditeljstva i me\u0111ugeneracijske solidarnosti, a istovremeno \u0107e biti va\u017ean element socio-demografskog razvoja Crne Gore \u2013 na\u0161a je vizija porodice. Dr\u017eava treba sa vi\u0161e energije i brige da pri\u0111e konkretnoj realizaciji ove vizije.<\/p>\n<p>Tako\u0111e je istaknuta potreba da se znatno vi\u0161e materijalno pomogne rad\u00a0\u00a0 nacionalnih savjeta, kao institucija koje se bave za\u0161titom i prezentacijom nacionalnog identiteta, kao i ostalih organizacija, udru\u017eenja i posebno iz nevladinog sektora koji aktivno rade na ovom polju.<br \/>\nKao jedno od va\u017enih pitanja inicirano je pitanje aktivnije institucionalne saradnje dr\u017eave s dijasporom, uz ja\u010danje svih oblika me\u0111usobne podr\u0161ke i pomo\u0107i. Gotovo polovina Bo\u0161njaka iz Crne Gore \u017eivi i radi u inostranstvu i \u010dini najbrojniji segment dijaspore i iseljenika koji je stalno vezan za Crnu Goru i svoj zavi\u010daj.<\/p>\n<p>Jedno od va\u017enih pitanja istaknutih na kongresu je pitanje dr\u017eavnih\u00a0 simbola, posebno grba i zastava, koji\u00a0 ne reprezentiraju adekvatno realnost i potrebe multinacionalne i vi\u0161evjerske dr\u017eave kakva je Crna Gora,\u00a0 i koji nisu uskla\u0111eni sa njihovim ustavnim sadr\u017eajem i odre\u0111enjem. BS se zala\u017ee da se sa grba i zastave uklone monarhisti\u010dka i vjerska obilje\u017eja i tako usklade sa Ustavom i upodobe sa na\u0161im realnim dru\u0161tvenim bi\u0107em i potrebama.<br \/>\nKongres je izabrao Glavni odbor od 61 \u010dlana, a za predsjednika stranke je reizabran dosada\u0161nji predsjednik Rafet Husovi\u0107.<\/p>\n<p>Autor: <strong>Osman Nurkovi\u0107<\/strong><\/p>\n","protected":false},"excerpt":{"rendered":"<p>Sand\u017eak &#8211; Kongresu su prisustvovali i predstavnici brojnih ambasada u Crnoj Gori, na \u010delu sa ambasadorom Delegacije EU u Crnoj Gori,\u00a0 gospodin Leopoldom Maurerom. Gosti Kongresa su bile i ve\u0107ina parlamentarnih\u00a0 partija iz Crne Gore, kao i vi\u0161e partija iz okru\u017eenja. Specijalni gosti bili su predstavnici turske AK partije, na \u010delu sa savjetnicom premijera Erdogana [&hellip;]<\/p>\n","protected":false},"author":83,"featured_media":18871,"comment_status":"open","ping_status":"open","sticky":false,"template":"","format":"standard","meta":{"footnotes":""},"categories":[72,398,52,397,327,392,396,393,395,394,399],"tags":[],"class_list":{"0":"post-18870","1":"post","2":"type-post","3":"status-publish","4":"format-standard","5":"has-post-thumbnail","7":"category-novi-pazar","8":"category-rozaje","9":"category-sjenica","10":"category-berane","11":"category-tutin","12":"category-prijepolje_","13":"category-bijelo_polje","14":"category-priboj","15":"category-pljevlja_","16":"category-nova-varos","17":"category-plav_"},"yoast_head":"<!-- This site is optimized with the Yoast SEO Premium plugin v23.1 (Yoast SEO v24.9) - https:\/\/yoast.com\/wordpress\/plugins\/seo\/ -->\n<title>Sand\u017eak - most spajanja<\/title>\n<meta name=\"robots\" content=\"index, follow, max-snippet:-1, max-image-preview:large, max-video-preview:-1\" \/>\n<link rel=\"canonical\" href=\"https:\/\/sandzakpress.net\/arhiva\/sandzak-most-spajanja\/\" \/>\n<meta property=\"og:locale\" content=\"bs_BA\" \/>\n<meta property=\"og:type\" content=\"article\" \/>\n<meta property=\"og:title\" content=\"Sand\u017eak - most spajanja\" \/>\n<meta property=\"og:description\" content=\"Sand\u017eak &#8211; Kongresu su prisustvovali i predstavnici brojnih ambasada u Crnoj Gori, na \u010delu sa ambasadorom Delegacije EU u Crnoj Gori,\u00a0 gospodin Leopoldom Maurerom. Gosti Kongresa su bile i ve\u0107ina parlamentarnih\u00a0 partija iz Crne Gore, kao i vi\u0161e partija iz okru\u017eenja. Specijalni gosti bili su predstavnici turske AK partije, na \u010delu sa savjetnicom premijera Erdogana [&hellip;]\" \/>\n<meta property=\"og:url\" content=\"https:\/\/sandzakpress.net\/arhiva\/sandzak-most-spajanja\/\" \/>\n<meta property=\"og:site_name\" content=\"Sand\u017eak PRESS\" \/>\n<meta property=\"article:published_time\" content=\"2011-08-12T17:28:28+00:00\" \/>\n<meta property=\"og:image\" content=\"https:\/\/sandzakpress.net\/arhiva\/wp-content\/uploads\/2011\/08\/Kongres_Bosnjacke_stranke.jpg\" \/>\n\t<meta property=\"og:image:width\" content=\"600\" \/>\n\t<meta property=\"og:image:height\" content=\"366\" \/>\n\t<meta property=\"og:image:type\" content=\"image\/jpeg\" \/>\n<meta name=\"author\" content=\"bosniak\" \/>\n<meta name=\"twitter:card\" content=\"summary_large_image\" \/>\n<meta name=\"twitter:label1\" content=\"Written by\" \/>\n\t<meta name=\"twitter:data1\" content=\"bosniak\" \/>\n\t<meta name=\"twitter:label2\" content=\"Est. reading time\" \/>\n\t<meta name=\"twitter:data2\" content=\"4 minute\" \/>\n<script type=\"application\/ld+json\" class=\"yoast-schema-graph\">{\"@context\":\"https:\/\/schema.org\",\"@graph\":[{\"@type\":\"Article\",\"@id\":\"https:\/\/sandzakpress.net\/arhiva\/sandzak-most-spajanja\/#article\",\"isPartOf\":{\"@id\":\"https:\/\/sandzakpress.net\/arhiva\/sandzak-most-spajanja\/\"},\"author\":{\"name\":\"bosniak\",\"@id\":\"https:\/\/sandzakpress.net\/arhiva\/#\/schema\/person\/c8baee722073534b583ea7bdb2e36c02\"},\"headline\":\"Sand\u017eak &#8211; most spajanja\",\"datePublished\":\"2011-08-12T17:28:28+00:00\",\"mainEntityOfPage\":{\"@id\":\"https:\/\/sandzakpress.net\/arhiva\/sandzak-most-spajanja\/\"},\"wordCount\":791,\"commentCount\":0,\"publisher\":{\"@id\":\"https:\/\/sandzakpress.net\/arhiva\/#\/schema\/person\/6e72b67d6e51910a1117b3b483ba20bd\"},\"image\":{\"@id\":\"https:\/\/sandzakpress.net\/arhiva\/sandzak-most-spajanja\/#primaryimage\"},\"thumbnailUrl\":\"https:\/\/sandzakpress.net\/arhiva\/wp-content\/uploads\/2011\/08\/Kongres_Bosnjacke_stranke.jpg\",\"articleSection\":[\"Novi Pazar\",\"Ro\u017eaje\",\"Sjenica\",\"Berane\",\"Tutin\",\"Prijepolje\",\"Bijelo Polje\",\"Priboj\",\"Pljevlja\",\"Nova Varo\u0161\",\"Plav\"],\"inLanguage\":\"bs-BA\",\"potentialAction\":[{\"@type\":\"CommentAction\",\"name\":\"Comment\",\"target\":[\"https:\/\/sandzakpress.net\/arhiva\/sandzak-most-spajanja\/#respond\"]}]},{\"@type\":\"WebPage\",\"@id\":\"https:\/\/sandzakpress.net\/arhiva\/sandzak-most-spajanja\/\",\"url\":\"https:\/\/sandzakpress.net\/arhiva\/sandzak-most-spajanja\/\",\"name\":\"Sand\u017eak - most spajanja\",\"isPartOf\":{\"@id\":\"https:\/\/sandzakpress.net\/arhiva\/#website\"},\"primaryImageOfPage\":{\"@id\":\"https:\/\/sandzakpress.net\/arhiva\/sandzak-most-spajanja\/#primaryimage\"},\"image\":{\"@id\":\"https:\/\/sandzakpress.net\/arhiva\/sandzak-most-spajanja\/#primaryimage\"},\"thumbnailUrl\":\"https:\/\/sandzakpress.net\/arhiva\/wp-content\/uploads\/2011\/08\/Kongres_Bosnjacke_stranke.jpg\",\"datePublished\":\"2011-08-12T17:28:28+00:00\",\"breadcrumb\":{\"@id\":\"https:\/\/sandzakpress.net\/arhiva\/sandzak-most-spajanja\/#breadcrumb\"},\"inLanguage\":\"bs-BA\",\"potentialAction\":[{\"@type\":\"ReadAction\",\"target\":[\"https:\/\/sandzakpress.net\/arhiva\/sandzak-most-spajanja\/\"]}]},{\"@type\":\"ImageObject\",\"inLanguage\":\"bs-BA\",\"@id\":\"https:\/\/sandzakpress.net\/arhiva\/sandzak-most-spajanja\/#primaryimage\",\"url\":\"https:\/\/sandzakpress.net\/arhiva\/wp-content\/uploads\/2011\/08\/Kongres_Bosnjacke_stranke.jpg\",\"contentUrl\":\"https:\/\/sandzakpress.net\/arhiva\/wp-content\/uploads\/2011\/08\/Kongres_Bosnjacke_stranke.jpg\",\"width\":600,\"height\":366},{\"@type\":\"BreadcrumbList\",\"@id\":\"https:\/\/sandzakpress.net\/arhiva\/sandzak-most-spajanja\/#breadcrumb\",\"itemListElement\":[{\"@type\":\"ListItem\",\"position\":1,\"name\":\"Home\",\"item\":\"https:\/\/sandzakpress.net\/arhiva\/\"},{\"@type\":\"ListItem\",\"position\":2,\"name\":\"Sand\u017eak &#8211; most spajanja\"}]},{\"@type\":\"WebSite\",\"@id\":\"https:\/\/sandzakpress.net\/arhiva\/#website\",\"url\":\"https:\/\/sandzakpress.net\/arhiva\/\",\"name\":\"Sand\u017eak PRESS\",\"description\":\"Prve elektronske novine u Sand\u017eaku\",\"publisher\":{\"@id\":\"https:\/\/sandzakpress.net\/arhiva\/#\/schema\/person\/6e72b67d6e51910a1117b3b483ba20bd\"},\"potentialAction\":[{\"@type\":\"SearchAction\",\"target\":{\"@type\":\"EntryPoint\",\"urlTemplate\":\"https:\/\/sandzakpress.net\/arhiva\/?s={search_term_string}\"},\"query-input\":{\"@type\":\"PropertyValueSpecification\",\"valueRequired\":true,\"valueName\":\"search_term_string\"}}],\"inLanguage\":\"bs-BA\"},{\"@type\":[\"Person\",\"Organization\"],\"@id\":\"https:\/\/sandzakpress.net\/arhiva\/#\/schema\/person\/6e72b67d6e51910a1117b3b483ba20bd\",\"name\":\"Kul\",\"image\":{\"@type\":\"ImageObject\",\"inLanguage\":\"bs-BA\",\"@id\":\"https:\/\/sandzakpress.net\/arhiva\/#\/schema\/person\/image\/\",\"url\":\"https:\/\/secure.gravatar.com\/avatar\/42263f39aa27ac04c43cab85c280eb2e?s=96&d=mm&r=pg\",\"contentUrl\":\"https:\/\/secure.gravatar.com\/avatar\/42263f39aa27ac04c43cab85c280eb2e?s=96&d=mm&r=pg\",\"caption\":\"Kul\"},\"logo\":{\"@id\":\"https:\/\/sandzakpress.net\/arhiva\/#\/schema\/person\/image\/\"}},{\"@type\":\"Person\",\"@id\":\"https:\/\/sandzakpress.net\/arhiva\/#\/schema\/person\/c8baee722073534b583ea7bdb2e36c02\",\"name\":\"bosniak\",\"image\":{\"@type\":\"ImageObject\",\"inLanguage\":\"bs-BA\",\"@id\":\"https:\/\/sandzakpress.net\/arhiva\/#\/schema\/person\/image\/\",\"url\":\"https:\/\/secure.gravatar.com\/avatar\/a04fd330bfe3a36a72a0ad4a6d89fca7?s=96&d=mm&r=pg\",\"contentUrl\":\"https:\/\/secure.gravatar.com\/avatar\/a04fd330bfe3a36a72a0ad4a6d89fca7?s=96&d=mm&r=pg\",\"caption\":\"bosniak\"},\"url\":\"https:\/\/sandzakpress.net\/arhiva\/author\/bosniak\/\"}]}<\/script>\n<!-- \/ Yoast SEO Premium plugin. -->","yoast_head_json":{"title":"Sand\u017eak - most spajanja","robots":{"index":"index","follow":"follow","max-snippet":"max-snippet:-1","max-image-preview":"max-image-preview:large","max-video-preview":"max-video-preview:-1"},"canonical":"https:\/\/sandzakpress.net\/arhiva\/sandzak-most-spajanja\/","og_locale":"bs_BA","og_type":"article","og_title":"Sand\u017eak - most spajanja","og_description":"Sand\u017eak &#8211; Kongresu su prisustvovali i predstavnici brojnih ambasada u Crnoj Gori, na \u010delu sa ambasadorom Delegacije EU u Crnoj Gori,\u00a0 gospodin Leopoldom Maurerom. Gosti Kongresa su bile i ve\u0107ina parlamentarnih\u00a0 partija iz Crne Gore, kao i vi\u0161e partija iz okru\u017eenja. Specijalni gosti bili su predstavnici turske AK partije, na \u010delu sa savjetnicom premijera Erdogana [&hellip;]","og_url":"https:\/\/sandzakpress.net\/arhiva\/sandzak-most-spajanja\/","og_site_name":"Sand\u017eak PRESS","article_published_time":"2011-08-12T17:28:28+00:00","og_image":[{"width":600,"height":366,"url":"https:\/\/sandzakpress.net\/arhiva\/wp-content\/uploads\/2011\/08\/Kongres_Bosnjacke_stranke.jpg","type":"image\/jpeg"}],"author":"bosniak","twitter_card":"summary_large_image","twitter_misc":{"Written by":"bosniak","Est. reading time":"4 minute"},"schema":{"@context":"https:\/\/schema.org","@graph":[{"@type":"Article","@id":"https:\/\/sandzakpress.net\/arhiva\/sandzak-most-spajanja\/#article","isPartOf":{"@id":"https:\/\/sandzakpress.net\/arhiva\/sandzak-most-spajanja\/"},"author":{"name":"bosniak","@id":"https:\/\/sandzakpress.net\/arhiva\/#\/schema\/person\/c8baee722073534b583ea7bdb2e36c02"},"headline":"Sand\u017eak &#8211; most spajanja","datePublished":"2011-08-12T17:28:28+00:00","mainEntityOfPage":{"@id":"https:\/\/sandzakpress.net\/arhiva\/sandzak-most-spajanja\/"},"wordCount":791,"commentCount":0,"publisher":{"@id":"https:\/\/sandzakpress.net\/arhiva\/#\/schema\/person\/6e72b67d6e51910a1117b3b483ba20bd"},"image":{"@id":"https:\/\/sandzakpress.net\/arhiva\/sandzak-most-spajanja\/#primaryimage"},"thumbnailUrl":"https:\/\/sandzakpress.net\/arhiva\/wp-content\/uploads\/2011\/08\/Kongres_Bosnjacke_stranke.jpg","articleSection":["Novi Pazar","Ro\u017eaje","Sjenica","Berane","Tutin","Prijepolje","Bijelo Polje","Priboj","Pljevlja","Nova Varo\u0161","Plav"],"inLanguage":"bs-BA","potentialAction":[{"@type":"CommentAction","name":"Comment","target":["https:\/\/sandzakpress.net\/arhiva\/sandzak-most-spajanja\/#respond"]}]},{"@type":"WebPage","@id":"https:\/\/sandzakpress.net\/arhiva\/sandzak-most-spajanja\/","url":"https:\/\/sandzakpress.net\/arhiva\/sandzak-most-spajanja\/","name":"Sand\u017eak - most spajanja","isPartOf":{"@id":"https:\/\/sandzakpress.net\/arhiva\/#website"},"primaryImageOfPage":{"@id":"https:\/\/sandzakpress.net\/arhiva\/sandzak-most-spajanja\/#primaryimage"},"image":{"@id":"https:\/\/sandzakpress.net\/arhiva\/sandzak-most-spajanja\/#primaryimage"},"thumbnailUrl":"https:\/\/sandzakpress.net\/arhiva\/wp-content\/uploads\/2011\/08\/Kongres_Bosnjacke_stranke.jpg","datePublished":"2011-08-12T17:28:28+00:00","breadcrumb":{"@id":"https:\/\/sandzakpress.net\/arhiva\/sandzak-most-spajanja\/#breadcrumb"},"inLanguage":"bs-BA","potentialAction":[{"@type":"ReadAction","target":["https:\/\/sandzakpress.net\/arhiva\/sandzak-most-spajanja\/"]}]},{"@type":"ImageObject","inLanguage":"bs-BA","@id":"https:\/\/sandzakpress.net\/arhiva\/sandzak-most-spajanja\/#primaryimage","url":"https:\/\/sandzakpress.net\/arhiva\/wp-content\/uploads\/2011\/08\/Kongres_Bosnjacke_stranke.jpg","contentUrl":"https:\/\/sandzakpress.net\/arhiva\/wp-content\/uploads\/2011\/08\/Kongres_Bosnjacke_stranke.jpg","width":600,"height":366},{"@type":"BreadcrumbList","@id":"https:\/\/sandzakpress.net\/arhiva\/sandzak-most-spajanja\/#breadcrumb","itemListElement":[{"@type":"ListItem","position":1,"name":"Home","item":"https:\/\/sandzakpress.net\/arhiva\/"},{"@type":"ListItem","position":2,"name":"Sand\u017eak &#8211; most spajanja"}]},{"@type":"WebSite","@id":"https:\/\/sandzakpress.net\/arhiva\/#website","url":"https:\/\/sandzakpress.net\/arhiva\/","name":"Sand\u017eak PRESS","description":"Prve elektronske novine u Sand\u017eaku","publisher":{"@id":"https:\/\/sandzakpress.net\/arhiva\/#\/schema\/person\/6e72b67d6e51910a1117b3b483ba20bd"},"potentialAction":[{"@type":"SearchAction","target":{"@type":"EntryPoint","urlTemplate":"https:\/\/sandzakpress.net\/arhiva\/?s={search_term_string}"},"query-input":{"@type":"PropertyValueSpecification","valueRequired":true,"valueName":"search_term_string"}}],"inLanguage":"bs-BA"},{"@type":["Person","Organization"],"@id":"https:\/\/sandzakpress.net\/arhiva\/#\/schema\/person\/6e72b67d6e51910a1117b3b483ba20bd","name":"Kul","image":{"@type":"ImageObject","inLanguage":"bs-BA","@id":"https:\/\/sandzakpress.net\/arhiva\/#\/schema\/person\/image\/","url":"https:\/\/secure.gravatar.com\/avatar\/42263f39aa27ac04c43cab85c280eb2e?s=96&d=mm&r=pg","contentUrl":"https:\/\/secure.gravatar.com\/avatar\/42263f39aa27ac04c43cab85c280eb2e?s=96&d=mm&r=pg","caption":"Kul"},"logo":{"@id":"https:\/\/sandzakpress.net\/arhiva\/#\/schema\/person\/image\/"}},{"@type":"Person","@id":"https:\/\/sandzakpress.net\/arhiva\/#\/schema\/person\/c8baee722073534b583ea7bdb2e36c02","name":"bosniak","image":{"@type":"ImageObject","inLanguage":"bs-BA","@id":"https:\/\/sandzakpress.net\/arhiva\/#\/schema\/person\/image\/","url":"https:\/\/secure.gravatar.com\/avatar\/a04fd330bfe3a36a72a0ad4a6d89fca7?s=96&d=mm&r=pg","contentUrl":"https:\/\/secure.gravatar.com\/avatar\/a04fd330bfe3a36a72a0ad4a6d89fca7?s=96&d=mm&r=pg","caption":"bosniak"},"url":"https:\/\/sandzakpress.net\/arhiva\/author\/bosniak\/"}]}},"_links":{"self":[{"href":"https:\/\/sandzakpress.net\/arhiva\/wp-json\/wp\/v2\/posts\/18870"}],"collection":[{"href":"https:\/\/sandzakpress.net\/arhiva\/wp-json\/wp\/v2\/posts"}],"about":[{"href":"https:\/\/sandzakpress.net\/arhiva\/wp-json\/wp\/v2\/types\/post"}],"author":[{"embeddable":true,"href":"https:\/\/sandzakpress.net\/arhiva\/wp-json\/wp\/v2\/users\/83"}],"replies":[{"embeddable":true,"href":"https:\/\/sandzakpress.net\/arhiva\/wp-json\/wp\/v2\/comments?post=18870"}],"version-history":[{"count":0,"href":"https:\/\/sandzakpress.net\/arhiva\/wp-json\/wp\/v2\/posts\/18870\/revisions"}],"wp:featuredmedia":[{"embeddable":true,"href":"https:\/\/sandzakpress.net\/arhiva\/wp-json\/wp\/v2\/media\/18871"}],"wp:attachment":[{"href":"https:\/\/sandzakpress.net\/arhiva\/wp-json\/wp\/v2\/media?parent=18870"}],"wp:term":[{"taxonomy":"category","embeddable":true,"href":"https:\/\/sandzakpress.net\/arhiva\/wp-json\/wp\/v2\/categories?post=18870"},{"taxonomy":"post_tag","embeddable":true,"href":"https:\/\/sandzakpress.net\/arhiva\/wp-json\/wp\/v2\/tags?post=18870"}],"curies":[{"name":"wp","href":"https:\/\/api.w.org\/{rel}","templated":true}]}}