{"id":188646,"date":"2017-06-10T20:14:13","date_gmt":"2017-06-10T18:14:13","guid":{"rendered":"https:\/\/sandzakpress.net\/arhiva\/u-kojoj-evropskoj-drzavi-zivi-najvise-muslimana"},"modified":"2017-06-10T20:14:13","modified_gmt":"2017-06-10T18:14:13","slug":"u-kojoj-evropskoj-drzavi-zivi-najvise-muslimana","status":"publish","type":"post","link":"https:\/\/sandzakpress.net\/arhiva\/u-kojoj-evropskoj-drzavi-zivi-najvise-muslimana\/","title":{"rendered":"U kojoj evropskoj dr\u017eavi \u017eivi najvi\u0161e muslimana?"},"content":{"rendered":"<p><span class=\"cb-itemprop\"><\/p>\n<p><img decoding=\"async\" src=\"https:\/\/akos.ba\/wp-content\/uploads\/2017\/06\/moskva_bajram-2-696x432.jpg\" \/><\/p>\n<p><strong>Znate li u kojoj europskoj zemlji \u017eivi 16 miliona muslimana? Ne, to nije Francuska, tamo ima pet miliona muslimana, u Njema\u010dkoj \u010detiri, a u Velikoj Britaniji tri miliona muslimana<\/strong><\/p>\n<p>Europska zemlja s najvi\u0161e muslimana je Rusija, naravno, ako izuzmemo Tursku \u010diji ve\u0107i dio ionako geografski pripada Aziji.<\/p>\n<p>A znate li koji europski grad je dom za 1,5 do 2 miliona muslimana te, prema nezvani\u010dnim podacima, jo\u0161 dva miliona muslimanskih migranata? Naravno, Moskva, u kojoj su muslimani brojniji nego u Parizu (1,5 miliona muslimana) i Londonu (milion muslimana), opet ako se izuzme Istanbul.<\/p>\n<p>Znate li u kojoj europskoj zemlji ima osam hiljada d\u017eamija? Ako ste rekli Rusija \u2013 pogodili ste.<\/p>\n<p>Da, zemlja s najve\u0107im brojem muslimana i d\u017eamija u Europi je Rusija.<\/p>\n<p>Sve ove podatke objavio je \u010de\u0161ki aktivista za ljudska prava Juraj Mes\u00edk i pritom postavio pitanje: Za\u0161to se u EU pla\u0161e muslimana \u010dije u\u010de\u0161\u0107e u ukupnom stanovni\u0161tvu iznosi 3,8 posto, dok u Rusiji \u010dine 12-15 procenata populacije. Paradoksalno, Europljane islamom pla\u0161e \u010dak i neki ekstremisti iz Rusije.<\/p>\n<p>Mes\u00edk je sve ove teze objavio u svjetlu islamofobije koja vlada u Slova\u010dkoj i podsjetio da je prije nepune dvije godine u Moskvi otvorena d\u017eamija za 10 hiljada vjernika \u2013 dvostruko vi\u0161e nego \u0161to mo\u017ee primiti katedrala Svete Elizabete u Ko\u0161icama, najve\u0107a katoli\u010dka bogomolja u Slova\u010dkoj.<\/p>\n<p>Mes\u00edk pi\u0161e da je Moskva metropola s najve\u0107im brojem muslimana, ali moskovska regija nije najmnogoljudnija muslimanska u Rusiji.<\/p>\n<p>U \u010ce\u010deniji, Ingu\u0161etiji i Dagestanu na sjeveru Kavkaza, kao i na obali Kaspijskog mora, muslimani \u010dine 90 i vi\u0161e procenata stanovni\u0161tva. U Tatarstanu i Ba\u0161koristanu udio muslimana u ukupnom broju stanovnika prema\u0161uje 50 posto.<\/p>\n<p>Kome onda treba histeri\u010dna kampanja \u201cprotiv islamizacije Slova\u010dke\u201d pita se u svom tekstu Juraj Mes\u00edk?<\/p>\n<p>(freshpress.info)<\/p>\n<p><\/span><br \/>\nPogledajte vijest na izvornom sajtu:<\/p>\n<p><a href=\"http:\/\/islampress.net\/32060\/u-kojoj-evropskoj-drzavi-zivi-najvise-muslimana\/\" target=\"_blank\">U kojoj evropskoj dr\u017eavi \u017eivi najvi\u0161e muslimana?<\/a><\/p>\n","protected":false},"excerpt":{"rendered":"<p>Znate li u kojoj europskoj zemlji \u017eivi 16 miliona muslimana? Ne, to nije Francuska, tamo ima pet miliona muslimana, u Njema\u010dkoj \u010detiri, a u Velikoj Britaniji tri miliona muslimana Europska zemlja s najvi\u0161e muslimana je Rusija, naravno, ako izuzmemo Tursku \u010diji ve\u0107i dio ionako geografski pripada Aziji. A znate li koji europski grad je dom [&hellip;]<\/p>\n","protected":false},"author":83,"featured_media":188648,"comment_status":"open","ping_status":"open","sticky":false,"template":"","format":"standard","meta":{"footnotes":""},"categories":[9],"tags":[10499],"class_list":{"0":"post-188646","1":"post","2":"type-post","3":"status-publish","4":"format-standard","5":"has-post-thumbnail","7":"category-svijet","8":"tag-a"},"yoast_head":"<!-- This site is optimized with the Yoast SEO Premium plugin v23.1 (Yoast SEO v24.9) - https:\/\/yoast.com\/wordpress\/plugins\/seo\/ -->\n<title>U kojoj evropskoj dr\u017eavi \u017eivi najvi\u0161e muslimana?<\/title>\n<meta name=\"robots\" content=\"index, follow, max-snippet:-1, max-image-preview:large, max-video-preview:-1\" \/>\n<link rel=\"canonical\" href=\"https:\/\/sandzakpress.net\/arhiva\/u-kojoj-evropskoj-drzavi-zivi-najvise-muslimana\/\" \/>\n<meta property=\"og:locale\" content=\"bs_BA\" \/>\n<meta property=\"og:type\" content=\"article\" \/>\n<meta property=\"og:title\" content=\"U kojoj evropskoj dr\u017eavi \u017eivi najvi\u0161e muslimana?\" \/>\n<meta property=\"og:description\" content=\"Znate li u kojoj europskoj zemlji \u017eivi 16 miliona muslimana? Ne, to nije Francuska, tamo ima pet miliona muslimana, u Njema\u010dkoj \u010detiri, a u Velikoj Britaniji tri miliona muslimana Europska zemlja s najvi\u0161e muslimana je Rusija, naravno, ako izuzmemo Tursku \u010diji ve\u0107i dio ionako geografski pripada Aziji. A znate li koji europski grad je dom [&hellip;]\" \/>\n<meta property=\"og:url\" content=\"https:\/\/sandzakpress.net\/arhiva\/u-kojoj-evropskoj-drzavi-zivi-najvise-muslimana\/\" \/>\n<meta property=\"og:site_name\" content=\"Sand\u017eak PRESS\" \/>\n<meta property=\"article:published_time\" content=\"2017-06-10T18:14:13+00:00\" \/>\n<meta property=\"og:image\" content=\"https:\/\/sandzakpress.net\/arhiva\/wp-content\/uploads\/2017\/06\/moskva_bajram-2-696x432-1.jpg\" \/>\n\t<meta property=\"og:image:width\" content=\"696\" \/>\n\t<meta property=\"og:image:height\" content=\"432\" \/>\n\t<meta property=\"og:image:type\" content=\"image\/jpeg\" \/>\n<meta name=\"author\" content=\"bosniak\" \/>\n<meta name=\"twitter:card\" content=\"summary_large_image\" \/>\n<meta name=\"twitter:label1\" content=\"Written by\" \/>\n\t<meta name=\"twitter:data1\" content=\"bosniak\" \/>\n\t<meta name=\"twitter:label2\" content=\"Est. reading time\" \/>\n\t<meta name=\"twitter:data2\" content=\"2 minute\" \/>\n<script type=\"application\/ld+json\" class=\"yoast-schema-graph\">{\"@context\":\"https:\/\/schema.org\",\"@graph\":[{\"@type\":\"Article\",\"@id\":\"https:\/\/sandzakpress.net\/arhiva\/u-kojoj-evropskoj-drzavi-zivi-najvise-muslimana\/#article\",\"isPartOf\":{\"@id\":\"https:\/\/sandzakpress.net\/arhiva\/u-kojoj-evropskoj-drzavi-zivi-najvise-muslimana\/\"},\"author\":{\"name\":\"bosniak\",\"@id\":\"https:\/\/sandzakpress.net\/arhiva\/#\/schema\/person\/c8baee722073534b583ea7bdb2e36c02\"},\"headline\":\"U kojoj evropskoj dr\u017eavi \u017eivi najvi\u0161e muslimana?\",\"datePublished\":\"2017-06-10T18:14:13+00:00\",\"mainEntityOfPage\":{\"@id\":\"https:\/\/sandzakpress.net\/arhiva\/u-kojoj-evropskoj-drzavi-zivi-najvise-muslimana\/\"},\"wordCount\":332,\"commentCount\":0,\"publisher\":{\"@id\":\"https:\/\/sandzakpress.net\/arhiva\/#\/schema\/person\/6e72b67d6e51910a1117b3b483ba20bd\"},\"image\":{\"@id\":\"https:\/\/sandzakpress.net\/arhiva\/u-kojoj-evropskoj-drzavi-zivi-najvise-muslimana\/#primaryimage\"},\"thumbnailUrl\":\"https:\/\/sandzakpress.net\/arhiva\/wp-content\/uploads\/2017\/06\/moskva_bajram-2-696x432-1.jpg\",\"keywords\":[\"A\"],\"articleSection\":[\"Svijet\"],\"inLanguage\":\"bs-BA\",\"potentialAction\":[{\"@type\":\"CommentAction\",\"name\":\"Comment\",\"target\":[\"https:\/\/sandzakpress.net\/arhiva\/u-kojoj-evropskoj-drzavi-zivi-najvise-muslimana\/#respond\"]}]},{\"@type\":\"WebPage\",\"@id\":\"https:\/\/sandzakpress.net\/arhiva\/u-kojoj-evropskoj-drzavi-zivi-najvise-muslimana\/\",\"url\":\"https:\/\/sandzakpress.net\/arhiva\/u-kojoj-evropskoj-drzavi-zivi-najvise-muslimana\/\",\"name\":\"U kojoj evropskoj dr\u017eavi \u017eivi najvi\u0161e muslimana?\",\"isPartOf\":{\"@id\":\"https:\/\/sandzakpress.net\/arhiva\/#website\"},\"primaryImageOfPage\":{\"@id\":\"https:\/\/sandzakpress.net\/arhiva\/u-kojoj-evropskoj-drzavi-zivi-najvise-muslimana\/#primaryimage\"},\"image\":{\"@id\":\"https:\/\/sandzakpress.net\/arhiva\/u-kojoj-evropskoj-drzavi-zivi-najvise-muslimana\/#primaryimage\"},\"thumbnailUrl\":\"https:\/\/sandzakpress.net\/arhiva\/wp-content\/uploads\/2017\/06\/moskva_bajram-2-696x432-1.jpg\",\"datePublished\":\"2017-06-10T18:14:13+00:00\",\"breadcrumb\":{\"@id\":\"https:\/\/sandzakpress.net\/arhiva\/u-kojoj-evropskoj-drzavi-zivi-najvise-muslimana\/#breadcrumb\"},\"inLanguage\":\"bs-BA\",\"potentialAction\":[{\"@type\":\"ReadAction\",\"target\":[\"https:\/\/sandzakpress.net\/arhiva\/u-kojoj-evropskoj-drzavi-zivi-najvise-muslimana\/\"]}]},{\"@type\":\"ImageObject\",\"inLanguage\":\"bs-BA\",\"@id\":\"https:\/\/sandzakpress.net\/arhiva\/u-kojoj-evropskoj-drzavi-zivi-najvise-muslimana\/#primaryimage\",\"url\":\"https:\/\/sandzakpress.net\/arhiva\/wp-content\/uploads\/2017\/06\/moskva_bajram-2-696x432-1.jpg\",\"contentUrl\":\"https:\/\/sandzakpress.net\/arhiva\/wp-content\/uploads\/2017\/06\/moskva_bajram-2-696x432-1.jpg\",\"width\":696,\"height\":432},{\"@type\":\"BreadcrumbList\",\"@id\":\"https:\/\/sandzakpress.net\/arhiva\/u-kojoj-evropskoj-drzavi-zivi-najvise-muslimana\/#breadcrumb\",\"itemListElement\":[{\"@type\":\"ListItem\",\"position\":1,\"name\":\"Home\",\"item\":\"https:\/\/sandzakpress.net\/arhiva\/\"},{\"@type\":\"ListItem\",\"position\":2,\"name\":\"U kojoj evropskoj dr\u017eavi \u017eivi najvi\u0161e muslimana?\"}]},{\"@type\":\"WebSite\",\"@id\":\"https:\/\/sandzakpress.net\/arhiva\/#website\",\"url\":\"https:\/\/sandzakpress.net\/arhiva\/\",\"name\":\"Sand\u017eak PRESS\",\"description\":\"Prve elektronske novine u Sand\u017eaku\",\"publisher\":{\"@id\":\"https:\/\/sandzakpress.net\/arhiva\/#\/schema\/person\/6e72b67d6e51910a1117b3b483ba20bd\"},\"potentialAction\":[{\"@type\":\"SearchAction\",\"target\":{\"@type\":\"EntryPoint\",\"urlTemplate\":\"https:\/\/sandzakpress.net\/arhiva\/?s={search_term_string}\"},\"query-input\":{\"@type\":\"PropertyValueSpecification\",\"valueRequired\":true,\"valueName\":\"search_term_string\"}}],\"inLanguage\":\"bs-BA\"},{\"@type\":[\"Person\",\"Organization\"],\"@id\":\"https:\/\/sandzakpress.net\/arhiva\/#\/schema\/person\/6e72b67d6e51910a1117b3b483ba20bd\",\"name\":\"Kul\",\"image\":{\"@type\":\"ImageObject\",\"inLanguage\":\"bs-BA\",\"@id\":\"https:\/\/sandzakpress.net\/arhiva\/#\/schema\/person\/image\/\",\"url\":\"https:\/\/secure.gravatar.com\/avatar\/42263f39aa27ac04c43cab85c280eb2e?s=96&d=mm&r=pg\",\"contentUrl\":\"https:\/\/secure.gravatar.com\/avatar\/42263f39aa27ac04c43cab85c280eb2e?s=96&d=mm&r=pg\",\"caption\":\"Kul\"},\"logo\":{\"@id\":\"https:\/\/sandzakpress.net\/arhiva\/#\/schema\/person\/image\/\"}},{\"@type\":\"Person\",\"@id\":\"https:\/\/sandzakpress.net\/arhiva\/#\/schema\/person\/c8baee722073534b583ea7bdb2e36c02\",\"name\":\"bosniak\",\"image\":{\"@type\":\"ImageObject\",\"inLanguage\":\"bs-BA\",\"@id\":\"https:\/\/sandzakpress.net\/arhiva\/#\/schema\/person\/image\/\",\"url\":\"https:\/\/secure.gravatar.com\/avatar\/a04fd330bfe3a36a72a0ad4a6d89fca7?s=96&d=mm&r=pg\",\"contentUrl\":\"https:\/\/secure.gravatar.com\/avatar\/a04fd330bfe3a36a72a0ad4a6d89fca7?s=96&d=mm&r=pg\",\"caption\":\"bosniak\"},\"url\":\"https:\/\/sandzakpress.net\/arhiva\/author\/bosniak\/\"}]}<\/script>\n<!-- \/ Yoast SEO Premium plugin. -->","yoast_head_json":{"title":"U kojoj evropskoj dr\u017eavi \u017eivi najvi\u0161e muslimana?","robots":{"index":"index","follow":"follow","max-snippet":"max-snippet:-1","max-image-preview":"max-image-preview:large","max-video-preview":"max-video-preview:-1"},"canonical":"https:\/\/sandzakpress.net\/arhiva\/u-kojoj-evropskoj-drzavi-zivi-najvise-muslimana\/","og_locale":"bs_BA","og_type":"article","og_title":"U kojoj evropskoj dr\u017eavi \u017eivi najvi\u0161e muslimana?","og_description":"Znate li u kojoj europskoj zemlji \u017eivi 16 miliona muslimana? Ne, to nije Francuska, tamo ima pet miliona muslimana, u Njema\u010dkoj \u010detiri, a u Velikoj Britaniji tri miliona muslimana Europska zemlja s najvi\u0161e muslimana je Rusija, naravno, ako izuzmemo Tursku \u010diji ve\u0107i dio ionako geografski pripada Aziji. A znate li koji europski grad je dom [&hellip;]","og_url":"https:\/\/sandzakpress.net\/arhiva\/u-kojoj-evropskoj-drzavi-zivi-najvise-muslimana\/","og_site_name":"Sand\u017eak PRESS","article_published_time":"2017-06-10T18:14:13+00:00","og_image":[{"width":696,"height":432,"url":"https:\/\/sandzakpress.net\/arhiva\/wp-content\/uploads\/2017\/06\/moskva_bajram-2-696x432-1.jpg","type":"image\/jpeg"}],"author":"bosniak","twitter_card":"summary_large_image","twitter_misc":{"Written by":"bosniak","Est. reading time":"2 minute"},"schema":{"@context":"https:\/\/schema.org","@graph":[{"@type":"Article","@id":"https:\/\/sandzakpress.net\/arhiva\/u-kojoj-evropskoj-drzavi-zivi-najvise-muslimana\/#article","isPartOf":{"@id":"https:\/\/sandzakpress.net\/arhiva\/u-kojoj-evropskoj-drzavi-zivi-najvise-muslimana\/"},"author":{"name":"bosniak","@id":"https:\/\/sandzakpress.net\/arhiva\/#\/schema\/person\/c8baee722073534b583ea7bdb2e36c02"},"headline":"U kojoj evropskoj dr\u017eavi \u017eivi najvi\u0161e muslimana?","datePublished":"2017-06-10T18:14:13+00:00","mainEntityOfPage":{"@id":"https:\/\/sandzakpress.net\/arhiva\/u-kojoj-evropskoj-drzavi-zivi-najvise-muslimana\/"},"wordCount":332,"commentCount":0,"publisher":{"@id":"https:\/\/sandzakpress.net\/arhiva\/#\/schema\/person\/6e72b67d6e51910a1117b3b483ba20bd"},"image":{"@id":"https:\/\/sandzakpress.net\/arhiva\/u-kojoj-evropskoj-drzavi-zivi-najvise-muslimana\/#primaryimage"},"thumbnailUrl":"https:\/\/sandzakpress.net\/arhiva\/wp-content\/uploads\/2017\/06\/moskva_bajram-2-696x432-1.jpg","keywords":["A"],"articleSection":["Svijet"],"inLanguage":"bs-BA","potentialAction":[{"@type":"CommentAction","name":"Comment","target":["https:\/\/sandzakpress.net\/arhiva\/u-kojoj-evropskoj-drzavi-zivi-najvise-muslimana\/#respond"]}]},{"@type":"WebPage","@id":"https:\/\/sandzakpress.net\/arhiva\/u-kojoj-evropskoj-drzavi-zivi-najvise-muslimana\/","url":"https:\/\/sandzakpress.net\/arhiva\/u-kojoj-evropskoj-drzavi-zivi-najvise-muslimana\/","name":"U kojoj evropskoj dr\u017eavi \u017eivi najvi\u0161e muslimana?","isPartOf":{"@id":"https:\/\/sandzakpress.net\/arhiva\/#website"},"primaryImageOfPage":{"@id":"https:\/\/sandzakpress.net\/arhiva\/u-kojoj-evropskoj-drzavi-zivi-najvise-muslimana\/#primaryimage"},"image":{"@id":"https:\/\/sandzakpress.net\/arhiva\/u-kojoj-evropskoj-drzavi-zivi-najvise-muslimana\/#primaryimage"},"thumbnailUrl":"https:\/\/sandzakpress.net\/arhiva\/wp-content\/uploads\/2017\/06\/moskva_bajram-2-696x432-1.jpg","datePublished":"2017-06-10T18:14:13+00:00","breadcrumb":{"@id":"https:\/\/sandzakpress.net\/arhiva\/u-kojoj-evropskoj-drzavi-zivi-najvise-muslimana\/#breadcrumb"},"inLanguage":"bs-BA","potentialAction":[{"@type":"ReadAction","target":["https:\/\/sandzakpress.net\/arhiva\/u-kojoj-evropskoj-drzavi-zivi-najvise-muslimana\/"]}]},{"@type":"ImageObject","inLanguage":"bs-BA","@id":"https:\/\/sandzakpress.net\/arhiva\/u-kojoj-evropskoj-drzavi-zivi-najvise-muslimana\/#primaryimage","url":"https:\/\/sandzakpress.net\/arhiva\/wp-content\/uploads\/2017\/06\/moskva_bajram-2-696x432-1.jpg","contentUrl":"https:\/\/sandzakpress.net\/arhiva\/wp-content\/uploads\/2017\/06\/moskva_bajram-2-696x432-1.jpg","width":696,"height":432},{"@type":"BreadcrumbList","@id":"https:\/\/sandzakpress.net\/arhiva\/u-kojoj-evropskoj-drzavi-zivi-najvise-muslimana\/#breadcrumb","itemListElement":[{"@type":"ListItem","position":1,"name":"Home","item":"https:\/\/sandzakpress.net\/arhiva\/"},{"@type":"ListItem","position":2,"name":"U kojoj evropskoj dr\u017eavi \u017eivi najvi\u0161e muslimana?"}]},{"@type":"WebSite","@id":"https:\/\/sandzakpress.net\/arhiva\/#website","url":"https:\/\/sandzakpress.net\/arhiva\/","name":"Sand\u017eak PRESS","description":"Prve elektronske novine u Sand\u017eaku","publisher":{"@id":"https:\/\/sandzakpress.net\/arhiva\/#\/schema\/person\/6e72b67d6e51910a1117b3b483ba20bd"},"potentialAction":[{"@type":"SearchAction","target":{"@type":"EntryPoint","urlTemplate":"https:\/\/sandzakpress.net\/arhiva\/?s={search_term_string}"},"query-input":{"@type":"PropertyValueSpecification","valueRequired":true,"valueName":"search_term_string"}}],"inLanguage":"bs-BA"},{"@type":["Person","Organization"],"@id":"https:\/\/sandzakpress.net\/arhiva\/#\/schema\/person\/6e72b67d6e51910a1117b3b483ba20bd","name":"Kul","image":{"@type":"ImageObject","inLanguage":"bs-BA","@id":"https:\/\/sandzakpress.net\/arhiva\/#\/schema\/person\/image\/","url":"https:\/\/secure.gravatar.com\/avatar\/42263f39aa27ac04c43cab85c280eb2e?s=96&d=mm&r=pg","contentUrl":"https:\/\/secure.gravatar.com\/avatar\/42263f39aa27ac04c43cab85c280eb2e?s=96&d=mm&r=pg","caption":"Kul"},"logo":{"@id":"https:\/\/sandzakpress.net\/arhiva\/#\/schema\/person\/image\/"}},{"@type":"Person","@id":"https:\/\/sandzakpress.net\/arhiva\/#\/schema\/person\/c8baee722073534b583ea7bdb2e36c02","name":"bosniak","image":{"@type":"ImageObject","inLanguage":"bs-BA","@id":"https:\/\/sandzakpress.net\/arhiva\/#\/schema\/person\/image\/","url":"https:\/\/secure.gravatar.com\/avatar\/a04fd330bfe3a36a72a0ad4a6d89fca7?s=96&d=mm&r=pg","contentUrl":"https:\/\/secure.gravatar.com\/avatar\/a04fd330bfe3a36a72a0ad4a6d89fca7?s=96&d=mm&r=pg","caption":"bosniak"},"url":"https:\/\/sandzakpress.net\/arhiva\/author\/bosniak\/"}]}},"_links":{"self":[{"href":"https:\/\/sandzakpress.net\/arhiva\/wp-json\/wp\/v2\/posts\/188646"}],"collection":[{"href":"https:\/\/sandzakpress.net\/arhiva\/wp-json\/wp\/v2\/posts"}],"about":[{"href":"https:\/\/sandzakpress.net\/arhiva\/wp-json\/wp\/v2\/types\/post"}],"author":[{"embeddable":true,"href":"https:\/\/sandzakpress.net\/arhiva\/wp-json\/wp\/v2\/users\/83"}],"replies":[{"embeddable":true,"href":"https:\/\/sandzakpress.net\/arhiva\/wp-json\/wp\/v2\/comments?post=188646"}],"version-history":[{"count":0,"href":"https:\/\/sandzakpress.net\/arhiva\/wp-json\/wp\/v2\/posts\/188646\/revisions"}],"wp:featuredmedia":[{"embeddable":true,"href":"https:\/\/sandzakpress.net\/arhiva\/wp-json\/wp\/v2\/media\/188648"}],"wp:attachment":[{"href":"https:\/\/sandzakpress.net\/arhiva\/wp-json\/wp\/v2\/media?parent=188646"}],"wp:term":[{"taxonomy":"category","embeddable":true,"href":"https:\/\/sandzakpress.net\/arhiva\/wp-json\/wp\/v2\/categories?post=188646"},{"taxonomy":"post_tag","embeddable":true,"href":"https:\/\/sandzakpress.net\/arhiva\/wp-json\/wp\/v2\/tags?post=188646"}],"curies":[{"name":"wp","href":"https:\/\/api.w.org\/{rel}","templated":true}]}}