{"id":188597,"date":"2017-06-10T12:31:30","date_gmt":"2017-06-10T10:31:30","guid":{"rendered":"https:\/\/sandzakpress.net\/arhiva\/?p=188597"},"modified":"2017-06-10T13:09:40","modified_gmt":"2017-06-10T11:09:40","slug":"prevarila-ih-drzava-majke-u-cg-ostale-bez-svojih-nadoknada","status":"publish","type":"post","link":"https:\/\/sandzakpress.net\/arhiva\/prevarila-ih-drzava-majke-u-cg-ostale-bez-svojih-nadoknada\/","title":{"rendered":"PREVARILA IH DR\u017dAVA &#8211; Majke u CG ostale bez svojih nadoknada"},"content":{"rendered":"<p><img decoding=\"async\" class=\"aligncenter\" src=\"http:\/\/www.novosti.rs\/upload\/thumbs\/images\/2017\/\/06\/09n\/ycgmartina%20vlahovic_620x0.jpg\" alt=\" Vi\u0161emese\u010dni protesti nisu dali nikakav rezultat   Foto Martina Vlahovi\u0107\" \/><\/p>\n<p><strong>Desilo se ono zbog \u010dega je strahovalo 21.600 korisnica naknade za troje i vi\u0161e djece! Vlada Crne Gore je po nalogu Ustavnog suda ukinula naknade i obavezala se da u roku od 90 dana predlo\u017ei novo rje\u0161enje za ove \u017eene koje su ostvarivale to pravo.<\/strong><\/p>\n<p>Ovu informaciju saop\u0161tio je ministar finansija Darko Radunovi\u0107. U naredna tri mjeseca dobija\u0107e umanjene naknade, a nakon toga dr\u017eava \u0107e donijeti odluku o nekoj vrsti socijalne pomo\u0107i.<\/p>\n<p>&#8211; Vlada je pristupila izradi zakona o sprovo\u0111enju odluke Ustavnog suda kojim se utvr\u0111uje pravni status korisnica tih naknada, i otklanjaju diskriminatorske posljedice primjene neustavnih odredaba, a samim tim pravednija raspodela sredstava socijalnih fondova &#8211; kazao je Radunovi\u0107.<\/p>\n<p>Zakonom je, kako ministar obja\u0161njava, predvi\u0111eno da korisnice koje su pravo na naknadu ostvarile po osnovu radnog sta\u017ea, a kojim je radni odnos prestao i koje su tri mjeseca prije toga imale prosje\u010dnu zaradu do dvjesta eura, primaju neto iznos od 193 eura mjese\u010dno, uve\u0107an za doprinose za penzijsko i invalidsko osiguranje.<\/p>\n<p>&#8211; Neto iznos 264 eura mjese\u010dno, uve\u0107an za doprinose, prima\u0107e korisnice naknada koje su tri mjeseca prije prestanka radnog odnosa zara\u0111ivale prosje\u010dno od 200 do 350 eura, a neto iznos od 336 eura za one koje su zara\u0111ivale vi\u0161e od 350 eura. Za ovu grupu predvi\u0111eno je da se obezbijede sredstva za isplatu doprinosa za PIO za vrijeme dok su ostvarivale pravo na naknade, dodao je Radunovi\u0107. &#8211; Korisnice starosti od 55 do 61 godine, naknadu u bruto iznosu primaju od sticanja uslova za odlazak u penziju, dok one starosti od 45 do 55 godina naknadu primaju pet godina, a one od 33 do 45 godina &#8211; tri godine.<\/p>\n<p>\u017dene koje su u trenutku ostvarivanja tog prava bile korisnice prava na penziju, vra\u0107aju se kod Fonda PIO radi uspostavljanja kori\u0161\u0107enja prava na penziju.<\/p>\n<p>&#8211; Korisnice naknada koje su pravo ostvarile po osnovu radnog sta\u017ea, a u trenutku ostvarivanja ovog prava su se nalazile na evidenciji nezaposlenih i dobijale su neke naknade u raznim iznosima i po raznim osnovama, zadr\u017eavaju svoje pravo i mo\u0107i \u0107e da ga ostvare kod Zavoda za zapo\u0161ljavanje, dok one koje su bile korisnice prava na penziju, vra\u0107aju se kod Fonda PIO radi uspostavljanja kori\u0161\u0107enja prava na penziju &#8211; dodao je ministar.<\/p>\n<p>Korisnice koje su svoje pravo ostvarile po osnovu evidencije na Zavodu, i koje su svoje pravo ostvarivale po osnovu materijalnog obezbje\u0111enja porodice to \u0107e pravo zadr\u017eati, dok \u0107e ostale biti upu\u0107ene na evidenciju nezaposlenih.<\/p>\n<p><b>OPTERE\u0106ENjE<\/b><\/p>\n<p>DARKO Radunovi\u0107, ministar finansija, kazao je da je mjese\u010dno optere\u0107enje dr\u017eavnog bud\u017eeta prije ovih izmjena bilo 4,2 miliona eura, a nakon usvajanja novog zakona bi\u0107e 2,5 miliona. Tako \u0107e dr\u017eava u\u0161tediti 1,7 miliona eura.<\/p>\n<p><strong>PREVARA <\/strong><\/p>\n<p>&#8211; PREVARENO je 22.000 \u017eena! To je 22.000 porodica koje su dovedene u situaciju da svoje dane provode u nevjerici, slu\u0161aju\u0107i svakodnevno razna saop\u0161tenja, prekrajanje odluka, kojima ni pravnici ne mogu u\u0107i u trag, poru\u010dile su \u017eene iz Koordinacionog odbora.<\/p>\n<p>(Novosti)<\/p>\n","protected":false},"excerpt":{"rendered":"<p>Desilo se ono zbog \u010dega je strahovalo 21.600 korisnica naknade za troje i vi\u0161e djece! Vlada Crne Gore je po nalogu Ustavnog suda ukinula naknade i obavezala se da u roku od 90 dana predlo\u017ei novo rje\u0161enje za ove \u017eene koje su ostvarivale to pravo. Ovu informaciju saop\u0161tio je ministar finansija Darko Radunovi\u0107. U naredna [&hellip;]<\/p>\n","protected":false},"author":509,"featured_media":188605,"comment_status":"open","ping_status":"open","sticky":false,"template":"","format":"standard","meta":{"footnotes":""},"categories":[398,397,10174,396,10308,395,399,5,10173,8957],"tags":[],"class_list":{"0":"post-188597","1":"post","2":"type-post","3":"status-publish","4":"format-standard","5":"has-post-thumbnail","7":"category-rozaje","8":"category-berane","9":"category-petnjica-vase-vijesti","10":"category-bijelo_polje","11":"category-crna-gora","12":"category-pljevlja_","13":"category-plav_","14":"category-drustvo","15":"category-gusinje-vase-vijesti","16":"category-vijesti-dana"},"yoast_head":"<!-- This site is optimized with the Yoast SEO Premium plugin v23.1 (Yoast SEO v24.9) - https:\/\/yoast.com\/wordpress\/plugins\/seo\/ -->\n<title>PREVARILA IH DR\u017dAVA - Majke u CG ostale bez svojih nadoknada<\/title>\n<meta name=\"robots\" content=\"index, follow, max-snippet:-1, max-image-preview:large, max-video-preview:-1\" \/>\n<link rel=\"canonical\" href=\"https:\/\/sandzakpress.net\/arhiva\/prevarila-ih-drzava-majke-u-cg-ostale-bez-svojih-nadoknada\/\" \/>\n<meta property=\"og:locale\" content=\"bs_BA\" \/>\n<meta property=\"og:type\" content=\"article\" \/>\n<meta property=\"og:title\" content=\"PREVARILA IH DR\u017dAVA - Majke u CG ostale bez svojih nadoknada\" \/>\n<meta property=\"og:description\" content=\"Desilo se ono zbog \u010dega je strahovalo 21.600 korisnica naknade za troje i vi\u0161e djece! Vlada Crne Gore je po nalogu Ustavnog suda ukinula naknade i obavezala se da u roku od 90 dana predlo\u017ei novo rje\u0161enje za ove \u017eene koje su ostvarivale to pravo. Ovu informaciju saop\u0161tio je ministar finansija Darko Radunovi\u0107. U naredna [&hellip;]\" \/>\n<meta property=\"og:url\" content=\"https:\/\/sandzakpress.net\/arhiva\/prevarila-ih-drzava-majke-u-cg-ostale-bez-svojih-nadoknada\/\" \/>\n<meta property=\"og:site_name\" content=\"Sand\u017eak PRESS\" \/>\n<meta property=\"article:published_time\" content=\"2017-06-10T10:31:30+00:00\" \/>\n<meta property=\"article:modified_time\" content=\"2017-06-10T11:09:40+00:00\" \/>\n<meta property=\"og:image\" content=\"https:\/\/sandzakpress.net\/arhiva\/wp-content\/uploads\/2017\/06\/ycgmartina-vlahovic_620x0.jpg\" \/>\n\t<meta property=\"og:image:width\" content=\"620\" \/>\n\t<meta property=\"og:image:height\" content=\"348\" \/>\n\t<meta property=\"og:image:type\" content=\"image\/jpeg\" \/>\n<meta name=\"author\" content=\"Agencija\" \/>\n<meta name=\"twitter:card\" content=\"summary_large_image\" \/>\n<meta name=\"twitter:label1\" content=\"Written by\" \/>\n\t<meta name=\"twitter:data1\" content=\"Agencija\" \/>\n\t<meta name=\"twitter:label2\" content=\"Est. reading time\" \/>\n\t<meta name=\"twitter:data2\" content=\"3 minute\" \/>\n<script type=\"application\/ld+json\" class=\"yoast-schema-graph\">{\"@context\":\"https:\/\/schema.org\",\"@graph\":[{\"@type\":\"Article\",\"@id\":\"https:\/\/sandzakpress.net\/arhiva\/prevarila-ih-drzava-majke-u-cg-ostale-bez-svojih-nadoknada\/#article\",\"isPartOf\":{\"@id\":\"https:\/\/sandzakpress.net\/arhiva\/prevarila-ih-drzava-majke-u-cg-ostale-bez-svojih-nadoknada\/\"},\"author\":{\"name\":\"Agencija\",\"@id\":\"https:\/\/sandzakpress.net\/arhiva\/#\/schema\/person\/cb59d7e3ab91ab90dd680ad0305a6185\"},\"headline\":\"PREVARILA IH DR\u017dAVA &#8211; Majke u CG ostale bez svojih nadoknada\",\"datePublished\":\"2017-06-10T10:31:30+00:00\",\"dateModified\":\"2017-06-10T11:09:40+00:00\",\"mainEntityOfPage\":{\"@id\":\"https:\/\/sandzakpress.net\/arhiva\/prevarila-ih-drzava-majke-u-cg-ostale-bez-svojih-nadoknada\/\"},\"wordCount\":518,\"commentCount\":5,\"publisher\":{\"@id\":\"https:\/\/sandzakpress.net\/arhiva\/#\/schema\/person\/6e72b67d6e51910a1117b3b483ba20bd\"},\"image\":{\"@id\":\"https:\/\/sandzakpress.net\/arhiva\/prevarila-ih-drzava-majke-u-cg-ostale-bez-svojih-nadoknada\/#primaryimage\"},\"thumbnailUrl\":\"https:\/\/sandzakpress.net\/arhiva\/wp-content\/uploads\/2017\/06\/ycgmartina-vlahovic_620x0.jpg\",\"articleSection\":[\"Ro\u017eaje\",\"Berane\",\"Petnjica\",\"Bijelo Polje\",\"Crna Gora\",\"Pljevlja\",\"Plav\",\"Dru\u0161tvo\",\"Gusinje\",\"VIJESTI DANA\"],\"inLanguage\":\"bs-BA\",\"potentialAction\":[{\"@type\":\"CommentAction\",\"name\":\"Comment\",\"target\":[\"https:\/\/sandzakpress.net\/arhiva\/prevarila-ih-drzava-majke-u-cg-ostale-bez-svojih-nadoknada\/#respond\"]}]},{\"@type\":\"WebPage\",\"@id\":\"https:\/\/sandzakpress.net\/arhiva\/prevarila-ih-drzava-majke-u-cg-ostale-bez-svojih-nadoknada\/\",\"url\":\"https:\/\/sandzakpress.net\/arhiva\/prevarila-ih-drzava-majke-u-cg-ostale-bez-svojih-nadoknada\/\",\"name\":\"PREVARILA IH DR\u017dAVA - Majke u CG ostale bez svojih nadoknada\",\"isPartOf\":{\"@id\":\"https:\/\/sandzakpress.net\/arhiva\/#website\"},\"primaryImageOfPage\":{\"@id\":\"https:\/\/sandzakpress.net\/arhiva\/prevarila-ih-drzava-majke-u-cg-ostale-bez-svojih-nadoknada\/#primaryimage\"},\"image\":{\"@id\":\"https:\/\/sandzakpress.net\/arhiva\/prevarila-ih-drzava-majke-u-cg-ostale-bez-svojih-nadoknada\/#primaryimage\"},\"thumbnailUrl\":\"https:\/\/sandzakpress.net\/arhiva\/wp-content\/uploads\/2017\/06\/ycgmartina-vlahovic_620x0.jpg\",\"datePublished\":\"2017-06-10T10:31:30+00:00\",\"dateModified\":\"2017-06-10T11:09:40+00:00\",\"breadcrumb\":{\"@id\":\"https:\/\/sandzakpress.net\/arhiva\/prevarila-ih-drzava-majke-u-cg-ostale-bez-svojih-nadoknada\/#breadcrumb\"},\"inLanguage\":\"bs-BA\",\"potentialAction\":[{\"@type\":\"ReadAction\",\"target\":[\"https:\/\/sandzakpress.net\/arhiva\/prevarila-ih-drzava-majke-u-cg-ostale-bez-svojih-nadoknada\/\"]}]},{\"@type\":\"ImageObject\",\"inLanguage\":\"bs-BA\",\"@id\":\"https:\/\/sandzakpress.net\/arhiva\/prevarila-ih-drzava-majke-u-cg-ostale-bez-svojih-nadoknada\/#primaryimage\",\"url\":\"https:\/\/sandzakpress.net\/arhiva\/wp-content\/uploads\/2017\/06\/ycgmartina-vlahovic_620x0.jpg\",\"contentUrl\":\"https:\/\/sandzakpress.net\/arhiva\/wp-content\/uploads\/2017\/06\/ycgmartina-vlahovic_620x0.jpg\",\"width\":620,\"height\":348},{\"@type\":\"BreadcrumbList\",\"@id\":\"https:\/\/sandzakpress.net\/arhiva\/prevarila-ih-drzava-majke-u-cg-ostale-bez-svojih-nadoknada\/#breadcrumb\",\"itemListElement\":[{\"@type\":\"ListItem\",\"position\":1,\"name\":\"Home\",\"item\":\"https:\/\/sandzakpress.net\/arhiva\/\"},{\"@type\":\"ListItem\",\"position\":2,\"name\":\"PREVARILA IH DR\u017dAVA &#8211; Majke u CG ostale bez svojih nadoknada\"}]},{\"@type\":\"WebSite\",\"@id\":\"https:\/\/sandzakpress.net\/arhiva\/#website\",\"url\":\"https:\/\/sandzakpress.net\/arhiva\/\",\"name\":\"Sand\u017eak PRESS\",\"description\":\"Prve elektronske novine u Sand\u017eaku\",\"publisher\":{\"@id\":\"https:\/\/sandzakpress.net\/arhiva\/#\/schema\/person\/6e72b67d6e51910a1117b3b483ba20bd\"},\"potentialAction\":[{\"@type\":\"SearchAction\",\"target\":{\"@type\":\"EntryPoint\",\"urlTemplate\":\"https:\/\/sandzakpress.net\/arhiva\/?s={search_term_string}\"},\"query-input\":{\"@type\":\"PropertyValueSpecification\",\"valueRequired\":true,\"valueName\":\"search_term_string\"}}],\"inLanguage\":\"bs-BA\"},{\"@type\":[\"Person\",\"Organization\"],\"@id\":\"https:\/\/sandzakpress.net\/arhiva\/#\/schema\/person\/6e72b67d6e51910a1117b3b483ba20bd\",\"name\":\"Kul\",\"image\":{\"@type\":\"ImageObject\",\"inLanguage\":\"bs-BA\",\"@id\":\"https:\/\/sandzakpress.net\/arhiva\/#\/schema\/person\/image\/\",\"url\":\"https:\/\/secure.gravatar.com\/avatar\/42263f39aa27ac04c43cab85c280eb2e?s=96&d=mm&r=pg\",\"contentUrl\":\"https:\/\/secure.gravatar.com\/avatar\/42263f39aa27ac04c43cab85c280eb2e?s=96&d=mm&r=pg\",\"caption\":\"Kul\"},\"logo\":{\"@id\":\"https:\/\/sandzakpress.net\/arhiva\/#\/schema\/person\/image\/\"}},{\"@type\":\"Person\",\"@id\":\"https:\/\/sandzakpress.net\/arhiva\/#\/schema\/person\/cb59d7e3ab91ab90dd680ad0305a6185\",\"name\":\"Agencija\",\"image\":{\"@type\":\"ImageObject\",\"inLanguage\":\"bs-BA\",\"@id\":\"https:\/\/sandzakpress.net\/arhiva\/#\/schema\/person\/image\/\",\"url\":\"https:\/\/secure.gravatar.com\/avatar\/4b7fafa80a22f0c2afe23966b3961fe0?s=96&d=mm&r=pg\",\"contentUrl\":\"https:\/\/secure.gravatar.com\/avatar\/4b7fafa80a22f0c2afe23966b3961fe0?s=96&d=mm&r=pg\",\"caption\":\"Agencija\"},\"url\":\"https:\/\/sandzakpress.net\/arhiva\/author\/agencija\/\"}]}<\/script>\n<!-- \/ Yoast SEO Premium plugin. -->","yoast_head_json":{"title":"PREVARILA IH DR\u017dAVA - Majke u CG ostale bez svojih nadoknada","robots":{"index":"index","follow":"follow","max-snippet":"max-snippet:-1","max-image-preview":"max-image-preview:large","max-video-preview":"max-video-preview:-1"},"canonical":"https:\/\/sandzakpress.net\/arhiva\/prevarila-ih-drzava-majke-u-cg-ostale-bez-svojih-nadoknada\/","og_locale":"bs_BA","og_type":"article","og_title":"PREVARILA IH DR\u017dAVA - Majke u CG ostale bez svojih nadoknada","og_description":"Desilo se ono zbog \u010dega je strahovalo 21.600 korisnica naknade za troje i vi\u0161e djece! Vlada Crne Gore je po nalogu Ustavnog suda ukinula naknade i obavezala se da u roku od 90 dana predlo\u017ei novo rje\u0161enje za ove \u017eene koje su ostvarivale to pravo. Ovu informaciju saop\u0161tio je ministar finansija Darko Radunovi\u0107. U naredna [&hellip;]","og_url":"https:\/\/sandzakpress.net\/arhiva\/prevarila-ih-drzava-majke-u-cg-ostale-bez-svojih-nadoknada\/","og_site_name":"Sand\u017eak PRESS","article_published_time":"2017-06-10T10:31:30+00:00","article_modified_time":"2017-06-10T11:09:40+00:00","og_image":[{"width":620,"height":348,"url":"https:\/\/sandzakpress.net\/arhiva\/wp-content\/uploads\/2017\/06\/ycgmartina-vlahovic_620x0.jpg","type":"image\/jpeg"}],"author":"Agencija","twitter_card":"summary_large_image","twitter_misc":{"Written by":"Agencija","Est. reading time":"3 minute"},"schema":{"@context":"https:\/\/schema.org","@graph":[{"@type":"Article","@id":"https:\/\/sandzakpress.net\/arhiva\/prevarila-ih-drzava-majke-u-cg-ostale-bez-svojih-nadoknada\/#article","isPartOf":{"@id":"https:\/\/sandzakpress.net\/arhiva\/prevarila-ih-drzava-majke-u-cg-ostale-bez-svojih-nadoknada\/"},"author":{"name":"Agencija","@id":"https:\/\/sandzakpress.net\/arhiva\/#\/schema\/person\/cb59d7e3ab91ab90dd680ad0305a6185"},"headline":"PREVARILA IH DR\u017dAVA &#8211; Majke u CG ostale bez svojih nadoknada","datePublished":"2017-06-10T10:31:30+00:00","dateModified":"2017-06-10T11:09:40+00:00","mainEntityOfPage":{"@id":"https:\/\/sandzakpress.net\/arhiva\/prevarila-ih-drzava-majke-u-cg-ostale-bez-svojih-nadoknada\/"},"wordCount":518,"commentCount":5,"publisher":{"@id":"https:\/\/sandzakpress.net\/arhiva\/#\/schema\/person\/6e72b67d6e51910a1117b3b483ba20bd"},"image":{"@id":"https:\/\/sandzakpress.net\/arhiva\/prevarila-ih-drzava-majke-u-cg-ostale-bez-svojih-nadoknada\/#primaryimage"},"thumbnailUrl":"https:\/\/sandzakpress.net\/arhiva\/wp-content\/uploads\/2017\/06\/ycgmartina-vlahovic_620x0.jpg","articleSection":["Ro\u017eaje","Berane","Petnjica","Bijelo Polje","Crna Gora","Pljevlja","Plav","Dru\u0161tvo","Gusinje","VIJESTI DANA"],"inLanguage":"bs-BA","potentialAction":[{"@type":"CommentAction","name":"Comment","target":["https:\/\/sandzakpress.net\/arhiva\/prevarila-ih-drzava-majke-u-cg-ostale-bez-svojih-nadoknada\/#respond"]}]},{"@type":"WebPage","@id":"https:\/\/sandzakpress.net\/arhiva\/prevarila-ih-drzava-majke-u-cg-ostale-bez-svojih-nadoknada\/","url":"https:\/\/sandzakpress.net\/arhiva\/prevarila-ih-drzava-majke-u-cg-ostale-bez-svojih-nadoknada\/","name":"PREVARILA IH DR\u017dAVA - Majke u CG ostale bez svojih nadoknada","isPartOf":{"@id":"https:\/\/sandzakpress.net\/arhiva\/#website"},"primaryImageOfPage":{"@id":"https:\/\/sandzakpress.net\/arhiva\/prevarila-ih-drzava-majke-u-cg-ostale-bez-svojih-nadoknada\/#primaryimage"},"image":{"@id":"https:\/\/sandzakpress.net\/arhiva\/prevarila-ih-drzava-majke-u-cg-ostale-bez-svojih-nadoknada\/#primaryimage"},"thumbnailUrl":"https:\/\/sandzakpress.net\/arhiva\/wp-content\/uploads\/2017\/06\/ycgmartina-vlahovic_620x0.jpg","datePublished":"2017-06-10T10:31:30+00:00","dateModified":"2017-06-10T11:09:40+00:00","breadcrumb":{"@id":"https:\/\/sandzakpress.net\/arhiva\/prevarila-ih-drzava-majke-u-cg-ostale-bez-svojih-nadoknada\/#breadcrumb"},"inLanguage":"bs-BA","potentialAction":[{"@type":"ReadAction","target":["https:\/\/sandzakpress.net\/arhiva\/prevarila-ih-drzava-majke-u-cg-ostale-bez-svojih-nadoknada\/"]}]},{"@type":"ImageObject","inLanguage":"bs-BA","@id":"https:\/\/sandzakpress.net\/arhiva\/prevarila-ih-drzava-majke-u-cg-ostale-bez-svojih-nadoknada\/#primaryimage","url":"https:\/\/sandzakpress.net\/arhiva\/wp-content\/uploads\/2017\/06\/ycgmartina-vlahovic_620x0.jpg","contentUrl":"https:\/\/sandzakpress.net\/arhiva\/wp-content\/uploads\/2017\/06\/ycgmartina-vlahovic_620x0.jpg","width":620,"height":348},{"@type":"BreadcrumbList","@id":"https:\/\/sandzakpress.net\/arhiva\/prevarila-ih-drzava-majke-u-cg-ostale-bez-svojih-nadoknada\/#breadcrumb","itemListElement":[{"@type":"ListItem","position":1,"name":"Home","item":"https:\/\/sandzakpress.net\/arhiva\/"},{"@type":"ListItem","position":2,"name":"PREVARILA IH DR\u017dAVA &#8211; Majke u CG ostale bez svojih nadoknada"}]},{"@type":"WebSite","@id":"https:\/\/sandzakpress.net\/arhiva\/#website","url":"https:\/\/sandzakpress.net\/arhiva\/","name":"Sand\u017eak PRESS","description":"Prve elektronske novine u Sand\u017eaku","publisher":{"@id":"https:\/\/sandzakpress.net\/arhiva\/#\/schema\/person\/6e72b67d6e51910a1117b3b483ba20bd"},"potentialAction":[{"@type":"SearchAction","target":{"@type":"EntryPoint","urlTemplate":"https:\/\/sandzakpress.net\/arhiva\/?s={search_term_string}"},"query-input":{"@type":"PropertyValueSpecification","valueRequired":true,"valueName":"search_term_string"}}],"inLanguage":"bs-BA"},{"@type":["Person","Organization"],"@id":"https:\/\/sandzakpress.net\/arhiva\/#\/schema\/person\/6e72b67d6e51910a1117b3b483ba20bd","name":"Kul","image":{"@type":"ImageObject","inLanguage":"bs-BA","@id":"https:\/\/sandzakpress.net\/arhiva\/#\/schema\/person\/image\/","url":"https:\/\/secure.gravatar.com\/avatar\/42263f39aa27ac04c43cab85c280eb2e?s=96&d=mm&r=pg","contentUrl":"https:\/\/secure.gravatar.com\/avatar\/42263f39aa27ac04c43cab85c280eb2e?s=96&d=mm&r=pg","caption":"Kul"},"logo":{"@id":"https:\/\/sandzakpress.net\/arhiva\/#\/schema\/person\/image\/"}},{"@type":"Person","@id":"https:\/\/sandzakpress.net\/arhiva\/#\/schema\/person\/cb59d7e3ab91ab90dd680ad0305a6185","name":"Agencija","image":{"@type":"ImageObject","inLanguage":"bs-BA","@id":"https:\/\/sandzakpress.net\/arhiva\/#\/schema\/person\/image\/","url":"https:\/\/secure.gravatar.com\/avatar\/4b7fafa80a22f0c2afe23966b3961fe0?s=96&d=mm&r=pg","contentUrl":"https:\/\/secure.gravatar.com\/avatar\/4b7fafa80a22f0c2afe23966b3961fe0?s=96&d=mm&r=pg","caption":"Agencija"},"url":"https:\/\/sandzakpress.net\/arhiva\/author\/agencija\/"}]}},"_links":{"self":[{"href":"https:\/\/sandzakpress.net\/arhiva\/wp-json\/wp\/v2\/posts\/188597"}],"collection":[{"href":"https:\/\/sandzakpress.net\/arhiva\/wp-json\/wp\/v2\/posts"}],"about":[{"href":"https:\/\/sandzakpress.net\/arhiva\/wp-json\/wp\/v2\/types\/post"}],"author":[{"embeddable":true,"href":"https:\/\/sandzakpress.net\/arhiva\/wp-json\/wp\/v2\/users\/509"}],"replies":[{"embeddable":true,"href":"https:\/\/sandzakpress.net\/arhiva\/wp-json\/wp\/v2\/comments?post=188597"}],"version-history":[{"count":0,"href":"https:\/\/sandzakpress.net\/arhiva\/wp-json\/wp\/v2\/posts\/188597\/revisions"}],"wp:featuredmedia":[{"embeddable":true,"href":"https:\/\/sandzakpress.net\/arhiva\/wp-json\/wp\/v2\/media\/188605"}],"wp:attachment":[{"href":"https:\/\/sandzakpress.net\/arhiva\/wp-json\/wp\/v2\/media?parent=188597"}],"wp:term":[{"taxonomy":"category","embeddable":true,"href":"https:\/\/sandzakpress.net\/arhiva\/wp-json\/wp\/v2\/categories?post=188597"},{"taxonomy":"post_tag","embeddable":true,"href":"https:\/\/sandzakpress.net\/arhiva\/wp-json\/wp\/v2\/tags?post=188597"}],"curies":[{"name":"wp","href":"https:\/\/api.w.org\/{rel}","templated":true}]}}