{"id":188163,"date":"2017-06-03T16:00:50","date_gmt":"2017-06-03T14:00:50","guid":{"rendered":"https:\/\/sandzakpress.net\/arhiva\/prva-ramazanska-hutba-reisa-huseina-ef-kavazovica-neka-uvijek-ispred-nas-bude-nasa-zajednica"},"modified":"2017-06-03T16:00:50","modified_gmt":"2017-06-03T14:00:50","slug":"prva-ramazanska-hutba-reisa-huseina-ef-kavazovica-neka-uvijek-ispred-nas-bude-nasa-zajednica","status":"publish","type":"post","link":"https:\/\/sandzakpress.net\/arhiva\/prva-ramazanska-hutba-reisa-huseina-ef-kavazovica-neka-uvijek-ispred-nas-bude-nasa-zajednica\/","title":{"rendered":"Prva ramazanska hutba reisa Huseina ef. Kavazovi\u0107a: Neka uvijek ispred nas bude na\u0161a Zajednica"},"content":{"rendered":"<p><span class=\"cb-itemprop\"><\/p>\n<p><img decoding=\"async\" src=\"http:\/\/saff.ba\/wp-content\/uploads\/2017\/06\/reisu-l-ulema-hutba-begova-v.jpg\" \/><\/p>\n<p>Danas je reisu-l-ulema Islamske zajednice u Bosni i Hercegovini Husein ef. Kavazovi\u0107 u Begovoj d\u017eamiji odr\u017eao prvu ramazansku hutbu.<\/p>\n<div class=\"td-a-rec td-a-rec-id-content_inlineright  td-rec-hide-on-p \">\n<div id=\"beacon_5ae04e49e9\"><img loading=\"lazy\" decoding=\"async\" class=\"td-animation-stack-type0-2\" src=\"http:\/\/cat.fr.eu.criteo.com\/delivery\/lg.php?cppv=1&amp;cpp=ZRj4enxqN1N0bUNPaUwrZzlBVUZxMUZIRlRyNnU5RUl4bC9hVHRsS1JmWjFQQ3MrTmJ5SDdNSTdHbTRIUFRlNlFxeEsrMU41aDBCSis1VUNRSUdWejI4STJEcS9wYWVqQVc4ZzVGeFpLMlBCeGlWU2JiVXA0R01pUFBrSUV0b1dGOENCUTk4WEJsczE4WElBam40cU9vUWdNcyswUnYwZGpBTWNZOHczU3E5emtkeTZJQUxCelp4TTNoZTZ2dFF2UHF0dlFNaWI1T1Y1clYrUlRXU2VnM1BWdHdmNWF1bDdTS1l5eU1PcXFsSVFIRFlMVVoreDVrb2JyaGdOZWhITkwzVnkxfA%3D%3D\" width=\"0\" height=\"0\" \/><\/div>\n<div>U nastavku prenosimo hutbu u cijelosti:<\/div>\n<\/div>\n<p>\u2013 Hvala Allahu. Njemu se zahvaljujemo, od Njega pomo\u0107 i oprost tra\u017eimo. Njemu se utje\u010demo od poroka i ru\u017enih djela na\u0161ih.<\/p>\n<p>Onoga koga Allah na pravi put uputi \u2013 niko u zabludu ne mo\u017ee odvesti, a onoga koga On u zabludi ostavi \u2013 niko na pravi put ne mo\u017ee uputiti.<\/p>\n<p>Svjedo\u010dimo da je samo Allah Bog i da je Muhammed Njegov rob i Njegov poslanik, koga je On uistinu poslao da radosnu vijest donese i da opomene, prije nego \u0161to nastupi Sudnji dan.<\/p>\n<p><strong>Bra\u0107o i sestre<\/strong>,<\/p>\n<p>\u017divimo blagoslovljeno vrijeme \u0161ehri-ramazana, mjeseca koji nas podsje\u0107a na dolazak milosti Bo\u017eije, Muhammeda, a.s., za koga je Milostivi rekao: \u201eTebe smo, samo, iz milosti svjetovima poslali\u201c. Vjerovjesnik nas je pou\u010dio da svoj \u017eivot provedemo u pokornosti Bogu, slijede\u0107i Njegove naloge, savjete i upute. Kada bi nastupio ramazan, on bi se obratio ljudima, biranim rije\u010dima, s puno pa\u017enje:<\/p>\n<p>\u201eO ljudi, do\u0161ao vam je ramazan s blagoslovom, milo\u0161\u0107u i oprostom, mjesec koji je Allahu dra\u017ei od svih drugih mjeseci, \u010diji su dani va\u017eniji od svih drugih dana, \u010dije su no\u0107i zna\u010dajnije od svih drugih no\u0107i, \u010diji su \u010dasovi bolji od svih drugih \u010dasova. To je mjesec u kome ste pozvani Allahu na gozbu u kome se smatrate Bogu ugodnim ljudima. Va\u0161e disanje u ovom mjesecu je tesbih a spavanje ibadet\u201c.<\/p>\n<p><strong>Bra\u0107o i sestre<\/strong>,<\/p>\n<p>Allah nam je, kako to Kur'an navodi, propisao post iz Svoje velike mudrosti i plemenitog cilja. Post je okrepa du\u0161i kako bi ona pravilno usmjeravala svoju snagu i mogu\u0107nosti. Postom treba da stignemo do istinske bogobojaznosti.\u00a0 \u017divot na dunjaluku je pun izazova. Du\u0161a \u010desto \u017eudi za onim \u0161to ne posjeduje u \u017eelji da sebi\u010dno zagospodari i onim \u0161to joj ne treba. Sputati njenu pohotu i po\u017eudu je na\u0161a najve\u0107a borba.<\/p>\n<p>Govoriti\u00a0 o postu, iz vlastite perspektive, zna\u010di govoriti o iskustvu koje trebamo podijeliti s drugima. Kako vrijeme odmi\u010de i kako ljudi bivaju sve imu\u0107niji, oni nam se \u010dine sve siroma\u0161niji duhom, sve ovisniji o potrebama koje sami proizvode.<\/p>\n<p>Vjerovjesnik, a.s., nas je u\u010dio da je istinsko bogatstvo, bogatstvo du\u0161e. Post je u osnovi vje\u017eba za du\u0161u. U njemu je na\u0161e duhovno stasavanje i odrastanje.<\/p>\n<p>Do unutarnjeg mira i spasenja, kako nas je Vjerovjesnik u\u010dio, mo\u017ee se do\u0107i samo kroz pridr\u017eavanje vjerodostojnog sadr\u017eaja Objave. Jer, ispravno postupa samo onaj ko kroz dobro djelo tra\u017ei Bo\u017eije lice, tako glasi jedan ajet u \u010dasnom Kur'anu (Al-Kahf, 46): \u201eImetak i djeca su ukras ovog svijeta, a dobra djela, koja vje\u010dno ostaju, bi\u0107e od Gospodara tvoga bolje nagra\u0111ena i ono u \u0161to se \u010dovjek mo\u017ee pouzdati\u201c.<\/p>\n<p><strong>Bra\u0107o i sestre<\/strong>,<\/p>\n<p>Vjerovjesnikov, a.s., put uvijek je bio traganje za du\u0161evnim mirom kroz \u010dinjenje dobrih djela, i savjet drugima da ih \u010dine, uz Bo\u017eiju pomo\u0107. Dova koju je naj\u010de\u0161\u0107e u\u010dio, i kojoj je pou\u010davao svoje ashabe, bila je: \u201eGospodaru na\u0161, daj nam dobro na ovom svijetu i dobro na ahiretu, i spasi nas d\u017eehenemske vatre\u201c. Uporedo s tim, on nas je uvijek upozoravao: da je svako u svom vlastitom \u017eivotu pastir, i da smo svi odgovorni za emanet kojeg nosimo, za stado koje nam je povjereno.<\/p>\n<p>Na\u0161a nas je ulema uvijek podsje\u0107ala da formalna strana posta nije svrha niti cilj sam po sebi. Do ovog zaklju\u010dka ona je do\u0161la tragom hadisa Allahovog vjerovjesnika Muhammeda, a.s., koji je rekao: \u201eKo ne napusti la\u017e i postupak po njoj nema potrebe da ostavlja hranu i pi\u0107e\u201c. Vjera, kako su nas u\u010dili na\u0161i vjerou\u010ditelji, jeste lijepo opho\u0111enje prema drugima (edeb). Ona se samo formalno svjedo\u010di jezikom, dok je njeno istinsko posvjedo\u010denje lijepim odnosom naspram drugih stvorenja.<\/p>\n<p>\u201eSjetite se\u201c, ka\u017ee Vjerovjesnik, a.s., \u201edok ste gladni i \u017eedni, gladi i \u017ee\u0111i Sudnjega dana. Dijelite onima koji su siroma\u0161ni i napu\u0161teni. Po\u0161tujte starije i imajte samilosti prema mla\u0111ima. Odr\u017eavajte rodbinske veze.\u201c<\/p>\n<p><strong>Bra\u0107o i sestre<\/strong>,<\/p>\n<p>Allah, d\u017e.\u0161., svakog \u010dasa stvara nove prilike za nas. On uvijek iznova daje da zapu\u0161e povjetarac. On neprestano pokre\u0107e nove valove koje trebamo uhvatiti. On Uzvi\u0161eni \u0161alje vjetrove koji trebaju da pokrenu na\u0161u la\u0111u i odnesu je do novih horizonata. Ramazan je povjetarac kojeg du\u0161a is\u010dekuje da je osvje\u017ei, da je pokrene i uzburka, da razvije njene dobrote, da je uzdigne i ponese u Bo\u017eije okrilje. Ali ni najpovoljniji vjetar ne odgovara onome ko ne zna kuda plovi.<\/p>\n<p>Dobrota i dobro djelo smiruju du\u0161u, i \u010dine je pripravnom da se vrati svome Gospodaru nakon dugog, zamornog, dunjalu\u010dkog puta. \u201eNesretan je,\u201c kako ka\u017ee Vjerovjesnik, a.s., \u201esamo onaj kome je u ovom mjesecu uskra\u0107en Bo\u017eiji oprost.\u201c<\/p>\n<p>Ramazan je vrijeme iskrene pokajni\u010dke dove koja poput \u010diste vode sapire grijehe svakog od nas. \u201eTra\u017eite od Gospodara da vam oprosti grijehe,\u201c savjetovao je Vjerovjesnik, a.s., svoje ashabe. U na\u0161oj muslimanskoj tradiciji \u010dovjek se doima kao putnik, salik, od njegova za\u010de\u0107a pa sve do smrti. Kako \u0107emo do\u010dekati svoj rok, ed\u017eel, ovisi o na\u0161em izboru. Ili \u0107e vrijeme zgasnuti u nama ili \u0107emo mi bljesnuti u njemu, do nas je. Bog poziva da svako od nas zapali svoje svjetlo vjerom, radom i trudom. \u201eReci: Radite pa \u0107e va\u0161 trud vidjeti Allah i Vjerovjesnik i pravovjerni.\u201c<\/p>\n<p><strong>Bra\u0107o i sestre<\/strong>,<\/p>\n<p>Na\u0161 iman je kao svjetiljka, njegov fitilj je \u0161ehadet, a na\u0161 namaz, post, zekat, had\u017e i ihsan su ulja kojima svjetiljka sija. Neka svako od nas pogleda ima li ulja u lampi ili je ona prazna. Svako od ovih ulja nezamjenljivo je. Svako od njih zasvijetli na nekoj od na\u0161ih \u017eivotnih postaja da rastjera tamu oko nas. Neka niko od nas ne zaboravi opskrbiti se svojim uljem.<\/p>\n<p>Izmirimo svoj dug prema Allahu. O\u010distimo na\u0161u du\u0161u namazom i postom, a na\u0161 imetak zekatom i sadekatu-l-fitrom. Neka svako od nas obra\u010duna Bo\u017eijenimetekod sebe. \u201eA ako ih budete brojali, izbrojati ih ne mo\u017eete\u201c, ka\u017ee Kur'an. Zato je Alejhiselam govorio: \u201cKo izmiri svoj dug prema Allahu, tajno i javno, \u017eele\u0107i time samo Bo\u017eije zadovoljstvo bit \u0107e mu to najve\u0107i kapital na budu\u0107em svijetu, kad mu to bude najpotrebnije\u201d. U Kur'anu je re\u010deno: \u201eAllah vas upozorava (na Svoje odredbe i zapovijedi). Allah je milostiv prema svojim robovima\u201c (Ali Imran,30).<\/p>\n<p><strong>Bra\u0107o i sestre<\/strong>,<\/p>\n<p>Neka uvijek ispred nas bude na\u0161a Zajednica u kojoj smo ro\u0111eni. Ona je miraz, kojega smo naslijedili od na\u0161ih o\u010deva. Emanet, kojeg su oni ostavili unucima da ga \u010duvamo za njih. Na\u0161a Islamska zajednica je otvoreno gradili\u0161te na kome svaka generacija dodaje svoj dio grade\u0107i i pro\u0161iruju\u0107i njene temelje. Nemojmo dozvoliti da nas uskogrudnost savlada. \u201eNeka svako pogleda \u0161ta ostavlja za sutra\u201c, poruka je Kur'ana. Odvojimo od sebe za sebe, kao \u0161to su to i na\u0161i o\u010devi \u010dinili. Graditi i odr\u017eavati ku\u0107u nije lahko ali je te\u017ee nemati je. Bez na\u0161e Islamske zajednice bit \u0107emo lutalice koje \u0107e se potucati po tu\u0111im sokacima. Zato, ispunjavajmo svoje obaveze prema Zajednici, \u010duvajmo je, i ja\u010dajmo njene kapacitete. Podi\u017eimo mektebe, medrese, fakultete i druge zavode koji \u0107e biti istinski \u010duvari na\u0161eg puta, \u017eivljenja vjere i promicanja njenih vrijednosti po kojima nas i drugi poznaju. Ramazan je dobro vrijeme da to sebi iznova osvijestimo.<\/p>\n<p>Po ovla\u0161tenjima na\u0161e Zajednice, a pozivaju\u0107i se na Men\u0161uru koja mi je dodijeljena, koja na\u0161u zajednicu povezuje sa vjerovjesnikom Muhammedom, a.s., potvr\u0111ujem fetvu o obaveznom izdvajanju i prikupljanju zekata i sadekatu-l-fitra u Bejtu-l-mal. To je bio sunnet Allahovog vjerovjesnika, a.s., i hulefa-i-ra\u0161duna: h. EbuBekira, h. Omera, h. Osmana i h. Alije, neka je Allah s njima zadovoljan. Onaj ko dr\u017ei do sebe i do njihovog puta, dr\u017eat \u0107e se njihovog sunneta.<\/p>\n<p><strong>Bra\u0107o i sestre<\/strong>,<\/p>\n<p>Zavr\u0161it \u0107u ovu hutbu rije\u010dima Vjerovjesnika, a.s.: \u201eO ljudi, va\u0161e du\u0161e su ovisne o va\u0161im djelima. Oslobodite ih tra\u017eenjem oprosta od grijeha. Va\u0161a le\u0111a su natovarena te\u0161kim teretom. Ubla\u017eite tu te\u017einu du\u017eom sed\u017edom.\u201c<\/p>\n<p>\u201eTra\u017eite od svog Gospodara da vam oprosti grijehe. Dignite svoje ruke Allahu s dovom poslije svakog namaza.\u201c<\/p>\n<p>\u201eTra\u017eite od svog Gospodara, iskreno i \u010dista srca, da vas pomogne u postu koji vam je propisao i u \u010ditanju Knjige koju vam je objavio.\u201c<\/p>\n<p>Savjetujem to i sebi i vama i tra\u017eim oprosta od Boga za sebe i za vas. Neka na\u0161a posljednja dova bude: Hvala Allahu Gospodaru svjetova.<\/p>\n<p><\/span><br \/>\nPogledajte vijest na izvornom sajtu:<\/p>\n<p><a href=\"http:\/\/bosnapress.net\/prva-ramazanska-hutba-reisa-huseina-ef-kavazovica-neka-uvijek-ispred-nas-bude-nasa-zajednica\/\" target=\"_blank\">Prva ramazanska hutba reisa Huseina ef. Kavazovi\u0107a: Neka uvijek ispred nas bude na\u0161a Zajednica<\/a><\/p>\n","protected":false},"excerpt":{"rendered":"<p>Danas je reisu-l-ulema Islamske zajednice u Bosni i Hercegovini Husein ef. Kavazovi\u0107 u Begovoj d\u017eamiji odr\u017eao prvu ramazansku hutbu. U nastavku prenosimo hutbu u cijelosti: \u2013 Hvala Allahu. Njemu se zahvaljujemo, od Njega pomo\u0107 i oprost tra\u017eimo. Njemu se utje\u010demo od poroka i ru\u017enih djela na\u0161ih. Onoga koga Allah na pravi put uputi \u2013 niko [&hellip;]<\/p>\n","protected":false},"author":83,"featured_media":188165,"comment_status":"open","ping_status":"open","sticky":false,"template":"","format":"standard","meta":{"footnotes":""},"categories":[10513],"tags":[10466],"class_list":{"0":"post-188163","1":"post","2":"type-post","3":"status-publish","4":"format-standard","5":"has-post-thumbnail","7":"category-bosna-press","8":"tag-bosna-i-hercegovina"},"yoast_head":"<!-- This site is optimized with the Yoast SEO Premium plugin v23.1 (Yoast SEO v24.9) - https:\/\/yoast.com\/wordpress\/plugins\/seo\/ -->\n<title>Prva ramazanska hutba reisa Huseina ef. Kavazovi\u0107a: Neka uvijek ispred nas bude na\u0161a Zajednica<\/title>\n<meta name=\"robots\" content=\"index, follow, max-snippet:-1, max-image-preview:large, max-video-preview:-1\" \/>\n<link rel=\"canonical\" href=\"https:\/\/sandzakpress.net\/arhiva\/prva-ramazanska-hutba-reisa-huseina-ef-kavazovica-neka-uvijek-ispred-nas-bude-nasa-zajednica\/\" \/>\n<meta property=\"og:locale\" content=\"bs_BA\" \/>\n<meta property=\"og:type\" content=\"article\" \/>\n<meta property=\"og:title\" content=\"Prva ramazanska hutba reisa Huseina ef. Kavazovi\u0107a: Neka uvijek ispred nas bude na\u0161a Zajednica\" \/>\n<meta property=\"og:description\" content=\"Danas je reisu-l-ulema Islamske zajednice u Bosni i Hercegovini Husein ef. Kavazovi\u0107 u Begovoj d\u017eamiji odr\u017eao prvu ramazansku hutbu. U nastavku prenosimo hutbu u cijelosti: \u2013 Hvala Allahu. Njemu se zahvaljujemo, od Njega pomo\u0107 i oprost tra\u017eimo. Njemu se utje\u010demo od poroka i ru\u017enih djela na\u0161ih. Onoga koga Allah na pravi put uputi \u2013 niko [&hellip;]\" \/>\n<meta property=\"og:url\" content=\"https:\/\/sandzakpress.net\/arhiva\/prva-ramazanska-hutba-reisa-huseina-ef-kavazovica-neka-uvijek-ispred-nas-bude-nasa-zajednica\/\" \/>\n<meta property=\"og:site_name\" content=\"Sand\u017eak PRESS\" \/>\n<meta property=\"article:published_time\" content=\"2017-06-03T14:00:50+00:00\" \/>\n<meta property=\"og:image\" content=\"https:\/\/sandzakpress.net\/arhiva\/wp-content\/uploads\/2017\/06\/reisu-l-ulema-hutba-begova-v-1.jpg\" \/>\n\t<meta property=\"og:image:width\" content=\"661\" \/>\n\t<meta property=\"og:image:height\" content=\"357\" \/>\n\t<meta property=\"og:image:type\" content=\"image\/jpeg\" \/>\n<meta name=\"author\" content=\"bosniak\" \/>\n<meta name=\"twitter:card\" content=\"summary_large_image\" \/>\n<meta name=\"twitter:label1\" content=\"Written by\" \/>\n\t<meta name=\"twitter:data1\" content=\"bosniak\" \/>\n\t<meta name=\"twitter:label2\" content=\"Est. reading time\" \/>\n\t<meta name=\"twitter:data2\" content=\"8 minuta\" \/>\n<script type=\"application\/ld+json\" class=\"yoast-schema-graph\">{\"@context\":\"https:\/\/schema.org\",\"@graph\":[{\"@type\":\"Article\",\"@id\":\"https:\/\/sandzakpress.net\/arhiva\/prva-ramazanska-hutba-reisa-huseina-ef-kavazovica-neka-uvijek-ispred-nas-bude-nasa-zajednica\/#article\",\"isPartOf\":{\"@id\":\"https:\/\/sandzakpress.net\/arhiva\/prva-ramazanska-hutba-reisa-huseina-ef-kavazovica-neka-uvijek-ispred-nas-bude-nasa-zajednica\/\"},\"author\":{\"name\":\"bosniak\",\"@id\":\"https:\/\/sandzakpress.net\/arhiva\/#\/schema\/person\/c8baee722073534b583ea7bdb2e36c02\"},\"headline\":\"Prva ramazanska hutba reisa Huseina ef. Kavazovi\u0107a: Neka uvijek ispred nas bude na\u0161a Zajednica\",\"datePublished\":\"2017-06-03T14:00:50+00:00\",\"mainEntityOfPage\":{\"@id\":\"https:\/\/sandzakpress.net\/arhiva\/prva-ramazanska-hutba-reisa-huseina-ef-kavazovica-neka-uvijek-ispred-nas-bude-nasa-zajednica\/\"},\"wordCount\":1544,\"commentCount\":0,\"publisher\":{\"@id\":\"https:\/\/sandzakpress.net\/arhiva\/#\/schema\/person\/6e72b67d6e51910a1117b3b483ba20bd\"},\"image\":{\"@id\":\"https:\/\/sandzakpress.net\/arhiva\/prva-ramazanska-hutba-reisa-huseina-ef-kavazovica-neka-uvijek-ispred-nas-bude-nasa-zajednica\/#primaryimage\"},\"thumbnailUrl\":\"https:\/\/sandzakpress.net\/arhiva\/wp-content\/uploads\/2017\/06\/reisu-l-ulema-hutba-begova-v-1.jpg\",\"keywords\":[\"Bosna i Hercegovina\"],\"articleSection\":[\"Bosna PRESS\"],\"inLanguage\":\"bs-BA\",\"potentialAction\":[{\"@type\":\"CommentAction\",\"name\":\"Comment\",\"target\":[\"https:\/\/sandzakpress.net\/arhiva\/prva-ramazanska-hutba-reisa-huseina-ef-kavazovica-neka-uvijek-ispred-nas-bude-nasa-zajednica\/#respond\"]}]},{\"@type\":\"WebPage\",\"@id\":\"https:\/\/sandzakpress.net\/arhiva\/prva-ramazanska-hutba-reisa-huseina-ef-kavazovica-neka-uvijek-ispred-nas-bude-nasa-zajednica\/\",\"url\":\"https:\/\/sandzakpress.net\/arhiva\/prva-ramazanska-hutba-reisa-huseina-ef-kavazovica-neka-uvijek-ispred-nas-bude-nasa-zajednica\/\",\"name\":\"Prva ramazanska hutba reisa Huseina ef. Kavazovi\u0107a: Neka uvijek ispred nas bude na\u0161a Zajednica\",\"isPartOf\":{\"@id\":\"https:\/\/sandzakpress.net\/arhiva\/#website\"},\"primaryImageOfPage\":{\"@id\":\"https:\/\/sandzakpress.net\/arhiva\/prva-ramazanska-hutba-reisa-huseina-ef-kavazovica-neka-uvijek-ispred-nas-bude-nasa-zajednica\/#primaryimage\"},\"image\":{\"@id\":\"https:\/\/sandzakpress.net\/arhiva\/prva-ramazanska-hutba-reisa-huseina-ef-kavazovica-neka-uvijek-ispred-nas-bude-nasa-zajednica\/#primaryimage\"},\"thumbnailUrl\":\"https:\/\/sandzakpress.net\/arhiva\/wp-content\/uploads\/2017\/06\/reisu-l-ulema-hutba-begova-v-1.jpg\",\"datePublished\":\"2017-06-03T14:00:50+00:00\",\"breadcrumb\":{\"@id\":\"https:\/\/sandzakpress.net\/arhiva\/prva-ramazanska-hutba-reisa-huseina-ef-kavazovica-neka-uvijek-ispred-nas-bude-nasa-zajednica\/#breadcrumb\"},\"inLanguage\":\"bs-BA\",\"potentialAction\":[{\"@type\":\"ReadAction\",\"target\":[\"https:\/\/sandzakpress.net\/arhiva\/prva-ramazanska-hutba-reisa-huseina-ef-kavazovica-neka-uvijek-ispred-nas-bude-nasa-zajednica\/\"]}]},{\"@type\":\"ImageObject\",\"inLanguage\":\"bs-BA\",\"@id\":\"https:\/\/sandzakpress.net\/arhiva\/prva-ramazanska-hutba-reisa-huseina-ef-kavazovica-neka-uvijek-ispred-nas-bude-nasa-zajednica\/#primaryimage\",\"url\":\"https:\/\/sandzakpress.net\/arhiva\/wp-content\/uploads\/2017\/06\/reisu-l-ulema-hutba-begova-v-1.jpg\",\"contentUrl\":\"https:\/\/sandzakpress.net\/arhiva\/wp-content\/uploads\/2017\/06\/reisu-l-ulema-hutba-begova-v-1.jpg\",\"width\":661,\"height\":357},{\"@type\":\"BreadcrumbList\",\"@id\":\"https:\/\/sandzakpress.net\/arhiva\/prva-ramazanska-hutba-reisa-huseina-ef-kavazovica-neka-uvijek-ispred-nas-bude-nasa-zajednica\/#breadcrumb\",\"itemListElement\":[{\"@type\":\"ListItem\",\"position\":1,\"name\":\"Home\",\"item\":\"https:\/\/sandzakpress.net\/arhiva\/\"},{\"@type\":\"ListItem\",\"position\":2,\"name\":\"Prva ramazanska hutba reisa Huseina ef. Kavazovi\u0107a: Neka uvijek ispred nas bude na\u0161a Zajednica\"}]},{\"@type\":\"WebSite\",\"@id\":\"https:\/\/sandzakpress.net\/arhiva\/#website\",\"url\":\"https:\/\/sandzakpress.net\/arhiva\/\",\"name\":\"Sand\u017eak PRESS\",\"description\":\"Prve elektronske novine u Sand\u017eaku\",\"publisher\":{\"@id\":\"https:\/\/sandzakpress.net\/arhiva\/#\/schema\/person\/6e72b67d6e51910a1117b3b483ba20bd\"},\"potentialAction\":[{\"@type\":\"SearchAction\",\"target\":{\"@type\":\"EntryPoint\",\"urlTemplate\":\"https:\/\/sandzakpress.net\/arhiva\/?s={search_term_string}\"},\"query-input\":{\"@type\":\"PropertyValueSpecification\",\"valueRequired\":true,\"valueName\":\"search_term_string\"}}],\"inLanguage\":\"bs-BA\"},{\"@type\":[\"Person\",\"Organization\"],\"@id\":\"https:\/\/sandzakpress.net\/arhiva\/#\/schema\/person\/6e72b67d6e51910a1117b3b483ba20bd\",\"name\":\"Kul\",\"image\":{\"@type\":\"ImageObject\",\"inLanguage\":\"bs-BA\",\"@id\":\"https:\/\/sandzakpress.net\/arhiva\/#\/schema\/person\/image\/\",\"url\":\"https:\/\/secure.gravatar.com\/avatar\/42263f39aa27ac04c43cab85c280eb2e?s=96&d=mm&r=pg\",\"contentUrl\":\"https:\/\/secure.gravatar.com\/avatar\/42263f39aa27ac04c43cab85c280eb2e?s=96&d=mm&r=pg\",\"caption\":\"Kul\"},\"logo\":{\"@id\":\"https:\/\/sandzakpress.net\/arhiva\/#\/schema\/person\/image\/\"}},{\"@type\":\"Person\",\"@id\":\"https:\/\/sandzakpress.net\/arhiva\/#\/schema\/person\/c8baee722073534b583ea7bdb2e36c02\",\"name\":\"bosniak\",\"image\":{\"@type\":\"ImageObject\",\"inLanguage\":\"bs-BA\",\"@id\":\"https:\/\/sandzakpress.net\/arhiva\/#\/schema\/person\/image\/\",\"url\":\"https:\/\/secure.gravatar.com\/avatar\/a04fd330bfe3a36a72a0ad4a6d89fca7?s=96&d=mm&r=pg\",\"contentUrl\":\"https:\/\/secure.gravatar.com\/avatar\/a04fd330bfe3a36a72a0ad4a6d89fca7?s=96&d=mm&r=pg\",\"caption\":\"bosniak\"},\"url\":\"https:\/\/sandzakpress.net\/arhiva\/author\/bosniak\/\"}]}<\/script>\n<!-- \/ Yoast SEO Premium plugin. -->","yoast_head_json":{"title":"Prva ramazanska hutba reisa Huseina ef. Kavazovi\u0107a: Neka uvijek ispred nas bude na\u0161a Zajednica","robots":{"index":"index","follow":"follow","max-snippet":"max-snippet:-1","max-image-preview":"max-image-preview:large","max-video-preview":"max-video-preview:-1"},"canonical":"https:\/\/sandzakpress.net\/arhiva\/prva-ramazanska-hutba-reisa-huseina-ef-kavazovica-neka-uvijek-ispred-nas-bude-nasa-zajednica\/","og_locale":"bs_BA","og_type":"article","og_title":"Prva ramazanska hutba reisa Huseina ef. Kavazovi\u0107a: Neka uvijek ispred nas bude na\u0161a Zajednica","og_description":"Danas je reisu-l-ulema Islamske zajednice u Bosni i Hercegovini Husein ef. Kavazovi\u0107 u Begovoj d\u017eamiji odr\u017eao prvu ramazansku hutbu. U nastavku prenosimo hutbu u cijelosti: \u2013 Hvala Allahu. Njemu se zahvaljujemo, od Njega pomo\u0107 i oprost tra\u017eimo. Njemu se utje\u010demo od poroka i ru\u017enih djela na\u0161ih. Onoga koga Allah na pravi put uputi \u2013 niko [&hellip;]","og_url":"https:\/\/sandzakpress.net\/arhiva\/prva-ramazanska-hutba-reisa-huseina-ef-kavazovica-neka-uvijek-ispred-nas-bude-nasa-zajednica\/","og_site_name":"Sand\u017eak PRESS","article_published_time":"2017-06-03T14:00:50+00:00","og_image":[{"width":661,"height":357,"url":"https:\/\/sandzakpress.net\/arhiva\/wp-content\/uploads\/2017\/06\/reisu-l-ulema-hutba-begova-v-1.jpg","type":"image\/jpeg"}],"author":"bosniak","twitter_card":"summary_large_image","twitter_misc":{"Written by":"bosniak","Est. reading time":"8 minuta"},"schema":{"@context":"https:\/\/schema.org","@graph":[{"@type":"Article","@id":"https:\/\/sandzakpress.net\/arhiva\/prva-ramazanska-hutba-reisa-huseina-ef-kavazovica-neka-uvijek-ispred-nas-bude-nasa-zajednica\/#article","isPartOf":{"@id":"https:\/\/sandzakpress.net\/arhiva\/prva-ramazanska-hutba-reisa-huseina-ef-kavazovica-neka-uvijek-ispred-nas-bude-nasa-zajednica\/"},"author":{"name":"bosniak","@id":"https:\/\/sandzakpress.net\/arhiva\/#\/schema\/person\/c8baee722073534b583ea7bdb2e36c02"},"headline":"Prva ramazanska hutba reisa Huseina ef. Kavazovi\u0107a: Neka uvijek ispred nas bude na\u0161a Zajednica","datePublished":"2017-06-03T14:00:50+00:00","mainEntityOfPage":{"@id":"https:\/\/sandzakpress.net\/arhiva\/prva-ramazanska-hutba-reisa-huseina-ef-kavazovica-neka-uvijek-ispred-nas-bude-nasa-zajednica\/"},"wordCount":1544,"commentCount":0,"publisher":{"@id":"https:\/\/sandzakpress.net\/arhiva\/#\/schema\/person\/6e72b67d6e51910a1117b3b483ba20bd"},"image":{"@id":"https:\/\/sandzakpress.net\/arhiva\/prva-ramazanska-hutba-reisa-huseina-ef-kavazovica-neka-uvijek-ispred-nas-bude-nasa-zajednica\/#primaryimage"},"thumbnailUrl":"https:\/\/sandzakpress.net\/arhiva\/wp-content\/uploads\/2017\/06\/reisu-l-ulema-hutba-begova-v-1.jpg","keywords":["Bosna i Hercegovina"],"articleSection":["Bosna PRESS"],"inLanguage":"bs-BA","potentialAction":[{"@type":"CommentAction","name":"Comment","target":["https:\/\/sandzakpress.net\/arhiva\/prva-ramazanska-hutba-reisa-huseina-ef-kavazovica-neka-uvijek-ispred-nas-bude-nasa-zajednica\/#respond"]}]},{"@type":"WebPage","@id":"https:\/\/sandzakpress.net\/arhiva\/prva-ramazanska-hutba-reisa-huseina-ef-kavazovica-neka-uvijek-ispred-nas-bude-nasa-zajednica\/","url":"https:\/\/sandzakpress.net\/arhiva\/prva-ramazanska-hutba-reisa-huseina-ef-kavazovica-neka-uvijek-ispred-nas-bude-nasa-zajednica\/","name":"Prva ramazanska hutba reisa Huseina ef. Kavazovi\u0107a: Neka uvijek ispred nas bude na\u0161a Zajednica","isPartOf":{"@id":"https:\/\/sandzakpress.net\/arhiva\/#website"},"primaryImageOfPage":{"@id":"https:\/\/sandzakpress.net\/arhiva\/prva-ramazanska-hutba-reisa-huseina-ef-kavazovica-neka-uvijek-ispred-nas-bude-nasa-zajednica\/#primaryimage"},"image":{"@id":"https:\/\/sandzakpress.net\/arhiva\/prva-ramazanska-hutba-reisa-huseina-ef-kavazovica-neka-uvijek-ispred-nas-bude-nasa-zajednica\/#primaryimage"},"thumbnailUrl":"https:\/\/sandzakpress.net\/arhiva\/wp-content\/uploads\/2017\/06\/reisu-l-ulema-hutba-begova-v-1.jpg","datePublished":"2017-06-03T14:00:50+00:00","breadcrumb":{"@id":"https:\/\/sandzakpress.net\/arhiva\/prva-ramazanska-hutba-reisa-huseina-ef-kavazovica-neka-uvijek-ispred-nas-bude-nasa-zajednica\/#breadcrumb"},"inLanguage":"bs-BA","potentialAction":[{"@type":"ReadAction","target":["https:\/\/sandzakpress.net\/arhiva\/prva-ramazanska-hutba-reisa-huseina-ef-kavazovica-neka-uvijek-ispred-nas-bude-nasa-zajednica\/"]}]},{"@type":"ImageObject","inLanguage":"bs-BA","@id":"https:\/\/sandzakpress.net\/arhiva\/prva-ramazanska-hutba-reisa-huseina-ef-kavazovica-neka-uvijek-ispred-nas-bude-nasa-zajednica\/#primaryimage","url":"https:\/\/sandzakpress.net\/arhiva\/wp-content\/uploads\/2017\/06\/reisu-l-ulema-hutba-begova-v-1.jpg","contentUrl":"https:\/\/sandzakpress.net\/arhiva\/wp-content\/uploads\/2017\/06\/reisu-l-ulema-hutba-begova-v-1.jpg","width":661,"height":357},{"@type":"BreadcrumbList","@id":"https:\/\/sandzakpress.net\/arhiva\/prva-ramazanska-hutba-reisa-huseina-ef-kavazovica-neka-uvijek-ispred-nas-bude-nasa-zajednica\/#breadcrumb","itemListElement":[{"@type":"ListItem","position":1,"name":"Home","item":"https:\/\/sandzakpress.net\/arhiva\/"},{"@type":"ListItem","position":2,"name":"Prva ramazanska hutba reisa Huseina ef. Kavazovi\u0107a: Neka uvijek ispred nas bude na\u0161a Zajednica"}]},{"@type":"WebSite","@id":"https:\/\/sandzakpress.net\/arhiva\/#website","url":"https:\/\/sandzakpress.net\/arhiva\/","name":"Sand\u017eak PRESS","description":"Prve elektronske novine u Sand\u017eaku","publisher":{"@id":"https:\/\/sandzakpress.net\/arhiva\/#\/schema\/person\/6e72b67d6e51910a1117b3b483ba20bd"},"potentialAction":[{"@type":"SearchAction","target":{"@type":"EntryPoint","urlTemplate":"https:\/\/sandzakpress.net\/arhiva\/?s={search_term_string}"},"query-input":{"@type":"PropertyValueSpecification","valueRequired":true,"valueName":"search_term_string"}}],"inLanguage":"bs-BA"},{"@type":["Person","Organization"],"@id":"https:\/\/sandzakpress.net\/arhiva\/#\/schema\/person\/6e72b67d6e51910a1117b3b483ba20bd","name":"Kul","image":{"@type":"ImageObject","inLanguage":"bs-BA","@id":"https:\/\/sandzakpress.net\/arhiva\/#\/schema\/person\/image\/","url":"https:\/\/secure.gravatar.com\/avatar\/42263f39aa27ac04c43cab85c280eb2e?s=96&d=mm&r=pg","contentUrl":"https:\/\/secure.gravatar.com\/avatar\/42263f39aa27ac04c43cab85c280eb2e?s=96&d=mm&r=pg","caption":"Kul"},"logo":{"@id":"https:\/\/sandzakpress.net\/arhiva\/#\/schema\/person\/image\/"}},{"@type":"Person","@id":"https:\/\/sandzakpress.net\/arhiva\/#\/schema\/person\/c8baee722073534b583ea7bdb2e36c02","name":"bosniak","image":{"@type":"ImageObject","inLanguage":"bs-BA","@id":"https:\/\/sandzakpress.net\/arhiva\/#\/schema\/person\/image\/","url":"https:\/\/secure.gravatar.com\/avatar\/a04fd330bfe3a36a72a0ad4a6d89fca7?s=96&d=mm&r=pg","contentUrl":"https:\/\/secure.gravatar.com\/avatar\/a04fd330bfe3a36a72a0ad4a6d89fca7?s=96&d=mm&r=pg","caption":"bosniak"},"url":"https:\/\/sandzakpress.net\/arhiva\/author\/bosniak\/"}]}},"_links":{"self":[{"href":"https:\/\/sandzakpress.net\/arhiva\/wp-json\/wp\/v2\/posts\/188163"}],"collection":[{"href":"https:\/\/sandzakpress.net\/arhiva\/wp-json\/wp\/v2\/posts"}],"about":[{"href":"https:\/\/sandzakpress.net\/arhiva\/wp-json\/wp\/v2\/types\/post"}],"author":[{"embeddable":true,"href":"https:\/\/sandzakpress.net\/arhiva\/wp-json\/wp\/v2\/users\/83"}],"replies":[{"embeddable":true,"href":"https:\/\/sandzakpress.net\/arhiva\/wp-json\/wp\/v2\/comments?post=188163"}],"version-history":[{"count":0,"href":"https:\/\/sandzakpress.net\/arhiva\/wp-json\/wp\/v2\/posts\/188163\/revisions"}],"wp:featuredmedia":[{"embeddable":true,"href":"https:\/\/sandzakpress.net\/arhiva\/wp-json\/wp\/v2\/media\/188165"}],"wp:attachment":[{"href":"https:\/\/sandzakpress.net\/arhiva\/wp-json\/wp\/v2\/media?parent=188163"}],"wp:term":[{"taxonomy":"category","embeddable":true,"href":"https:\/\/sandzakpress.net\/arhiva\/wp-json\/wp\/v2\/categories?post=188163"},{"taxonomy":"post_tag","embeddable":true,"href":"https:\/\/sandzakpress.net\/arhiva\/wp-json\/wp\/v2\/tags?post=188163"}],"curies":[{"name":"wp","href":"https:\/\/api.w.org\/{rel}","templated":true}]}}