{"id":187982,"date":"2017-05-30T20:12:51","date_gmt":"2017-05-30T18:12:51","guid":{"rendered":"https:\/\/sandzakpress.net\/arhiva\/?p=187982"},"modified":"2017-05-30T20:12:51","modified_gmt":"2017-05-30T18:12:51","slug":"ljajic-podlegao-pritisku-medija-i-oglasio-se-povodom-rusenja-dzamije-ovo-je-nesretan-slucaj","status":"publish","type":"post","link":"https:\/\/sandzakpress.net\/arhiva\/ljajic-podlegao-pritisku-medija-i-oglasio-se-povodom-rusenja-dzamije-ovo-je-nesretan-slucaj\/","title":{"rendered":"Ljaji\u0107 podlegao pritisku medija i oglasio se povodom ru\u0161enja d\u017eamije &#8211; &#8220;Ovo je nesretan slu\u010daj&#8221;"},"content":{"rendered":"<p>&nbsp;<\/p>\n<p><img decoding=\"async\" src=\"http:\/\/www.sandzaklive.rs\/images\/3\/Rasim-Ljaji%C4%87-1.jpg\" \/><\/p>\n<p><strong>Ministar trgovine, turizma i telekomunikacija Srbije, Rasim Ljaji\u0107 ocjenio je danas da je pro\u0161lonedeljno ru\u0161enje objekta Islamske zajednice u Zemun Polju uo\u010di muslimanskog praznika Ramazana, &#8220;nesre\u0107an slu\u010daj&#8221;.<\/strong><\/p>\n<p>Ljaji\u0107 je za Radio-televiziju Vojvodine (RTV) kazao da ne \u017eeli da tim povodom pravi politi\u010dke poene.<\/p>\n<p>&#8220;Mi smo kao stranka osudili ru\u0161enje, ali ne \u017eelim da pravim politi\u010dke poene. Svakodnevno smo u kontaktu s predstavnicima Islamske zajednice i nadle\u017enih institucija, ljudima treba obezbjediti adekvatan prostor za molitveni objekat u skladu sa zakonom. To se mo\u017ee uraditi ako ima dobre volje, a mislim da je ima&#8221;, rekao je Ljaji\u0107.<\/p>\n<p>Nadle\u017ene slu\u017ebe Op\u0161tine Zemun, uz prisustvo \u017dandarmerije i policije, sru\u0161ile su tokom no\u0107i izmedju \u010detvrtka i petka &#8220;bespravno podignuti&#8221; vjerski objekat Islamske zajednice u Zemun Polju.<\/p>\n<p><img decoding=\"async\" src=\"http:\/\/www.alo.rs\/resources\/images\/0000\/091\/946\/Tan2017-5-25_114726756_0_1000x0.jpg\" alt=\"Nelegalno izgra\u0111en objekat Islamske zajednice u Zemun polju\" \/><\/p>\n<p>(alo.rs)<\/p>\n","protected":false},"excerpt":{"rendered":"<p>&nbsp; Ministar trgovine, turizma i telekomunikacija Srbije, Rasim Ljaji\u0107 ocjenio je danas da je pro\u0161lonedeljno ru\u0161enje objekta Islamske zajednice u Zemun Polju uo\u010di muslimanskog praznika Ramazana, &#8220;nesre\u0107an slu\u010daj&#8221;. Ljaji\u0107 je za Radio-televiziju Vojvodine (RTV) kazao da ne \u017eeli da tim povodom pravi politi\u010dke poene. &#8220;Mi smo kao stranka osudili ru\u0161enje, ali ne \u017eelim da pravim [&hellip;]<\/p>\n","protected":false},"author":509,"featured_media":187983,"comment_status":"open","ping_status":"open","sticky":false,"template":"","format":"standard","meta":{"footnotes":""},"categories":[72,1,10307,8957,798],"tags":[],"class_list":{"0":"post-187982","1":"post","2":"type-post","3":"status-publish","4":"format-standard","5":"has-post-thumbnail","7":"category-novi-pazar","8":"category-politika","9":"category-srbija","10":"category-vijesti-dana","11":"category-teme"},"yoast_head":"<!-- This site is optimized with the Yoast SEO Premium plugin v23.1 (Yoast SEO v24.9) - https:\/\/yoast.com\/wordpress\/plugins\/seo\/ -->\n<title>Ljaji\u0107 podlegao pritisku medija i oglasio se povodom ru\u0161enja d\u017eamije - &quot;Ovo je nesretan slu\u010daj&quot;<\/title>\n<meta name=\"robots\" content=\"index, follow, max-snippet:-1, max-image-preview:large, max-video-preview:-1\" \/>\n<link rel=\"canonical\" href=\"https:\/\/sandzakpress.net\/arhiva\/ljajic-podlegao-pritisku-medija-i-oglasio-se-povodom-rusenja-dzamije-ovo-je-nesretan-slucaj\/\" \/>\n<meta property=\"og:locale\" content=\"bs_BA\" \/>\n<meta property=\"og:type\" content=\"article\" \/>\n<meta property=\"og:title\" content=\"Ljaji\u0107 podlegao pritisku medija i oglasio se povodom ru\u0161enja d\u017eamije - &quot;Ovo je nesretan slu\u010daj&quot;\" \/>\n<meta property=\"og:description\" content=\"&nbsp; Ministar trgovine, turizma i telekomunikacija Srbije, Rasim Ljaji\u0107 ocjenio je danas da je pro\u0161lonedeljno ru\u0161enje objekta Islamske zajednice u Zemun Polju uo\u010di muslimanskog praznika Ramazana, &#8220;nesre\u0107an slu\u010daj&#8221;. Ljaji\u0107 je za Radio-televiziju Vojvodine (RTV) kazao da ne \u017eeli da tim povodom pravi politi\u010dke poene. &#8220;Mi smo kao stranka osudili ru\u0161enje, ali ne \u017eelim da pravim [&hellip;]\" \/>\n<meta property=\"og:url\" content=\"https:\/\/sandzakpress.net\/arhiva\/ljajic-podlegao-pritisku-medija-i-oglasio-se-povodom-rusenja-dzamije-ovo-je-nesretan-slucaj\/\" \/>\n<meta property=\"og:site_name\" content=\"Sand\u017eak PRESS\" \/>\n<meta property=\"article:published_time\" content=\"2017-05-30T18:12:51+00:00\" \/>\n<meta property=\"og:image\" content=\"https:\/\/sandzakpress.net\/arhiva\/wp-content\/uploads\/2017\/05\/Rasim-Ljaji\u0107-1.jpg\" \/>\n\t<meta property=\"og:image:width\" content=\"640\" \/>\n\t<meta property=\"og:image:height\" content=\"428\" \/>\n\t<meta property=\"og:image:type\" content=\"image\/jpeg\" \/>\n<meta name=\"author\" content=\"Agencija\" \/>\n<meta name=\"twitter:card\" content=\"summary_large_image\" \/>\n<meta name=\"twitter:label1\" content=\"Written by\" \/>\n\t<meta name=\"twitter:data1\" content=\"Agencija\" \/>\n\t<meta name=\"twitter:label2\" content=\"Est. reading time\" \/>\n\t<meta name=\"twitter:data2\" content=\"1 minuta\" \/>\n<script type=\"application\/ld+json\" class=\"yoast-schema-graph\">{\"@context\":\"https:\/\/schema.org\",\"@graph\":[{\"@type\":\"Article\",\"@id\":\"https:\/\/sandzakpress.net\/arhiva\/ljajic-podlegao-pritisku-medija-i-oglasio-se-povodom-rusenja-dzamije-ovo-je-nesretan-slucaj\/#article\",\"isPartOf\":{\"@id\":\"https:\/\/sandzakpress.net\/arhiva\/ljajic-podlegao-pritisku-medija-i-oglasio-se-povodom-rusenja-dzamije-ovo-je-nesretan-slucaj\/\"},\"author\":{\"name\":\"Agencija\",\"@id\":\"https:\/\/sandzakpress.net\/arhiva\/#\/schema\/person\/cb59d7e3ab91ab90dd680ad0305a6185\"},\"headline\":\"Ljaji\u0107 podlegao pritisku medija i oglasio se povodom ru\u0161enja d\u017eamije &#8211; &#8220;Ovo je nesretan slu\u010daj&#8221;\",\"datePublished\":\"2017-05-30T18:12:51+00:00\",\"mainEntityOfPage\":{\"@id\":\"https:\/\/sandzakpress.net\/arhiva\/ljajic-podlegao-pritisku-medija-i-oglasio-se-povodom-rusenja-dzamije-ovo-je-nesretan-slucaj\/\"},\"wordCount\":157,\"commentCount\":20,\"publisher\":{\"@id\":\"https:\/\/sandzakpress.net\/arhiva\/#\/schema\/person\/6e72b67d6e51910a1117b3b483ba20bd\"},\"image\":{\"@id\":\"https:\/\/sandzakpress.net\/arhiva\/ljajic-podlegao-pritisku-medija-i-oglasio-se-povodom-rusenja-dzamije-ovo-je-nesretan-slucaj\/#primaryimage\"},\"thumbnailUrl\":\"https:\/\/sandzakpress.net\/arhiva\/wp-content\/uploads\/2017\/05\/Rasim-Ljaji\u0107-1.jpg\",\"articleSection\":[\"Novi Pazar\",\"Politika\",\"Srbija\",\"VIJESTI DANA\",\"NAJNOVIJE\"],\"inLanguage\":\"bs-BA\",\"potentialAction\":[{\"@type\":\"CommentAction\",\"name\":\"Comment\",\"target\":[\"https:\/\/sandzakpress.net\/arhiva\/ljajic-podlegao-pritisku-medija-i-oglasio-se-povodom-rusenja-dzamije-ovo-je-nesretan-slucaj\/#respond\"]}]},{\"@type\":\"WebPage\",\"@id\":\"https:\/\/sandzakpress.net\/arhiva\/ljajic-podlegao-pritisku-medija-i-oglasio-se-povodom-rusenja-dzamije-ovo-je-nesretan-slucaj\/\",\"url\":\"https:\/\/sandzakpress.net\/arhiva\/ljajic-podlegao-pritisku-medija-i-oglasio-se-povodom-rusenja-dzamije-ovo-je-nesretan-slucaj\/\",\"name\":\"Ljaji\u0107 podlegao pritisku medija i oglasio se povodom ru\u0161enja d\u017eamije - \\\"Ovo je nesretan slu\u010daj\\\"\",\"isPartOf\":{\"@id\":\"https:\/\/sandzakpress.net\/arhiva\/#website\"},\"primaryImageOfPage\":{\"@id\":\"https:\/\/sandzakpress.net\/arhiva\/ljajic-podlegao-pritisku-medija-i-oglasio-se-povodom-rusenja-dzamije-ovo-je-nesretan-slucaj\/#primaryimage\"},\"image\":{\"@id\":\"https:\/\/sandzakpress.net\/arhiva\/ljajic-podlegao-pritisku-medija-i-oglasio-se-povodom-rusenja-dzamije-ovo-je-nesretan-slucaj\/#primaryimage\"},\"thumbnailUrl\":\"https:\/\/sandzakpress.net\/arhiva\/wp-content\/uploads\/2017\/05\/Rasim-Ljaji\u0107-1.jpg\",\"datePublished\":\"2017-05-30T18:12:51+00:00\",\"breadcrumb\":{\"@id\":\"https:\/\/sandzakpress.net\/arhiva\/ljajic-podlegao-pritisku-medija-i-oglasio-se-povodom-rusenja-dzamije-ovo-je-nesretan-slucaj\/#breadcrumb\"},\"inLanguage\":\"bs-BA\",\"potentialAction\":[{\"@type\":\"ReadAction\",\"target\":[\"https:\/\/sandzakpress.net\/arhiva\/ljajic-podlegao-pritisku-medija-i-oglasio-se-povodom-rusenja-dzamije-ovo-je-nesretan-slucaj\/\"]}]},{\"@type\":\"ImageObject\",\"inLanguage\":\"bs-BA\",\"@id\":\"https:\/\/sandzakpress.net\/arhiva\/ljajic-podlegao-pritisku-medija-i-oglasio-se-povodom-rusenja-dzamije-ovo-je-nesretan-slucaj\/#primaryimage\",\"url\":\"https:\/\/sandzakpress.net\/arhiva\/wp-content\/uploads\/2017\/05\/Rasim-Ljaji\u0107-1.jpg\",\"contentUrl\":\"https:\/\/sandzakpress.net\/arhiva\/wp-content\/uploads\/2017\/05\/Rasim-Ljaji\u0107-1.jpg\",\"width\":640,\"height\":428},{\"@type\":\"BreadcrumbList\",\"@id\":\"https:\/\/sandzakpress.net\/arhiva\/ljajic-podlegao-pritisku-medija-i-oglasio-se-povodom-rusenja-dzamije-ovo-je-nesretan-slucaj\/#breadcrumb\",\"itemListElement\":[{\"@type\":\"ListItem\",\"position\":1,\"name\":\"Home\",\"item\":\"https:\/\/sandzakpress.net\/arhiva\/\"},{\"@type\":\"ListItem\",\"position\":2,\"name\":\"Ljaji\u0107 podlegao pritisku medija i oglasio se povodom ru\u0161enja d\u017eamije &#8211; &#8220;Ovo je nesretan slu\u010daj&#8221;\"}]},{\"@type\":\"WebSite\",\"@id\":\"https:\/\/sandzakpress.net\/arhiva\/#website\",\"url\":\"https:\/\/sandzakpress.net\/arhiva\/\",\"name\":\"Sand\u017eak PRESS\",\"description\":\"Prve elektronske novine u Sand\u017eaku\",\"publisher\":{\"@id\":\"https:\/\/sandzakpress.net\/arhiva\/#\/schema\/person\/6e72b67d6e51910a1117b3b483ba20bd\"},\"potentialAction\":[{\"@type\":\"SearchAction\",\"target\":{\"@type\":\"EntryPoint\",\"urlTemplate\":\"https:\/\/sandzakpress.net\/arhiva\/?s={search_term_string}\"},\"query-input\":{\"@type\":\"PropertyValueSpecification\",\"valueRequired\":true,\"valueName\":\"search_term_string\"}}],\"inLanguage\":\"bs-BA\"},{\"@type\":[\"Person\",\"Organization\"],\"@id\":\"https:\/\/sandzakpress.net\/arhiva\/#\/schema\/person\/6e72b67d6e51910a1117b3b483ba20bd\",\"name\":\"Kul\",\"image\":{\"@type\":\"ImageObject\",\"inLanguage\":\"bs-BA\",\"@id\":\"https:\/\/sandzakpress.net\/arhiva\/#\/schema\/person\/image\/\",\"url\":\"https:\/\/secure.gravatar.com\/avatar\/42263f39aa27ac04c43cab85c280eb2e?s=96&d=mm&r=pg\",\"contentUrl\":\"https:\/\/secure.gravatar.com\/avatar\/42263f39aa27ac04c43cab85c280eb2e?s=96&d=mm&r=pg\",\"caption\":\"Kul\"},\"logo\":{\"@id\":\"https:\/\/sandzakpress.net\/arhiva\/#\/schema\/person\/image\/\"}},{\"@type\":\"Person\",\"@id\":\"https:\/\/sandzakpress.net\/arhiva\/#\/schema\/person\/cb59d7e3ab91ab90dd680ad0305a6185\",\"name\":\"Agencija\",\"image\":{\"@type\":\"ImageObject\",\"inLanguage\":\"bs-BA\",\"@id\":\"https:\/\/sandzakpress.net\/arhiva\/#\/schema\/person\/image\/\",\"url\":\"https:\/\/secure.gravatar.com\/avatar\/4b7fafa80a22f0c2afe23966b3961fe0?s=96&d=mm&r=pg\",\"contentUrl\":\"https:\/\/secure.gravatar.com\/avatar\/4b7fafa80a22f0c2afe23966b3961fe0?s=96&d=mm&r=pg\",\"caption\":\"Agencija\"},\"url\":\"https:\/\/sandzakpress.net\/arhiva\/author\/agencija\/\"}]}<\/script>\n<!-- \/ Yoast SEO Premium plugin. -->","yoast_head_json":{"title":"Ljaji\u0107 podlegao pritisku medija i oglasio se povodom ru\u0161enja d\u017eamije - \"Ovo je nesretan slu\u010daj\"","robots":{"index":"index","follow":"follow","max-snippet":"max-snippet:-1","max-image-preview":"max-image-preview:large","max-video-preview":"max-video-preview:-1"},"canonical":"https:\/\/sandzakpress.net\/arhiva\/ljajic-podlegao-pritisku-medija-i-oglasio-se-povodom-rusenja-dzamije-ovo-je-nesretan-slucaj\/","og_locale":"bs_BA","og_type":"article","og_title":"Ljaji\u0107 podlegao pritisku medija i oglasio se povodom ru\u0161enja d\u017eamije - \"Ovo je nesretan slu\u010daj\"","og_description":"&nbsp; Ministar trgovine, turizma i telekomunikacija Srbije, Rasim Ljaji\u0107 ocjenio je danas da je pro\u0161lonedeljno ru\u0161enje objekta Islamske zajednice u Zemun Polju uo\u010di muslimanskog praznika Ramazana, &#8220;nesre\u0107an slu\u010daj&#8221;. Ljaji\u0107 je za Radio-televiziju Vojvodine (RTV) kazao da ne \u017eeli da tim povodom pravi politi\u010dke poene. &#8220;Mi smo kao stranka osudili ru\u0161enje, ali ne \u017eelim da pravim [&hellip;]","og_url":"https:\/\/sandzakpress.net\/arhiva\/ljajic-podlegao-pritisku-medija-i-oglasio-se-povodom-rusenja-dzamije-ovo-je-nesretan-slucaj\/","og_site_name":"Sand\u017eak PRESS","article_published_time":"2017-05-30T18:12:51+00:00","og_image":[{"width":640,"height":428,"url":"https:\/\/sandzakpress.net\/arhiva\/wp-content\/uploads\/2017\/05\/Rasim-Ljaji\u0107-1.jpg","type":"image\/jpeg"}],"author":"Agencija","twitter_card":"summary_large_image","twitter_misc":{"Written by":"Agencija","Est. reading time":"1 minuta"},"schema":{"@context":"https:\/\/schema.org","@graph":[{"@type":"Article","@id":"https:\/\/sandzakpress.net\/arhiva\/ljajic-podlegao-pritisku-medija-i-oglasio-se-povodom-rusenja-dzamije-ovo-je-nesretan-slucaj\/#article","isPartOf":{"@id":"https:\/\/sandzakpress.net\/arhiva\/ljajic-podlegao-pritisku-medija-i-oglasio-se-povodom-rusenja-dzamije-ovo-je-nesretan-slucaj\/"},"author":{"name":"Agencija","@id":"https:\/\/sandzakpress.net\/arhiva\/#\/schema\/person\/cb59d7e3ab91ab90dd680ad0305a6185"},"headline":"Ljaji\u0107 podlegao pritisku medija i oglasio se povodom ru\u0161enja d\u017eamije &#8211; &#8220;Ovo je nesretan slu\u010daj&#8221;","datePublished":"2017-05-30T18:12:51+00:00","mainEntityOfPage":{"@id":"https:\/\/sandzakpress.net\/arhiva\/ljajic-podlegao-pritisku-medija-i-oglasio-se-povodom-rusenja-dzamije-ovo-je-nesretan-slucaj\/"},"wordCount":157,"commentCount":20,"publisher":{"@id":"https:\/\/sandzakpress.net\/arhiva\/#\/schema\/person\/6e72b67d6e51910a1117b3b483ba20bd"},"image":{"@id":"https:\/\/sandzakpress.net\/arhiva\/ljajic-podlegao-pritisku-medija-i-oglasio-se-povodom-rusenja-dzamije-ovo-je-nesretan-slucaj\/#primaryimage"},"thumbnailUrl":"https:\/\/sandzakpress.net\/arhiva\/wp-content\/uploads\/2017\/05\/Rasim-Ljaji\u0107-1.jpg","articleSection":["Novi Pazar","Politika","Srbija","VIJESTI DANA","NAJNOVIJE"],"inLanguage":"bs-BA","potentialAction":[{"@type":"CommentAction","name":"Comment","target":["https:\/\/sandzakpress.net\/arhiva\/ljajic-podlegao-pritisku-medija-i-oglasio-se-povodom-rusenja-dzamije-ovo-je-nesretan-slucaj\/#respond"]}]},{"@type":"WebPage","@id":"https:\/\/sandzakpress.net\/arhiva\/ljajic-podlegao-pritisku-medija-i-oglasio-se-povodom-rusenja-dzamije-ovo-je-nesretan-slucaj\/","url":"https:\/\/sandzakpress.net\/arhiva\/ljajic-podlegao-pritisku-medija-i-oglasio-se-povodom-rusenja-dzamije-ovo-je-nesretan-slucaj\/","name":"Ljaji\u0107 podlegao pritisku medija i oglasio se povodom ru\u0161enja d\u017eamije - \"Ovo je nesretan slu\u010daj\"","isPartOf":{"@id":"https:\/\/sandzakpress.net\/arhiva\/#website"},"primaryImageOfPage":{"@id":"https:\/\/sandzakpress.net\/arhiva\/ljajic-podlegao-pritisku-medija-i-oglasio-se-povodom-rusenja-dzamije-ovo-je-nesretan-slucaj\/#primaryimage"},"image":{"@id":"https:\/\/sandzakpress.net\/arhiva\/ljajic-podlegao-pritisku-medija-i-oglasio-se-povodom-rusenja-dzamije-ovo-je-nesretan-slucaj\/#primaryimage"},"thumbnailUrl":"https:\/\/sandzakpress.net\/arhiva\/wp-content\/uploads\/2017\/05\/Rasim-Ljaji\u0107-1.jpg","datePublished":"2017-05-30T18:12:51+00:00","breadcrumb":{"@id":"https:\/\/sandzakpress.net\/arhiva\/ljajic-podlegao-pritisku-medija-i-oglasio-se-povodom-rusenja-dzamije-ovo-je-nesretan-slucaj\/#breadcrumb"},"inLanguage":"bs-BA","potentialAction":[{"@type":"ReadAction","target":["https:\/\/sandzakpress.net\/arhiva\/ljajic-podlegao-pritisku-medija-i-oglasio-se-povodom-rusenja-dzamije-ovo-je-nesretan-slucaj\/"]}]},{"@type":"ImageObject","inLanguage":"bs-BA","@id":"https:\/\/sandzakpress.net\/arhiva\/ljajic-podlegao-pritisku-medija-i-oglasio-se-povodom-rusenja-dzamije-ovo-je-nesretan-slucaj\/#primaryimage","url":"https:\/\/sandzakpress.net\/arhiva\/wp-content\/uploads\/2017\/05\/Rasim-Ljaji\u0107-1.jpg","contentUrl":"https:\/\/sandzakpress.net\/arhiva\/wp-content\/uploads\/2017\/05\/Rasim-Ljaji\u0107-1.jpg","width":640,"height":428},{"@type":"BreadcrumbList","@id":"https:\/\/sandzakpress.net\/arhiva\/ljajic-podlegao-pritisku-medija-i-oglasio-se-povodom-rusenja-dzamije-ovo-je-nesretan-slucaj\/#breadcrumb","itemListElement":[{"@type":"ListItem","position":1,"name":"Home","item":"https:\/\/sandzakpress.net\/arhiva\/"},{"@type":"ListItem","position":2,"name":"Ljaji\u0107 podlegao pritisku medija i oglasio se povodom ru\u0161enja d\u017eamije &#8211; &#8220;Ovo je nesretan slu\u010daj&#8221;"}]},{"@type":"WebSite","@id":"https:\/\/sandzakpress.net\/arhiva\/#website","url":"https:\/\/sandzakpress.net\/arhiva\/","name":"Sand\u017eak PRESS","description":"Prve elektronske novine u Sand\u017eaku","publisher":{"@id":"https:\/\/sandzakpress.net\/arhiva\/#\/schema\/person\/6e72b67d6e51910a1117b3b483ba20bd"},"potentialAction":[{"@type":"SearchAction","target":{"@type":"EntryPoint","urlTemplate":"https:\/\/sandzakpress.net\/arhiva\/?s={search_term_string}"},"query-input":{"@type":"PropertyValueSpecification","valueRequired":true,"valueName":"search_term_string"}}],"inLanguage":"bs-BA"},{"@type":["Person","Organization"],"@id":"https:\/\/sandzakpress.net\/arhiva\/#\/schema\/person\/6e72b67d6e51910a1117b3b483ba20bd","name":"Kul","image":{"@type":"ImageObject","inLanguage":"bs-BA","@id":"https:\/\/sandzakpress.net\/arhiva\/#\/schema\/person\/image\/","url":"https:\/\/secure.gravatar.com\/avatar\/42263f39aa27ac04c43cab85c280eb2e?s=96&d=mm&r=pg","contentUrl":"https:\/\/secure.gravatar.com\/avatar\/42263f39aa27ac04c43cab85c280eb2e?s=96&d=mm&r=pg","caption":"Kul"},"logo":{"@id":"https:\/\/sandzakpress.net\/arhiva\/#\/schema\/person\/image\/"}},{"@type":"Person","@id":"https:\/\/sandzakpress.net\/arhiva\/#\/schema\/person\/cb59d7e3ab91ab90dd680ad0305a6185","name":"Agencija","image":{"@type":"ImageObject","inLanguage":"bs-BA","@id":"https:\/\/sandzakpress.net\/arhiva\/#\/schema\/person\/image\/","url":"https:\/\/secure.gravatar.com\/avatar\/4b7fafa80a22f0c2afe23966b3961fe0?s=96&d=mm&r=pg","contentUrl":"https:\/\/secure.gravatar.com\/avatar\/4b7fafa80a22f0c2afe23966b3961fe0?s=96&d=mm&r=pg","caption":"Agencija"},"url":"https:\/\/sandzakpress.net\/arhiva\/author\/agencija\/"}]}},"_links":{"self":[{"href":"https:\/\/sandzakpress.net\/arhiva\/wp-json\/wp\/v2\/posts\/187982"}],"collection":[{"href":"https:\/\/sandzakpress.net\/arhiva\/wp-json\/wp\/v2\/posts"}],"about":[{"href":"https:\/\/sandzakpress.net\/arhiva\/wp-json\/wp\/v2\/types\/post"}],"author":[{"embeddable":true,"href":"https:\/\/sandzakpress.net\/arhiva\/wp-json\/wp\/v2\/users\/509"}],"replies":[{"embeddable":true,"href":"https:\/\/sandzakpress.net\/arhiva\/wp-json\/wp\/v2\/comments?post=187982"}],"version-history":[{"count":0,"href":"https:\/\/sandzakpress.net\/arhiva\/wp-json\/wp\/v2\/posts\/187982\/revisions"}],"wp:featuredmedia":[{"embeddable":true,"href":"https:\/\/sandzakpress.net\/arhiva\/wp-json\/wp\/v2\/media\/187983"}],"wp:attachment":[{"href":"https:\/\/sandzakpress.net\/arhiva\/wp-json\/wp\/v2\/media?parent=187982"}],"wp:term":[{"taxonomy":"category","embeddable":true,"href":"https:\/\/sandzakpress.net\/arhiva\/wp-json\/wp\/v2\/categories?post=187982"},{"taxonomy":"post_tag","embeddable":true,"href":"https:\/\/sandzakpress.net\/arhiva\/wp-json\/wp\/v2\/tags?post=187982"}],"curies":[{"name":"wp","href":"https:\/\/api.w.org\/{rel}","templated":true}]}}