{"id":187973,"date":"2017-05-30T15:24:00","date_gmt":"2017-05-30T13:24:00","guid":{"rendered":"https:\/\/sandzakpress.net\/arhiva\/zeljki-cvijanovic-vaznija-zakletva-vucica-nego-nsrs"},"modified":"2017-05-30T15:24:00","modified_gmt":"2017-05-30T13:24:00","slug":"zeljki-cvijanovic-vaznija-zakletva-vucica-nego-nsrs","status":"publish","type":"post","link":"https:\/\/sandzakpress.net\/arhiva\/zeljki-cvijanovic-vaznija-zakletva-vucica-nego-nsrs\/","title":{"rendered":"\u017deljki Cvijanovi\u0107 va\u017enija zakletva Vu\u010di\u0107a nego NSRS"},"content":{"rendered":"<p><span class=\"cb-itemprop\"><\/p>\n<p><img decoding=\"async\" src=\"http:\/\/static.ba.n1info.com\/Picture\/79373\/jpeg\/Sequence-01.Still004.jpg\" alt=\"\u017deljki Cvijanovi\u0107 va\u017enija zakletva Vu\u010di\u0107a nego NSRS\" \/><\/p>\n<p class=\"story-lead\">Premijerka Republike Srpske \u017deljka Cvijanovi\u0107 potvrdila je da \u0107e sutra u Skup\u0161tini Srbije u Beogradu prisustvovati polaganju zakletve izabranog predsjednika Srbije Aleksandra Vu\u010di\u0107a, jer je \u201cto veoma va\u017ean doga\u0111aj\u201d.<\/p>\n<p>Cvijanovi\u0107 je kazala je da zato ne\u0107e prisustvovati sjednici Narodne skup\u0161tine Republike Srpske koja je sazvana na zahtjev opozicije kako bi se razmatrao prijedlog za izglasavanje nepovjerenja Vladi Republike Srpske.<\/p>\n<p>Zahtjev opozicije za smjenu njenog kabineta nazvala je politikanstvom.<\/p>\n<p>\u201c<strong>Bi\u0107u sutra u Beogradu, jer se u Skup\u0161tini Srbije de\u0161ava jedan veoma va\u017ean doga\u0111aj. Ne\u0107u biti u parlamentu Republike Srpske, jer je doga\u0111aj koji \u0107e se tu de\u0161avati, na\u017ealost, obi\u010dno politikanstvo. Izme\u0111u jednog izuzetno va\u017enog politi\u010dkog doga\u0111aja i jednog koji je vezan za politikantstvo, naravno da \u0107u biti na va\u017enom politi\u010dkom doga\u0111aju<\/strong>\u201c, rekla je premijerka Republike Srpske novinarima u Banjaluci.<\/p>\n<p>Predsjednik Republike Srpske Milorad Dodik prisustvova\u0107e sutra u Beogradu polaganju zakletve izabranog predsjednika Srbije Aleksandra Vu\u010di\u0107a, nakon \u010dega \u0107e otputovati u Rusiju, javili su mediji u Banjaluci.<\/p>\n<p>Dodik \u0107e, nakon sve\u010dane ceremonije u Skup\u0161tini Srbije, otputovati u Rusiju, gdje \u0107e prisustvovati forumu u Sankt Peterburgu koji se tradicionalno organizuje pod pokroviteljstvom predsjednika Rusije.<\/p>\n<p>I predsjednik Narodne skup\u0161tine Republike Srpske Nedeljko \u010cubrilovi\u0107 prisustvova\u0107e sutra u Beogradu posebnoj sjednici Skup\u0161tine Srbije na kojoj \u0107e predsjednik Srbije Aleksandar Vu\u010di\u0107 polo\u017eiti zakletvu, nakon \u0161to je na izborima 3. aprila izabran za novog predsjednika Srbije.<\/p>\n<p>(N1)<\/p>\n<p><\/span><br \/>\nPogledajte vijest na izvornom sajtu:<\/p>\n<p><a href=\"http:\/\/bosnapress.net\/zeljki-cvijanovic-vaznija-zakletva-vucica-nego-nsrs\/\" target=\"_blank\">\u017deljki Cvijanovi\u0107 va\u017enija zakletva Vu\u010di\u0107a nego NSRS<\/a><\/p>\n","protected":false},"excerpt":{"rendered":"<p>Premijerka Republike Srpske \u017deljka Cvijanovi\u0107 potvrdila je da \u0107e sutra u Skup\u0161tini Srbije u Beogradu prisustvovati polaganju zakletve izabranog predsjednika Srbije Aleksandra Vu\u010di\u0107a, jer je \u201cto veoma va\u017ean doga\u0111aj\u201d. Cvijanovi\u0107 je kazala je da zato ne\u0107e prisustvovati sjednici Narodne skup\u0161tine Republike Srpske koja je sazvana na zahtjev opozicije kako bi se razmatrao prijedlog za izglasavanje [&hellip;]<\/p>\n","protected":false},"author":83,"featured_media":187975,"comment_status":"open","ping_status":"open","sticky":false,"template":"","format":"standard","meta":{"footnotes":""},"categories":[10513],"tags":[10466],"class_list":{"0":"post-187973","1":"post","2":"type-post","3":"status-publish","4":"format-standard","5":"has-post-thumbnail","7":"category-bosna-press","8":"tag-bosna-i-hercegovina"},"yoast_head":"<!-- This site is optimized with the Yoast SEO Premium plugin v23.1 (Yoast SEO v24.9) - https:\/\/yoast.com\/wordpress\/plugins\/seo\/ -->\n<title>\u017deljki Cvijanovi\u0107 va\u017enija zakletva Vu\u010di\u0107a nego NSRS<\/title>\n<meta name=\"robots\" content=\"index, follow, max-snippet:-1, max-image-preview:large, max-video-preview:-1\" \/>\n<link rel=\"canonical\" href=\"https:\/\/sandzakpress.net\/arhiva\/zeljki-cvijanovic-vaznija-zakletva-vucica-nego-nsrs\/\" \/>\n<meta property=\"og:locale\" content=\"bs_BA\" \/>\n<meta property=\"og:type\" content=\"article\" \/>\n<meta property=\"og:title\" content=\"\u017deljki Cvijanovi\u0107 va\u017enija zakletva Vu\u010di\u0107a nego NSRS\" \/>\n<meta property=\"og:description\" content=\"Premijerka Republike Srpske \u017deljka Cvijanovi\u0107 potvrdila je da \u0107e sutra u Skup\u0161tini Srbije u Beogradu prisustvovati polaganju zakletve izabranog predsjednika Srbije Aleksandra Vu\u010di\u0107a, jer je \u201cto veoma va\u017ean doga\u0111aj\u201d. Cvijanovi\u0107 je kazala je da zato ne\u0107e prisustvovati sjednici Narodne skup\u0161tine Republike Srpske koja je sazvana na zahtjev opozicije kako bi se razmatrao prijedlog za izglasavanje [&hellip;]\" \/>\n<meta property=\"og:url\" content=\"https:\/\/sandzakpress.net\/arhiva\/zeljki-cvijanovic-vaznija-zakletva-vucica-nego-nsrs\/\" \/>\n<meta property=\"og:site_name\" content=\"Sand\u017eak PRESS\" \/>\n<meta property=\"article:published_time\" content=\"2017-05-30T13:24:00+00:00\" \/>\n<meta property=\"og:image\" content=\"https:\/\/sandzakpress.net\/arhiva\/wp-content\/uploads\/2017\/05\/Sequence-01.Still004-1.jpg\" \/>\n\t<meta property=\"og:image:width\" content=\"940\" \/>\n\t<meta property=\"og:image:height\" content=\"528\" \/>\n\t<meta property=\"og:image:type\" content=\"image\/jpeg\" \/>\n<meta name=\"author\" content=\"bosniak\" \/>\n<meta name=\"twitter:card\" content=\"summary_large_image\" \/>\n<meta name=\"twitter:label1\" content=\"Written by\" \/>\n\t<meta name=\"twitter:data1\" content=\"bosniak\" \/>\n\t<meta name=\"twitter:label2\" content=\"Est. reading time\" \/>\n\t<meta name=\"twitter:data2\" content=\"1 minuta\" \/>\n<script type=\"application\/ld+json\" class=\"yoast-schema-graph\">{\"@context\":\"https:\/\/schema.org\",\"@graph\":[{\"@type\":\"Article\",\"@id\":\"https:\/\/sandzakpress.net\/arhiva\/zeljki-cvijanovic-vaznija-zakletva-vucica-nego-nsrs\/#article\",\"isPartOf\":{\"@id\":\"https:\/\/sandzakpress.net\/arhiva\/zeljki-cvijanovic-vaznija-zakletva-vucica-nego-nsrs\/\"},\"author\":{\"name\":\"bosniak\",\"@id\":\"https:\/\/sandzakpress.net\/arhiva\/#\/schema\/person\/c8baee722073534b583ea7bdb2e36c02\"},\"headline\":\"\u017deljki Cvijanovi\u0107 va\u017enija zakletva Vu\u010di\u0107a nego NSRS\",\"datePublished\":\"2017-05-30T13:24:00+00:00\",\"mainEntityOfPage\":{\"@id\":\"https:\/\/sandzakpress.net\/arhiva\/zeljki-cvijanovic-vaznija-zakletva-vucica-nego-nsrs\/\"},\"wordCount\":277,\"commentCount\":0,\"publisher\":{\"@id\":\"https:\/\/sandzakpress.net\/arhiva\/#\/schema\/person\/6e72b67d6e51910a1117b3b483ba20bd\"},\"image\":{\"@id\":\"https:\/\/sandzakpress.net\/arhiva\/zeljki-cvijanovic-vaznija-zakletva-vucica-nego-nsrs\/#primaryimage\"},\"thumbnailUrl\":\"https:\/\/sandzakpress.net\/arhiva\/wp-content\/uploads\/2017\/05\/Sequence-01.Still004-1.jpg\",\"keywords\":[\"Bosna i Hercegovina\"],\"articleSection\":[\"Bosna PRESS\"],\"inLanguage\":\"bs-BA\",\"potentialAction\":[{\"@type\":\"CommentAction\",\"name\":\"Comment\",\"target\":[\"https:\/\/sandzakpress.net\/arhiva\/zeljki-cvijanovic-vaznija-zakletva-vucica-nego-nsrs\/#respond\"]}]},{\"@type\":\"WebPage\",\"@id\":\"https:\/\/sandzakpress.net\/arhiva\/zeljki-cvijanovic-vaznija-zakletva-vucica-nego-nsrs\/\",\"url\":\"https:\/\/sandzakpress.net\/arhiva\/zeljki-cvijanovic-vaznija-zakletva-vucica-nego-nsrs\/\",\"name\":\"\u017deljki Cvijanovi\u0107 va\u017enija zakletva Vu\u010di\u0107a nego NSRS\",\"isPartOf\":{\"@id\":\"https:\/\/sandzakpress.net\/arhiva\/#website\"},\"primaryImageOfPage\":{\"@id\":\"https:\/\/sandzakpress.net\/arhiva\/zeljki-cvijanovic-vaznija-zakletva-vucica-nego-nsrs\/#primaryimage\"},\"image\":{\"@id\":\"https:\/\/sandzakpress.net\/arhiva\/zeljki-cvijanovic-vaznija-zakletva-vucica-nego-nsrs\/#primaryimage\"},\"thumbnailUrl\":\"https:\/\/sandzakpress.net\/arhiva\/wp-content\/uploads\/2017\/05\/Sequence-01.Still004-1.jpg\",\"datePublished\":\"2017-05-30T13:24:00+00:00\",\"breadcrumb\":{\"@id\":\"https:\/\/sandzakpress.net\/arhiva\/zeljki-cvijanovic-vaznija-zakletva-vucica-nego-nsrs\/#breadcrumb\"},\"inLanguage\":\"bs-BA\",\"potentialAction\":[{\"@type\":\"ReadAction\",\"target\":[\"https:\/\/sandzakpress.net\/arhiva\/zeljki-cvijanovic-vaznija-zakletva-vucica-nego-nsrs\/\"]}]},{\"@type\":\"ImageObject\",\"inLanguage\":\"bs-BA\",\"@id\":\"https:\/\/sandzakpress.net\/arhiva\/zeljki-cvijanovic-vaznija-zakletva-vucica-nego-nsrs\/#primaryimage\",\"url\":\"https:\/\/sandzakpress.net\/arhiva\/wp-content\/uploads\/2017\/05\/Sequence-01.Still004-1.jpg\",\"contentUrl\":\"https:\/\/sandzakpress.net\/arhiva\/wp-content\/uploads\/2017\/05\/Sequence-01.Still004-1.jpg\",\"width\":940,\"height\":528},{\"@type\":\"BreadcrumbList\",\"@id\":\"https:\/\/sandzakpress.net\/arhiva\/zeljki-cvijanovic-vaznija-zakletva-vucica-nego-nsrs\/#breadcrumb\",\"itemListElement\":[{\"@type\":\"ListItem\",\"position\":1,\"name\":\"Home\",\"item\":\"https:\/\/sandzakpress.net\/arhiva\/\"},{\"@type\":\"ListItem\",\"position\":2,\"name\":\"\u017deljki Cvijanovi\u0107 va\u017enija zakletva Vu\u010di\u0107a nego NSRS\"}]},{\"@type\":\"WebSite\",\"@id\":\"https:\/\/sandzakpress.net\/arhiva\/#website\",\"url\":\"https:\/\/sandzakpress.net\/arhiva\/\",\"name\":\"Sand\u017eak PRESS\",\"description\":\"Prve elektronske novine u Sand\u017eaku\",\"publisher\":{\"@id\":\"https:\/\/sandzakpress.net\/arhiva\/#\/schema\/person\/6e72b67d6e51910a1117b3b483ba20bd\"},\"potentialAction\":[{\"@type\":\"SearchAction\",\"target\":{\"@type\":\"EntryPoint\",\"urlTemplate\":\"https:\/\/sandzakpress.net\/arhiva\/?s={search_term_string}\"},\"query-input\":{\"@type\":\"PropertyValueSpecification\",\"valueRequired\":true,\"valueName\":\"search_term_string\"}}],\"inLanguage\":\"bs-BA\"},{\"@type\":[\"Person\",\"Organization\"],\"@id\":\"https:\/\/sandzakpress.net\/arhiva\/#\/schema\/person\/6e72b67d6e51910a1117b3b483ba20bd\",\"name\":\"Kul\",\"image\":{\"@type\":\"ImageObject\",\"inLanguage\":\"bs-BA\",\"@id\":\"https:\/\/sandzakpress.net\/arhiva\/#\/schema\/person\/image\/\",\"url\":\"https:\/\/secure.gravatar.com\/avatar\/42263f39aa27ac04c43cab85c280eb2e?s=96&d=mm&r=pg\",\"contentUrl\":\"https:\/\/secure.gravatar.com\/avatar\/42263f39aa27ac04c43cab85c280eb2e?s=96&d=mm&r=pg\",\"caption\":\"Kul\"},\"logo\":{\"@id\":\"https:\/\/sandzakpress.net\/arhiva\/#\/schema\/person\/image\/\"}},{\"@type\":\"Person\",\"@id\":\"https:\/\/sandzakpress.net\/arhiva\/#\/schema\/person\/c8baee722073534b583ea7bdb2e36c02\",\"name\":\"bosniak\",\"image\":{\"@type\":\"ImageObject\",\"inLanguage\":\"bs-BA\",\"@id\":\"https:\/\/sandzakpress.net\/arhiva\/#\/schema\/person\/image\/\",\"url\":\"https:\/\/secure.gravatar.com\/avatar\/a04fd330bfe3a36a72a0ad4a6d89fca7?s=96&d=mm&r=pg\",\"contentUrl\":\"https:\/\/secure.gravatar.com\/avatar\/a04fd330bfe3a36a72a0ad4a6d89fca7?s=96&d=mm&r=pg\",\"caption\":\"bosniak\"},\"url\":\"https:\/\/sandzakpress.net\/arhiva\/author\/bosniak\/\"}]}<\/script>\n<!-- \/ Yoast SEO Premium plugin. -->","yoast_head_json":{"title":"\u017deljki Cvijanovi\u0107 va\u017enija zakletva Vu\u010di\u0107a nego NSRS","robots":{"index":"index","follow":"follow","max-snippet":"max-snippet:-1","max-image-preview":"max-image-preview:large","max-video-preview":"max-video-preview:-1"},"canonical":"https:\/\/sandzakpress.net\/arhiva\/zeljki-cvijanovic-vaznija-zakletva-vucica-nego-nsrs\/","og_locale":"bs_BA","og_type":"article","og_title":"\u017deljki Cvijanovi\u0107 va\u017enija zakletva Vu\u010di\u0107a nego NSRS","og_description":"Premijerka Republike Srpske \u017deljka Cvijanovi\u0107 potvrdila je da \u0107e sutra u Skup\u0161tini Srbije u Beogradu prisustvovati polaganju zakletve izabranog predsjednika Srbije Aleksandra Vu\u010di\u0107a, jer je \u201cto veoma va\u017ean doga\u0111aj\u201d. Cvijanovi\u0107 je kazala je da zato ne\u0107e prisustvovati sjednici Narodne skup\u0161tine Republike Srpske koja je sazvana na zahtjev opozicije kako bi se razmatrao prijedlog za izglasavanje [&hellip;]","og_url":"https:\/\/sandzakpress.net\/arhiva\/zeljki-cvijanovic-vaznija-zakletva-vucica-nego-nsrs\/","og_site_name":"Sand\u017eak PRESS","article_published_time":"2017-05-30T13:24:00+00:00","og_image":[{"width":940,"height":528,"url":"https:\/\/sandzakpress.net\/arhiva\/wp-content\/uploads\/2017\/05\/Sequence-01.Still004-1.jpg","type":"image\/jpeg"}],"author":"bosniak","twitter_card":"summary_large_image","twitter_misc":{"Written by":"bosniak","Est. reading time":"1 minuta"},"schema":{"@context":"https:\/\/schema.org","@graph":[{"@type":"Article","@id":"https:\/\/sandzakpress.net\/arhiva\/zeljki-cvijanovic-vaznija-zakletva-vucica-nego-nsrs\/#article","isPartOf":{"@id":"https:\/\/sandzakpress.net\/arhiva\/zeljki-cvijanovic-vaznija-zakletva-vucica-nego-nsrs\/"},"author":{"name":"bosniak","@id":"https:\/\/sandzakpress.net\/arhiva\/#\/schema\/person\/c8baee722073534b583ea7bdb2e36c02"},"headline":"\u017deljki Cvijanovi\u0107 va\u017enija zakletva Vu\u010di\u0107a nego NSRS","datePublished":"2017-05-30T13:24:00+00:00","mainEntityOfPage":{"@id":"https:\/\/sandzakpress.net\/arhiva\/zeljki-cvijanovic-vaznija-zakletva-vucica-nego-nsrs\/"},"wordCount":277,"commentCount":0,"publisher":{"@id":"https:\/\/sandzakpress.net\/arhiva\/#\/schema\/person\/6e72b67d6e51910a1117b3b483ba20bd"},"image":{"@id":"https:\/\/sandzakpress.net\/arhiva\/zeljki-cvijanovic-vaznija-zakletva-vucica-nego-nsrs\/#primaryimage"},"thumbnailUrl":"https:\/\/sandzakpress.net\/arhiva\/wp-content\/uploads\/2017\/05\/Sequence-01.Still004-1.jpg","keywords":["Bosna i Hercegovina"],"articleSection":["Bosna PRESS"],"inLanguage":"bs-BA","potentialAction":[{"@type":"CommentAction","name":"Comment","target":["https:\/\/sandzakpress.net\/arhiva\/zeljki-cvijanovic-vaznija-zakletva-vucica-nego-nsrs\/#respond"]}]},{"@type":"WebPage","@id":"https:\/\/sandzakpress.net\/arhiva\/zeljki-cvijanovic-vaznija-zakletva-vucica-nego-nsrs\/","url":"https:\/\/sandzakpress.net\/arhiva\/zeljki-cvijanovic-vaznija-zakletva-vucica-nego-nsrs\/","name":"\u017deljki Cvijanovi\u0107 va\u017enija zakletva Vu\u010di\u0107a nego NSRS","isPartOf":{"@id":"https:\/\/sandzakpress.net\/arhiva\/#website"},"primaryImageOfPage":{"@id":"https:\/\/sandzakpress.net\/arhiva\/zeljki-cvijanovic-vaznija-zakletva-vucica-nego-nsrs\/#primaryimage"},"image":{"@id":"https:\/\/sandzakpress.net\/arhiva\/zeljki-cvijanovic-vaznija-zakletva-vucica-nego-nsrs\/#primaryimage"},"thumbnailUrl":"https:\/\/sandzakpress.net\/arhiva\/wp-content\/uploads\/2017\/05\/Sequence-01.Still004-1.jpg","datePublished":"2017-05-30T13:24:00+00:00","breadcrumb":{"@id":"https:\/\/sandzakpress.net\/arhiva\/zeljki-cvijanovic-vaznija-zakletva-vucica-nego-nsrs\/#breadcrumb"},"inLanguage":"bs-BA","potentialAction":[{"@type":"ReadAction","target":["https:\/\/sandzakpress.net\/arhiva\/zeljki-cvijanovic-vaznija-zakletva-vucica-nego-nsrs\/"]}]},{"@type":"ImageObject","inLanguage":"bs-BA","@id":"https:\/\/sandzakpress.net\/arhiva\/zeljki-cvijanovic-vaznija-zakletva-vucica-nego-nsrs\/#primaryimage","url":"https:\/\/sandzakpress.net\/arhiva\/wp-content\/uploads\/2017\/05\/Sequence-01.Still004-1.jpg","contentUrl":"https:\/\/sandzakpress.net\/arhiva\/wp-content\/uploads\/2017\/05\/Sequence-01.Still004-1.jpg","width":940,"height":528},{"@type":"BreadcrumbList","@id":"https:\/\/sandzakpress.net\/arhiva\/zeljki-cvijanovic-vaznija-zakletva-vucica-nego-nsrs\/#breadcrumb","itemListElement":[{"@type":"ListItem","position":1,"name":"Home","item":"https:\/\/sandzakpress.net\/arhiva\/"},{"@type":"ListItem","position":2,"name":"\u017deljki Cvijanovi\u0107 va\u017enija zakletva Vu\u010di\u0107a nego NSRS"}]},{"@type":"WebSite","@id":"https:\/\/sandzakpress.net\/arhiva\/#website","url":"https:\/\/sandzakpress.net\/arhiva\/","name":"Sand\u017eak PRESS","description":"Prve elektronske novine u Sand\u017eaku","publisher":{"@id":"https:\/\/sandzakpress.net\/arhiva\/#\/schema\/person\/6e72b67d6e51910a1117b3b483ba20bd"},"potentialAction":[{"@type":"SearchAction","target":{"@type":"EntryPoint","urlTemplate":"https:\/\/sandzakpress.net\/arhiva\/?s={search_term_string}"},"query-input":{"@type":"PropertyValueSpecification","valueRequired":true,"valueName":"search_term_string"}}],"inLanguage":"bs-BA"},{"@type":["Person","Organization"],"@id":"https:\/\/sandzakpress.net\/arhiva\/#\/schema\/person\/6e72b67d6e51910a1117b3b483ba20bd","name":"Kul","image":{"@type":"ImageObject","inLanguage":"bs-BA","@id":"https:\/\/sandzakpress.net\/arhiva\/#\/schema\/person\/image\/","url":"https:\/\/secure.gravatar.com\/avatar\/42263f39aa27ac04c43cab85c280eb2e?s=96&d=mm&r=pg","contentUrl":"https:\/\/secure.gravatar.com\/avatar\/42263f39aa27ac04c43cab85c280eb2e?s=96&d=mm&r=pg","caption":"Kul"},"logo":{"@id":"https:\/\/sandzakpress.net\/arhiva\/#\/schema\/person\/image\/"}},{"@type":"Person","@id":"https:\/\/sandzakpress.net\/arhiva\/#\/schema\/person\/c8baee722073534b583ea7bdb2e36c02","name":"bosniak","image":{"@type":"ImageObject","inLanguage":"bs-BA","@id":"https:\/\/sandzakpress.net\/arhiva\/#\/schema\/person\/image\/","url":"https:\/\/secure.gravatar.com\/avatar\/a04fd330bfe3a36a72a0ad4a6d89fca7?s=96&d=mm&r=pg","contentUrl":"https:\/\/secure.gravatar.com\/avatar\/a04fd330bfe3a36a72a0ad4a6d89fca7?s=96&d=mm&r=pg","caption":"bosniak"},"url":"https:\/\/sandzakpress.net\/arhiva\/author\/bosniak\/"}]}},"_links":{"self":[{"href":"https:\/\/sandzakpress.net\/arhiva\/wp-json\/wp\/v2\/posts\/187973"}],"collection":[{"href":"https:\/\/sandzakpress.net\/arhiva\/wp-json\/wp\/v2\/posts"}],"about":[{"href":"https:\/\/sandzakpress.net\/arhiva\/wp-json\/wp\/v2\/types\/post"}],"author":[{"embeddable":true,"href":"https:\/\/sandzakpress.net\/arhiva\/wp-json\/wp\/v2\/users\/83"}],"replies":[{"embeddable":true,"href":"https:\/\/sandzakpress.net\/arhiva\/wp-json\/wp\/v2\/comments?post=187973"}],"version-history":[{"count":0,"href":"https:\/\/sandzakpress.net\/arhiva\/wp-json\/wp\/v2\/posts\/187973\/revisions"}],"wp:featuredmedia":[{"embeddable":true,"href":"https:\/\/sandzakpress.net\/arhiva\/wp-json\/wp\/v2\/media\/187975"}],"wp:attachment":[{"href":"https:\/\/sandzakpress.net\/arhiva\/wp-json\/wp\/v2\/media?parent=187973"}],"wp:term":[{"taxonomy":"category","embeddable":true,"href":"https:\/\/sandzakpress.net\/arhiva\/wp-json\/wp\/v2\/categories?post=187973"},{"taxonomy":"post_tag","embeddable":true,"href":"https:\/\/sandzakpress.net\/arhiva\/wp-json\/wp\/v2\/tags?post=187973"}],"curies":[{"name":"wp","href":"https:\/\/api.w.org\/{rel}","templated":true}]}}