{"id":187920,"date":"2017-05-30T13:20:54","date_gmt":"2017-05-30T11:20:54","guid":{"rendered":"https:\/\/sandzakpress.net\/arhiva\/?p=187920"},"modified":"2017-05-30T13:47:42","modified_gmt":"2017-05-30T11:47:42","slug":"vucic-htio-sam-da-razgovaram-kako-bi-se-rijesio-problem-muslimana-u-zemun-polju","status":"publish","type":"post","link":"https:\/\/sandzakpress.net\/arhiva\/vucic-htio-sam-da-razgovaram-kako-bi-se-rijesio-problem-muslimana-u-zemun-polju\/","title":{"rendered":"Vu\u010di\u0107: Htio sam da razgovaram kako bi se rije\u0161io problem muslimana u Zemun Polju"},"content":{"rendered":"<p class=\"description\"><img loading=\"lazy\" decoding=\"async\" class=\"size-full wp-image-187922 aligncenter\" src=\"https:\/\/sandzakpress.net\/arhiva\/wp-content\/uploads\/2017\/05\/dzamija-zemun-polje-vucic-rusenje.jpg\" alt=\"\" width=\"800\" height=\"470\" srcset=\"https:\/\/sandzakpress.net\/arhiva\/wp-content\/uploads\/2017\/05\/dzamija-zemun-polje-vucic-rusenje.jpg 800w, https:\/\/sandzakpress.net\/arhiva\/wp-content\/uploads\/2017\/05\/dzamija-zemun-polje-vucic-rusenje-768x451.jpg 768w, https:\/\/sandzakpress.net\/arhiva\/wp-content\/uploads\/2017\/05\/dzamija-zemun-polje-vucic-rusenje-616x362.jpg 616w\" sizes=\"(max-width: 800px) 100vw, 800px\" \/><\/p>\n<p class=\"description\"><strong>Odlaze\u0107i premijer Aleksandar Vu\u010di\u0107 rekao je sino\u0107 da je spreman da razgovara kako bi se rije\u0161io problem muslimanskih vjernika u Zemun Polju, kojima je sru\u0161ena d\u017eamija\u00a0u izgradnji, ali da ne\u0107e razgovarati sa ucjenjiva\u010dima.<\/strong><\/p>\n<p>&#8220;Bio sam obavije\u0161ten o poku\u0161aju ru\u0161enja, jer me je u 4:40 ujutro zvala moja savjetnica, po\u0161to je nju zvao ambasador jedne strane zemlje vr\u0161e\u0107i pritisak da se ne sprovodi zakon. Potom me je zvao i drugi ambasador sa istim zahtjevom. Ima tu la\u017enog morala&#8221;, kazao je Vu\u010di\u0107 u emisiji na televiziji Pink.<\/p>\n<p>Prenio je da su najprije gra\u0111ani pojavili na protestima, htjeli da lin\u010duju, jer, navodno, Vu\u010di\u0107 dozvoljava da se bespravno zida d\u017eamija.<\/p>\n<p>Naveo je da mu je re\u010deno da se ne zida d\u017eamija, ali da se ustanovilo da je ipak bila namjera da se ona izgradi.<\/p>\n<p>&#8220;Godinu dana traje ta pri\u010da. Ho\u0107e da prave med\u017elis, d\u017eemat ili d\u017eamiju. Kada su sazidali do drugog sprata, kada su do\u0161li da ru\u0161e, zvali su me i tra\u017eili da se ne ru\u0161i uz obe\u0107anje da ne\u0107e dalje graditi. Zvao sam predsjednika op\u0161tine kako bi se vidjelo \u0161ta mo\u017ee da se u\u010dini&#8221;, prenio je Vu\u010di\u0107.<\/p>\n<p>Kazao je da su iz vjernici rekli da ne\u0107e nastaviti gradnju, ali su pogazili obe\u0107anje.<\/p>\n<p>&#8220;Nastavili su da rade suprotno zakonu i svojoj rije\u010di, dovode\u0107i u veliku opasnost, zajedno sa nekim politi\u010darima i medijima, crtali su metu nekima samo zato \u0161to su po\u0161tovali zakon&#8221;, istakao je Vu\u010di\u0107.<\/p>\n<p>Rekao je da je kao predsjednik uvijek spreman da za\u0161titi sve muslimane i pripadnike svih vjeroispovjesti.<\/p>\n<p>Gra\u0111ani, prema njegovim rije\u010dima, ne smiju da se dijele po nacionalnoj, vjerskoj pripadnosti, ve\u0107 po tome ko je odgovoran, vrijedan i ko \u017eeli dobro zemlji.<\/p>\n<p>(Mondo)<\/p>\n","protected":false},"excerpt":{"rendered":"<p>Odlaze\u0107i premijer Aleksandar Vu\u010di\u0107 rekao je sino\u0107 da je spreman da razgovara kako bi se rije\u0161io problem muslimanskih vjernika u Zemun Polju, kojima je sru\u0161ena d\u017eamija\u00a0u izgradnji, ali da ne\u0107e razgovarati sa ucjenjiva\u010dima. &#8220;Bio sam obavije\u0161ten o poku\u0161aju ru\u0161enja, jer me je u 4:40 ujutro zvala moja savjetnica, po\u0161to je nju zvao ambasador jedne strane [&hellip;]<\/p>\n","protected":false},"author":509,"featured_media":187922,"comment_status":"open","ping_status":"open","sticky":false,"template":"","format":"standard","meta":{"footnotes":""},"categories":[1,10307,8957],"tags":[],"class_list":{"0":"post-187920","1":"post","2":"type-post","3":"status-publish","4":"format-standard","5":"has-post-thumbnail","7":"category-politika","8":"category-srbija","9":"category-vijesti-dana"},"yoast_head":"<!-- This site is optimized with the Yoast SEO Premium plugin v23.1 (Yoast SEO v24.9) - https:\/\/yoast.com\/wordpress\/plugins\/seo\/ -->\n<title>Vu\u010di\u0107: Htio sam da razgovaram kako bi se rije\u0161io problem muslimana u Zemun Polju<\/title>\n<meta name=\"robots\" content=\"index, follow, max-snippet:-1, max-image-preview:large, max-video-preview:-1\" \/>\n<link rel=\"canonical\" href=\"https:\/\/sandzakpress.net\/arhiva\/vucic-htio-sam-da-razgovaram-kako-bi-se-rijesio-problem-muslimana-u-zemun-polju\/\" \/>\n<meta property=\"og:locale\" content=\"bs_BA\" \/>\n<meta property=\"og:type\" content=\"article\" \/>\n<meta property=\"og:title\" content=\"Vu\u010di\u0107: Htio sam da razgovaram kako bi se rije\u0161io problem muslimana u Zemun Polju\" \/>\n<meta property=\"og:description\" content=\"Odlaze\u0107i premijer Aleksandar Vu\u010di\u0107 rekao je sino\u0107 da je spreman da razgovara kako bi se rije\u0161io problem muslimanskih vjernika u Zemun Polju, kojima je sru\u0161ena d\u017eamija\u00a0u izgradnji, ali da ne\u0107e razgovarati sa ucjenjiva\u010dima. &#8220;Bio sam obavije\u0161ten o poku\u0161aju ru\u0161enja, jer me je u 4:40 ujutro zvala moja savjetnica, po\u0161to je nju zvao ambasador jedne strane [&hellip;]\" \/>\n<meta property=\"og:url\" content=\"https:\/\/sandzakpress.net\/arhiva\/vucic-htio-sam-da-razgovaram-kako-bi-se-rijesio-problem-muslimana-u-zemun-polju\/\" \/>\n<meta property=\"og:site_name\" content=\"Sand\u017eak PRESS\" \/>\n<meta property=\"article:published_time\" content=\"2017-05-30T11:20:54+00:00\" \/>\n<meta property=\"article:modified_time\" content=\"2017-05-30T11:47:42+00:00\" \/>\n<meta property=\"og:image\" content=\"https:\/\/sandzakpress.net\/arhiva\/wp-content\/uploads\/2017\/05\/dzamija-zemun-polje-vucic-rusenje.jpg\" \/>\n\t<meta property=\"og:image:width\" content=\"800\" \/>\n\t<meta property=\"og:image:height\" content=\"470\" \/>\n\t<meta property=\"og:image:type\" content=\"image\/jpeg\" \/>\n<meta name=\"author\" content=\"Agencija\" \/>\n<meta name=\"twitter:card\" content=\"summary_large_image\" \/>\n<meta name=\"twitter:label1\" content=\"Written by\" \/>\n\t<meta name=\"twitter:data1\" content=\"Agencija\" \/>\n\t<meta name=\"twitter:label2\" content=\"Est. reading time\" \/>\n\t<meta name=\"twitter:data2\" content=\"2 minute\" \/>\n<script type=\"application\/ld+json\" class=\"yoast-schema-graph\">{\"@context\":\"https:\/\/schema.org\",\"@graph\":[{\"@type\":\"Article\",\"@id\":\"https:\/\/sandzakpress.net\/arhiva\/vucic-htio-sam-da-razgovaram-kako-bi-se-rijesio-problem-muslimana-u-zemun-polju\/#article\",\"isPartOf\":{\"@id\":\"https:\/\/sandzakpress.net\/arhiva\/vucic-htio-sam-da-razgovaram-kako-bi-se-rijesio-problem-muslimana-u-zemun-polju\/\"},\"author\":{\"name\":\"Agencija\",\"@id\":\"https:\/\/sandzakpress.net\/arhiva\/#\/schema\/person\/cb59d7e3ab91ab90dd680ad0305a6185\"},\"headline\":\"Vu\u010di\u0107: Htio sam da razgovaram kako bi se rije\u0161io problem muslimana u Zemun Polju\",\"datePublished\":\"2017-05-30T11:20:54+00:00\",\"dateModified\":\"2017-05-30T11:47:42+00:00\",\"mainEntityOfPage\":{\"@id\":\"https:\/\/sandzakpress.net\/arhiva\/vucic-htio-sam-da-razgovaram-kako-bi-se-rijesio-problem-muslimana-u-zemun-polju\/\"},\"wordCount\":335,\"commentCount\":23,\"publisher\":{\"@id\":\"https:\/\/sandzakpress.net\/arhiva\/#\/schema\/person\/6e72b67d6e51910a1117b3b483ba20bd\"},\"image\":{\"@id\":\"https:\/\/sandzakpress.net\/arhiva\/vucic-htio-sam-da-razgovaram-kako-bi-se-rijesio-problem-muslimana-u-zemun-polju\/#primaryimage\"},\"thumbnailUrl\":\"https:\/\/sandzakpress.net\/arhiva\/wp-content\/uploads\/2017\/05\/dzamija-zemun-polje-vucic-rusenje.jpg\",\"articleSection\":[\"Politika\",\"Srbija\",\"VIJESTI DANA\"],\"inLanguage\":\"bs-BA\",\"potentialAction\":[{\"@type\":\"CommentAction\",\"name\":\"Comment\",\"target\":[\"https:\/\/sandzakpress.net\/arhiva\/vucic-htio-sam-da-razgovaram-kako-bi-se-rijesio-problem-muslimana-u-zemun-polju\/#respond\"]}]},{\"@type\":\"WebPage\",\"@id\":\"https:\/\/sandzakpress.net\/arhiva\/vucic-htio-sam-da-razgovaram-kako-bi-se-rijesio-problem-muslimana-u-zemun-polju\/\",\"url\":\"https:\/\/sandzakpress.net\/arhiva\/vucic-htio-sam-da-razgovaram-kako-bi-se-rijesio-problem-muslimana-u-zemun-polju\/\",\"name\":\"Vu\u010di\u0107: Htio sam da razgovaram kako bi se rije\u0161io problem muslimana u Zemun Polju\",\"isPartOf\":{\"@id\":\"https:\/\/sandzakpress.net\/arhiva\/#website\"},\"primaryImageOfPage\":{\"@id\":\"https:\/\/sandzakpress.net\/arhiva\/vucic-htio-sam-da-razgovaram-kako-bi-se-rijesio-problem-muslimana-u-zemun-polju\/#primaryimage\"},\"image\":{\"@id\":\"https:\/\/sandzakpress.net\/arhiva\/vucic-htio-sam-da-razgovaram-kako-bi-se-rijesio-problem-muslimana-u-zemun-polju\/#primaryimage\"},\"thumbnailUrl\":\"https:\/\/sandzakpress.net\/arhiva\/wp-content\/uploads\/2017\/05\/dzamija-zemun-polje-vucic-rusenje.jpg\",\"datePublished\":\"2017-05-30T11:20:54+00:00\",\"dateModified\":\"2017-05-30T11:47:42+00:00\",\"breadcrumb\":{\"@id\":\"https:\/\/sandzakpress.net\/arhiva\/vucic-htio-sam-da-razgovaram-kako-bi-se-rijesio-problem-muslimana-u-zemun-polju\/#breadcrumb\"},\"inLanguage\":\"bs-BA\",\"potentialAction\":[{\"@type\":\"ReadAction\",\"target\":[\"https:\/\/sandzakpress.net\/arhiva\/vucic-htio-sam-da-razgovaram-kako-bi-se-rijesio-problem-muslimana-u-zemun-polju\/\"]}]},{\"@type\":\"ImageObject\",\"inLanguage\":\"bs-BA\",\"@id\":\"https:\/\/sandzakpress.net\/arhiva\/vucic-htio-sam-da-razgovaram-kako-bi-se-rijesio-problem-muslimana-u-zemun-polju\/#primaryimage\",\"url\":\"https:\/\/sandzakpress.net\/arhiva\/wp-content\/uploads\/2017\/05\/dzamija-zemun-polje-vucic-rusenje.jpg\",\"contentUrl\":\"https:\/\/sandzakpress.net\/arhiva\/wp-content\/uploads\/2017\/05\/dzamija-zemun-polje-vucic-rusenje.jpg\",\"width\":800,\"height\":470},{\"@type\":\"BreadcrumbList\",\"@id\":\"https:\/\/sandzakpress.net\/arhiva\/vucic-htio-sam-da-razgovaram-kako-bi-se-rijesio-problem-muslimana-u-zemun-polju\/#breadcrumb\",\"itemListElement\":[{\"@type\":\"ListItem\",\"position\":1,\"name\":\"Home\",\"item\":\"https:\/\/sandzakpress.net\/arhiva\/\"},{\"@type\":\"ListItem\",\"position\":2,\"name\":\"Vu\u010di\u0107: Htio sam da razgovaram kako bi se rije\u0161io problem muslimana u Zemun Polju\"}]},{\"@type\":\"WebSite\",\"@id\":\"https:\/\/sandzakpress.net\/arhiva\/#website\",\"url\":\"https:\/\/sandzakpress.net\/arhiva\/\",\"name\":\"Sand\u017eak PRESS\",\"description\":\"Prve elektronske novine u Sand\u017eaku\",\"publisher\":{\"@id\":\"https:\/\/sandzakpress.net\/arhiva\/#\/schema\/person\/6e72b67d6e51910a1117b3b483ba20bd\"},\"potentialAction\":[{\"@type\":\"SearchAction\",\"target\":{\"@type\":\"EntryPoint\",\"urlTemplate\":\"https:\/\/sandzakpress.net\/arhiva\/?s={search_term_string}\"},\"query-input\":{\"@type\":\"PropertyValueSpecification\",\"valueRequired\":true,\"valueName\":\"search_term_string\"}}],\"inLanguage\":\"bs-BA\"},{\"@type\":[\"Person\",\"Organization\"],\"@id\":\"https:\/\/sandzakpress.net\/arhiva\/#\/schema\/person\/6e72b67d6e51910a1117b3b483ba20bd\",\"name\":\"Kul\",\"image\":{\"@type\":\"ImageObject\",\"inLanguage\":\"bs-BA\",\"@id\":\"https:\/\/sandzakpress.net\/arhiva\/#\/schema\/person\/image\/\",\"url\":\"https:\/\/secure.gravatar.com\/avatar\/42263f39aa27ac04c43cab85c280eb2e?s=96&d=mm&r=pg\",\"contentUrl\":\"https:\/\/secure.gravatar.com\/avatar\/42263f39aa27ac04c43cab85c280eb2e?s=96&d=mm&r=pg\",\"caption\":\"Kul\"},\"logo\":{\"@id\":\"https:\/\/sandzakpress.net\/arhiva\/#\/schema\/person\/image\/\"}},{\"@type\":\"Person\",\"@id\":\"https:\/\/sandzakpress.net\/arhiva\/#\/schema\/person\/cb59d7e3ab91ab90dd680ad0305a6185\",\"name\":\"Agencija\",\"image\":{\"@type\":\"ImageObject\",\"inLanguage\":\"bs-BA\",\"@id\":\"https:\/\/sandzakpress.net\/arhiva\/#\/schema\/person\/image\/\",\"url\":\"https:\/\/secure.gravatar.com\/avatar\/4b7fafa80a22f0c2afe23966b3961fe0?s=96&d=mm&r=pg\",\"contentUrl\":\"https:\/\/secure.gravatar.com\/avatar\/4b7fafa80a22f0c2afe23966b3961fe0?s=96&d=mm&r=pg\",\"caption\":\"Agencija\"},\"url\":\"https:\/\/sandzakpress.net\/arhiva\/author\/agencija\/\"}]}<\/script>\n<!-- \/ Yoast SEO Premium plugin. -->","yoast_head_json":{"title":"Vu\u010di\u0107: Htio sam da razgovaram kako bi se rije\u0161io problem muslimana u Zemun Polju","robots":{"index":"index","follow":"follow","max-snippet":"max-snippet:-1","max-image-preview":"max-image-preview:large","max-video-preview":"max-video-preview:-1"},"canonical":"https:\/\/sandzakpress.net\/arhiva\/vucic-htio-sam-da-razgovaram-kako-bi-se-rijesio-problem-muslimana-u-zemun-polju\/","og_locale":"bs_BA","og_type":"article","og_title":"Vu\u010di\u0107: Htio sam da razgovaram kako bi se rije\u0161io problem muslimana u Zemun Polju","og_description":"Odlaze\u0107i premijer Aleksandar Vu\u010di\u0107 rekao je sino\u0107 da je spreman da razgovara kako bi se rije\u0161io problem muslimanskih vjernika u Zemun Polju, kojima je sru\u0161ena d\u017eamija\u00a0u izgradnji, ali da ne\u0107e razgovarati sa ucjenjiva\u010dima. &#8220;Bio sam obavije\u0161ten o poku\u0161aju ru\u0161enja, jer me je u 4:40 ujutro zvala moja savjetnica, po\u0161to je nju zvao ambasador jedne strane [&hellip;]","og_url":"https:\/\/sandzakpress.net\/arhiva\/vucic-htio-sam-da-razgovaram-kako-bi-se-rijesio-problem-muslimana-u-zemun-polju\/","og_site_name":"Sand\u017eak PRESS","article_published_time":"2017-05-30T11:20:54+00:00","article_modified_time":"2017-05-30T11:47:42+00:00","og_image":[{"width":800,"height":470,"url":"https:\/\/sandzakpress.net\/arhiva\/wp-content\/uploads\/2017\/05\/dzamija-zemun-polje-vucic-rusenje.jpg","type":"image\/jpeg"}],"author":"Agencija","twitter_card":"summary_large_image","twitter_misc":{"Written by":"Agencija","Est. reading time":"2 minute"},"schema":{"@context":"https:\/\/schema.org","@graph":[{"@type":"Article","@id":"https:\/\/sandzakpress.net\/arhiva\/vucic-htio-sam-da-razgovaram-kako-bi-se-rijesio-problem-muslimana-u-zemun-polju\/#article","isPartOf":{"@id":"https:\/\/sandzakpress.net\/arhiva\/vucic-htio-sam-da-razgovaram-kako-bi-se-rijesio-problem-muslimana-u-zemun-polju\/"},"author":{"name":"Agencija","@id":"https:\/\/sandzakpress.net\/arhiva\/#\/schema\/person\/cb59d7e3ab91ab90dd680ad0305a6185"},"headline":"Vu\u010di\u0107: Htio sam da razgovaram kako bi se rije\u0161io problem muslimana u Zemun Polju","datePublished":"2017-05-30T11:20:54+00:00","dateModified":"2017-05-30T11:47:42+00:00","mainEntityOfPage":{"@id":"https:\/\/sandzakpress.net\/arhiva\/vucic-htio-sam-da-razgovaram-kako-bi-se-rijesio-problem-muslimana-u-zemun-polju\/"},"wordCount":335,"commentCount":23,"publisher":{"@id":"https:\/\/sandzakpress.net\/arhiva\/#\/schema\/person\/6e72b67d6e51910a1117b3b483ba20bd"},"image":{"@id":"https:\/\/sandzakpress.net\/arhiva\/vucic-htio-sam-da-razgovaram-kako-bi-se-rijesio-problem-muslimana-u-zemun-polju\/#primaryimage"},"thumbnailUrl":"https:\/\/sandzakpress.net\/arhiva\/wp-content\/uploads\/2017\/05\/dzamija-zemun-polje-vucic-rusenje.jpg","articleSection":["Politika","Srbija","VIJESTI DANA"],"inLanguage":"bs-BA","potentialAction":[{"@type":"CommentAction","name":"Comment","target":["https:\/\/sandzakpress.net\/arhiva\/vucic-htio-sam-da-razgovaram-kako-bi-se-rijesio-problem-muslimana-u-zemun-polju\/#respond"]}]},{"@type":"WebPage","@id":"https:\/\/sandzakpress.net\/arhiva\/vucic-htio-sam-da-razgovaram-kako-bi-se-rijesio-problem-muslimana-u-zemun-polju\/","url":"https:\/\/sandzakpress.net\/arhiva\/vucic-htio-sam-da-razgovaram-kako-bi-se-rijesio-problem-muslimana-u-zemun-polju\/","name":"Vu\u010di\u0107: Htio sam da razgovaram kako bi se rije\u0161io problem muslimana u Zemun Polju","isPartOf":{"@id":"https:\/\/sandzakpress.net\/arhiva\/#website"},"primaryImageOfPage":{"@id":"https:\/\/sandzakpress.net\/arhiva\/vucic-htio-sam-da-razgovaram-kako-bi-se-rijesio-problem-muslimana-u-zemun-polju\/#primaryimage"},"image":{"@id":"https:\/\/sandzakpress.net\/arhiva\/vucic-htio-sam-da-razgovaram-kako-bi-se-rijesio-problem-muslimana-u-zemun-polju\/#primaryimage"},"thumbnailUrl":"https:\/\/sandzakpress.net\/arhiva\/wp-content\/uploads\/2017\/05\/dzamija-zemun-polje-vucic-rusenje.jpg","datePublished":"2017-05-30T11:20:54+00:00","dateModified":"2017-05-30T11:47:42+00:00","breadcrumb":{"@id":"https:\/\/sandzakpress.net\/arhiva\/vucic-htio-sam-da-razgovaram-kako-bi-se-rijesio-problem-muslimana-u-zemun-polju\/#breadcrumb"},"inLanguage":"bs-BA","potentialAction":[{"@type":"ReadAction","target":["https:\/\/sandzakpress.net\/arhiva\/vucic-htio-sam-da-razgovaram-kako-bi-se-rijesio-problem-muslimana-u-zemun-polju\/"]}]},{"@type":"ImageObject","inLanguage":"bs-BA","@id":"https:\/\/sandzakpress.net\/arhiva\/vucic-htio-sam-da-razgovaram-kako-bi-se-rijesio-problem-muslimana-u-zemun-polju\/#primaryimage","url":"https:\/\/sandzakpress.net\/arhiva\/wp-content\/uploads\/2017\/05\/dzamija-zemun-polje-vucic-rusenje.jpg","contentUrl":"https:\/\/sandzakpress.net\/arhiva\/wp-content\/uploads\/2017\/05\/dzamija-zemun-polje-vucic-rusenje.jpg","width":800,"height":470},{"@type":"BreadcrumbList","@id":"https:\/\/sandzakpress.net\/arhiva\/vucic-htio-sam-da-razgovaram-kako-bi-se-rijesio-problem-muslimana-u-zemun-polju\/#breadcrumb","itemListElement":[{"@type":"ListItem","position":1,"name":"Home","item":"https:\/\/sandzakpress.net\/arhiva\/"},{"@type":"ListItem","position":2,"name":"Vu\u010di\u0107: Htio sam da razgovaram kako bi se rije\u0161io problem muslimana u Zemun Polju"}]},{"@type":"WebSite","@id":"https:\/\/sandzakpress.net\/arhiva\/#website","url":"https:\/\/sandzakpress.net\/arhiva\/","name":"Sand\u017eak PRESS","description":"Prve elektronske novine u Sand\u017eaku","publisher":{"@id":"https:\/\/sandzakpress.net\/arhiva\/#\/schema\/person\/6e72b67d6e51910a1117b3b483ba20bd"},"potentialAction":[{"@type":"SearchAction","target":{"@type":"EntryPoint","urlTemplate":"https:\/\/sandzakpress.net\/arhiva\/?s={search_term_string}"},"query-input":{"@type":"PropertyValueSpecification","valueRequired":true,"valueName":"search_term_string"}}],"inLanguage":"bs-BA"},{"@type":["Person","Organization"],"@id":"https:\/\/sandzakpress.net\/arhiva\/#\/schema\/person\/6e72b67d6e51910a1117b3b483ba20bd","name":"Kul","image":{"@type":"ImageObject","inLanguage":"bs-BA","@id":"https:\/\/sandzakpress.net\/arhiva\/#\/schema\/person\/image\/","url":"https:\/\/secure.gravatar.com\/avatar\/42263f39aa27ac04c43cab85c280eb2e?s=96&d=mm&r=pg","contentUrl":"https:\/\/secure.gravatar.com\/avatar\/42263f39aa27ac04c43cab85c280eb2e?s=96&d=mm&r=pg","caption":"Kul"},"logo":{"@id":"https:\/\/sandzakpress.net\/arhiva\/#\/schema\/person\/image\/"}},{"@type":"Person","@id":"https:\/\/sandzakpress.net\/arhiva\/#\/schema\/person\/cb59d7e3ab91ab90dd680ad0305a6185","name":"Agencija","image":{"@type":"ImageObject","inLanguage":"bs-BA","@id":"https:\/\/sandzakpress.net\/arhiva\/#\/schema\/person\/image\/","url":"https:\/\/secure.gravatar.com\/avatar\/4b7fafa80a22f0c2afe23966b3961fe0?s=96&d=mm&r=pg","contentUrl":"https:\/\/secure.gravatar.com\/avatar\/4b7fafa80a22f0c2afe23966b3961fe0?s=96&d=mm&r=pg","caption":"Agencija"},"url":"https:\/\/sandzakpress.net\/arhiva\/author\/agencija\/"}]}},"_links":{"self":[{"href":"https:\/\/sandzakpress.net\/arhiva\/wp-json\/wp\/v2\/posts\/187920"}],"collection":[{"href":"https:\/\/sandzakpress.net\/arhiva\/wp-json\/wp\/v2\/posts"}],"about":[{"href":"https:\/\/sandzakpress.net\/arhiva\/wp-json\/wp\/v2\/types\/post"}],"author":[{"embeddable":true,"href":"https:\/\/sandzakpress.net\/arhiva\/wp-json\/wp\/v2\/users\/509"}],"replies":[{"embeddable":true,"href":"https:\/\/sandzakpress.net\/arhiva\/wp-json\/wp\/v2\/comments?post=187920"}],"version-history":[{"count":0,"href":"https:\/\/sandzakpress.net\/arhiva\/wp-json\/wp\/v2\/posts\/187920\/revisions"}],"wp:featuredmedia":[{"embeddable":true,"href":"https:\/\/sandzakpress.net\/arhiva\/wp-json\/wp\/v2\/media\/187922"}],"wp:attachment":[{"href":"https:\/\/sandzakpress.net\/arhiva\/wp-json\/wp\/v2\/media?parent=187920"}],"wp:term":[{"taxonomy":"category","embeddable":true,"href":"https:\/\/sandzakpress.net\/arhiva\/wp-json\/wp\/v2\/categories?post=187920"},{"taxonomy":"post_tag","embeddable":true,"href":"https:\/\/sandzakpress.net\/arhiva\/wp-json\/wp\/v2\/tags?post=187920"}],"curies":[{"name":"wp","href":"https:\/\/api.w.org\/{rel}","templated":true}]}}