{"id":18773,"date":"2011-08-11T14:48:52","date_gmt":"2011-08-11T12:48:52","guid":{"rendered":"https:\/\/sandzakpress.net\/arhiva\/?p=18773"},"modified":"2011-08-12T15:56:59","modified_gmt":"2011-08-12T13:56:59","slug":"festival-islama-u-prijepolju-sreca-je-u-zajednistvu-i-bratskoj-suosjecajnosti","status":"publish","type":"post","link":"https:\/\/sandzakpress.net\/arhiva\/festival-islama-u-prijepolju-sreca-je-u-zajednistvu-i-bratskoj-suosjecajnosti\/","title":{"rendered":"Festival islama u Prijepolju"},"content":{"rendered":"<p><strong><a href=\"https:\/\/sandzakpress.net\/arhiva\/wp-content\/uploads\/2011\/08\/festival-islama-prijepolje-16.jpg\"><img loading=\"lazy\" decoding=\"async\" class=\"alignleft size-medium wp-image-18774\" src=\"https:\/\/sandzakpress.net\/arhiva\/wp-content\/uploads\/2011\/08\/festival-islama-prijepolje-16-300x199.jpg\" alt=\"\" width=\"300\" height=\"199\" \/><\/a>Prijepolje &#8211; Med\u017elis IZ-e Prijepolje u srijedu je bio doma\u0107in tre\u0107e ve\u010deri manifestacije \u201eFestival islama\u201c koju je pokrenuo Me\u0161ihat Islamske zajednice u saradnji sa Kulturnim centrom \u201eAltun alem\u201c, BKZ-om i CHR \u201eHajrat\u201c. <\/strong><\/p>\n<p>Iftar za gra\u0111ane Prijepolja organizovan je na otvorenom ispred Vakufske kuhinje u Ha\u0161imbegovi\u0107a polju. Sahat vremena prije iftara u Ha\u0161imbegovi\u0107a polju se okupilo vi\u0161e stotina Prijepoljaca da prediftarsko vrijeme provedu u slu\u0161anju Kur'ana \u010casnog i u\u010denja ilahija koje su u\u010dili hor BKZ-a \u00a0\u201eSand\u017eak\u201c iz Novog Pazara i hor \u201eDin\u201c iz Prijepolja.<\/p>\n<p><a title=\"Navigacija: Pritisnite pokaziva\u010dem na gornji lijevi ili desni ugao da biste pregledali ostale fotografije&lt;br \/&gt;&lt;br \/&gt;&lt;b&gt;festival islama prijepolje (01).jpg&lt;\/b&gt;\" rel=\"lightbox[sig0]\" href=\"http:\/\/mesihat.org\/images\/stories\/festival%20islama%20-%20prijepolje,%2010.8.2011\/festival%20islama%20prijepolje%20%2801%29.jpg\" target=\"_blank\"><\/a><a title=\"Navigacija: Pritisnite pokaziva\u010dem na gornji lijevi ili desni ugao da biste pregledali ostale fotografije&lt;br \/&gt;&lt;br \/&gt;&lt;b&gt;festival islama prijepolje (02).jpg&lt;\/b&gt;\" rel=\"lightbox[sig0]\" href=\"http:\/\/mesihat.org\/images\/stories\/festival%20islama%20-%20prijepolje,%2010.8.2011\/festival%20islama%20prijepolje%20%2802%29.jpg\" target=\"_blank\"><\/a><a title=\"Navigacija: Pritisnite pokaziva\u010dem na gornji lijevi ili desni ugao da biste pregledali ostale fotografije&lt;br \/&gt;&lt;br \/&gt;&lt;b&gt;festival islama prijepolje (03).jpg&lt;\/b&gt;\" rel=\"lightbox[sig0]\" href=\"http:\/\/mesihat.org\/images\/stories\/festival%20islama%20-%20prijepolje,%2010.8.2011\/festival%20islama%20prijepolje%20%2803%29.jpg\" target=\"_blank\"><\/a><a title=\"Navigacija: Pritisnite pokaziva\u010dem na gornji lijevi ili desni ugao da biste pregledali ostale fotografije&lt;br \/&gt;&lt;br \/&gt;&lt;b&gt;festival islama prijepolje (04).jpg&lt;\/b&gt;\" rel=\"lightbox[sig0]\" href=\"http:\/\/mesihat.org\/images\/stories\/festival%20islama%20-%20prijepolje,%2010.8.2011\/festival%20islama%20prijepolje%20%2804%29.jpg\" target=\"_blank\"><\/a><a title=\"Navigacija: Pritisnite pokaziva\u010dem na gornji lijevi ili desni ugao da biste pregledali ostale fotografije&lt;br \/&gt;&lt;br \/&gt;&lt;b&gt;festival islama prijepolje (05).jpg&lt;\/b&gt;\" rel=\"lightbox[sig0]\" href=\"http:\/\/mesihat.org\/images\/stories\/festival%20islama%20-%20prijepolje,%2010.8.2011\/festival%20islama%20prijepolje%20%2805%29.jpg\" target=\"_blank\"><\/a><a title=\"Navigacija: Pritisnite pokaziva\u010dem na gornji lijevi ili desni ugao da biste pregledali ostale fotografije&lt;br \/&gt;&lt;br \/&gt;&lt;b&gt;festival islama prijepolje (06).jpg&lt;\/b&gt;\" rel=\"lightbox[sig0]\" href=\"http:\/\/mesihat.org\/images\/stories\/festival%20islama%20-%20prijepolje,%2010.8.2011\/festival%20islama%20prijepolje%20%2806%29.jpg\" target=\"_blank\"><\/a><a title=\"Navigacija: Pritisnite pokaziva\u010dem na gornji lijevi ili desni ugao da biste pregledali ostale fotografije&lt;br \/&gt;&lt;br \/&gt;&lt;b&gt;festival islama prijepolje (07).jpg&lt;\/b&gt;\" rel=\"lightbox[sig0]\" href=\"http:\/\/mesihat.org\/images\/stories\/festival%20islama%20-%20prijepolje,%2010.8.2011\/festival%20islama%20prijepolje%20%2807%29.jpg\" target=\"_blank\"><\/a><a title=\"Navigacija: Pritisnite pokaziva\u010dem na gornji lijevi ili desni ugao da biste pregledali ostale fotografije&lt;br \/&gt;&lt;br \/&gt;&lt;b&gt;festival islama prijepolje (08).jpg&lt;\/b&gt;\" rel=\"lightbox[sig0]\" href=\"http:\/\/mesihat.org\/images\/stories\/festival%20islama%20-%20prijepolje,%2010.8.2011\/festival%20islama%20prijepolje%20%2808%29.jpg\" target=\"_blank\"><\/a><a title=\"Navigacija: Pritisnite pokaziva\u010dem na gornji lijevi ili desni ugao da biste pregledali ostale fotografije&lt;br \/&gt;&lt;br \/&gt;&lt;b&gt;festival islama prijepolje (09).jpg&lt;\/b&gt;\" rel=\"lightbox[sig0]\" href=\"http:\/\/mesihat.org\/images\/stories\/festival%20islama%20-%20prijepolje,%2010.8.2011\/festival%20islama%20prijepolje%20%2809%29.jpg\" target=\"_blank\"><\/a><a title=\"Navigacija: Pritisnite pokaziva\u010dem na gornji lijevi ili desni ugao da biste pregledali ostale fotografije&lt;br \/&gt;&lt;br \/&gt;&lt;b&gt;festival islama prijepolje (10).jpg&lt;\/b&gt;\" rel=\"lightbox[sig0]\" href=\"http:\/\/mesihat.org\/images\/stories\/festival%20islama%20-%20prijepolje,%2010.8.2011\/festival%20islama%20prijepolje%20%2810%29.jpg\" target=\"_blank\"><\/a><a title=\"Navigacija: Pritisnite pokaziva\u010dem na gornji lijevi ili desni ugao da biste pregledali ostale fotografije&lt;br \/&gt;&lt;br \/&gt;&lt;b&gt;festival islama prijepolje (11).jpg&lt;\/b&gt;\" rel=\"lightbox[sig0]\" href=\"http:\/\/mesihat.org\/images\/stories\/festival%20islama%20-%20prijepolje,%2010.8.2011\/festival%20islama%20prijepolje%20%2811%29.jpg\" target=\"_blank\"><\/a><a title=\"Navigacija: Pritisnite pokaziva\u010dem na gornji lijevi ili desni ugao da biste pregledali ostale fotografije&lt;br \/&gt;&lt;br \/&gt;&lt;b&gt;festival islama prijepolje (12).jpg&lt;\/b&gt;\" rel=\"lightbox[sig0]\" href=\"http:\/\/mesihat.org\/images\/stories\/festival%20islama%20-%20prijepolje,%2010.8.2011\/festival%20islama%20prijepolje%20%2812%29.jpg\" target=\"_blank\"><\/a><a title=\"Navigacija: Pritisnite pokaziva\u010dem na gornji lijevi ili desni ugao da biste pregledali ostale fotografije&lt;br \/&gt;&lt;br \/&gt;&lt;b&gt;festival islama prijepolje (13).jpg&lt;\/b&gt;\" rel=\"lightbox[sig0]\" href=\"http:\/\/mesihat.org\/images\/stories\/festival%20islama%20-%20prijepolje,%2010.8.2011\/festival%20islama%20prijepolje%20%2813%29.jpg\" target=\"_blank\"><\/a><a title=\"Navigacija: Pritisnite pokaziva\u010dem na gornji lijevi ili desni ugao da biste pregledali ostale fotografije&lt;br \/&gt;&lt;br \/&gt;&lt;b&gt;festival islama prijepolje (14).jpg&lt;\/b&gt;\" rel=\"lightbox[sig0]\" href=\"http:\/\/mesihat.org\/images\/stories\/festival%20islama%20-%20prijepolje,%2010.8.2011\/festival%20islama%20prijepolje%20%2814%29.jpg\" target=\"_blank\"><\/a><a title=\"Navigacija: Pritisnite pokaziva\u010dem na gornji lijevi ili desni ugao da biste pregledali ostale fotografije&lt;br \/&gt;&lt;br \/&gt;&lt;b&gt;festival islama prijepolje (15).jpg&lt;\/b&gt;\" rel=\"lightbox[sig0]\" href=\"http:\/\/mesihat.org\/images\/stories\/festival%20islama%20-%20prijepolje,%2010.8.2011\/festival%20islama%20prijepolje%20%2815%29.jpg\" target=\"_blank\"><\/a><a title=\"Navigacija: Pritisnite pokaziva\u010dem na gornji lijevi ili desni ugao da biste pregledali ostale fotografije&lt;br \/&gt;&lt;br \/&gt;&lt;b&gt;festival islama prijepolje (16).jpg&lt;\/b&gt;\" rel=\"lightbox[sig0]\" href=\"http:\/\/mesihat.org\/images\/stories\/festival%20islama%20-%20prijepolje,%2010.8.2011\/festival%20islama%20prijepolje%20%2816%29.jpg\" target=\"_blank\"><\/a><a title=\"Navigacija: Pritisnite pokaziva\u010dem na gornji lijevi ili desni ugao da biste pregledali ostale fotografije&lt;br \/&gt;&lt;br \/&gt;&lt;b&gt;festival islama prijepolje (17).jpg&lt;\/b&gt;\" rel=\"lightbox[sig0]\" href=\"http:\/\/mesihat.org\/images\/stories\/festival%20islama%20-%20prijepolje,%2010.8.2011\/festival%20islama%20prijepolje%20%2817%29.jpg\" target=\"_blank\"><\/a><\/p>\n<p>Nakon u\u010denja ajeta dobrodo\u0161licu prisutnima je po\u017eeleo glavni imam Aref ef. Durakovi\u0107 koji se zahvalio donatorima koji su se potrudili da ova manifestacija uspije:<\/p>\n<p>\u201eIftar je organiziran na ovom mjestu da se mi svi prisutni podsjetimo da se u ovoj zgradi uz donacije dobrih ljudi i dobrovoljne priloge u hrani i novcu svakodnevno organizira i sprema vi\u0161e stotina obroka od Brodareva do Priboja. pripremaju se obroci za one koji imaju potrebu za hranom kao \u0161to posta\u010d tu potrebu ponekad osjeti, a ovi ljudi tu potrebu osje\u0107aju stalno.\u201c<\/p>\n<p>Nakon toga prisutnima je dobrodo\u0161licu po\u017eelio predsjednik IO BNV Samir ef. Tandir koji je rekao da nije bilo lako odabrati i odrediti zvanice na ovaj iftar jer su htjeli da zovu one koji su u\u010destvovali u odbrani Islamske zajednice i onda su shvatili da bi trebali pozvati gotovo sve punoljetne gra\u0111ane Prijepolja.<\/p>\n<p>\u201eObzirom da u Prijepolju ne postoji prostor koji bi primio toliki broj ljudi odlu\u010dili smo da pozovemo lidere odbrane Islamske zajednice. To ste vi dragi prijatelji i ja vam na tome \u010destitam.\u201c \u2013rekao je Tandir i prenio selame od vakifa godine Bajazita Baza \u017digovi\u010da koji nije zbog poslovnih obaveza bio u prilici da prisustvuje ovom iftaru.<\/p>\n<p style=\"text-align: center;\"><img decoding=\"async\" class=\"aligncenter\" src=\"http:\/\/mesihat.org\/images\/stories\/festival%20islama%20-%20prijepolje,%2010.8.2011\/festival%20islama%20prijepolje%20%2802%29.jpg\" alt=\"\" \/><\/p>\n<p>Nekoliko minuta prije ak\u0161amskog ezana prisutnima se obratio i glavni muftija Muamer ef. Zukorli\u0107 koji se zahvalio Gospodaru svjetova koji je muslimane po\u010dastio da budu na ovako posebnom mjestu na prostoru vakufske kuhinje u Prijepolju.<\/p>\n<p>\u201eTenuci i\u0161\u010dekivanja iftara su posebni. To su momenti ljudske jednakosti. Momenti posebne ljudske produhovljenosti. \u010covjek oslobo\u0111en od hrane jedan dan je ne\u0161to vi\u0161e od svakodnevnog \u010dovjeka. Tijelo i njegova biologija vazda imaju ambiciju da nadvladaju \u010dovjeka. Biolo\u0161ka dimenzija \u010dovjeka je materija, a materija je zemlja i skoro da nema razlike izme\u0111u biologije \u010dovjeka i nekih drugih \u017eivih bi\u0107a. Funkcioni\u0161u po istom principu: potrebe, pa kada se zadovolje potrebe pohlepa, a pohlepu nije mogu\u0107e zadovoljiti, jer ona uvijek ho\u0107e jo\u0161. Pogledajmo danas ovo \u0161to se u svijetu de\u0161ava svako zlo koje vidite, od najsitnijeg u kom\u0161iluku do onih krupnih zala politi\u010dko-ekonomske prirode, vidjet \u0107ete da sva ta zla iza sebe imaju pohlepu. To je zlo i negativna energija. Onaj koji nas je stvorio je to znao i zato nam je propisao post, kao vje\u017ebu i terapiju, te dao \u010dovjeku da od zore do prije zalaska sunca se ustegne od hrane, pi\u0107a i drugih fizi\u010dkih u\u017eitaka kao terapiju kojom se \u017eivotinja koja se zove \u201epohlepa\u201c vra\u0107a u kavez. Samo kada je pohlepa pod kontrolom \u010dovjek ima snage biti \u010dovjek.\u201c \u2013 rekao je Glavni muftija.<\/p>\n<p>Muftija je dalje govorio o tome da se ljudi nikada ne mogu veseliti samostalno, i da se sre\u0107a jedino ostvaruje kada se dijeli sa drugim.<\/p>\n<p>\u201eTo je poruka koja nam ka\u017ee da \u0107e \u010dovjek ostvariti sre\u0107u ne po tome \u0161to \u010dini dobro sebi, jer dobro\u010dinstvo sebi je instinkt \u2013 poriv. To nije kvalitet, to nije tvoja snaga, jer se i \u017eivotinja bori za svoj opstanak. Ti \u010dovje\u010de ostvarit \u0107e\u0161 sre\u0107u \u010dine\u0107i dobro drugome \u010dovjeku. Po tome \u0107e se mjeriti tvoj kvalitet. Poruka dobra je op\u0107enita i dobro ne zna za granice. U\u010dinite \u010dovjeku dobro, ako je dobar \u010dovjek bi\u0107e vam zahvalan do kraja \u017eivota, a ako nije dobar \u010dovjek on \u0107e se udaljiti od vas jer va\u0161e dobro ne\u0107e mo\u0107i da izdr\u017ei. Vi na tome ne\u0107ete ni\u0161ta izgubiti. Vjera islam je poruka dobra. Svi ibadeti su obaveza napajanja srca. Ali manifestacija vjere se time ne zavr\u0161ava. Manifestacija vjere je u na\u0161em svakodnevnom \u017eivotu. U na\u0161em \u010dinjenju dobrih djela, u na\u0161em odnosu sa ljudima. Zato ne mo\u017eete na\u0107i na jednom mjestu \u010dovjeka koji je vjernik, ide u d\u017eamiju, obavio je had\u017e, a da \u010dini zlo ljudima. Onda ni\u0161ta nema od njegovog had\u017ea i namaza. Taj had\u017e i namaz moraju proizvesti dobro. Islam nije biljka za ukras. Islam je vo\u0107ka koja daje plodove, a plodovi su dobra djela.\u201c<\/p>\n<p style=\"text-align: center;\"><img decoding=\"async\" class=\"aligncenter\" src=\"http:\/\/mesihat.org\/images\/stories\/festival%20islama%20-%20prijepolje,%2010.8.2011\/festival%20islama%20prijepolje%20%2804%29.jpg\" alt=\"\" \/><\/p>\n<p>Muftija je naglasio da, zahvaljuju\u0107i dobrim ljudima i vakifima koji su shvatili da je njihov imetak ujedno i njihova ku\u0161nja, postoje vakufske kuhinje u kojima se hrane na hiljade porodica i uputio je poruku prisutnima:<\/p>\n<p>\u201e\u010cinjenjem dobra ostvarujemo sre\u0107u, okretanjem le\u0111a od dobra ostvaruje se nesre\u0107a. Nema sre\u0107e kod onih koji su sebi\u010dni. Iftar ima i tu poruku i zato mi je posebno drago i prelijepo se osje\u0107am zato \u0161to ste vi danas ovdje i svi mi zajedno sa vama. Istovremeno smo i musafiri i doma\u0107ini. To je poruka i ljepota ovih iftarskih ramazanskih ve\u010deri i \u010dari.\u201c \u2013 rekao je glavni muftija i zamolio Allaha d\u017e.\u0161. da obaspe bereketom ovaj skup.<\/p>\n<p>Nakon muftijinog obra\u0107anja prou\u010den je ezan i prisutni su u zajedni\u010dkoj atmosferi i ljubavi iftarili, a potom je dovu prou\u010dio rukovodilac Vjersko-prosvjetne slu\u017ebe Ned\u017ead ef. Hasanovi\u0107.<\/p>\n<p>Izvor: <strong>Mesihat.org<\/strong><\/p>\n","protected":false},"excerpt":{"rendered":"<p>Prijepolje &#8211; Med\u017elis IZ-e Prijepolje u srijedu je bio doma\u0107in tre\u0107e ve\u010deri manifestacije \u201eFestival islama\u201c koju je pokrenuo Me\u0161ihat Islamske zajednice u saradnji sa Kulturnim centrom \u201eAltun alem\u201c, BKZ-om i CHR \u201eHajrat\u201c. Iftar za gra\u0111ane Prijepolja organizovan je na otvorenom ispred Vakufske kuhinje u Ha\u0161imbegovi\u0107a polju. Sahat vremena prije iftara u Ha\u0161imbegovi\u0107a polju se okupilo [&hellip;]<\/p>\n","protected":false},"author":13,"featured_media":18774,"comment_status":"open","ping_status":"open","sticky":false,"template":"","format":"standard","meta":{"footnotes":""},"categories":[392,802],"tags":[],"class_list":{"0":"post-18773","1":"post","2":"type-post","3":"status-publish","4":"format-standard","5":"has-post-thumbnail","7":"category-prijepolje_","8":"category-islamska_zajednica"},"yoast_head":"<!-- This site is optimized with the Yoast SEO Premium plugin v23.1 (Yoast SEO v24.9) - https:\/\/yoast.com\/wordpress\/plugins\/seo\/ -->\n<title>Festival islama u Prijepolju<\/title>\n<meta name=\"robots\" content=\"index, follow, max-snippet:-1, max-image-preview:large, max-video-preview:-1\" \/>\n<link rel=\"canonical\" href=\"https:\/\/sandzakpress.net\/arhiva\/festival-islama-u-prijepolju-sreca-je-u-zajednistvu-i-bratskoj-suosjecajnosti\/\" \/>\n<meta property=\"og:locale\" content=\"bs_BA\" \/>\n<meta property=\"og:type\" content=\"article\" \/>\n<meta property=\"og:title\" content=\"Festival islama u Prijepolju\" \/>\n<meta property=\"og:description\" content=\"Prijepolje &#8211; Med\u017elis IZ-e Prijepolje u srijedu je bio doma\u0107in tre\u0107e ve\u010deri manifestacije \u201eFestival islama\u201c koju je pokrenuo Me\u0161ihat Islamske zajednice u saradnji sa Kulturnim centrom \u201eAltun alem\u201c, BKZ-om i CHR \u201eHajrat\u201c. Iftar za gra\u0111ane Prijepolja organizovan je na otvorenom ispred Vakufske kuhinje u Ha\u0161imbegovi\u0107a polju. Sahat vremena prije iftara u Ha\u0161imbegovi\u0107a polju se okupilo [&hellip;]\" \/>\n<meta property=\"og:url\" content=\"https:\/\/sandzakpress.net\/arhiva\/festival-islama-u-prijepolju-sreca-je-u-zajednistvu-i-bratskoj-suosjecajnosti\/\" \/>\n<meta property=\"og:site_name\" content=\"Sand\u017eak PRESS\" \/>\n<meta property=\"article:published_time\" content=\"2011-08-11T12:48:52+00:00\" \/>\n<meta property=\"article:modified_time\" content=\"2011-08-12T13:56:59+00:00\" \/>\n<meta property=\"og:image\" content=\"https:\/\/sandzakpress.net\/arhiva\/wp-content\/uploads\/2011\/08\/festival-islama-prijepolje-16.jpg\" \/>\n\t<meta property=\"og:image:width\" content=\"600\" \/>\n\t<meta property=\"og:image:height\" content=\"399\" \/>\n\t<meta property=\"og:image:type\" content=\"image\/jpeg\" \/>\n<meta name=\"twitter:card\" content=\"summary_large_image\" \/>\n<meta name=\"twitter:label1\" content=\"Written by\" \/>\n\t<meta name=\"twitter:data1\" content=\"\" \/>\n\t<meta name=\"twitter:label2\" content=\"Est. reading time\" \/>\n\t<meta name=\"twitter:data2\" content=\"5 minuta\" \/>\n<script type=\"application\/ld+json\" class=\"yoast-schema-graph\">{\"@context\":\"https:\/\/schema.org\",\"@graph\":[{\"@type\":\"Article\",\"@id\":\"https:\/\/sandzakpress.net\/arhiva\/festival-islama-u-prijepolju-sreca-je-u-zajednistvu-i-bratskoj-suosjecajnosti\/#article\",\"isPartOf\":{\"@id\":\"https:\/\/sandzakpress.net\/arhiva\/festival-islama-u-prijepolju-sreca-je-u-zajednistvu-i-bratskoj-suosjecajnosti\/\"},\"author\":{\"name\":\"\",\"@id\":\"\"},\"headline\":\"Festival islama u Prijepolju\",\"datePublished\":\"2011-08-11T12:48:52+00:00\",\"dateModified\":\"2011-08-12T13:56:59+00:00\",\"mainEntityOfPage\":{\"@id\":\"https:\/\/sandzakpress.net\/arhiva\/festival-islama-u-prijepolju-sreca-je-u-zajednistvu-i-bratskoj-suosjecajnosti\/\"},\"wordCount\":941,\"commentCount\":3,\"publisher\":{\"@id\":\"https:\/\/sandzakpress.net\/arhiva\/#\/schema\/person\/6e72b67d6e51910a1117b3b483ba20bd\"},\"image\":{\"@id\":\"https:\/\/sandzakpress.net\/arhiva\/festival-islama-u-prijepolju-sreca-je-u-zajednistvu-i-bratskoj-suosjecajnosti\/#primaryimage\"},\"thumbnailUrl\":\"https:\/\/sandzakpress.net\/arhiva\/wp-content\/uploads\/2011\/08\/festival-islama-prijepolje-16.jpg\",\"articleSection\":[\"Prijepolje\",\"Islamska zajednica\"],\"inLanguage\":\"bs-BA\",\"potentialAction\":[{\"@type\":\"CommentAction\",\"name\":\"Comment\",\"target\":[\"https:\/\/sandzakpress.net\/arhiva\/festival-islama-u-prijepolju-sreca-je-u-zajednistvu-i-bratskoj-suosjecajnosti\/#respond\"]}]},{\"@type\":\"WebPage\",\"@id\":\"https:\/\/sandzakpress.net\/arhiva\/festival-islama-u-prijepolju-sreca-je-u-zajednistvu-i-bratskoj-suosjecajnosti\/\",\"url\":\"https:\/\/sandzakpress.net\/arhiva\/festival-islama-u-prijepolju-sreca-je-u-zajednistvu-i-bratskoj-suosjecajnosti\/\",\"name\":\"Festival islama u Prijepolju\",\"isPartOf\":{\"@id\":\"https:\/\/sandzakpress.net\/arhiva\/#website\"},\"primaryImageOfPage\":{\"@id\":\"https:\/\/sandzakpress.net\/arhiva\/festival-islama-u-prijepolju-sreca-je-u-zajednistvu-i-bratskoj-suosjecajnosti\/#primaryimage\"},\"image\":{\"@id\":\"https:\/\/sandzakpress.net\/arhiva\/festival-islama-u-prijepolju-sreca-je-u-zajednistvu-i-bratskoj-suosjecajnosti\/#primaryimage\"},\"thumbnailUrl\":\"https:\/\/sandzakpress.net\/arhiva\/wp-content\/uploads\/2011\/08\/festival-islama-prijepolje-16.jpg\",\"datePublished\":\"2011-08-11T12:48:52+00:00\",\"dateModified\":\"2011-08-12T13:56:59+00:00\",\"breadcrumb\":{\"@id\":\"https:\/\/sandzakpress.net\/arhiva\/festival-islama-u-prijepolju-sreca-je-u-zajednistvu-i-bratskoj-suosjecajnosti\/#breadcrumb\"},\"inLanguage\":\"bs-BA\",\"potentialAction\":[{\"@type\":\"ReadAction\",\"target\":[\"https:\/\/sandzakpress.net\/arhiva\/festival-islama-u-prijepolju-sreca-je-u-zajednistvu-i-bratskoj-suosjecajnosti\/\"]}]},{\"@type\":\"ImageObject\",\"inLanguage\":\"bs-BA\",\"@id\":\"https:\/\/sandzakpress.net\/arhiva\/festival-islama-u-prijepolju-sreca-je-u-zajednistvu-i-bratskoj-suosjecajnosti\/#primaryimage\",\"url\":\"https:\/\/sandzakpress.net\/arhiva\/wp-content\/uploads\/2011\/08\/festival-islama-prijepolje-16.jpg\",\"contentUrl\":\"https:\/\/sandzakpress.net\/arhiva\/wp-content\/uploads\/2011\/08\/festival-islama-prijepolje-16.jpg\",\"width\":600,\"height\":399},{\"@type\":\"BreadcrumbList\",\"@id\":\"https:\/\/sandzakpress.net\/arhiva\/festival-islama-u-prijepolju-sreca-je-u-zajednistvu-i-bratskoj-suosjecajnosti\/#breadcrumb\",\"itemListElement\":[{\"@type\":\"ListItem\",\"position\":1,\"name\":\"Home\",\"item\":\"https:\/\/sandzakpress.net\/arhiva\/\"},{\"@type\":\"ListItem\",\"position\":2,\"name\":\"Festival islama u Prijepolju\"}]},{\"@type\":\"WebSite\",\"@id\":\"https:\/\/sandzakpress.net\/arhiva\/#website\",\"url\":\"https:\/\/sandzakpress.net\/arhiva\/\",\"name\":\"Sand\u017eak PRESS\",\"description\":\"Prve elektronske novine u Sand\u017eaku\",\"publisher\":{\"@id\":\"https:\/\/sandzakpress.net\/arhiva\/#\/schema\/person\/6e72b67d6e51910a1117b3b483ba20bd\"},\"potentialAction\":[{\"@type\":\"SearchAction\",\"target\":{\"@type\":\"EntryPoint\",\"urlTemplate\":\"https:\/\/sandzakpress.net\/arhiva\/?s={search_term_string}\"},\"query-input\":{\"@type\":\"PropertyValueSpecification\",\"valueRequired\":true,\"valueName\":\"search_term_string\"}}],\"inLanguage\":\"bs-BA\"},{\"@type\":[\"Person\",\"Organization\"],\"@id\":\"https:\/\/sandzakpress.net\/arhiva\/#\/schema\/person\/6e72b67d6e51910a1117b3b483ba20bd\",\"name\":\"Kul\",\"image\":{\"@type\":\"ImageObject\",\"inLanguage\":\"bs-BA\",\"@id\":\"https:\/\/sandzakpress.net\/arhiva\/#\/schema\/person\/image\/\",\"url\":\"https:\/\/secure.gravatar.com\/avatar\/42263f39aa27ac04c43cab85c280eb2e?s=96&d=mm&r=pg\",\"contentUrl\":\"https:\/\/secure.gravatar.com\/avatar\/42263f39aa27ac04c43cab85c280eb2e?s=96&d=mm&r=pg\",\"caption\":\"Kul\"},\"logo\":{\"@id\":\"https:\/\/sandzakpress.net\/arhiva\/#\/schema\/person\/image\/\"}},{\"@type\":\"Person\",\"@id\":\"\",\"url\":\"https:\/\/sandzakpress.net\/arhiva\/author\/\"}]}<\/script>\n<!-- \/ Yoast SEO Premium plugin. -->","yoast_head_json":{"title":"Festival islama u Prijepolju","robots":{"index":"index","follow":"follow","max-snippet":"max-snippet:-1","max-image-preview":"max-image-preview:large","max-video-preview":"max-video-preview:-1"},"canonical":"https:\/\/sandzakpress.net\/arhiva\/festival-islama-u-prijepolju-sreca-je-u-zajednistvu-i-bratskoj-suosjecajnosti\/","og_locale":"bs_BA","og_type":"article","og_title":"Festival islama u Prijepolju","og_description":"Prijepolje &#8211; Med\u017elis IZ-e Prijepolje u srijedu je bio doma\u0107in tre\u0107e ve\u010deri manifestacije \u201eFestival islama\u201c koju je pokrenuo Me\u0161ihat Islamske zajednice u saradnji sa Kulturnim centrom \u201eAltun alem\u201c, BKZ-om i CHR \u201eHajrat\u201c. Iftar za gra\u0111ane Prijepolja organizovan je na otvorenom ispred Vakufske kuhinje u Ha\u0161imbegovi\u0107a polju. Sahat vremena prije iftara u Ha\u0161imbegovi\u0107a polju se okupilo [&hellip;]","og_url":"https:\/\/sandzakpress.net\/arhiva\/festival-islama-u-prijepolju-sreca-je-u-zajednistvu-i-bratskoj-suosjecajnosti\/","og_site_name":"Sand\u017eak PRESS","article_published_time":"2011-08-11T12:48:52+00:00","article_modified_time":"2011-08-12T13:56:59+00:00","og_image":[{"width":600,"height":399,"url":"https:\/\/sandzakpress.net\/arhiva\/wp-content\/uploads\/2011\/08\/festival-islama-prijepolje-16.jpg","type":"image\/jpeg"}],"twitter_card":"summary_large_image","twitter_misc":{"Written by":"","Est. reading time":"5 minuta"},"schema":{"@context":"https:\/\/schema.org","@graph":[{"@type":"Article","@id":"https:\/\/sandzakpress.net\/arhiva\/festival-islama-u-prijepolju-sreca-je-u-zajednistvu-i-bratskoj-suosjecajnosti\/#article","isPartOf":{"@id":"https:\/\/sandzakpress.net\/arhiva\/festival-islama-u-prijepolju-sreca-je-u-zajednistvu-i-bratskoj-suosjecajnosti\/"},"author":{"name":"","@id":""},"headline":"Festival islama u Prijepolju","datePublished":"2011-08-11T12:48:52+00:00","dateModified":"2011-08-12T13:56:59+00:00","mainEntityOfPage":{"@id":"https:\/\/sandzakpress.net\/arhiva\/festival-islama-u-prijepolju-sreca-je-u-zajednistvu-i-bratskoj-suosjecajnosti\/"},"wordCount":941,"commentCount":3,"publisher":{"@id":"https:\/\/sandzakpress.net\/arhiva\/#\/schema\/person\/6e72b67d6e51910a1117b3b483ba20bd"},"image":{"@id":"https:\/\/sandzakpress.net\/arhiva\/festival-islama-u-prijepolju-sreca-je-u-zajednistvu-i-bratskoj-suosjecajnosti\/#primaryimage"},"thumbnailUrl":"https:\/\/sandzakpress.net\/arhiva\/wp-content\/uploads\/2011\/08\/festival-islama-prijepolje-16.jpg","articleSection":["Prijepolje","Islamska zajednica"],"inLanguage":"bs-BA","potentialAction":[{"@type":"CommentAction","name":"Comment","target":["https:\/\/sandzakpress.net\/arhiva\/festival-islama-u-prijepolju-sreca-je-u-zajednistvu-i-bratskoj-suosjecajnosti\/#respond"]}]},{"@type":"WebPage","@id":"https:\/\/sandzakpress.net\/arhiva\/festival-islama-u-prijepolju-sreca-je-u-zajednistvu-i-bratskoj-suosjecajnosti\/","url":"https:\/\/sandzakpress.net\/arhiva\/festival-islama-u-prijepolju-sreca-je-u-zajednistvu-i-bratskoj-suosjecajnosti\/","name":"Festival islama u Prijepolju","isPartOf":{"@id":"https:\/\/sandzakpress.net\/arhiva\/#website"},"primaryImageOfPage":{"@id":"https:\/\/sandzakpress.net\/arhiva\/festival-islama-u-prijepolju-sreca-je-u-zajednistvu-i-bratskoj-suosjecajnosti\/#primaryimage"},"image":{"@id":"https:\/\/sandzakpress.net\/arhiva\/festival-islama-u-prijepolju-sreca-je-u-zajednistvu-i-bratskoj-suosjecajnosti\/#primaryimage"},"thumbnailUrl":"https:\/\/sandzakpress.net\/arhiva\/wp-content\/uploads\/2011\/08\/festival-islama-prijepolje-16.jpg","datePublished":"2011-08-11T12:48:52+00:00","dateModified":"2011-08-12T13:56:59+00:00","breadcrumb":{"@id":"https:\/\/sandzakpress.net\/arhiva\/festival-islama-u-prijepolju-sreca-je-u-zajednistvu-i-bratskoj-suosjecajnosti\/#breadcrumb"},"inLanguage":"bs-BA","potentialAction":[{"@type":"ReadAction","target":["https:\/\/sandzakpress.net\/arhiva\/festival-islama-u-prijepolju-sreca-je-u-zajednistvu-i-bratskoj-suosjecajnosti\/"]}]},{"@type":"ImageObject","inLanguage":"bs-BA","@id":"https:\/\/sandzakpress.net\/arhiva\/festival-islama-u-prijepolju-sreca-je-u-zajednistvu-i-bratskoj-suosjecajnosti\/#primaryimage","url":"https:\/\/sandzakpress.net\/arhiva\/wp-content\/uploads\/2011\/08\/festival-islama-prijepolje-16.jpg","contentUrl":"https:\/\/sandzakpress.net\/arhiva\/wp-content\/uploads\/2011\/08\/festival-islama-prijepolje-16.jpg","width":600,"height":399},{"@type":"BreadcrumbList","@id":"https:\/\/sandzakpress.net\/arhiva\/festival-islama-u-prijepolju-sreca-je-u-zajednistvu-i-bratskoj-suosjecajnosti\/#breadcrumb","itemListElement":[{"@type":"ListItem","position":1,"name":"Home","item":"https:\/\/sandzakpress.net\/arhiva\/"},{"@type":"ListItem","position":2,"name":"Festival islama u Prijepolju"}]},{"@type":"WebSite","@id":"https:\/\/sandzakpress.net\/arhiva\/#website","url":"https:\/\/sandzakpress.net\/arhiva\/","name":"Sand\u017eak PRESS","description":"Prve elektronske novine u Sand\u017eaku","publisher":{"@id":"https:\/\/sandzakpress.net\/arhiva\/#\/schema\/person\/6e72b67d6e51910a1117b3b483ba20bd"},"potentialAction":[{"@type":"SearchAction","target":{"@type":"EntryPoint","urlTemplate":"https:\/\/sandzakpress.net\/arhiva\/?s={search_term_string}"},"query-input":{"@type":"PropertyValueSpecification","valueRequired":true,"valueName":"search_term_string"}}],"inLanguage":"bs-BA"},{"@type":["Person","Organization"],"@id":"https:\/\/sandzakpress.net\/arhiva\/#\/schema\/person\/6e72b67d6e51910a1117b3b483ba20bd","name":"Kul","image":{"@type":"ImageObject","inLanguage":"bs-BA","@id":"https:\/\/sandzakpress.net\/arhiva\/#\/schema\/person\/image\/","url":"https:\/\/secure.gravatar.com\/avatar\/42263f39aa27ac04c43cab85c280eb2e?s=96&d=mm&r=pg","contentUrl":"https:\/\/secure.gravatar.com\/avatar\/42263f39aa27ac04c43cab85c280eb2e?s=96&d=mm&r=pg","caption":"Kul"},"logo":{"@id":"https:\/\/sandzakpress.net\/arhiva\/#\/schema\/person\/image\/"}},{"@type":"Person","@id":"","url":"https:\/\/sandzakpress.net\/arhiva\/author\/"}]}},"_links":{"self":[{"href":"https:\/\/sandzakpress.net\/arhiva\/wp-json\/wp\/v2\/posts\/18773"}],"collection":[{"href":"https:\/\/sandzakpress.net\/arhiva\/wp-json\/wp\/v2\/posts"}],"about":[{"href":"https:\/\/sandzakpress.net\/arhiva\/wp-json\/wp\/v2\/types\/post"}],"author":[{"embeddable":true,"href":"https:\/\/sandzakpress.net\/arhiva\/wp-json\/wp\/v2\/users\/13"}],"replies":[{"embeddable":true,"href":"https:\/\/sandzakpress.net\/arhiva\/wp-json\/wp\/v2\/comments?post=18773"}],"version-history":[{"count":0,"href":"https:\/\/sandzakpress.net\/arhiva\/wp-json\/wp\/v2\/posts\/18773\/revisions"}],"wp:featuredmedia":[{"embeddable":true,"href":"https:\/\/sandzakpress.net\/arhiva\/wp-json\/wp\/v2\/media\/18774"}],"wp:attachment":[{"href":"https:\/\/sandzakpress.net\/arhiva\/wp-json\/wp\/v2\/media?parent=18773"}],"wp:term":[{"taxonomy":"category","embeddable":true,"href":"https:\/\/sandzakpress.net\/arhiva\/wp-json\/wp\/v2\/categories?post=18773"},{"taxonomy":"post_tag","embeddable":true,"href":"https:\/\/sandzakpress.net\/arhiva\/wp-json\/wp\/v2\/tags?post=18773"}],"curies":[{"name":"wp","href":"https:\/\/api.w.org\/{rel}","templated":true}]}}