{"id":1876,"date":"2010-02-01T15:04:59","date_gmt":"2010-02-01T14:04:59","guid":{"rendered":"https:\/\/sandzakpress.net\/arhiva\/?p=1876"},"modified":"2010-02-01T15:04:59","modified_gmt":"2010-02-01T14:04:59","slug":"veci-dio-grada-na-adresi-nova-b-b","status":"publish","type":"post","link":"https:\/\/sandzakpress.net\/arhiva\/veci-dio-grada-na-adresi-nova-b-b\/","title":{"rendered":"Ve\u0107i dio grada na adresi Nova b.b."},"content":{"rendered":"<p><strong><a href=\"https:\/\/sandzakpress.net\/arhiva\/wp-content\/uploads\/2010\/02\/Dzamija-Sjenica1.jpg\"><img loading=\"lazy\" decoding=\"async\" class=\"alignleft size-medium wp-image-1877\" title=\"Dzamija-Sjenica1\" src=\"https:\/\/sandzakpress.net\/arhiva\/wp-content\/uploads\/2010\/02\/Dzamija-Sjenica1-300x205.jpg\" alt=\"\" width=\"300\" height=\"205\" \/><\/a>Sjenica &#8211; Uvidjev\u0161i probleme u vezi s nazivom ulica u Sjenici, gdje je ve\u0107i deo grada na adresi Nova b.b, samo jedna ulica nosi \u017eensko ime i evidentne su brojne druge nelogi\u010dnosti, mladi aktivisti sjeni\u010dke NVO \u201eFlores\u201c inicirali su i organizovali javnu debatu o toj temi. Skup koji je okupio predstavnike vlasti, razli\u010ditih politi\u010dkih stranaka i gra\u0111ane Sjenice je organizovan u saradnji sa Grupom 484 u okviru projekta \u201eNe prolazi ulicom bez traga\u201c koji podr\u017eava Evropska komisija u Srbiji.<\/strong><\/p>\n<p>U prisustvu razli\u010ditih dru\u0161tveno politi\u010dkih struktura, prvi put na ovakav na\u010din, otvoreno i javno, razmatrana su pitanja da li u davanju naziva ulicama treba dati prednost znamenitim li\u010dnostima iz sjeni\u010dkog kraja ili iz svjetske historije; imenima nau\u010dnika i umjetnika ili vojskovo\u0111a i politi\u010dara i sli\u010dno. Osim \u0161to su se mogli \u010duti veoma zanimljivi i konstruktivni prijedlozi, to je bila i prilika da nadle\u017ena Op\u0161tinska komisija informi\u0161e gra\u0111ane o onome \u0161to je dosad ura\u0111eno na tom planu. S obzirom na iskazane principe rada ove komisije, mo\u017ee se zaklju\u010diti da bi Sjenica uskoro trebalo da dobije novu \u0161emu naziva gradskih ulica, koja \u0107e promovisati prave vrijednosti lokalne zajednice, uva\u017eavaju\u0107i razli\u010ditosti i duh zajedni\u0161tva u skladu sa mirnodopskim principima. &#8211; Bilo je zanimljivih prijedloga ali mogu re\u0107i da smo mi ve\u0107inu tih prijedloga ve\u0107 razmatrali. Ipak, vjerujem da \u0107e ova debata doprinijeti da br\u017ee i kvalitetnije odradimo preostali dio posla. Tako\u0111er, debata je, rekao bih i neka vrsta pozitivnog pritiska na nas od strane nevladinog sektora &#8211; izjavio je Fadil Mahmutovi\u0107, \u010dlan Op\u0161tinske komisije za promjenu naziva ulicama u Sjenici.<\/p>\n<p>On je tako\u0111er istakao da aktuelna komisija \u201euspje\u0161no radi veoma va\u017ean i osjetljiv posao, koji prethodne komisije nikada nisu uspele da zavr\u0161e do kraja\u201c.<\/p>\n<p>Izvor: <strong>Danas.rs\/Dodaci\/Sandzak<\/strong><\/p>\n","protected":false},"excerpt":{"rendered":"<p>Sjenica &#8211; Uvidjev\u0161i probleme u vezi s nazivom ulica u Sjenici, gdje je ve\u0107i deo grada na adresi Nova b.b, samo jedna ulica nosi \u017eensko ime i evidentne su brojne druge nelogi\u010dnosti, mladi aktivisti sjeni\u010dke NVO \u201eFlores\u201c inicirali su i organizovali javnu debatu o toj temi. Skup koji je okupio predstavnike vlasti, razli\u010ditih politi\u010dkih stranaka [&hellip;]<\/p>\n","protected":false},"author":83,"featured_media":1877,"comment_status":"open","ping_status":"open","sticky":false,"template":"","format":"standard","meta":{"footnotes":""},"categories":[1],"tags":[],"class_list":{"0":"post-1876","1":"post","2":"type-post","3":"status-publish","4":"format-standard","5":"has-post-thumbnail","7":"category-politika"},"yoast_head":"<!-- This site is optimized with the Yoast SEO Premium plugin v23.1 (Yoast SEO v24.9) - https:\/\/yoast.com\/wordpress\/plugins\/seo\/ -->\n<title>Ve\u0107i dio grada na adresi Nova b.b.<\/title>\n<meta name=\"robots\" content=\"index, follow, max-snippet:-1, max-image-preview:large, max-video-preview:-1\" \/>\n<link rel=\"canonical\" href=\"https:\/\/sandzakpress.net\/arhiva\/veci-dio-grada-na-adresi-nova-b-b\/\" \/>\n<meta property=\"og:locale\" content=\"bs_BA\" \/>\n<meta property=\"og:type\" content=\"article\" \/>\n<meta property=\"og:title\" content=\"Ve\u0107i dio grada na adresi Nova b.b.\" \/>\n<meta property=\"og:description\" content=\"Sjenica &#8211; Uvidjev\u0161i probleme u vezi s nazivom ulica u Sjenici, gdje je ve\u0107i deo grada na adresi Nova b.b, samo jedna ulica nosi \u017eensko ime i evidentne su brojne druge nelogi\u010dnosti, mladi aktivisti sjeni\u010dke NVO \u201eFlores\u201c inicirali su i organizovali javnu debatu o toj temi. Skup koji je okupio predstavnike vlasti, razli\u010ditih politi\u010dkih stranaka [&hellip;]\" \/>\n<meta property=\"og:url\" content=\"https:\/\/sandzakpress.net\/arhiva\/veci-dio-grada-na-adresi-nova-b-b\/\" \/>\n<meta property=\"og:site_name\" content=\"Sand\u017eak PRESS\" \/>\n<meta property=\"article:published_time\" content=\"2010-02-01T14:04:59+00:00\" \/>\n<meta property=\"og:image\" content=\"https:\/\/sandzakpress.net\/arhiva\/wp-content\/uploads\/2010\/02\/Dzamija-Sjenica1.jpg\" \/>\n\t<meta property=\"og:image:width\" content=\"492\" \/>\n\t<meta property=\"og:image:height\" content=\"337\" \/>\n\t<meta property=\"og:image:type\" content=\"image\/jpeg\" \/>\n<meta name=\"author\" content=\"bosniak\" \/>\n<meta name=\"twitter:card\" content=\"summary_large_image\" \/>\n<meta name=\"twitter:label1\" content=\"Written by\" \/>\n\t<meta name=\"twitter:data1\" content=\"bosniak\" \/>\n\t<meta name=\"twitter:label2\" content=\"Est. reading time\" \/>\n\t<meta name=\"twitter:data2\" content=\"2 minute\" \/>\n<script type=\"application\/ld+json\" class=\"yoast-schema-graph\">{\"@context\":\"https:\/\/schema.org\",\"@graph\":[{\"@type\":\"Article\",\"@id\":\"https:\/\/sandzakpress.net\/arhiva\/veci-dio-grada-na-adresi-nova-b-b\/#article\",\"isPartOf\":{\"@id\":\"https:\/\/sandzakpress.net\/arhiva\/veci-dio-grada-na-adresi-nova-b-b\/\"},\"author\":{\"name\":\"bosniak\",\"@id\":\"https:\/\/sandzakpress.net\/arhiva\/#\/schema\/person\/c8baee722073534b583ea7bdb2e36c02\"},\"headline\":\"Ve\u0107i dio grada na adresi Nova b.b.\",\"datePublished\":\"2010-02-01T14:04:59+00:00\",\"mainEntityOfPage\":{\"@id\":\"https:\/\/sandzakpress.net\/arhiva\/veci-dio-grada-na-adresi-nova-b-b\/\"},\"wordCount\":332,\"commentCount\":0,\"publisher\":{\"@id\":\"https:\/\/sandzakpress.net\/arhiva\/#\/schema\/person\/6e72b67d6e51910a1117b3b483ba20bd\"},\"image\":{\"@id\":\"https:\/\/sandzakpress.net\/arhiva\/veci-dio-grada-na-adresi-nova-b-b\/#primaryimage\"},\"thumbnailUrl\":\"https:\/\/sandzakpress.net\/arhiva\/wp-content\/uploads\/2010\/02\/Dzamija-Sjenica1.jpg\",\"articleSection\":[\"Politika\"],\"inLanguage\":\"bs-BA\",\"potentialAction\":[{\"@type\":\"CommentAction\",\"name\":\"Comment\",\"target\":[\"https:\/\/sandzakpress.net\/arhiva\/veci-dio-grada-na-adresi-nova-b-b\/#respond\"]}]},{\"@type\":\"WebPage\",\"@id\":\"https:\/\/sandzakpress.net\/arhiva\/veci-dio-grada-na-adresi-nova-b-b\/\",\"url\":\"https:\/\/sandzakpress.net\/arhiva\/veci-dio-grada-na-adresi-nova-b-b\/\",\"name\":\"Ve\u0107i dio grada na adresi Nova b.b.\",\"isPartOf\":{\"@id\":\"https:\/\/sandzakpress.net\/arhiva\/#website\"},\"primaryImageOfPage\":{\"@id\":\"https:\/\/sandzakpress.net\/arhiva\/veci-dio-grada-na-adresi-nova-b-b\/#primaryimage\"},\"image\":{\"@id\":\"https:\/\/sandzakpress.net\/arhiva\/veci-dio-grada-na-adresi-nova-b-b\/#primaryimage\"},\"thumbnailUrl\":\"https:\/\/sandzakpress.net\/arhiva\/wp-content\/uploads\/2010\/02\/Dzamija-Sjenica1.jpg\",\"datePublished\":\"2010-02-01T14:04:59+00:00\",\"breadcrumb\":{\"@id\":\"https:\/\/sandzakpress.net\/arhiva\/veci-dio-grada-na-adresi-nova-b-b\/#breadcrumb\"},\"inLanguage\":\"bs-BA\",\"potentialAction\":[{\"@type\":\"ReadAction\",\"target\":[\"https:\/\/sandzakpress.net\/arhiva\/veci-dio-grada-na-adresi-nova-b-b\/\"]}]},{\"@type\":\"ImageObject\",\"inLanguage\":\"bs-BA\",\"@id\":\"https:\/\/sandzakpress.net\/arhiva\/veci-dio-grada-na-adresi-nova-b-b\/#primaryimage\",\"url\":\"https:\/\/sandzakpress.net\/arhiva\/wp-content\/uploads\/2010\/02\/Dzamija-Sjenica1.jpg\",\"contentUrl\":\"https:\/\/sandzakpress.net\/arhiva\/wp-content\/uploads\/2010\/02\/Dzamija-Sjenica1.jpg\",\"width\":492,\"height\":337},{\"@type\":\"BreadcrumbList\",\"@id\":\"https:\/\/sandzakpress.net\/arhiva\/veci-dio-grada-na-adresi-nova-b-b\/#breadcrumb\",\"itemListElement\":[{\"@type\":\"ListItem\",\"position\":1,\"name\":\"Home\",\"item\":\"https:\/\/sandzakpress.net\/arhiva\/\"},{\"@type\":\"ListItem\",\"position\":2,\"name\":\"Ve\u0107i dio grada na adresi Nova b.b.\"}]},{\"@type\":\"WebSite\",\"@id\":\"https:\/\/sandzakpress.net\/arhiva\/#website\",\"url\":\"https:\/\/sandzakpress.net\/arhiva\/\",\"name\":\"Sand\u017eak PRESS\",\"description\":\"Prve elektronske novine u Sand\u017eaku\",\"publisher\":{\"@id\":\"https:\/\/sandzakpress.net\/arhiva\/#\/schema\/person\/6e72b67d6e51910a1117b3b483ba20bd\"},\"potentialAction\":[{\"@type\":\"SearchAction\",\"target\":{\"@type\":\"EntryPoint\",\"urlTemplate\":\"https:\/\/sandzakpress.net\/arhiva\/?s={search_term_string}\"},\"query-input\":{\"@type\":\"PropertyValueSpecification\",\"valueRequired\":true,\"valueName\":\"search_term_string\"}}],\"inLanguage\":\"bs-BA\"},{\"@type\":[\"Person\",\"Organization\"],\"@id\":\"https:\/\/sandzakpress.net\/arhiva\/#\/schema\/person\/6e72b67d6e51910a1117b3b483ba20bd\",\"name\":\"Kul\",\"image\":{\"@type\":\"ImageObject\",\"inLanguage\":\"bs-BA\",\"@id\":\"https:\/\/sandzakpress.net\/arhiva\/#\/schema\/person\/image\/\",\"url\":\"https:\/\/secure.gravatar.com\/avatar\/42263f39aa27ac04c43cab85c280eb2e?s=96&d=mm&r=pg\",\"contentUrl\":\"https:\/\/secure.gravatar.com\/avatar\/42263f39aa27ac04c43cab85c280eb2e?s=96&d=mm&r=pg\",\"caption\":\"Kul\"},\"logo\":{\"@id\":\"https:\/\/sandzakpress.net\/arhiva\/#\/schema\/person\/image\/\"}},{\"@type\":\"Person\",\"@id\":\"https:\/\/sandzakpress.net\/arhiva\/#\/schema\/person\/c8baee722073534b583ea7bdb2e36c02\",\"name\":\"bosniak\",\"image\":{\"@type\":\"ImageObject\",\"inLanguage\":\"bs-BA\",\"@id\":\"https:\/\/sandzakpress.net\/arhiva\/#\/schema\/person\/image\/\",\"url\":\"https:\/\/secure.gravatar.com\/avatar\/a04fd330bfe3a36a72a0ad4a6d89fca7?s=96&d=mm&r=pg\",\"contentUrl\":\"https:\/\/secure.gravatar.com\/avatar\/a04fd330bfe3a36a72a0ad4a6d89fca7?s=96&d=mm&r=pg\",\"caption\":\"bosniak\"},\"url\":\"https:\/\/sandzakpress.net\/arhiva\/author\/bosniak\/\"}]}<\/script>\n<!-- \/ Yoast SEO Premium plugin. -->","yoast_head_json":{"title":"Ve\u0107i dio grada na adresi Nova b.b.","robots":{"index":"index","follow":"follow","max-snippet":"max-snippet:-1","max-image-preview":"max-image-preview:large","max-video-preview":"max-video-preview:-1"},"canonical":"https:\/\/sandzakpress.net\/arhiva\/veci-dio-grada-na-adresi-nova-b-b\/","og_locale":"bs_BA","og_type":"article","og_title":"Ve\u0107i dio grada na adresi Nova b.b.","og_description":"Sjenica &#8211; Uvidjev\u0161i probleme u vezi s nazivom ulica u Sjenici, gdje je ve\u0107i deo grada na adresi Nova b.b, samo jedna ulica nosi \u017eensko ime i evidentne su brojne druge nelogi\u010dnosti, mladi aktivisti sjeni\u010dke NVO \u201eFlores\u201c inicirali su i organizovali javnu debatu o toj temi. Skup koji je okupio predstavnike vlasti, razli\u010ditih politi\u010dkih stranaka [&hellip;]","og_url":"https:\/\/sandzakpress.net\/arhiva\/veci-dio-grada-na-adresi-nova-b-b\/","og_site_name":"Sand\u017eak PRESS","article_published_time":"2010-02-01T14:04:59+00:00","og_image":[{"width":492,"height":337,"url":"https:\/\/sandzakpress.net\/arhiva\/wp-content\/uploads\/2010\/02\/Dzamija-Sjenica1.jpg","type":"image\/jpeg"}],"author":"bosniak","twitter_card":"summary_large_image","twitter_misc":{"Written by":"bosniak","Est. reading time":"2 minute"},"schema":{"@context":"https:\/\/schema.org","@graph":[{"@type":"Article","@id":"https:\/\/sandzakpress.net\/arhiva\/veci-dio-grada-na-adresi-nova-b-b\/#article","isPartOf":{"@id":"https:\/\/sandzakpress.net\/arhiva\/veci-dio-grada-na-adresi-nova-b-b\/"},"author":{"name":"bosniak","@id":"https:\/\/sandzakpress.net\/arhiva\/#\/schema\/person\/c8baee722073534b583ea7bdb2e36c02"},"headline":"Ve\u0107i dio grada na adresi Nova b.b.","datePublished":"2010-02-01T14:04:59+00:00","mainEntityOfPage":{"@id":"https:\/\/sandzakpress.net\/arhiva\/veci-dio-grada-na-adresi-nova-b-b\/"},"wordCount":332,"commentCount":0,"publisher":{"@id":"https:\/\/sandzakpress.net\/arhiva\/#\/schema\/person\/6e72b67d6e51910a1117b3b483ba20bd"},"image":{"@id":"https:\/\/sandzakpress.net\/arhiva\/veci-dio-grada-na-adresi-nova-b-b\/#primaryimage"},"thumbnailUrl":"https:\/\/sandzakpress.net\/arhiva\/wp-content\/uploads\/2010\/02\/Dzamija-Sjenica1.jpg","articleSection":["Politika"],"inLanguage":"bs-BA","potentialAction":[{"@type":"CommentAction","name":"Comment","target":["https:\/\/sandzakpress.net\/arhiva\/veci-dio-grada-na-adresi-nova-b-b\/#respond"]}]},{"@type":"WebPage","@id":"https:\/\/sandzakpress.net\/arhiva\/veci-dio-grada-na-adresi-nova-b-b\/","url":"https:\/\/sandzakpress.net\/arhiva\/veci-dio-grada-na-adresi-nova-b-b\/","name":"Ve\u0107i dio grada na adresi Nova b.b.","isPartOf":{"@id":"https:\/\/sandzakpress.net\/arhiva\/#website"},"primaryImageOfPage":{"@id":"https:\/\/sandzakpress.net\/arhiva\/veci-dio-grada-na-adresi-nova-b-b\/#primaryimage"},"image":{"@id":"https:\/\/sandzakpress.net\/arhiva\/veci-dio-grada-na-adresi-nova-b-b\/#primaryimage"},"thumbnailUrl":"https:\/\/sandzakpress.net\/arhiva\/wp-content\/uploads\/2010\/02\/Dzamija-Sjenica1.jpg","datePublished":"2010-02-01T14:04:59+00:00","breadcrumb":{"@id":"https:\/\/sandzakpress.net\/arhiva\/veci-dio-grada-na-adresi-nova-b-b\/#breadcrumb"},"inLanguage":"bs-BA","potentialAction":[{"@type":"ReadAction","target":["https:\/\/sandzakpress.net\/arhiva\/veci-dio-grada-na-adresi-nova-b-b\/"]}]},{"@type":"ImageObject","inLanguage":"bs-BA","@id":"https:\/\/sandzakpress.net\/arhiva\/veci-dio-grada-na-adresi-nova-b-b\/#primaryimage","url":"https:\/\/sandzakpress.net\/arhiva\/wp-content\/uploads\/2010\/02\/Dzamija-Sjenica1.jpg","contentUrl":"https:\/\/sandzakpress.net\/arhiva\/wp-content\/uploads\/2010\/02\/Dzamija-Sjenica1.jpg","width":492,"height":337},{"@type":"BreadcrumbList","@id":"https:\/\/sandzakpress.net\/arhiva\/veci-dio-grada-na-adresi-nova-b-b\/#breadcrumb","itemListElement":[{"@type":"ListItem","position":1,"name":"Home","item":"https:\/\/sandzakpress.net\/arhiva\/"},{"@type":"ListItem","position":2,"name":"Ve\u0107i dio grada na adresi Nova b.b."}]},{"@type":"WebSite","@id":"https:\/\/sandzakpress.net\/arhiva\/#website","url":"https:\/\/sandzakpress.net\/arhiva\/","name":"Sand\u017eak PRESS","description":"Prve elektronske novine u Sand\u017eaku","publisher":{"@id":"https:\/\/sandzakpress.net\/arhiva\/#\/schema\/person\/6e72b67d6e51910a1117b3b483ba20bd"},"potentialAction":[{"@type":"SearchAction","target":{"@type":"EntryPoint","urlTemplate":"https:\/\/sandzakpress.net\/arhiva\/?s={search_term_string}"},"query-input":{"@type":"PropertyValueSpecification","valueRequired":true,"valueName":"search_term_string"}}],"inLanguage":"bs-BA"},{"@type":["Person","Organization"],"@id":"https:\/\/sandzakpress.net\/arhiva\/#\/schema\/person\/6e72b67d6e51910a1117b3b483ba20bd","name":"Kul","image":{"@type":"ImageObject","inLanguage":"bs-BA","@id":"https:\/\/sandzakpress.net\/arhiva\/#\/schema\/person\/image\/","url":"https:\/\/secure.gravatar.com\/avatar\/42263f39aa27ac04c43cab85c280eb2e?s=96&d=mm&r=pg","contentUrl":"https:\/\/secure.gravatar.com\/avatar\/42263f39aa27ac04c43cab85c280eb2e?s=96&d=mm&r=pg","caption":"Kul"},"logo":{"@id":"https:\/\/sandzakpress.net\/arhiva\/#\/schema\/person\/image\/"}},{"@type":"Person","@id":"https:\/\/sandzakpress.net\/arhiva\/#\/schema\/person\/c8baee722073534b583ea7bdb2e36c02","name":"bosniak","image":{"@type":"ImageObject","inLanguage":"bs-BA","@id":"https:\/\/sandzakpress.net\/arhiva\/#\/schema\/person\/image\/","url":"https:\/\/secure.gravatar.com\/avatar\/a04fd330bfe3a36a72a0ad4a6d89fca7?s=96&d=mm&r=pg","contentUrl":"https:\/\/secure.gravatar.com\/avatar\/a04fd330bfe3a36a72a0ad4a6d89fca7?s=96&d=mm&r=pg","caption":"bosniak"},"url":"https:\/\/sandzakpress.net\/arhiva\/author\/bosniak\/"}]}},"_links":{"self":[{"href":"https:\/\/sandzakpress.net\/arhiva\/wp-json\/wp\/v2\/posts\/1876"}],"collection":[{"href":"https:\/\/sandzakpress.net\/arhiva\/wp-json\/wp\/v2\/posts"}],"about":[{"href":"https:\/\/sandzakpress.net\/arhiva\/wp-json\/wp\/v2\/types\/post"}],"author":[{"embeddable":true,"href":"https:\/\/sandzakpress.net\/arhiva\/wp-json\/wp\/v2\/users\/83"}],"replies":[{"embeddable":true,"href":"https:\/\/sandzakpress.net\/arhiva\/wp-json\/wp\/v2\/comments?post=1876"}],"version-history":[{"count":0,"href":"https:\/\/sandzakpress.net\/arhiva\/wp-json\/wp\/v2\/posts\/1876\/revisions"}],"wp:featuredmedia":[{"embeddable":true,"href":"https:\/\/sandzakpress.net\/arhiva\/wp-json\/wp\/v2\/media\/1877"}],"wp:attachment":[{"href":"https:\/\/sandzakpress.net\/arhiva\/wp-json\/wp\/v2\/media?parent=1876"}],"wp:term":[{"taxonomy":"category","embeddable":true,"href":"https:\/\/sandzakpress.net\/arhiva\/wp-json\/wp\/v2\/categories?post=1876"},{"taxonomy":"post_tag","embeddable":true,"href":"https:\/\/sandzakpress.net\/arhiva\/wp-json\/wp\/v2\/tags?post=1876"}],"curies":[{"name":"wp","href":"https:\/\/api.w.org\/{rel}","templated":true}]}}