{"id":186742,"date":"2017-05-13T10:13:53","date_gmt":"2017-05-13T08:13:53","guid":{"rendered":"https:\/\/sandzakpress.net\/arhiva\/?p=186742"},"modified":"2017-05-13T10:16:32","modified_gmt":"2017-05-13T08:16:32","slug":"sandzacki-studenti-u-medini-prvaci-u-takmicenju-iz-kurana","status":"publish","type":"post","link":"https:\/\/sandzakpress.net\/arhiva\/sandzacki-studenti-u-medini-prvaci-u-takmicenju-iz-kurana\/","title":{"rendered":"Sand\u017ea\u010dki studenti u Medini prvaci u takmi\u010denju iz Kur'ana"},"content":{"rendered":"<figure id=\"attachment_626\" class=\"wp-caption aligncenter\"><img loading=\"lazy\" decoding=\"async\" class=\"wp-image-626 size-large td-animation-stack-type1-2\" src=\"http:\/\/usbium.com\/wp-content\/uploads\/2017\/05\/IMG-20170512-WA0027-1024x683.jpg\" sizes=\"(max-width: 640px) 100vw, 640px\" srcset=\"http:\/\/usbium.com\/wp-content\/uploads\/2017\/05\/IMG-20170512-WA0027-1024x683.jpg 1024w, http:\/\/usbium.com\/wp-content\/uploads\/2017\/05\/IMG-20170512-WA0027-300x200.jpg 300w, http:\/\/usbium.com\/wp-content\/uploads\/2017\/05\/IMG-20170512-WA0027-768x512.jpg 768w, http:\/\/usbium.com\/wp-content\/uploads\/2017\/05\/IMG-20170512-WA0027-696x464.jpg 696w, http:\/\/usbium.com\/wp-content\/uploads\/2017\/05\/IMG-20170512-WA0027-1068x712.jpg 1068w, http:\/\/usbium.com\/wp-content\/uploads\/2017\/05\/IMG-20170512-WA0027-630x420.jpg 630w, http:\/\/usbium.com\/wp-content\/uploads\/2017\/05\/IMG-20170512-WA0027.jpg 1200w\" alt=\"Enver \u0160acirovi\u0107, 3. mjesto u kategoriji 3 d\u017euza\" width=\"640\" height=\"427\" \/><\/figure>\n<figure id=\"attachment_626\" class=\"wp-caption aligncenter\">Enver \u0160acirovi\u0107, 3. mjesto u kategoriji 3 d\u017euza<\/figure>\n<figure id=\"attachment_627\" class=\"wp-caption aligncenter\"><img loading=\"lazy\" decoding=\"async\" class=\"size-large wp-image-627 td-animation-stack-type1-2\" src=\"http:\/\/usbium.com\/wp-content\/uploads\/2017\/05\/IMG-20170512-WA0026-1024x683.jpg\" sizes=\"(max-width: 640px) 100vw, 640px\" srcset=\"http:\/\/usbium.com\/wp-content\/uploads\/2017\/05\/IMG-20170512-WA0026-1024x683.jpg 1024w, http:\/\/usbium.com\/wp-content\/uploads\/2017\/05\/IMG-20170512-WA0026-300x200.jpg 300w, http:\/\/usbium.com\/wp-content\/uploads\/2017\/05\/IMG-20170512-WA0026-768x512.jpg 768w, http:\/\/usbium.com\/wp-content\/uploads\/2017\/05\/IMG-20170512-WA0026-696x464.jpg 696w, http:\/\/usbium.com\/wp-content\/uploads\/2017\/05\/IMG-20170512-WA0026-1068x712.jpg 1068w, http:\/\/usbium.com\/wp-content\/uploads\/2017\/05\/IMG-20170512-WA0026-630x420.jpg 630w, http:\/\/usbium.com\/wp-content\/uploads\/2017\/05\/IMG-20170512-WA0026.jpg 1200w\" alt=\"\" width=\"640\" height=\"427\" \/><\/figure>\n<figure id=\"attachment_627\" class=\"wp-caption aligncenter\">Mervan Bihorac, 2. mjesto u kategoriji 3 d\u017euza<\/figure>\n<figure id=\"attachment_628\" class=\"wp-caption aligncenter\"><img loading=\"lazy\" decoding=\"async\" class=\"size-large wp-image-628 td-animation-stack-type1-2\" src=\"http:\/\/usbium.com\/wp-content\/uploads\/2017\/05\/IMG-20170512-WA0025-1024x683.jpg\" sizes=\"(max-width: 640px) 100vw, 640px\" srcset=\"http:\/\/usbium.com\/wp-content\/uploads\/2017\/05\/IMG-20170512-WA0025-1024x683.jpg 1024w, http:\/\/usbium.com\/wp-content\/uploads\/2017\/05\/IMG-20170512-WA0025-300x200.jpg 300w, http:\/\/usbium.com\/wp-content\/uploads\/2017\/05\/IMG-20170512-WA0025-768x512.jpg 768w, http:\/\/usbium.com\/wp-content\/uploads\/2017\/05\/IMG-20170512-WA0025-696x464.jpg 696w, http:\/\/usbium.com\/wp-content\/uploads\/2017\/05\/IMG-20170512-WA0025-1068x712.jpg 1068w, http:\/\/usbium.com\/wp-content\/uploads\/2017\/05\/IMG-20170512-WA0025-630x420.jpg 630w, http:\/\/usbium.com\/wp-content\/uploads\/2017\/05\/IMG-20170512-WA0025.jpg 1200w\" alt=\"\" width=\"640\" height=\"427\" \/><\/figure>\n<p style=\"text-align: center;\">Emir Perenda, 1. mjesto u kategoriji 3 d\u017euza<\/p>\n<figure id=\"attachment_629\" class=\"wp-caption aligncenter\"><img loading=\"lazy\" decoding=\"async\" class=\"size-large wp-image-629 td-animation-stack-type1-2\" src=\"http:\/\/usbium.com\/wp-content\/uploads\/2017\/05\/IMG-20170512-WA0024-1024x683.jpg\" sizes=\"(max-width: 640px) 100vw, 640px\" srcset=\"http:\/\/usbium.com\/wp-content\/uploads\/2017\/05\/IMG-20170512-WA0024-1024x683.jpg 1024w, http:\/\/usbium.com\/wp-content\/uploads\/2017\/05\/IMG-20170512-WA0024-300x200.jpg 300w, http:\/\/usbium.com\/wp-content\/uploads\/2017\/05\/IMG-20170512-WA0024-768x512.jpg 768w, http:\/\/usbium.com\/wp-content\/uploads\/2017\/05\/IMG-20170512-WA0024-696x464.jpg 696w, http:\/\/usbium.com\/wp-content\/uploads\/2017\/05\/IMG-20170512-WA0024-1068x712.jpg 1068w, http:\/\/usbium.com\/wp-content\/uploads\/2017\/05\/IMG-20170512-WA0024-630x420.jpg 630w, http:\/\/usbium.com\/wp-content\/uploads\/2017\/05\/IMG-20170512-WA0024.jpg 1200w\" alt=\"\" width=\"640\" height=\"427\" \/><\/figure>\n<p style=\"text-align: center;\">Ammar Nuhambasi\u0107, 1. mjesto u kategoriji 5 d\u017euzeva<\/p>\n<figure id=\"attachment_630\" class=\"wp-caption aligncenter td-modal-image\"><img loading=\"lazy\" decoding=\"async\" class=\"wp-image-630 size-large td-animation-stack-type1-2\" src=\"http:\/\/usbium.com\/wp-content\/uploads\/2017\/05\/IMG-20170512-WA0023-1024x683.jpg\" sizes=\"(max-width: 640px) 100vw, 640px\" srcset=\"http:\/\/usbium.com\/wp-content\/uploads\/2017\/05\/IMG-20170512-WA0023-1024x683.jpg 1024w, http:\/\/usbium.com\/wp-content\/uploads\/2017\/05\/IMG-20170512-WA0023-300x200.jpg 300w, http:\/\/usbium.com\/wp-content\/uploads\/2017\/05\/IMG-20170512-WA0023-768x512.jpg 768w, http:\/\/usbium.com\/wp-content\/uploads\/2017\/05\/IMG-20170512-WA0023-696x464.jpg 696w, http:\/\/usbium.com\/wp-content\/uploads\/2017\/05\/IMG-20170512-WA0023-1068x712.jpg 1068w, http:\/\/usbium.com\/wp-content\/uploads\/2017\/05\/IMG-20170512-WA0023-630x420.jpg 630w, http:\/\/usbium.com\/wp-content\/uploads\/2017\/05\/IMG-20170512-WA0023.jpg 1200w\" alt=\"\" width=\"640\" height=\"427\" \/><\/figure>\n<p>Muhammed Selmani, 2. mjesto u kategoriji 10 d\u017euzeva<\/p>\n<figure id=\"attachment_631\" class=\"wp-caption aligncenter\"><img loading=\"lazy\" decoding=\"async\" class=\"size-large wp-image-631 td-animation-stack-type1-2\" src=\"http:\/\/usbium.com\/wp-content\/uploads\/2017\/05\/IMG-20170512-WA0022-1024x683.jpg\" sizes=\"(max-width: 640px) 100vw, 640px\" srcset=\"http:\/\/usbium.com\/wp-content\/uploads\/2017\/05\/IMG-20170512-WA0022-1024x683.jpg 1024w, http:\/\/usbium.com\/wp-content\/uploads\/2017\/05\/IMG-20170512-WA0022-300x200.jpg 300w, http:\/\/usbium.com\/wp-content\/uploads\/2017\/05\/IMG-20170512-WA0022-768x512.jpg 768w, http:\/\/usbium.com\/wp-content\/uploads\/2017\/05\/IMG-20170512-WA0022-696x464.jpg 696w, http:\/\/usbium.com\/wp-content\/uploads\/2017\/05\/IMG-20170512-WA0022-1068x712.jpg 1068w, http:\/\/usbium.com\/wp-content\/uploads\/2017\/05\/IMG-20170512-WA0022-630x420.jpg 630w, http:\/\/usbium.com\/wp-content\/uploads\/2017\/05\/IMG-20170512-WA0022.jpg 1200w\" alt=\"\" width=\"640\" height=\"427\" \/><\/figure>\n<p>Sabahudin Jerebi\u010danin, 1. mjesto u kategoriji 10 d\u017euzeva<\/p>\n<p>Ve\u010deras smo bili ponosni na na\u0161e studente, jer su na takmi\u010denju iz hifza Kur\u2019ana u Medini iz sve tri kategorije uzeli PRVO mjesto. Ma\u0161allah!<\/p>\n<p>Hfz. Sabahudin Jerebi\u010danin, na\u0161 prvi magistrant na fakultetu Kur\u2019ana, je osvojio prvo mjesto iz kategorije 10 d\u017euzeva.<\/p>\n<p>Ammar Nuhamba\u0161i\u0107, iz kategorije pet, a Emir Perenda, iz kategorije tri d\u017euza.<\/p>\n<p>Pored njih na\u0161 brat Muhamed Selmani je osvojio drugo mjesto u prvoj kategoriji, a Mervan Bihorac i Enver Sa\u0107irovi\u0107 drugo i tre\u0107e mjesto u posljednjoj kategoriji.<\/p>\n<p>Zajedno su osvojili nov\u010dane nagrade u vrijednosti od oko 10 000 rijala.<\/p>\n<p>\u010cestitamo! Allah vas nagradio! Allah da vam podari bereketa u Kur\u2019anu!<\/p>\n<p>(usbium.com)<\/p>\n","protected":false},"excerpt":{"rendered":"<p>Enver \u0160acirovi\u0107, 3. mjesto u kategoriji 3 d\u017euza Mervan Bihorac, 2. mjesto u kategoriji 3 d\u017euza Emir Perenda, 1. mjesto u kategoriji 3 d\u017euza Ammar Nuhambasi\u0107, 1. mjesto u kategoriji 5 d\u017euzeva Muhammed Selmani, 2. mjesto u kategoriji 10 d\u017euzeva Sabahudin Jerebi\u010danin, 1. mjesto u kategoriji 10 d\u017euzeva Ve\u010deras smo bili ponosni na na\u0161e studente, [&hellip;]<\/p>\n","protected":false},"author":509,"featured_media":186743,"comment_status":"open","ping_status":"open","sticky":false,"template":"","format":"standard","meta":{"footnotes":""},"categories":[10512,4,8957,798],"tags":[],"class_list":{"0":"post-186742","1":"post","2":"type-post","3":"status-publish","4":"format-standard","5":"has-post-thumbnail","7":"category-islamski-svijet","8":"category-obrazovanje","9":"category-vijesti-dana","10":"category-teme"},"yoast_head":"<!-- This site is optimized with the Yoast SEO Premium plugin v23.1 (Yoast SEO v24.9) - https:\/\/yoast.com\/wordpress\/plugins\/seo\/ -->\n<title>Sand\u017ea\u010dki studenti u Medini prvaci u takmi\u010denju iz Kur&#039;ana<\/title>\n<meta name=\"robots\" content=\"index, follow, max-snippet:-1, max-image-preview:large, max-video-preview:-1\" \/>\n<link rel=\"canonical\" href=\"https:\/\/sandzakpress.net\/arhiva\/sandzacki-studenti-u-medini-prvaci-u-takmicenju-iz-kurana\/\" \/>\n<meta property=\"og:locale\" content=\"bs_BA\" \/>\n<meta property=\"og:type\" content=\"article\" \/>\n<meta property=\"og:title\" content=\"Sand\u017ea\u010dki studenti u Medini prvaci u takmi\u010denju iz Kur&#039;ana\" \/>\n<meta property=\"og:description\" content=\"Enver \u0160acirovi\u0107, 3. mjesto u kategoriji 3 d\u017euza Mervan Bihorac, 2. mjesto u kategoriji 3 d\u017euza Emir Perenda, 1. mjesto u kategoriji 3 d\u017euza Ammar Nuhambasi\u0107, 1. mjesto u kategoriji 5 d\u017euzeva Muhammed Selmani, 2. mjesto u kategoriji 10 d\u017euzeva Sabahudin Jerebi\u010danin, 1. mjesto u kategoriji 10 d\u017euzeva Ve\u010deras smo bili ponosni na na\u0161e studente, [&hellip;]\" \/>\n<meta property=\"og:url\" content=\"https:\/\/sandzakpress.net\/arhiva\/sandzacki-studenti-u-medini-prvaci-u-takmicenju-iz-kurana\/\" \/>\n<meta property=\"og:site_name\" content=\"Sand\u017eak PRESS\" \/>\n<meta property=\"article:published_time\" content=\"2017-05-13T08:13:53+00:00\" \/>\n<meta property=\"article:modified_time\" content=\"2017-05-13T08:16:32+00:00\" \/>\n<meta property=\"og:image\" content=\"https:\/\/sandzakpress.net\/arhiva\/wp-content\/uploads\/2017\/05\/IMG-20170512-WA0027-1024x683.jpg\" \/>\n\t<meta property=\"og:image:width\" content=\"1024\" \/>\n\t<meta property=\"og:image:height\" content=\"683\" \/>\n\t<meta property=\"og:image:type\" content=\"image\/jpeg\" \/>\n<meta name=\"author\" content=\"Agencija\" \/>\n<meta name=\"twitter:card\" content=\"summary_large_image\" \/>\n<meta name=\"twitter:label1\" content=\"Written by\" \/>\n\t<meta name=\"twitter:data1\" content=\"Agencija\" \/>\n\t<meta name=\"twitter:label2\" content=\"Est. reading time\" \/>\n\t<meta name=\"twitter:data2\" content=\"1 minuta\" \/>\n<script type=\"application\/ld+json\" class=\"yoast-schema-graph\">{\"@context\":\"https:\/\/schema.org\",\"@graph\":[{\"@type\":\"Article\",\"@id\":\"https:\/\/sandzakpress.net\/arhiva\/sandzacki-studenti-u-medini-prvaci-u-takmicenju-iz-kurana\/#article\",\"isPartOf\":{\"@id\":\"https:\/\/sandzakpress.net\/arhiva\/sandzacki-studenti-u-medini-prvaci-u-takmicenju-iz-kurana\/\"},\"author\":{\"name\":\"Agencija\",\"@id\":\"https:\/\/sandzakpress.net\/arhiva\/#\/schema\/person\/cb59d7e3ab91ab90dd680ad0305a6185\"},\"headline\":\"Sand\u017ea\u010dki studenti u Medini prvaci u takmi\u010denju iz Kur'ana\",\"datePublished\":\"2017-05-13T08:13:53+00:00\",\"dateModified\":\"2017-05-13T08:16:32+00:00\",\"mainEntityOfPage\":{\"@id\":\"https:\/\/sandzakpress.net\/arhiva\/sandzacki-studenti-u-medini-prvaci-u-takmicenju-iz-kurana\/\"},\"wordCount\":171,\"commentCount\":1,\"publisher\":{\"@id\":\"https:\/\/sandzakpress.net\/arhiva\/#\/schema\/person\/6e72b67d6e51910a1117b3b483ba20bd\"},\"image\":{\"@id\":\"https:\/\/sandzakpress.net\/arhiva\/sandzacki-studenti-u-medini-prvaci-u-takmicenju-iz-kurana\/#primaryimage\"},\"thumbnailUrl\":\"https:\/\/sandzakpress.net\/arhiva\/wp-content\/uploads\/2017\/05\/IMG-20170512-WA0027-1024x683.jpg\",\"articleSection\":[\"Islamski svijet\",\"Obrazovanje\",\"VIJESTI DANA\",\"NAJNOVIJE\"],\"inLanguage\":\"bs-BA\",\"potentialAction\":[{\"@type\":\"CommentAction\",\"name\":\"Comment\",\"target\":[\"https:\/\/sandzakpress.net\/arhiva\/sandzacki-studenti-u-medini-prvaci-u-takmicenju-iz-kurana\/#respond\"]}]},{\"@type\":\"WebPage\",\"@id\":\"https:\/\/sandzakpress.net\/arhiva\/sandzacki-studenti-u-medini-prvaci-u-takmicenju-iz-kurana\/\",\"url\":\"https:\/\/sandzakpress.net\/arhiva\/sandzacki-studenti-u-medini-prvaci-u-takmicenju-iz-kurana\/\",\"name\":\"Sand\u017ea\u010dki studenti u Medini prvaci u takmi\u010denju iz Kur'ana\",\"isPartOf\":{\"@id\":\"https:\/\/sandzakpress.net\/arhiva\/#website\"},\"primaryImageOfPage\":{\"@id\":\"https:\/\/sandzakpress.net\/arhiva\/sandzacki-studenti-u-medini-prvaci-u-takmicenju-iz-kurana\/#primaryimage\"},\"image\":{\"@id\":\"https:\/\/sandzakpress.net\/arhiva\/sandzacki-studenti-u-medini-prvaci-u-takmicenju-iz-kurana\/#primaryimage\"},\"thumbnailUrl\":\"https:\/\/sandzakpress.net\/arhiva\/wp-content\/uploads\/2017\/05\/IMG-20170512-WA0027-1024x683.jpg\",\"datePublished\":\"2017-05-13T08:13:53+00:00\",\"dateModified\":\"2017-05-13T08:16:32+00:00\",\"breadcrumb\":{\"@id\":\"https:\/\/sandzakpress.net\/arhiva\/sandzacki-studenti-u-medini-prvaci-u-takmicenju-iz-kurana\/#breadcrumb\"},\"inLanguage\":\"bs-BA\",\"potentialAction\":[{\"@type\":\"ReadAction\",\"target\":[\"https:\/\/sandzakpress.net\/arhiva\/sandzacki-studenti-u-medini-prvaci-u-takmicenju-iz-kurana\/\"]}]},{\"@type\":\"ImageObject\",\"inLanguage\":\"bs-BA\",\"@id\":\"https:\/\/sandzakpress.net\/arhiva\/sandzacki-studenti-u-medini-prvaci-u-takmicenju-iz-kurana\/#primaryimage\",\"url\":\"https:\/\/sandzakpress.net\/arhiva\/wp-content\/uploads\/2017\/05\/IMG-20170512-WA0027-1024x683.jpg\",\"contentUrl\":\"https:\/\/sandzakpress.net\/arhiva\/wp-content\/uploads\/2017\/05\/IMG-20170512-WA0027-1024x683.jpg\",\"width\":1024,\"height\":683},{\"@type\":\"BreadcrumbList\",\"@id\":\"https:\/\/sandzakpress.net\/arhiva\/sandzacki-studenti-u-medini-prvaci-u-takmicenju-iz-kurana\/#breadcrumb\",\"itemListElement\":[{\"@type\":\"ListItem\",\"position\":1,\"name\":\"Home\",\"item\":\"https:\/\/sandzakpress.net\/arhiva\/\"},{\"@type\":\"ListItem\",\"position\":2,\"name\":\"Sand\u017ea\u010dki studenti u Medini prvaci u takmi\u010denju iz Kur'ana\"}]},{\"@type\":\"WebSite\",\"@id\":\"https:\/\/sandzakpress.net\/arhiva\/#website\",\"url\":\"https:\/\/sandzakpress.net\/arhiva\/\",\"name\":\"Sand\u017eak PRESS\",\"description\":\"Prve elektronske novine u Sand\u017eaku\",\"publisher\":{\"@id\":\"https:\/\/sandzakpress.net\/arhiva\/#\/schema\/person\/6e72b67d6e51910a1117b3b483ba20bd\"},\"potentialAction\":[{\"@type\":\"SearchAction\",\"target\":{\"@type\":\"EntryPoint\",\"urlTemplate\":\"https:\/\/sandzakpress.net\/arhiva\/?s={search_term_string}\"},\"query-input\":{\"@type\":\"PropertyValueSpecification\",\"valueRequired\":true,\"valueName\":\"search_term_string\"}}],\"inLanguage\":\"bs-BA\"},{\"@type\":[\"Person\",\"Organization\"],\"@id\":\"https:\/\/sandzakpress.net\/arhiva\/#\/schema\/person\/6e72b67d6e51910a1117b3b483ba20bd\",\"name\":\"Kul\",\"image\":{\"@type\":\"ImageObject\",\"inLanguage\":\"bs-BA\",\"@id\":\"https:\/\/sandzakpress.net\/arhiva\/#\/schema\/person\/image\/\",\"url\":\"https:\/\/secure.gravatar.com\/avatar\/42263f39aa27ac04c43cab85c280eb2e?s=96&d=mm&r=pg\",\"contentUrl\":\"https:\/\/secure.gravatar.com\/avatar\/42263f39aa27ac04c43cab85c280eb2e?s=96&d=mm&r=pg\",\"caption\":\"Kul\"},\"logo\":{\"@id\":\"https:\/\/sandzakpress.net\/arhiva\/#\/schema\/person\/image\/\"}},{\"@type\":\"Person\",\"@id\":\"https:\/\/sandzakpress.net\/arhiva\/#\/schema\/person\/cb59d7e3ab91ab90dd680ad0305a6185\",\"name\":\"Agencija\",\"image\":{\"@type\":\"ImageObject\",\"inLanguage\":\"bs-BA\",\"@id\":\"https:\/\/sandzakpress.net\/arhiva\/#\/schema\/person\/image\/\",\"url\":\"https:\/\/secure.gravatar.com\/avatar\/4b7fafa80a22f0c2afe23966b3961fe0?s=96&d=mm&r=pg\",\"contentUrl\":\"https:\/\/secure.gravatar.com\/avatar\/4b7fafa80a22f0c2afe23966b3961fe0?s=96&d=mm&r=pg\",\"caption\":\"Agencija\"},\"url\":\"https:\/\/sandzakpress.net\/arhiva\/author\/agencija\/\"}]}<\/script>\n<!-- \/ Yoast SEO Premium plugin. -->","yoast_head_json":{"title":"Sand\u017ea\u010dki studenti u Medini prvaci u takmi\u010denju iz Kur'ana","robots":{"index":"index","follow":"follow","max-snippet":"max-snippet:-1","max-image-preview":"max-image-preview:large","max-video-preview":"max-video-preview:-1"},"canonical":"https:\/\/sandzakpress.net\/arhiva\/sandzacki-studenti-u-medini-prvaci-u-takmicenju-iz-kurana\/","og_locale":"bs_BA","og_type":"article","og_title":"Sand\u017ea\u010dki studenti u Medini prvaci u takmi\u010denju iz Kur'ana","og_description":"Enver \u0160acirovi\u0107, 3. mjesto u kategoriji 3 d\u017euza Mervan Bihorac, 2. mjesto u kategoriji 3 d\u017euza Emir Perenda, 1. mjesto u kategoriji 3 d\u017euza Ammar Nuhambasi\u0107, 1. mjesto u kategoriji 5 d\u017euzeva Muhammed Selmani, 2. mjesto u kategoriji 10 d\u017euzeva Sabahudin Jerebi\u010danin, 1. mjesto u kategoriji 10 d\u017euzeva Ve\u010deras smo bili ponosni na na\u0161e studente, [&hellip;]","og_url":"https:\/\/sandzakpress.net\/arhiva\/sandzacki-studenti-u-medini-prvaci-u-takmicenju-iz-kurana\/","og_site_name":"Sand\u017eak PRESS","article_published_time":"2017-05-13T08:13:53+00:00","article_modified_time":"2017-05-13T08:16:32+00:00","og_image":[{"width":1024,"height":683,"url":"https:\/\/sandzakpress.net\/arhiva\/wp-content\/uploads\/2017\/05\/IMG-20170512-WA0027-1024x683.jpg","type":"image\/jpeg"}],"author":"Agencija","twitter_card":"summary_large_image","twitter_misc":{"Written by":"Agencija","Est. reading time":"1 minuta"},"schema":{"@context":"https:\/\/schema.org","@graph":[{"@type":"Article","@id":"https:\/\/sandzakpress.net\/arhiva\/sandzacki-studenti-u-medini-prvaci-u-takmicenju-iz-kurana\/#article","isPartOf":{"@id":"https:\/\/sandzakpress.net\/arhiva\/sandzacki-studenti-u-medini-prvaci-u-takmicenju-iz-kurana\/"},"author":{"name":"Agencija","@id":"https:\/\/sandzakpress.net\/arhiva\/#\/schema\/person\/cb59d7e3ab91ab90dd680ad0305a6185"},"headline":"Sand\u017ea\u010dki studenti u Medini prvaci u takmi\u010denju iz Kur'ana","datePublished":"2017-05-13T08:13:53+00:00","dateModified":"2017-05-13T08:16:32+00:00","mainEntityOfPage":{"@id":"https:\/\/sandzakpress.net\/arhiva\/sandzacki-studenti-u-medini-prvaci-u-takmicenju-iz-kurana\/"},"wordCount":171,"commentCount":1,"publisher":{"@id":"https:\/\/sandzakpress.net\/arhiva\/#\/schema\/person\/6e72b67d6e51910a1117b3b483ba20bd"},"image":{"@id":"https:\/\/sandzakpress.net\/arhiva\/sandzacki-studenti-u-medini-prvaci-u-takmicenju-iz-kurana\/#primaryimage"},"thumbnailUrl":"https:\/\/sandzakpress.net\/arhiva\/wp-content\/uploads\/2017\/05\/IMG-20170512-WA0027-1024x683.jpg","articleSection":["Islamski svijet","Obrazovanje","VIJESTI DANA","NAJNOVIJE"],"inLanguage":"bs-BA","potentialAction":[{"@type":"CommentAction","name":"Comment","target":["https:\/\/sandzakpress.net\/arhiva\/sandzacki-studenti-u-medini-prvaci-u-takmicenju-iz-kurana\/#respond"]}]},{"@type":"WebPage","@id":"https:\/\/sandzakpress.net\/arhiva\/sandzacki-studenti-u-medini-prvaci-u-takmicenju-iz-kurana\/","url":"https:\/\/sandzakpress.net\/arhiva\/sandzacki-studenti-u-medini-prvaci-u-takmicenju-iz-kurana\/","name":"Sand\u017ea\u010dki studenti u Medini prvaci u takmi\u010denju iz Kur'ana","isPartOf":{"@id":"https:\/\/sandzakpress.net\/arhiva\/#website"},"primaryImageOfPage":{"@id":"https:\/\/sandzakpress.net\/arhiva\/sandzacki-studenti-u-medini-prvaci-u-takmicenju-iz-kurana\/#primaryimage"},"image":{"@id":"https:\/\/sandzakpress.net\/arhiva\/sandzacki-studenti-u-medini-prvaci-u-takmicenju-iz-kurana\/#primaryimage"},"thumbnailUrl":"https:\/\/sandzakpress.net\/arhiva\/wp-content\/uploads\/2017\/05\/IMG-20170512-WA0027-1024x683.jpg","datePublished":"2017-05-13T08:13:53+00:00","dateModified":"2017-05-13T08:16:32+00:00","breadcrumb":{"@id":"https:\/\/sandzakpress.net\/arhiva\/sandzacki-studenti-u-medini-prvaci-u-takmicenju-iz-kurana\/#breadcrumb"},"inLanguage":"bs-BA","potentialAction":[{"@type":"ReadAction","target":["https:\/\/sandzakpress.net\/arhiva\/sandzacki-studenti-u-medini-prvaci-u-takmicenju-iz-kurana\/"]}]},{"@type":"ImageObject","inLanguage":"bs-BA","@id":"https:\/\/sandzakpress.net\/arhiva\/sandzacki-studenti-u-medini-prvaci-u-takmicenju-iz-kurana\/#primaryimage","url":"https:\/\/sandzakpress.net\/arhiva\/wp-content\/uploads\/2017\/05\/IMG-20170512-WA0027-1024x683.jpg","contentUrl":"https:\/\/sandzakpress.net\/arhiva\/wp-content\/uploads\/2017\/05\/IMG-20170512-WA0027-1024x683.jpg","width":1024,"height":683},{"@type":"BreadcrumbList","@id":"https:\/\/sandzakpress.net\/arhiva\/sandzacki-studenti-u-medini-prvaci-u-takmicenju-iz-kurana\/#breadcrumb","itemListElement":[{"@type":"ListItem","position":1,"name":"Home","item":"https:\/\/sandzakpress.net\/arhiva\/"},{"@type":"ListItem","position":2,"name":"Sand\u017ea\u010dki studenti u Medini prvaci u takmi\u010denju iz Kur'ana"}]},{"@type":"WebSite","@id":"https:\/\/sandzakpress.net\/arhiva\/#website","url":"https:\/\/sandzakpress.net\/arhiva\/","name":"Sand\u017eak PRESS","description":"Prve elektronske novine u Sand\u017eaku","publisher":{"@id":"https:\/\/sandzakpress.net\/arhiva\/#\/schema\/person\/6e72b67d6e51910a1117b3b483ba20bd"},"potentialAction":[{"@type":"SearchAction","target":{"@type":"EntryPoint","urlTemplate":"https:\/\/sandzakpress.net\/arhiva\/?s={search_term_string}"},"query-input":{"@type":"PropertyValueSpecification","valueRequired":true,"valueName":"search_term_string"}}],"inLanguage":"bs-BA"},{"@type":["Person","Organization"],"@id":"https:\/\/sandzakpress.net\/arhiva\/#\/schema\/person\/6e72b67d6e51910a1117b3b483ba20bd","name":"Kul","image":{"@type":"ImageObject","inLanguage":"bs-BA","@id":"https:\/\/sandzakpress.net\/arhiva\/#\/schema\/person\/image\/","url":"https:\/\/secure.gravatar.com\/avatar\/42263f39aa27ac04c43cab85c280eb2e?s=96&d=mm&r=pg","contentUrl":"https:\/\/secure.gravatar.com\/avatar\/42263f39aa27ac04c43cab85c280eb2e?s=96&d=mm&r=pg","caption":"Kul"},"logo":{"@id":"https:\/\/sandzakpress.net\/arhiva\/#\/schema\/person\/image\/"}},{"@type":"Person","@id":"https:\/\/sandzakpress.net\/arhiva\/#\/schema\/person\/cb59d7e3ab91ab90dd680ad0305a6185","name":"Agencija","image":{"@type":"ImageObject","inLanguage":"bs-BA","@id":"https:\/\/sandzakpress.net\/arhiva\/#\/schema\/person\/image\/","url":"https:\/\/secure.gravatar.com\/avatar\/4b7fafa80a22f0c2afe23966b3961fe0?s=96&d=mm&r=pg","contentUrl":"https:\/\/secure.gravatar.com\/avatar\/4b7fafa80a22f0c2afe23966b3961fe0?s=96&d=mm&r=pg","caption":"Agencija"},"url":"https:\/\/sandzakpress.net\/arhiva\/author\/agencija\/"}]}},"_links":{"self":[{"href":"https:\/\/sandzakpress.net\/arhiva\/wp-json\/wp\/v2\/posts\/186742"}],"collection":[{"href":"https:\/\/sandzakpress.net\/arhiva\/wp-json\/wp\/v2\/posts"}],"about":[{"href":"https:\/\/sandzakpress.net\/arhiva\/wp-json\/wp\/v2\/types\/post"}],"author":[{"embeddable":true,"href":"https:\/\/sandzakpress.net\/arhiva\/wp-json\/wp\/v2\/users\/509"}],"replies":[{"embeddable":true,"href":"https:\/\/sandzakpress.net\/arhiva\/wp-json\/wp\/v2\/comments?post=186742"}],"version-history":[{"count":0,"href":"https:\/\/sandzakpress.net\/arhiva\/wp-json\/wp\/v2\/posts\/186742\/revisions"}],"wp:featuredmedia":[{"embeddable":true,"href":"https:\/\/sandzakpress.net\/arhiva\/wp-json\/wp\/v2\/media\/186743"}],"wp:attachment":[{"href":"https:\/\/sandzakpress.net\/arhiva\/wp-json\/wp\/v2\/media?parent=186742"}],"wp:term":[{"taxonomy":"category","embeddable":true,"href":"https:\/\/sandzakpress.net\/arhiva\/wp-json\/wp\/v2\/categories?post=186742"},{"taxonomy":"post_tag","embeddable":true,"href":"https:\/\/sandzakpress.net\/arhiva\/wp-json\/wp\/v2\/tags?post=186742"}],"curies":[{"name":"wp","href":"https:\/\/api.w.org\/{rel}","templated":true}]}}