{"id":186421,"date":"2017-05-08T13:07:39","date_gmt":"2017-05-08T11:07:39","guid":{"rendered":"https:\/\/sandzakpress.net\/arhiva\/haradinaj-roden-sam-kao-musliman-a-nikada-u-dzamiju-usao-nisam"},"modified":"2017-05-08T13:07:39","modified_gmt":"2017-05-08T11:07:39","slug":"haradinaj-roden-sam-kao-musliman-a-nikada-u-dzamiju-usao-nisam","status":"publish","type":"post","link":"https:\/\/sandzakpress.net\/arhiva\/haradinaj-roden-sam-kao-musliman-a-nikada-u-dzamiju-usao-nisam\/","title":{"rendered":"Haradinaj: Ro\u0111en sam kao musliman a nikada u d\u017eamiju u\u0161ao nisam"},"content":{"rendered":"<p><span class=\"cb-itemprop\"><\/p>\n<p><img decoding=\"async\" src=\"http:\/\/saff.ba\/wp-content\/uploads\/2017\/04\/haradinaj.jpg\" \/><\/p>\n<div class=\"td-a-rec td-a-rec-id-content_inlineright td-rec-hide-on-p \">\n<div><strong>Ovih dana na dru\u0161tvenim mre\u017eama objavljen je video snimak na kojem se vidi kako Ramush Haradinaj, biv\u0161i premijer Kosova i jedan od najuticajnijih albanskih politi\u010dkih lidera razgovara sa neimenovanim me\u0111unarodnim zvani\u010dnicima. U tom razgovoru Haradinaj ubje\u0111uje strance kako on nije musliman, odnosno da se rodio kao musliman ali uop\u0107e ne zna za\u0161to je musliman.<\/strong><\/p>\n<p>U nastavku prenosimo veoma zanimljiv Haradinajev govor o islamu i muslimanima na Kosovu, govor koji otkriva mnogo toga o kosovskoj politi\u010dkoj sceni.<\/p>\n<\/div>\n<\/div>\n<p>\u201e \u010cetiri generacije moje porodice su bili Albanci katolici, a ja sam ro\u0111en kao musliman, a ni sam ne znam za\u0161to sam musliman. Nikada u \u017eivotu nisam posjetio d\u017eamiju radi molitve, ili bilo \u010dega drugog. Jedino \u0161to me povezuje s muslimanima je ime, a i ono ne govori tome u prilog, jer mnoga na\u0161a (albanska) imena su sekularna, porijeklom od katolika Albanaca, starih Ilira\u2026 Vjera je za nas bila pogled na \u017eivot samo tokom vladavine, Osmanlijske vladavine, kada su na\u0161om zemljom (Kosovom) upravljali Osmanlije, nekada\u0161nji Turci. I samo tokom tog perioda smo se mi kratko dr\u017eali vjere, ali ona nije nikad postala prioritet ili glavna stvar u na\u0161im \u017eivotima. Neki nas ljudi nazivaju muslimanima, ma mi nismo ni nalik muslimanima! Mi ne ispunjavamo uvjete da bismo bili muslimani, mi \u017eivimo veoma sekularno, poput katolika, pravoslavaca,ili nekih drugih vjera. Mi \u017eivimo veoma jednostavno, i na\u0161 narod tako \u017eivi\u2026\u201d<\/p>\n<p>Ramush Haradinaj je poznati kosovski politi\u010dar. Bio je zapovjednik Oslobodila\u010dke vojske Kosova i biv\u0161i je premijer Kosova. Premijersku du\u017enost obna\u0161ao je od 3. Decembra 2004. do 8. marta 2005. godine. Mjesto predsjednika vlade napustio je zbog su\u0111enja pred Haa\u0161kim tribunalu za ratne zlo\u010dine koje su po\u010dinili neki pripadnici OVK za vrijeme rata na Kosovu. Prvostepnom predusom oslobo\u0111en je svih optu\u017ebi. \u010celnik je politi\u010dke stranke Alijanse za budu\u0107nost Kosova.<\/p>\n<\/p>\n<p>(Saff)<\/p>\n<p><\/span><br \/>\nPogledajte vijest na izvornom sajtu:<\/p>\n<p><a href=\"http:\/\/bosnapress.net\/haradinaj-roden-sam-kao-musliman-a-nikada-u-dzamiju-usao-nisam\/\" target=\"_blank\">Haradinaj: Ro\u0111en sam kao musliman a nikada u d\u017eamiju u\u0161ao nisam<\/a><\/p>\n","protected":false},"excerpt":{"rendered":"<p>Ovih dana na dru\u0161tvenim mre\u017eama objavljen je video snimak na kojem se vidi kako Ramush Haradinaj, biv\u0161i premijer Kosova i jedan od najuticajnijih albanskih politi\u010dkih lidera razgovara sa neimenovanim me\u0111unarodnim zvani\u010dnicima. U tom razgovoru Haradinaj ubje\u0111uje strance kako on nije musliman, odnosno da se rodio kao musliman ali uop\u0107e ne zna za\u0161to je musliman. U [&hellip;]<\/p>\n","protected":false},"author":83,"featured_media":186423,"comment_status":"open","ping_status":"open","sticky":false,"template":"","format":"standard","meta":{"footnotes":""},"categories":[10513],"tags":[10466],"class_list":{"0":"post-186421","1":"post","2":"type-post","3":"status-publish","4":"format-standard","5":"has-post-thumbnail","7":"category-bosna-press","8":"tag-bosna-i-hercegovina"},"yoast_head":"<!-- This site is optimized with the Yoast SEO Premium plugin v23.1 (Yoast SEO v24.9) - https:\/\/yoast.com\/wordpress\/plugins\/seo\/ -->\n<title>Haradinaj: Ro\u0111en sam kao musliman a nikada u d\u017eamiju u\u0161ao nisam<\/title>\n<meta name=\"robots\" content=\"index, follow, max-snippet:-1, max-image-preview:large, max-video-preview:-1\" \/>\n<link rel=\"canonical\" href=\"https:\/\/sandzakpress.net\/arhiva\/haradinaj-roden-sam-kao-musliman-a-nikada-u-dzamiju-usao-nisam\/\" \/>\n<meta property=\"og:locale\" content=\"bs_BA\" \/>\n<meta property=\"og:type\" content=\"article\" \/>\n<meta property=\"og:title\" content=\"Haradinaj: Ro\u0111en sam kao musliman a nikada u d\u017eamiju u\u0161ao nisam\" \/>\n<meta property=\"og:description\" content=\"Ovih dana na dru\u0161tvenim mre\u017eama objavljen je video snimak na kojem se vidi kako Ramush Haradinaj, biv\u0161i premijer Kosova i jedan od najuticajnijih albanskih politi\u010dkih lidera razgovara sa neimenovanim me\u0111unarodnim zvani\u010dnicima. U tom razgovoru Haradinaj ubje\u0111uje strance kako on nije musliman, odnosno da se rodio kao musliman ali uop\u0107e ne zna za\u0161to je musliman. U [&hellip;]\" \/>\n<meta property=\"og:url\" content=\"https:\/\/sandzakpress.net\/arhiva\/haradinaj-roden-sam-kao-musliman-a-nikada-u-dzamiju-usao-nisam\/\" \/>\n<meta property=\"og:site_name\" content=\"Sand\u017eak PRESS\" \/>\n<meta property=\"article:published_time\" content=\"2017-05-08T11:07:39+00:00\" \/>\n<meta property=\"og:image\" content=\"https:\/\/sandzakpress.net\/arhiva\/wp-content\/uploads\/2017\/05\/haradinaj-1.jpg\" \/>\n\t<meta property=\"og:image:width\" content=\"620\" \/>\n\t<meta property=\"og:image:height\" content=\"419\" \/>\n\t<meta property=\"og:image:type\" content=\"image\/jpeg\" \/>\n<meta name=\"author\" content=\"bosniak\" \/>\n<meta name=\"twitter:card\" content=\"summary_large_image\" \/>\n<meta name=\"twitter:label1\" content=\"Written by\" \/>\n\t<meta name=\"twitter:data1\" content=\"bosniak\" \/>\n\t<meta name=\"twitter:label2\" content=\"Est. reading time\" \/>\n\t<meta name=\"twitter:data2\" content=\"2 minute\" \/>\n<script type=\"application\/ld+json\" class=\"yoast-schema-graph\">{\"@context\":\"https:\/\/schema.org\",\"@graph\":[{\"@type\":\"Article\",\"@id\":\"https:\/\/sandzakpress.net\/arhiva\/haradinaj-roden-sam-kao-musliman-a-nikada-u-dzamiju-usao-nisam\/#article\",\"isPartOf\":{\"@id\":\"https:\/\/sandzakpress.net\/arhiva\/haradinaj-roden-sam-kao-musliman-a-nikada-u-dzamiju-usao-nisam\/\"},\"author\":{\"name\":\"bosniak\",\"@id\":\"https:\/\/sandzakpress.net\/arhiva\/#\/schema\/person\/c8baee722073534b583ea7bdb2e36c02\"},\"headline\":\"Haradinaj: Ro\u0111en sam kao musliman a nikada u d\u017eamiju u\u0161ao nisam\",\"datePublished\":\"2017-05-08T11:07:39+00:00\",\"mainEntityOfPage\":{\"@id\":\"https:\/\/sandzakpress.net\/arhiva\/haradinaj-roden-sam-kao-musliman-a-nikada-u-dzamiju-usao-nisam\/\"},\"wordCount\":352,\"commentCount\":7,\"publisher\":{\"@id\":\"https:\/\/sandzakpress.net\/arhiva\/#\/schema\/person\/6e72b67d6e51910a1117b3b483ba20bd\"},\"image\":{\"@id\":\"https:\/\/sandzakpress.net\/arhiva\/haradinaj-roden-sam-kao-musliman-a-nikada-u-dzamiju-usao-nisam\/#primaryimage\"},\"thumbnailUrl\":\"https:\/\/sandzakpress.net\/arhiva\/wp-content\/uploads\/2017\/05\/haradinaj-1.jpg\",\"keywords\":[\"Bosna i Hercegovina\"],\"articleSection\":[\"Bosna PRESS\"],\"inLanguage\":\"bs-BA\",\"potentialAction\":[{\"@type\":\"CommentAction\",\"name\":\"Comment\",\"target\":[\"https:\/\/sandzakpress.net\/arhiva\/haradinaj-roden-sam-kao-musliman-a-nikada-u-dzamiju-usao-nisam\/#respond\"]}]},{\"@type\":\"WebPage\",\"@id\":\"https:\/\/sandzakpress.net\/arhiva\/haradinaj-roden-sam-kao-musliman-a-nikada-u-dzamiju-usao-nisam\/\",\"url\":\"https:\/\/sandzakpress.net\/arhiva\/haradinaj-roden-sam-kao-musliman-a-nikada-u-dzamiju-usao-nisam\/\",\"name\":\"Haradinaj: Ro\u0111en sam kao musliman a nikada u d\u017eamiju u\u0161ao nisam\",\"isPartOf\":{\"@id\":\"https:\/\/sandzakpress.net\/arhiva\/#website\"},\"primaryImageOfPage\":{\"@id\":\"https:\/\/sandzakpress.net\/arhiva\/haradinaj-roden-sam-kao-musliman-a-nikada-u-dzamiju-usao-nisam\/#primaryimage\"},\"image\":{\"@id\":\"https:\/\/sandzakpress.net\/arhiva\/haradinaj-roden-sam-kao-musliman-a-nikada-u-dzamiju-usao-nisam\/#primaryimage\"},\"thumbnailUrl\":\"https:\/\/sandzakpress.net\/arhiva\/wp-content\/uploads\/2017\/05\/haradinaj-1.jpg\",\"datePublished\":\"2017-05-08T11:07:39+00:00\",\"breadcrumb\":{\"@id\":\"https:\/\/sandzakpress.net\/arhiva\/haradinaj-roden-sam-kao-musliman-a-nikada-u-dzamiju-usao-nisam\/#breadcrumb\"},\"inLanguage\":\"bs-BA\",\"potentialAction\":[{\"@type\":\"ReadAction\",\"target\":[\"https:\/\/sandzakpress.net\/arhiva\/haradinaj-roden-sam-kao-musliman-a-nikada-u-dzamiju-usao-nisam\/\"]}]},{\"@type\":\"ImageObject\",\"inLanguage\":\"bs-BA\",\"@id\":\"https:\/\/sandzakpress.net\/arhiva\/haradinaj-roden-sam-kao-musliman-a-nikada-u-dzamiju-usao-nisam\/#primaryimage\",\"url\":\"https:\/\/sandzakpress.net\/arhiva\/wp-content\/uploads\/2017\/05\/haradinaj-1.jpg\",\"contentUrl\":\"https:\/\/sandzakpress.net\/arhiva\/wp-content\/uploads\/2017\/05\/haradinaj-1.jpg\",\"width\":620,\"height\":419},{\"@type\":\"BreadcrumbList\",\"@id\":\"https:\/\/sandzakpress.net\/arhiva\/haradinaj-roden-sam-kao-musliman-a-nikada-u-dzamiju-usao-nisam\/#breadcrumb\",\"itemListElement\":[{\"@type\":\"ListItem\",\"position\":1,\"name\":\"Home\",\"item\":\"https:\/\/sandzakpress.net\/arhiva\/\"},{\"@type\":\"ListItem\",\"position\":2,\"name\":\"Haradinaj: Ro\u0111en sam kao musliman a nikada u d\u017eamiju u\u0161ao nisam\"}]},{\"@type\":\"WebSite\",\"@id\":\"https:\/\/sandzakpress.net\/arhiva\/#website\",\"url\":\"https:\/\/sandzakpress.net\/arhiva\/\",\"name\":\"Sand\u017eak PRESS\",\"description\":\"Prve elektronske novine u Sand\u017eaku\",\"publisher\":{\"@id\":\"https:\/\/sandzakpress.net\/arhiva\/#\/schema\/person\/6e72b67d6e51910a1117b3b483ba20bd\"},\"potentialAction\":[{\"@type\":\"SearchAction\",\"target\":{\"@type\":\"EntryPoint\",\"urlTemplate\":\"https:\/\/sandzakpress.net\/arhiva\/?s={search_term_string}\"},\"query-input\":{\"@type\":\"PropertyValueSpecification\",\"valueRequired\":true,\"valueName\":\"search_term_string\"}}],\"inLanguage\":\"bs-BA\"},{\"@type\":[\"Person\",\"Organization\"],\"@id\":\"https:\/\/sandzakpress.net\/arhiva\/#\/schema\/person\/6e72b67d6e51910a1117b3b483ba20bd\",\"name\":\"Kul\",\"image\":{\"@type\":\"ImageObject\",\"inLanguage\":\"bs-BA\",\"@id\":\"https:\/\/sandzakpress.net\/arhiva\/#\/schema\/person\/image\/\",\"url\":\"https:\/\/secure.gravatar.com\/avatar\/42263f39aa27ac04c43cab85c280eb2e?s=96&d=mm&r=pg\",\"contentUrl\":\"https:\/\/secure.gravatar.com\/avatar\/42263f39aa27ac04c43cab85c280eb2e?s=96&d=mm&r=pg\",\"caption\":\"Kul\"},\"logo\":{\"@id\":\"https:\/\/sandzakpress.net\/arhiva\/#\/schema\/person\/image\/\"}},{\"@type\":\"Person\",\"@id\":\"https:\/\/sandzakpress.net\/arhiva\/#\/schema\/person\/c8baee722073534b583ea7bdb2e36c02\",\"name\":\"bosniak\",\"image\":{\"@type\":\"ImageObject\",\"inLanguage\":\"bs-BA\",\"@id\":\"https:\/\/sandzakpress.net\/arhiva\/#\/schema\/person\/image\/\",\"url\":\"https:\/\/secure.gravatar.com\/avatar\/a04fd330bfe3a36a72a0ad4a6d89fca7?s=96&d=mm&r=pg\",\"contentUrl\":\"https:\/\/secure.gravatar.com\/avatar\/a04fd330bfe3a36a72a0ad4a6d89fca7?s=96&d=mm&r=pg\",\"caption\":\"bosniak\"},\"url\":\"https:\/\/sandzakpress.net\/arhiva\/author\/bosniak\/\"}]}<\/script>\n<!-- \/ Yoast SEO Premium plugin. -->","yoast_head_json":{"title":"Haradinaj: Ro\u0111en sam kao musliman a nikada u d\u017eamiju u\u0161ao nisam","robots":{"index":"index","follow":"follow","max-snippet":"max-snippet:-1","max-image-preview":"max-image-preview:large","max-video-preview":"max-video-preview:-1"},"canonical":"https:\/\/sandzakpress.net\/arhiva\/haradinaj-roden-sam-kao-musliman-a-nikada-u-dzamiju-usao-nisam\/","og_locale":"bs_BA","og_type":"article","og_title":"Haradinaj: Ro\u0111en sam kao musliman a nikada u d\u017eamiju u\u0161ao nisam","og_description":"Ovih dana na dru\u0161tvenim mre\u017eama objavljen je video snimak na kojem se vidi kako Ramush Haradinaj, biv\u0161i premijer Kosova i jedan od najuticajnijih albanskih politi\u010dkih lidera razgovara sa neimenovanim me\u0111unarodnim zvani\u010dnicima. U tom razgovoru Haradinaj ubje\u0111uje strance kako on nije musliman, odnosno da se rodio kao musliman ali uop\u0107e ne zna za\u0161to je musliman. U [&hellip;]","og_url":"https:\/\/sandzakpress.net\/arhiva\/haradinaj-roden-sam-kao-musliman-a-nikada-u-dzamiju-usao-nisam\/","og_site_name":"Sand\u017eak PRESS","article_published_time":"2017-05-08T11:07:39+00:00","og_image":[{"width":620,"height":419,"url":"https:\/\/sandzakpress.net\/arhiva\/wp-content\/uploads\/2017\/05\/haradinaj-1.jpg","type":"image\/jpeg"}],"author":"bosniak","twitter_card":"summary_large_image","twitter_misc":{"Written by":"bosniak","Est. reading time":"2 minute"},"schema":{"@context":"https:\/\/schema.org","@graph":[{"@type":"Article","@id":"https:\/\/sandzakpress.net\/arhiva\/haradinaj-roden-sam-kao-musliman-a-nikada-u-dzamiju-usao-nisam\/#article","isPartOf":{"@id":"https:\/\/sandzakpress.net\/arhiva\/haradinaj-roden-sam-kao-musliman-a-nikada-u-dzamiju-usao-nisam\/"},"author":{"name":"bosniak","@id":"https:\/\/sandzakpress.net\/arhiva\/#\/schema\/person\/c8baee722073534b583ea7bdb2e36c02"},"headline":"Haradinaj: Ro\u0111en sam kao musliman a nikada u d\u017eamiju u\u0161ao nisam","datePublished":"2017-05-08T11:07:39+00:00","mainEntityOfPage":{"@id":"https:\/\/sandzakpress.net\/arhiva\/haradinaj-roden-sam-kao-musliman-a-nikada-u-dzamiju-usao-nisam\/"},"wordCount":352,"commentCount":7,"publisher":{"@id":"https:\/\/sandzakpress.net\/arhiva\/#\/schema\/person\/6e72b67d6e51910a1117b3b483ba20bd"},"image":{"@id":"https:\/\/sandzakpress.net\/arhiva\/haradinaj-roden-sam-kao-musliman-a-nikada-u-dzamiju-usao-nisam\/#primaryimage"},"thumbnailUrl":"https:\/\/sandzakpress.net\/arhiva\/wp-content\/uploads\/2017\/05\/haradinaj-1.jpg","keywords":["Bosna i Hercegovina"],"articleSection":["Bosna PRESS"],"inLanguage":"bs-BA","potentialAction":[{"@type":"CommentAction","name":"Comment","target":["https:\/\/sandzakpress.net\/arhiva\/haradinaj-roden-sam-kao-musliman-a-nikada-u-dzamiju-usao-nisam\/#respond"]}]},{"@type":"WebPage","@id":"https:\/\/sandzakpress.net\/arhiva\/haradinaj-roden-sam-kao-musliman-a-nikada-u-dzamiju-usao-nisam\/","url":"https:\/\/sandzakpress.net\/arhiva\/haradinaj-roden-sam-kao-musliman-a-nikada-u-dzamiju-usao-nisam\/","name":"Haradinaj: Ro\u0111en sam kao musliman a nikada u d\u017eamiju u\u0161ao nisam","isPartOf":{"@id":"https:\/\/sandzakpress.net\/arhiva\/#website"},"primaryImageOfPage":{"@id":"https:\/\/sandzakpress.net\/arhiva\/haradinaj-roden-sam-kao-musliman-a-nikada-u-dzamiju-usao-nisam\/#primaryimage"},"image":{"@id":"https:\/\/sandzakpress.net\/arhiva\/haradinaj-roden-sam-kao-musliman-a-nikada-u-dzamiju-usao-nisam\/#primaryimage"},"thumbnailUrl":"https:\/\/sandzakpress.net\/arhiva\/wp-content\/uploads\/2017\/05\/haradinaj-1.jpg","datePublished":"2017-05-08T11:07:39+00:00","breadcrumb":{"@id":"https:\/\/sandzakpress.net\/arhiva\/haradinaj-roden-sam-kao-musliman-a-nikada-u-dzamiju-usao-nisam\/#breadcrumb"},"inLanguage":"bs-BA","potentialAction":[{"@type":"ReadAction","target":["https:\/\/sandzakpress.net\/arhiva\/haradinaj-roden-sam-kao-musliman-a-nikada-u-dzamiju-usao-nisam\/"]}]},{"@type":"ImageObject","inLanguage":"bs-BA","@id":"https:\/\/sandzakpress.net\/arhiva\/haradinaj-roden-sam-kao-musliman-a-nikada-u-dzamiju-usao-nisam\/#primaryimage","url":"https:\/\/sandzakpress.net\/arhiva\/wp-content\/uploads\/2017\/05\/haradinaj-1.jpg","contentUrl":"https:\/\/sandzakpress.net\/arhiva\/wp-content\/uploads\/2017\/05\/haradinaj-1.jpg","width":620,"height":419},{"@type":"BreadcrumbList","@id":"https:\/\/sandzakpress.net\/arhiva\/haradinaj-roden-sam-kao-musliman-a-nikada-u-dzamiju-usao-nisam\/#breadcrumb","itemListElement":[{"@type":"ListItem","position":1,"name":"Home","item":"https:\/\/sandzakpress.net\/arhiva\/"},{"@type":"ListItem","position":2,"name":"Haradinaj: Ro\u0111en sam kao musliman a nikada u d\u017eamiju u\u0161ao nisam"}]},{"@type":"WebSite","@id":"https:\/\/sandzakpress.net\/arhiva\/#website","url":"https:\/\/sandzakpress.net\/arhiva\/","name":"Sand\u017eak PRESS","description":"Prve elektronske novine u Sand\u017eaku","publisher":{"@id":"https:\/\/sandzakpress.net\/arhiva\/#\/schema\/person\/6e72b67d6e51910a1117b3b483ba20bd"},"potentialAction":[{"@type":"SearchAction","target":{"@type":"EntryPoint","urlTemplate":"https:\/\/sandzakpress.net\/arhiva\/?s={search_term_string}"},"query-input":{"@type":"PropertyValueSpecification","valueRequired":true,"valueName":"search_term_string"}}],"inLanguage":"bs-BA"},{"@type":["Person","Organization"],"@id":"https:\/\/sandzakpress.net\/arhiva\/#\/schema\/person\/6e72b67d6e51910a1117b3b483ba20bd","name":"Kul","image":{"@type":"ImageObject","inLanguage":"bs-BA","@id":"https:\/\/sandzakpress.net\/arhiva\/#\/schema\/person\/image\/","url":"https:\/\/secure.gravatar.com\/avatar\/42263f39aa27ac04c43cab85c280eb2e?s=96&d=mm&r=pg","contentUrl":"https:\/\/secure.gravatar.com\/avatar\/42263f39aa27ac04c43cab85c280eb2e?s=96&d=mm&r=pg","caption":"Kul"},"logo":{"@id":"https:\/\/sandzakpress.net\/arhiva\/#\/schema\/person\/image\/"}},{"@type":"Person","@id":"https:\/\/sandzakpress.net\/arhiva\/#\/schema\/person\/c8baee722073534b583ea7bdb2e36c02","name":"bosniak","image":{"@type":"ImageObject","inLanguage":"bs-BA","@id":"https:\/\/sandzakpress.net\/arhiva\/#\/schema\/person\/image\/","url":"https:\/\/secure.gravatar.com\/avatar\/a04fd330bfe3a36a72a0ad4a6d89fca7?s=96&d=mm&r=pg","contentUrl":"https:\/\/secure.gravatar.com\/avatar\/a04fd330bfe3a36a72a0ad4a6d89fca7?s=96&d=mm&r=pg","caption":"bosniak"},"url":"https:\/\/sandzakpress.net\/arhiva\/author\/bosniak\/"}]}},"_links":{"self":[{"href":"https:\/\/sandzakpress.net\/arhiva\/wp-json\/wp\/v2\/posts\/186421"}],"collection":[{"href":"https:\/\/sandzakpress.net\/arhiva\/wp-json\/wp\/v2\/posts"}],"about":[{"href":"https:\/\/sandzakpress.net\/arhiva\/wp-json\/wp\/v2\/types\/post"}],"author":[{"embeddable":true,"href":"https:\/\/sandzakpress.net\/arhiva\/wp-json\/wp\/v2\/users\/83"}],"replies":[{"embeddable":true,"href":"https:\/\/sandzakpress.net\/arhiva\/wp-json\/wp\/v2\/comments?post=186421"}],"version-history":[{"count":0,"href":"https:\/\/sandzakpress.net\/arhiva\/wp-json\/wp\/v2\/posts\/186421\/revisions"}],"wp:featuredmedia":[{"embeddable":true,"href":"https:\/\/sandzakpress.net\/arhiva\/wp-json\/wp\/v2\/media\/186423"}],"wp:attachment":[{"href":"https:\/\/sandzakpress.net\/arhiva\/wp-json\/wp\/v2\/media?parent=186421"}],"wp:term":[{"taxonomy":"category","embeddable":true,"href":"https:\/\/sandzakpress.net\/arhiva\/wp-json\/wp\/v2\/categories?post=186421"},{"taxonomy":"post_tag","embeddable":true,"href":"https:\/\/sandzakpress.net\/arhiva\/wp-json\/wp\/v2\/tags?post=186421"}],"curies":[{"name":"wp","href":"https:\/\/api.w.org\/{rel}","templated":true}]}}