{"id":18641,"date":"2011-08-08T11:53:21","date_gmt":"2011-08-08T09:53:21","guid":{"rendered":"https:\/\/sandzakpress.net\/arhiva\/?p=18641"},"modified":"2011-08-08T11:53:21","modified_gmt":"2011-08-08T09:53:21","slug":"jankovic-vise-bosnjaka-u-policiji","status":"publish","type":"post","link":"https:\/\/sandzakpress.net\/arhiva\/jankovic-vise-bosnjaka-u-policiji\/","title":{"rendered":"Jankovi\u0107: Vi\u0161e Bo\u0161njaka u policiji"},"content":{"rendered":"<p><strong><a href=\"https:\/\/sandzakpress.net\/arhiva\/wp-content\/uploads\/2011\/08\/Sasa-Jankovic-FONET.jpg\"><img loading=\"lazy\" decoding=\"async\" class=\"alignleft size-medium wp-image-18642\" title=\"Sasa-Jankovic-FONET\" src=\"https:\/\/sandzakpress.net\/arhiva\/wp-content\/uploads\/2011\/08\/Sasa-Jankovic-FONET-300x200.jpg\" alt=\"\" width=\"300\" height=\"200\" \/><\/a>Sjeverni Sand\u017eak &#8211; Za\u0161titnik gra\u0111ana Sa\u0161a Jankovi\u0107 zatra\u017eio je danas od Ministarstva unutra\u0161njih poslova da osmisli i sprovede konkretne mjere kako bi se postigla ravnomjerna zastupljenost pripadnika bo\u0161nja\u010dke i drugih nacionalnih manjina u sastavu policije na podru\u010dju Novog Pazara.<\/strong><\/p>\n<p>Jankovi\u0107 je, u saop\u0107enju, naveo da Ustav nala\u017ee da se vodi ra\u010duna o ravnomjernoj zastupljenosti pripadnika nacionalnih manjina u javnim slu\u017ebama.<\/p>\n<p>Zastupljenost Bo\u0161njaka na podru\u010dju Novog Pazara u strukturi stanovni\u0161tva s jedne, i u redovima policije s druge strane, u velikoj su nesrazmeri i to zahtijeva konkretne mjere afirmativne akcije, istakao je Jankovi\u0107 u preporuci MUP-u.<\/p>\n<p>Za\u0161titnik gra\u0111ana je prethodno sugerisao Ministarstvu da pri objavljivanju konkursa za pripadnike policije posebno pozove i ohrabri pripadnike nacionalnih manjina da se prijave.<\/p>\n<p>U saop\u0107enju se podsje\u0107a da je Ministarstvo taj apel ombudsmana na\u010delno odbilo, pogre\u0161no se pozivaju\u0107i na ravnopravnost svih gra\u0111ana.<\/p>\n<p>&#8220;Istinska ravnopravnost zahtijeva da dr\u017eava postupa isto prema svima koji su u istoj situaciji, ali joj i zabranjuje da postupa identi\u010dno prema onima \u010diji se polo\u017eaj bitno razlikuje&#8221;, navodi se u preporuci ombudsmana.<\/p>\n<p>Za\u0161titnik gra\u0111ana je ujedno izrazio o\u010dekivanje da \u0107e i na ovom primjeru biti potvr\u0111ena dosada\u0161nja uspje\u0161na saradnja sa MUP-om.<\/p>\n<p>Ministarstvo je du\u017eno da za\u0161titnika gra\u0111ana za najvi\u0161e dva mjeseca obavijesti o izvr\u0161avanju preporuke, navodi se u saop\u0107enju.<\/p>\n<p>Izvor:<strong> RTV.rs<\/strong><\/p>\n","protected":false},"excerpt":{"rendered":"<p>Sjeverni Sand\u017eak &#8211; Za\u0161titnik gra\u0111ana Sa\u0161a Jankovi\u0107 zatra\u017eio je danas od Ministarstva unutra\u0161njih poslova da osmisli i sprovede konkretne mjere kako bi se postigla ravnomjerna zastupljenost pripadnika bo\u0161nja\u010dke i drugih nacionalnih manjina u sastavu policije na podru\u010dju Novog Pazara. Jankovi\u0107 je, u saop\u0107enju, naveo da Ustav nala\u017ee da se vodi ra\u010duna o ravnomjernoj zastupljenosti pripadnika [&hellip;]<\/p>\n","protected":false},"author":83,"featured_media":18642,"comment_status":"open","ping_status":"open","sticky":false,"template":"","format":"standard","meta":{"footnotes":""},"categories":[72,800,52,327,392,393,394],"tags":[],"class_list":{"0":"post-18641","1":"post","2":"type-post","3":"status-publish","4":"format-standard","5":"has-post-thumbnail","7":"category-novi-pazar","8":"category-nacija","9":"category-sjenica","10":"category-tutin","11":"category-prijepolje_","12":"category-priboj","13":"category-nova-varos"},"yoast_head":"<!-- This site is optimized with the Yoast SEO Premium plugin v23.1 (Yoast SEO v24.9) - https:\/\/yoast.com\/wordpress\/plugins\/seo\/ -->\n<title>Jankovi\u0107: Vi\u0161e Bo\u0161njaka u policiji<\/title>\n<meta name=\"robots\" content=\"index, follow, max-snippet:-1, max-image-preview:large, max-video-preview:-1\" \/>\n<link rel=\"canonical\" href=\"https:\/\/sandzakpress.net\/arhiva\/jankovic-vise-bosnjaka-u-policiji\/\" \/>\n<meta property=\"og:locale\" content=\"bs_BA\" \/>\n<meta property=\"og:type\" content=\"article\" \/>\n<meta property=\"og:title\" content=\"Jankovi\u0107: Vi\u0161e Bo\u0161njaka u policiji\" \/>\n<meta property=\"og:description\" content=\"Sjeverni Sand\u017eak &#8211; Za\u0161titnik gra\u0111ana Sa\u0161a Jankovi\u0107 zatra\u017eio je danas od Ministarstva unutra\u0161njih poslova da osmisli i sprovede konkretne mjere kako bi se postigla ravnomjerna zastupljenost pripadnika bo\u0161nja\u010dke i drugih nacionalnih manjina u sastavu policije na podru\u010dju Novog Pazara. Jankovi\u0107 je, u saop\u0107enju, naveo da Ustav nala\u017ee da se vodi ra\u010duna o ravnomjernoj zastupljenosti pripadnika [&hellip;]\" \/>\n<meta property=\"og:url\" content=\"https:\/\/sandzakpress.net\/arhiva\/jankovic-vise-bosnjaka-u-policiji\/\" \/>\n<meta property=\"og:site_name\" content=\"Sand\u017eak PRESS\" \/>\n<meta property=\"article:published_time\" content=\"2011-08-08T09:53:21+00:00\" \/>\n<meta property=\"og:image\" content=\"https:\/\/sandzakpress.net\/arhiva\/wp-content\/uploads\/2011\/08\/Sasa-Jankovic-FONET.jpg\" \/>\n\t<meta property=\"og:image:width\" content=\"478\" \/>\n\t<meta property=\"og:image:height\" content=\"319\" \/>\n\t<meta property=\"og:image:type\" content=\"image\/jpeg\" \/>\n<meta name=\"author\" content=\"bosniak\" \/>\n<meta name=\"twitter:card\" content=\"summary_large_image\" \/>\n<meta name=\"twitter:label1\" content=\"Written by\" \/>\n\t<meta name=\"twitter:data1\" content=\"bosniak\" \/>\n\t<meta name=\"twitter:label2\" content=\"Est. reading time\" \/>\n\t<meta name=\"twitter:data2\" content=\"1 minuta\" \/>\n<script type=\"application\/ld+json\" class=\"yoast-schema-graph\">{\"@context\":\"https:\/\/schema.org\",\"@graph\":[{\"@type\":\"Article\",\"@id\":\"https:\/\/sandzakpress.net\/arhiva\/jankovic-vise-bosnjaka-u-policiji\/#article\",\"isPartOf\":{\"@id\":\"https:\/\/sandzakpress.net\/arhiva\/jankovic-vise-bosnjaka-u-policiji\/\"},\"author\":{\"name\":\"bosniak\",\"@id\":\"https:\/\/sandzakpress.net\/arhiva\/#\/schema\/person\/c8baee722073534b583ea7bdb2e36c02\"},\"headline\":\"Jankovi\u0107: Vi\u0161e Bo\u0161njaka u policiji\",\"datePublished\":\"2011-08-08T09:53:21+00:00\",\"mainEntityOfPage\":{\"@id\":\"https:\/\/sandzakpress.net\/arhiva\/jankovic-vise-bosnjaka-u-policiji\/\"},\"wordCount\":256,\"commentCount\":1,\"publisher\":{\"@id\":\"https:\/\/sandzakpress.net\/arhiva\/#\/schema\/person\/6e72b67d6e51910a1117b3b483ba20bd\"},\"image\":{\"@id\":\"https:\/\/sandzakpress.net\/arhiva\/jankovic-vise-bosnjaka-u-policiji\/#primaryimage\"},\"thumbnailUrl\":\"https:\/\/sandzakpress.net\/arhiva\/wp-content\/uploads\/2011\/08\/Sasa-Jankovic-FONET.jpg\",\"articleSection\":[\"Novi Pazar\",\"Nacija\",\"Sjenica\",\"Tutin\",\"Prijepolje\",\"Priboj\",\"Nova Varo\u0161\"],\"inLanguage\":\"bs-BA\",\"potentialAction\":[{\"@type\":\"CommentAction\",\"name\":\"Comment\",\"target\":[\"https:\/\/sandzakpress.net\/arhiva\/jankovic-vise-bosnjaka-u-policiji\/#respond\"]}]},{\"@type\":\"WebPage\",\"@id\":\"https:\/\/sandzakpress.net\/arhiva\/jankovic-vise-bosnjaka-u-policiji\/\",\"url\":\"https:\/\/sandzakpress.net\/arhiva\/jankovic-vise-bosnjaka-u-policiji\/\",\"name\":\"Jankovi\u0107: Vi\u0161e Bo\u0161njaka u policiji\",\"isPartOf\":{\"@id\":\"https:\/\/sandzakpress.net\/arhiva\/#website\"},\"primaryImageOfPage\":{\"@id\":\"https:\/\/sandzakpress.net\/arhiva\/jankovic-vise-bosnjaka-u-policiji\/#primaryimage\"},\"image\":{\"@id\":\"https:\/\/sandzakpress.net\/arhiva\/jankovic-vise-bosnjaka-u-policiji\/#primaryimage\"},\"thumbnailUrl\":\"https:\/\/sandzakpress.net\/arhiva\/wp-content\/uploads\/2011\/08\/Sasa-Jankovic-FONET.jpg\",\"datePublished\":\"2011-08-08T09:53:21+00:00\",\"breadcrumb\":{\"@id\":\"https:\/\/sandzakpress.net\/arhiva\/jankovic-vise-bosnjaka-u-policiji\/#breadcrumb\"},\"inLanguage\":\"bs-BA\",\"potentialAction\":[{\"@type\":\"ReadAction\",\"target\":[\"https:\/\/sandzakpress.net\/arhiva\/jankovic-vise-bosnjaka-u-policiji\/\"]}]},{\"@type\":\"ImageObject\",\"inLanguage\":\"bs-BA\",\"@id\":\"https:\/\/sandzakpress.net\/arhiva\/jankovic-vise-bosnjaka-u-policiji\/#primaryimage\",\"url\":\"https:\/\/sandzakpress.net\/arhiva\/wp-content\/uploads\/2011\/08\/Sasa-Jankovic-FONET.jpg\",\"contentUrl\":\"https:\/\/sandzakpress.net\/arhiva\/wp-content\/uploads\/2011\/08\/Sasa-Jankovic-FONET.jpg\",\"width\":478,\"height\":319},{\"@type\":\"BreadcrumbList\",\"@id\":\"https:\/\/sandzakpress.net\/arhiva\/jankovic-vise-bosnjaka-u-policiji\/#breadcrumb\",\"itemListElement\":[{\"@type\":\"ListItem\",\"position\":1,\"name\":\"Home\",\"item\":\"https:\/\/sandzakpress.net\/arhiva\/\"},{\"@type\":\"ListItem\",\"position\":2,\"name\":\"Jankovi\u0107: Vi\u0161e Bo\u0161njaka u policiji\"}]},{\"@type\":\"WebSite\",\"@id\":\"https:\/\/sandzakpress.net\/arhiva\/#website\",\"url\":\"https:\/\/sandzakpress.net\/arhiva\/\",\"name\":\"Sand\u017eak PRESS\",\"description\":\"Prve elektronske novine u Sand\u017eaku\",\"publisher\":{\"@id\":\"https:\/\/sandzakpress.net\/arhiva\/#\/schema\/person\/6e72b67d6e51910a1117b3b483ba20bd\"},\"potentialAction\":[{\"@type\":\"SearchAction\",\"target\":{\"@type\":\"EntryPoint\",\"urlTemplate\":\"https:\/\/sandzakpress.net\/arhiva\/?s={search_term_string}\"},\"query-input\":{\"@type\":\"PropertyValueSpecification\",\"valueRequired\":true,\"valueName\":\"search_term_string\"}}],\"inLanguage\":\"bs-BA\"},{\"@type\":[\"Person\",\"Organization\"],\"@id\":\"https:\/\/sandzakpress.net\/arhiva\/#\/schema\/person\/6e72b67d6e51910a1117b3b483ba20bd\",\"name\":\"Kul\",\"image\":{\"@type\":\"ImageObject\",\"inLanguage\":\"bs-BA\",\"@id\":\"https:\/\/sandzakpress.net\/arhiva\/#\/schema\/person\/image\/\",\"url\":\"https:\/\/secure.gravatar.com\/avatar\/42263f39aa27ac04c43cab85c280eb2e?s=96&d=mm&r=pg\",\"contentUrl\":\"https:\/\/secure.gravatar.com\/avatar\/42263f39aa27ac04c43cab85c280eb2e?s=96&d=mm&r=pg\",\"caption\":\"Kul\"},\"logo\":{\"@id\":\"https:\/\/sandzakpress.net\/arhiva\/#\/schema\/person\/image\/\"}},{\"@type\":\"Person\",\"@id\":\"https:\/\/sandzakpress.net\/arhiva\/#\/schema\/person\/c8baee722073534b583ea7bdb2e36c02\",\"name\":\"bosniak\",\"image\":{\"@type\":\"ImageObject\",\"inLanguage\":\"bs-BA\",\"@id\":\"https:\/\/sandzakpress.net\/arhiva\/#\/schema\/person\/image\/\",\"url\":\"https:\/\/secure.gravatar.com\/avatar\/a04fd330bfe3a36a72a0ad4a6d89fca7?s=96&d=mm&r=pg\",\"contentUrl\":\"https:\/\/secure.gravatar.com\/avatar\/a04fd330bfe3a36a72a0ad4a6d89fca7?s=96&d=mm&r=pg\",\"caption\":\"bosniak\"},\"url\":\"https:\/\/sandzakpress.net\/arhiva\/author\/bosniak\/\"}]}<\/script>\n<!-- \/ Yoast SEO Premium plugin. -->","yoast_head_json":{"title":"Jankovi\u0107: Vi\u0161e Bo\u0161njaka u policiji","robots":{"index":"index","follow":"follow","max-snippet":"max-snippet:-1","max-image-preview":"max-image-preview:large","max-video-preview":"max-video-preview:-1"},"canonical":"https:\/\/sandzakpress.net\/arhiva\/jankovic-vise-bosnjaka-u-policiji\/","og_locale":"bs_BA","og_type":"article","og_title":"Jankovi\u0107: Vi\u0161e Bo\u0161njaka u policiji","og_description":"Sjeverni Sand\u017eak &#8211; Za\u0161titnik gra\u0111ana Sa\u0161a Jankovi\u0107 zatra\u017eio je danas od Ministarstva unutra\u0161njih poslova da osmisli i sprovede konkretne mjere kako bi se postigla ravnomjerna zastupljenost pripadnika bo\u0161nja\u010dke i drugih nacionalnih manjina u sastavu policije na podru\u010dju Novog Pazara. Jankovi\u0107 je, u saop\u0107enju, naveo da Ustav nala\u017ee da se vodi ra\u010duna o ravnomjernoj zastupljenosti pripadnika [&hellip;]","og_url":"https:\/\/sandzakpress.net\/arhiva\/jankovic-vise-bosnjaka-u-policiji\/","og_site_name":"Sand\u017eak PRESS","article_published_time":"2011-08-08T09:53:21+00:00","og_image":[{"width":478,"height":319,"url":"https:\/\/sandzakpress.net\/arhiva\/wp-content\/uploads\/2011\/08\/Sasa-Jankovic-FONET.jpg","type":"image\/jpeg"}],"author":"bosniak","twitter_card":"summary_large_image","twitter_misc":{"Written by":"bosniak","Est. reading time":"1 minuta"},"schema":{"@context":"https:\/\/schema.org","@graph":[{"@type":"Article","@id":"https:\/\/sandzakpress.net\/arhiva\/jankovic-vise-bosnjaka-u-policiji\/#article","isPartOf":{"@id":"https:\/\/sandzakpress.net\/arhiva\/jankovic-vise-bosnjaka-u-policiji\/"},"author":{"name":"bosniak","@id":"https:\/\/sandzakpress.net\/arhiva\/#\/schema\/person\/c8baee722073534b583ea7bdb2e36c02"},"headline":"Jankovi\u0107: Vi\u0161e Bo\u0161njaka u policiji","datePublished":"2011-08-08T09:53:21+00:00","mainEntityOfPage":{"@id":"https:\/\/sandzakpress.net\/arhiva\/jankovic-vise-bosnjaka-u-policiji\/"},"wordCount":256,"commentCount":1,"publisher":{"@id":"https:\/\/sandzakpress.net\/arhiva\/#\/schema\/person\/6e72b67d6e51910a1117b3b483ba20bd"},"image":{"@id":"https:\/\/sandzakpress.net\/arhiva\/jankovic-vise-bosnjaka-u-policiji\/#primaryimage"},"thumbnailUrl":"https:\/\/sandzakpress.net\/arhiva\/wp-content\/uploads\/2011\/08\/Sasa-Jankovic-FONET.jpg","articleSection":["Novi Pazar","Nacija","Sjenica","Tutin","Prijepolje","Priboj","Nova Varo\u0161"],"inLanguage":"bs-BA","potentialAction":[{"@type":"CommentAction","name":"Comment","target":["https:\/\/sandzakpress.net\/arhiva\/jankovic-vise-bosnjaka-u-policiji\/#respond"]}]},{"@type":"WebPage","@id":"https:\/\/sandzakpress.net\/arhiva\/jankovic-vise-bosnjaka-u-policiji\/","url":"https:\/\/sandzakpress.net\/arhiva\/jankovic-vise-bosnjaka-u-policiji\/","name":"Jankovi\u0107: Vi\u0161e Bo\u0161njaka u policiji","isPartOf":{"@id":"https:\/\/sandzakpress.net\/arhiva\/#website"},"primaryImageOfPage":{"@id":"https:\/\/sandzakpress.net\/arhiva\/jankovic-vise-bosnjaka-u-policiji\/#primaryimage"},"image":{"@id":"https:\/\/sandzakpress.net\/arhiva\/jankovic-vise-bosnjaka-u-policiji\/#primaryimage"},"thumbnailUrl":"https:\/\/sandzakpress.net\/arhiva\/wp-content\/uploads\/2011\/08\/Sasa-Jankovic-FONET.jpg","datePublished":"2011-08-08T09:53:21+00:00","breadcrumb":{"@id":"https:\/\/sandzakpress.net\/arhiva\/jankovic-vise-bosnjaka-u-policiji\/#breadcrumb"},"inLanguage":"bs-BA","potentialAction":[{"@type":"ReadAction","target":["https:\/\/sandzakpress.net\/arhiva\/jankovic-vise-bosnjaka-u-policiji\/"]}]},{"@type":"ImageObject","inLanguage":"bs-BA","@id":"https:\/\/sandzakpress.net\/arhiva\/jankovic-vise-bosnjaka-u-policiji\/#primaryimage","url":"https:\/\/sandzakpress.net\/arhiva\/wp-content\/uploads\/2011\/08\/Sasa-Jankovic-FONET.jpg","contentUrl":"https:\/\/sandzakpress.net\/arhiva\/wp-content\/uploads\/2011\/08\/Sasa-Jankovic-FONET.jpg","width":478,"height":319},{"@type":"BreadcrumbList","@id":"https:\/\/sandzakpress.net\/arhiva\/jankovic-vise-bosnjaka-u-policiji\/#breadcrumb","itemListElement":[{"@type":"ListItem","position":1,"name":"Home","item":"https:\/\/sandzakpress.net\/arhiva\/"},{"@type":"ListItem","position":2,"name":"Jankovi\u0107: Vi\u0161e Bo\u0161njaka u policiji"}]},{"@type":"WebSite","@id":"https:\/\/sandzakpress.net\/arhiva\/#website","url":"https:\/\/sandzakpress.net\/arhiva\/","name":"Sand\u017eak PRESS","description":"Prve elektronske novine u Sand\u017eaku","publisher":{"@id":"https:\/\/sandzakpress.net\/arhiva\/#\/schema\/person\/6e72b67d6e51910a1117b3b483ba20bd"},"potentialAction":[{"@type":"SearchAction","target":{"@type":"EntryPoint","urlTemplate":"https:\/\/sandzakpress.net\/arhiva\/?s={search_term_string}"},"query-input":{"@type":"PropertyValueSpecification","valueRequired":true,"valueName":"search_term_string"}}],"inLanguage":"bs-BA"},{"@type":["Person","Organization"],"@id":"https:\/\/sandzakpress.net\/arhiva\/#\/schema\/person\/6e72b67d6e51910a1117b3b483ba20bd","name":"Kul","image":{"@type":"ImageObject","inLanguage":"bs-BA","@id":"https:\/\/sandzakpress.net\/arhiva\/#\/schema\/person\/image\/","url":"https:\/\/secure.gravatar.com\/avatar\/42263f39aa27ac04c43cab85c280eb2e?s=96&d=mm&r=pg","contentUrl":"https:\/\/secure.gravatar.com\/avatar\/42263f39aa27ac04c43cab85c280eb2e?s=96&d=mm&r=pg","caption":"Kul"},"logo":{"@id":"https:\/\/sandzakpress.net\/arhiva\/#\/schema\/person\/image\/"}},{"@type":"Person","@id":"https:\/\/sandzakpress.net\/arhiva\/#\/schema\/person\/c8baee722073534b583ea7bdb2e36c02","name":"bosniak","image":{"@type":"ImageObject","inLanguage":"bs-BA","@id":"https:\/\/sandzakpress.net\/arhiva\/#\/schema\/person\/image\/","url":"https:\/\/secure.gravatar.com\/avatar\/a04fd330bfe3a36a72a0ad4a6d89fca7?s=96&d=mm&r=pg","contentUrl":"https:\/\/secure.gravatar.com\/avatar\/a04fd330bfe3a36a72a0ad4a6d89fca7?s=96&d=mm&r=pg","caption":"bosniak"},"url":"https:\/\/sandzakpress.net\/arhiva\/author\/bosniak\/"}]}},"_links":{"self":[{"href":"https:\/\/sandzakpress.net\/arhiva\/wp-json\/wp\/v2\/posts\/18641"}],"collection":[{"href":"https:\/\/sandzakpress.net\/arhiva\/wp-json\/wp\/v2\/posts"}],"about":[{"href":"https:\/\/sandzakpress.net\/arhiva\/wp-json\/wp\/v2\/types\/post"}],"author":[{"embeddable":true,"href":"https:\/\/sandzakpress.net\/arhiva\/wp-json\/wp\/v2\/users\/83"}],"replies":[{"embeddable":true,"href":"https:\/\/sandzakpress.net\/arhiva\/wp-json\/wp\/v2\/comments?post=18641"}],"version-history":[{"count":0,"href":"https:\/\/sandzakpress.net\/arhiva\/wp-json\/wp\/v2\/posts\/18641\/revisions"}],"wp:featuredmedia":[{"embeddable":true,"href":"https:\/\/sandzakpress.net\/arhiva\/wp-json\/wp\/v2\/media\/18642"}],"wp:attachment":[{"href":"https:\/\/sandzakpress.net\/arhiva\/wp-json\/wp\/v2\/media?parent=18641"}],"wp:term":[{"taxonomy":"category","embeddable":true,"href":"https:\/\/sandzakpress.net\/arhiva\/wp-json\/wp\/v2\/categories?post=18641"},{"taxonomy":"post_tag","embeddable":true,"href":"https:\/\/sandzakpress.net\/arhiva\/wp-json\/wp\/v2\/tags?post=18641"}],"curies":[{"name":"wp","href":"https:\/\/api.w.org\/{rel}","templated":true}]}}