{"id":186397,"date":"2017-05-08T12:00:59","date_gmt":"2017-05-08T10:00:59","guid":{"rendered":"https:\/\/sandzakpress.net\/arhiva\/?p=186397"},"modified":"2017-05-08T12:18:41","modified_gmt":"2017-05-08T10:18:41","slug":"muftija-dudic-u-posjeti-islamskoj-zajednici-u-svedskoj","status":"publish","type":"post","link":"https:\/\/sandzakpress.net\/arhiva\/muftija-dudic-u-posjeti-islamskoj-zajednici-u-svedskoj\/","title":{"rendered":"Muftija Dudi\u0107 u posjeti Islamskoj zajednici u \u0160vedskoj"},"content":{"rendered":"<p><img loading=\"lazy\" decoding=\"async\" class=\"alignnone size-full wp-image-37973\" src=\"http:\/\/mesihat.org\/wp-content\/uploads\/2017\/05\/img_2796.jpg\" sizes=\"(max-width: 1280px) 100vw, 1280px\" srcset=\"http:\/\/mesihat.org\/wp-content\/uploads\/2017\/05\/img_2796.jpg 1280w, http:\/\/mesihat.org\/wp-content\/uploads\/2017\/05\/img_2796-400x300.jpg 400w, http:\/\/mesihat.org\/wp-content\/uploads\/2017\/05\/img_2796-768x576.jpg 768w, http:\/\/mesihat.org\/wp-content\/uploads\/2017\/05\/img_2796-800x600.jpg 800w, http:\/\/mesihat.org\/wp-content\/uploads\/2017\/05\/img_2796-80x60.jpg 80w\" alt=\"\" width=\"1280\" height=\"960\" \/><\/p>\n<p><strong>Dana 6. maja 2017. godine predsjednik Me\u0161ihata IZ-e u Srbiji muftija dr. Mevlud ef. Dudi\u0107 boravio je u jednodnevnoj posjeti Islamskoj zajednici Bo\u0161njaka u \u0160vedskoj na poziv glavnog imama Idris ef. Karamana.<\/strong><\/p>\n<p>Nakon podne namaza u Malmeu, u Islamskom centru Bo\u0161njaka, muftija Dudi\u0107 je obi\u0161ao prostorije gdje je smje\u0161ten d\u017eemat. Tom prilikom, efendija Karaman upoznao je gosta sa Islamskom zajednicom Bo\u0161njaka u \u0160vedskoj, koja ima 26 d\u017eemata sa muslimanima Bosne i Sand\u017eaka, kao i sa potencijalima sa kojima raspola\u017eu. U \u0160vedskoj \u017eivi preko 500.000 muslimana, od kojih je Bo\u0161njaka oko 100.000.\u00a0<\/p>\n<p>Obra\u0107aju\u0107i se prisutnima, predsjednik Me\u0161ihata govorio je o zna\u010daju postojanja d\u017eemata i zajedni\u010dkog djelovanja bosanskih i sand\u017ea\u010dkih Bo\u0161njaka. Na kraju manifestacije muftija Dudi\u0107 je uru\u010dio priznanje glavnom imamu za uspje\u0161an rad punih 30 godina u \u0160vedskoj. Muslimani Malmea \u010dak imaju i svoje groblje.<\/p>\n<p>Nakon ikindije namaza organizovano je ve\u010de Kur'ana u Helsinburgu gdje imamsku du\u017enost obavlja Nezir ef. \u0160piri\u0107.\u00a0<\/p>\n<p>Nakon programa kojeg su izveli karije \u2013 u\u010da\u010di iz \u0160vedske i Egipta, prisutnima se obratio muftija Dudi\u0107 koji je govorio o tri vrijednosti koje su od izuzetnog zna\u010daja za o\u010duvanje islama i muslimana u \u0160vedskoj: imanu, porodici i d\u017eematu.<\/p>\n<p><a class=\"cb-lightbox\" href=\"http:\/\/mesihat.org\/wp-content\/uploads\/2017\/05\/img_2803.jpg\"><img loading=\"lazy\" decoding=\"async\" class=\"alignnone size-full wp-image-37981\" src=\"http:\/\/mesihat.org\/wp-content\/uploads\/2017\/05\/img_2803.jpg\" sizes=\"(max-width: 960px) 100vw, 960px\" srcset=\"http:\/\/mesihat.org\/wp-content\/uploads\/2017\/05\/img_2803.jpg 960w, http:\/\/mesihat.org\/wp-content\/uploads\/2017\/05\/img_2803-225x300.jpg 225w, http:\/\/mesihat.org\/wp-content\/uploads\/2017\/05\/img_2803-768x1024.jpg 768w, http:\/\/mesihat.org\/wp-content\/uploads\/2017\/05\/img_2803-450x600.jpg 450w\" alt=\"\" width=\"960\" height=\"1280\" \/><\/a><br \/>\n <a class=\"cb-lightbox\" href=\"http:\/\/mesihat.org\/wp-content\/uploads\/2017\/05\/img_2797.jpg\"><img loading=\"lazy\" decoding=\"async\" class=\"alignnone size-full wp-image-37976\" src=\"http:\/\/mesihat.org\/wp-content\/uploads\/2017\/05\/img_2797.jpg\" sizes=\"(max-width: 1280px) 100vw, 1280px\" srcset=\"http:\/\/mesihat.org\/wp-content\/uploads\/2017\/05\/img_2797.jpg 1280w, http:\/\/mesihat.org\/wp-content\/uploads\/2017\/05\/img_2797-400x300.jpg 400w, http:\/\/mesihat.org\/wp-content\/uploads\/2017\/05\/img_2797-768x576.jpg 768w, http:\/\/mesihat.org\/wp-content\/uploads\/2017\/05\/img_2797-800x600.jpg 800w, http:\/\/mesihat.org\/wp-content\/uploads\/2017\/05\/img_2797-80x60.jpg 80w\" alt=\"\" width=\"1280\" height=\"960\" \/><\/a><a class=\"cb-lightbox\" href=\"http:\/\/mesihat.org\/wp-content\/uploads\/2017\/05\/img_2798.jpg\"><img loading=\"lazy\" decoding=\"async\" class=\"alignnone size-full wp-image-37975\" src=\"http:\/\/mesihat.org\/wp-content\/uploads\/2017\/05\/img_2798.jpg\" sizes=\"(max-width: 961px) 100vw, 961px\" srcset=\"http:\/\/mesihat.org\/wp-content\/uploads\/2017\/05\/img_2798.jpg 961w, http:\/\/mesihat.org\/wp-content\/uploads\/2017\/05\/img_2798-225x300.jpg 225w, http:\/\/mesihat.org\/wp-content\/uploads\/2017\/05\/img_2798-768x1023.jpg 768w, http:\/\/mesihat.org\/wp-content\/uploads\/2017\/05\/img_2798-450x600.jpg 450w\" alt=\"\" width=\"961\" height=\"1280\" \/><\/a><a class=\"cb-lightbox\" href=\"http:\/\/mesihat.org\/wp-content\/uploads\/2017\/05\/img_2799.jpg\"><img loading=\"lazy\" decoding=\"async\" class=\"alignnone size-full wp-image-37972\" src=\"http:\/\/mesihat.org\/wp-content\/uploads\/2017\/05\/img_2799.jpg\" sizes=\"(max-width: 480px) 100vw, 480px\" srcset=\"http:\/\/mesihat.org\/wp-content\/uploads\/2017\/05\/img_2799.jpg 480w, http:\/\/mesihat.org\/wp-content\/uploads\/2017\/05\/img_2799-225x300.jpg 225w, http:\/\/mesihat.org\/wp-content\/uploads\/2017\/05\/img_2799-450x600.jpg 450w\" alt=\"\" width=\"480\" height=\"640\" \/><\/a><a class=\"cb-lightbox\" href=\"http:\/\/mesihat.org\/wp-content\/uploads\/2017\/05\/img_2800.jpg\"><img loading=\"lazy\" decoding=\"async\" class=\"alignnone size-full wp-image-37974\" src=\"http:\/\/mesihat.org\/wp-content\/uploads\/2017\/05\/img_2800.jpg\" sizes=\"(max-width: 480px) 100vw, 480px\" srcset=\"http:\/\/mesihat.org\/wp-content\/uploads\/2017\/05\/img_2800.jpg 480w, http:\/\/mesihat.org\/wp-content\/uploads\/2017\/05\/img_2800-225x300.jpg 225w, http:\/\/mesihat.org\/wp-content\/uploads\/2017\/05\/img_2800-450x600.jpg 450w\" alt=\"\" width=\"480\" height=\"640\" \/><\/a><a class=\"cb-lightbox\" href=\"http:\/\/mesihat.org\/wp-content\/uploads\/2017\/05\/img_2801.jpg\"><img loading=\"lazy\" decoding=\"async\" class=\"alignnone size-full wp-image-37978\" src=\"http:\/\/mesihat.org\/wp-content\/uploads\/2017\/05\/img_2801.jpg\" sizes=\"(max-width: 1280px) 100vw, 1280px\" srcset=\"http:\/\/mesihat.org\/wp-content\/uploads\/2017\/05\/img_2801.jpg 1280w, http:\/\/mesihat.org\/wp-content\/uploads\/2017\/05\/img_2801-400x300.jpg 400w, http:\/\/mesihat.org\/wp-content\/uploads\/2017\/05\/img_2801-768x576.jpg 768w, http:\/\/mesihat.org\/wp-content\/uploads\/2017\/05\/img_2801-800x600.jpg 800w, http:\/\/mesihat.org\/wp-content\/uploads\/2017\/05\/img_2801-80x60.jpg 80w\" alt=\"\" width=\"1280\" height=\"960\" \/><\/a><a class=\"cb-lightbox\" href=\"http:\/\/mesihat.org\/wp-content\/uploads\/2017\/05\/img_2802.jpg\"><img loading=\"lazy\" decoding=\"async\" class=\"alignnone size-full wp-image-37977\" src=\"http:\/\/mesihat.org\/wp-content\/uploads\/2017\/05\/img_2802.jpg\" sizes=\"(max-width: 1280px) 100vw, 1280px\" srcset=\"http:\/\/mesihat.org\/wp-content\/uploads\/2017\/05\/img_2802.jpg 1280w, http:\/\/mesihat.org\/wp-content\/uploads\/2017\/05\/img_2802-451x300.jpg 451w, http:\/\/mesihat.org\/wp-content\/uploads\/2017\/05\/img_2802-768x511.jpg 768w, http:\/\/mesihat.org\/wp-content\/uploads\/2017\/05\/img_2802-901x600.jpg 901w, http:\/\/mesihat.org\/wp-content\/uploads\/2017\/05\/img_2802-300x200.jpg 300w, http:\/\/mesihat.org\/wp-content\/uploads\/2017\/05\/img_2802-360x240.jpg 360w, http:\/\/mesihat.org\/wp-content\/uploads\/2017\/05\/img_2802-600x400.jpg 600w\" alt=\"\" width=\"1280\" height=\"852\" \/><\/a><br \/>\n <i>Informativna slu\u017eba Me\u0161ihata<\/i><\/p>\n","protected":false},"excerpt":{"rendered":"<p>Dana 6. maja 2017. godine predsjednik Me\u0161ihata IZ-e u Srbiji muftija dr. Mevlud ef. Dudi\u0107 boravio je u jednodnevnoj posjeti Islamskoj zajednici Bo\u0161njaka u \u0160vedskoj na poziv glavnog imama Idris ef. Karamana. Nakon podne namaza u Malmeu, u Islamskom centru Bo\u0161njaka, muftija Dudi\u0107 je obi\u0161ao prostorije gdje je smje\u0161ten d\u017eemat. Tom prilikom, efendija Karaman upoznao [&hellip;]<\/p>\n","protected":false},"author":509,"featured_media":186405,"comment_status":"open","ping_status":"open","sticky":false,"template":"","format":"standard","meta":{"footnotes":""},"categories":[72,802,9543,8957],"tags":[],"class_list":{"0":"post-186397","1":"post","2":"type-post","3":"status-publish","4":"format-standard","5":"has-post-thumbnail","7":"category-novi-pazar","8":"category-islamska_zajednica","9":"category-svedska-dijaspora-gradovi-vase-vijesti","10":"category-vijesti-dana"},"yoast_head":"<!-- This site is optimized with the Yoast SEO Premium plugin v23.1 (Yoast SEO v24.9) - https:\/\/yoast.com\/wordpress\/plugins\/seo\/ -->\n<title>Muftija Dudi\u0107 u posjeti Islamskoj zajednici u \u0160vedskoj<\/title>\n<meta name=\"robots\" content=\"index, follow, max-snippet:-1, max-image-preview:large, max-video-preview:-1\" \/>\n<link rel=\"canonical\" href=\"https:\/\/sandzakpress.net\/arhiva\/muftija-dudic-u-posjeti-islamskoj-zajednici-u-svedskoj\/\" \/>\n<meta property=\"og:locale\" content=\"bs_BA\" \/>\n<meta property=\"og:type\" content=\"article\" \/>\n<meta property=\"og:title\" content=\"Muftija Dudi\u0107 u posjeti Islamskoj zajednici u \u0160vedskoj\" \/>\n<meta property=\"og:description\" content=\"Dana 6. maja 2017. godine predsjednik Me\u0161ihata IZ-e u Srbiji muftija dr. Mevlud ef. Dudi\u0107 boravio je u jednodnevnoj posjeti Islamskoj zajednici Bo\u0161njaka u \u0160vedskoj na poziv glavnog imama Idris ef. Karamana. Nakon podne namaza u Malmeu, u Islamskom centru Bo\u0161njaka, muftija Dudi\u0107 je obi\u0161ao prostorije gdje je smje\u0161ten d\u017eemat. Tom prilikom, efendija Karaman upoznao [&hellip;]\" \/>\n<meta property=\"og:url\" content=\"https:\/\/sandzakpress.net\/arhiva\/muftija-dudic-u-posjeti-islamskoj-zajednici-u-svedskoj\/\" \/>\n<meta property=\"og:site_name\" content=\"Sand\u017eak PRESS\" \/>\n<meta property=\"article:published_time\" content=\"2017-05-08T10:00:59+00:00\" \/>\n<meta property=\"article:modified_time\" content=\"2017-05-08T10:18:41+00:00\" \/>\n<meta property=\"og:image\" content=\"https:\/\/sandzakpress.net\/arhiva\/wp-content\/uploads\/2017\/05\/img_2796.jpg\" \/>\n\t<meta property=\"og:image:width\" content=\"1280\" \/>\n\t<meta property=\"og:image:height\" content=\"960\" \/>\n\t<meta property=\"og:image:type\" content=\"image\/jpeg\" \/>\n<meta name=\"author\" content=\"Agencija\" \/>\n<meta name=\"twitter:card\" content=\"summary_large_image\" \/>\n<meta name=\"twitter:label1\" content=\"Written by\" \/>\n\t<meta name=\"twitter:data1\" content=\"Agencija\" \/>\n\t<meta name=\"twitter:label2\" content=\"Est. reading time\" \/>\n\t<meta name=\"twitter:data2\" content=\"1 minuta\" \/>\n<script type=\"application\/ld+json\" class=\"yoast-schema-graph\">{\"@context\":\"https:\/\/schema.org\",\"@graph\":[{\"@type\":\"Article\",\"@id\":\"https:\/\/sandzakpress.net\/arhiva\/muftija-dudic-u-posjeti-islamskoj-zajednici-u-svedskoj\/#article\",\"isPartOf\":{\"@id\":\"https:\/\/sandzakpress.net\/arhiva\/muftija-dudic-u-posjeti-islamskoj-zajednici-u-svedskoj\/\"},\"author\":{\"name\":\"Agencija\",\"@id\":\"https:\/\/sandzakpress.net\/arhiva\/#\/schema\/person\/cb59d7e3ab91ab90dd680ad0305a6185\"},\"headline\":\"Muftija Dudi\u0107 u posjeti Islamskoj zajednici u \u0160vedskoj\",\"datePublished\":\"2017-05-08T10:00:59+00:00\",\"dateModified\":\"2017-05-08T10:18:41+00:00\",\"mainEntityOfPage\":{\"@id\":\"https:\/\/sandzakpress.net\/arhiva\/muftija-dudic-u-posjeti-islamskoj-zajednici-u-svedskoj\/\"},\"wordCount\":225,\"commentCount\":0,\"publisher\":{\"@id\":\"https:\/\/sandzakpress.net\/arhiva\/#\/schema\/person\/6e72b67d6e51910a1117b3b483ba20bd\"},\"image\":{\"@id\":\"https:\/\/sandzakpress.net\/arhiva\/muftija-dudic-u-posjeti-islamskoj-zajednici-u-svedskoj\/#primaryimage\"},\"thumbnailUrl\":\"https:\/\/sandzakpress.net\/arhiva\/wp-content\/uploads\/2017\/05\/img_2796.jpg\",\"articleSection\":[\"Novi Pazar\",\"Islamska zajednica\",\"\u0160vedska\",\"VIJESTI DANA\"],\"inLanguage\":\"bs-BA\",\"potentialAction\":[{\"@type\":\"CommentAction\",\"name\":\"Comment\",\"target\":[\"https:\/\/sandzakpress.net\/arhiva\/muftija-dudic-u-posjeti-islamskoj-zajednici-u-svedskoj\/#respond\"]}]},{\"@type\":\"WebPage\",\"@id\":\"https:\/\/sandzakpress.net\/arhiva\/muftija-dudic-u-posjeti-islamskoj-zajednici-u-svedskoj\/\",\"url\":\"https:\/\/sandzakpress.net\/arhiva\/muftija-dudic-u-posjeti-islamskoj-zajednici-u-svedskoj\/\",\"name\":\"Muftija Dudi\u0107 u posjeti Islamskoj zajednici u \u0160vedskoj\",\"isPartOf\":{\"@id\":\"https:\/\/sandzakpress.net\/arhiva\/#website\"},\"primaryImageOfPage\":{\"@id\":\"https:\/\/sandzakpress.net\/arhiva\/muftija-dudic-u-posjeti-islamskoj-zajednici-u-svedskoj\/#primaryimage\"},\"image\":{\"@id\":\"https:\/\/sandzakpress.net\/arhiva\/muftija-dudic-u-posjeti-islamskoj-zajednici-u-svedskoj\/#primaryimage\"},\"thumbnailUrl\":\"https:\/\/sandzakpress.net\/arhiva\/wp-content\/uploads\/2017\/05\/img_2796.jpg\",\"datePublished\":\"2017-05-08T10:00:59+00:00\",\"dateModified\":\"2017-05-08T10:18:41+00:00\",\"breadcrumb\":{\"@id\":\"https:\/\/sandzakpress.net\/arhiva\/muftija-dudic-u-posjeti-islamskoj-zajednici-u-svedskoj\/#breadcrumb\"},\"inLanguage\":\"bs-BA\",\"potentialAction\":[{\"@type\":\"ReadAction\",\"target\":[\"https:\/\/sandzakpress.net\/arhiva\/muftija-dudic-u-posjeti-islamskoj-zajednici-u-svedskoj\/\"]}]},{\"@type\":\"ImageObject\",\"inLanguage\":\"bs-BA\",\"@id\":\"https:\/\/sandzakpress.net\/arhiva\/muftija-dudic-u-posjeti-islamskoj-zajednici-u-svedskoj\/#primaryimage\",\"url\":\"https:\/\/sandzakpress.net\/arhiva\/wp-content\/uploads\/2017\/05\/img_2796.jpg\",\"contentUrl\":\"https:\/\/sandzakpress.net\/arhiva\/wp-content\/uploads\/2017\/05\/img_2796.jpg\",\"width\":1280,\"height\":960},{\"@type\":\"BreadcrumbList\",\"@id\":\"https:\/\/sandzakpress.net\/arhiva\/muftija-dudic-u-posjeti-islamskoj-zajednici-u-svedskoj\/#breadcrumb\",\"itemListElement\":[{\"@type\":\"ListItem\",\"position\":1,\"name\":\"Home\",\"item\":\"https:\/\/sandzakpress.net\/arhiva\/\"},{\"@type\":\"ListItem\",\"position\":2,\"name\":\"Muftija Dudi\u0107 u posjeti Islamskoj zajednici u \u0160vedskoj\"}]},{\"@type\":\"WebSite\",\"@id\":\"https:\/\/sandzakpress.net\/arhiva\/#website\",\"url\":\"https:\/\/sandzakpress.net\/arhiva\/\",\"name\":\"Sand\u017eak PRESS\",\"description\":\"Prve elektronske novine u Sand\u017eaku\",\"publisher\":{\"@id\":\"https:\/\/sandzakpress.net\/arhiva\/#\/schema\/person\/6e72b67d6e51910a1117b3b483ba20bd\"},\"potentialAction\":[{\"@type\":\"SearchAction\",\"target\":{\"@type\":\"EntryPoint\",\"urlTemplate\":\"https:\/\/sandzakpress.net\/arhiva\/?s={search_term_string}\"},\"query-input\":{\"@type\":\"PropertyValueSpecification\",\"valueRequired\":true,\"valueName\":\"search_term_string\"}}],\"inLanguage\":\"bs-BA\"},{\"@type\":[\"Person\",\"Organization\"],\"@id\":\"https:\/\/sandzakpress.net\/arhiva\/#\/schema\/person\/6e72b67d6e51910a1117b3b483ba20bd\",\"name\":\"Kul\",\"image\":{\"@type\":\"ImageObject\",\"inLanguage\":\"bs-BA\",\"@id\":\"https:\/\/sandzakpress.net\/arhiva\/#\/schema\/person\/image\/\",\"url\":\"https:\/\/secure.gravatar.com\/avatar\/42263f39aa27ac04c43cab85c280eb2e?s=96&d=mm&r=pg\",\"contentUrl\":\"https:\/\/secure.gravatar.com\/avatar\/42263f39aa27ac04c43cab85c280eb2e?s=96&d=mm&r=pg\",\"caption\":\"Kul\"},\"logo\":{\"@id\":\"https:\/\/sandzakpress.net\/arhiva\/#\/schema\/person\/image\/\"}},{\"@type\":\"Person\",\"@id\":\"https:\/\/sandzakpress.net\/arhiva\/#\/schema\/person\/cb59d7e3ab91ab90dd680ad0305a6185\",\"name\":\"Agencija\",\"image\":{\"@type\":\"ImageObject\",\"inLanguage\":\"bs-BA\",\"@id\":\"https:\/\/sandzakpress.net\/arhiva\/#\/schema\/person\/image\/\",\"url\":\"https:\/\/secure.gravatar.com\/avatar\/4b7fafa80a22f0c2afe23966b3961fe0?s=96&d=mm&r=pg\",\"contentUrl\":\"https:\/\/secure.gravatar.com\/avatar\/4b7fafa80a22f0c2afe23966b3961fe0?s=96&d=mm&r=pg\",\"caption\":\"Agencija\"},\"url\":\"https:\/\/sandzakpress.net\/arhiva\/author\/agencija\/\"}]}<\/script>\n<!-- \/ Yoast SEO Premium plugin. -->","yoast_head_json":{"title":"Muftija Dudi\u0107 u posjeti Islamskoj zajednici u \u0160vedskoj","robots":{"index":"index","follow":"follow","max-snippet":"max-snippet:-1","max-image-preview":"max-image-preview:large","max-video-preview":"max-video-preview:-1"},"canonical":"https:\/\/sandzakpress.net\/arhiva\/muftija-dudic-u-posjeti-islamskoj-zajednici-u-svedskoj\/","og_locale":"bs_BA","og_type":"article","og_title":"Muftija Dudi\u0107 u posjeti Islamskoj zajednici u \u0160vedskoj","og_description":"Dana 6. maja 2017. godine predsjednik Me\u0161ihata IZ-e u Srbiji muftija dr. Mevlud ef. Dudi\u0107 boravio je u jednodnevnoj posjeti Islamskoj zajednici Bo\u0161njaka u \u0160vedskoj na poziv glavnog imama Idris ef. Karamana. Nakon podne namaza u Malmeu, u Islamskom centru Bo\u0161njaka, muftija Dudi\u0107 je obi\u0161ao prostorije gdje je smje\u0161ten d\u017eemat. Tom prilikom, efendija Karaman upoznao [&hellip;]","og_url":"https:\/\/sandzakpress.net\/arhiva\/muftija-dudic-u-posjeti-islamskoj-zajednici-u-svedskoj\/","og_site_name":"Sand\u017eak PRESS","article_published_time":"2017-05-08T10:00:59+00:00","article_modified_time":"2017-05-08T10:18:41+00:00","og_image":[{"width":1280,"height":960,"url":"https:\/\/sandzakpress.net\/arhiva\/wp-content\/uploads\/2017\/05\/img_2796.jpg","type":"image\/jpeg"}],"author":"Agencija","twitter_card":"summary_large_image","twitter_misc":{"Written by":"Agencija","Est. reading time":"1 minuta"},"schema":{"@context":"https:\/\/schema.org","@graph":[{"@type":"Article","@id":"https:\/\/sandzakpress.net\/arhiva\/muftija-dudic-u-posjeti-islamskoj-zajednici-u-svedskoj\/#article","isPartOf":{"@id":"https:\/\/sandzakpress.net\/arhiva\/muftija-dudic-u-posjeti-islamskoj-zajednici-u-svedskoj\/"},"author":{"name":"Agencija","@id":"https:\/\/sandzakpress.net\/arhiva\/#\/schema\/person\/cb59d7e3ab91ab90dd680ad0305a6185"},"headline":"Muftija Dudi\u0107 u posjeti Islamskoj zajednici u \u0160vedskoj","datePublished":"2017-05-08T10:00:59+00:00","dateModified":"2017-05-08T10:18:41+00:00","mainEntityOfPage":{"@id":"https:\/\/sandzakpress.net\/arhiva\/muftija-dudic-u-posjeti-islamskoj-zajednici-u-svedskoj\/"},"wordCount":225,"commentCount":0,"publisher":{"@id":"https:\/\/sandzakpress.net\/arhiva\/#\/schema\/person\/6e72b67d6e51910a1117b3b483ba20bd"},"image":{"@id":"https:\/\/sandzakpress.net\/arhiva\/muftija-dudic-u-posjeti-islamskoj-zajednici-u-svedskoj\/#primaryimage"},"thumbnailUrl":"https:\/\/sandzakpress.net\/arhiva\/wp-content\/uploads\/2017\/05\/img_2796.jpg","articleSection":["Novi Pazar","Islamska zajednica","\u0160vedska","VIJESTI DANA"],"inLanguage":"bs-BA","potentialAction":[{"@type":"CommentAction","name":"Comment","target":["https:\/\/sandzakpress.net\/arhiva\/muftija-dudic-u-posjeti-islamskoj-zajednici-u-svedskoj\/#respond"]}]},{"@type":"WebPage","@id":"https:\/\/sandzakpress.net\/arhiva\/muftija-dudic-u-posjeti-islamskoj-zajednici-u-svedskoj\/","url":"https:\/\/sandzakpress.net\/arhiva\/muftija-dudic-u-posjeti-islamskoj-zajednici-u-svedskoj\/","name":"Muftija Dudi\u0107 u posjeti Islamskoj zajednici u \u0160vedskoj","isPartOf":{"@id":"https:\/\/sandzakpress.net\/arhiva\/#website"},"primaryImageOfPage":{"@id":"https:\/\/sandzakpress.net\/arhiva\/muftija-dudic-u-posjeti-islamskoj-zajednici-u-svedskoj\/#primaryimage"},"image":{"@id":"https:\/\/sandzakpress.net\/arhiva\/muftija-dudic-u-posjeti-islamskoj-zajednici-u-svedskoj\/#primaryimage"},"thumbnailUrl":"https:\/\/sandzakpress.net\/arhiva\/wp-content\/uploads\/2017\/05\/img_2796.jpg","datePublished":"2017-05-08T10:00:59+00:00","dateModified":"2017-05-08T10:18:41+00:00","breadcrumb":{"@id":"https:\/\/sandzakpress.net\/arhiva\/muftija-dudic-u-posjeti-islamskoj-zajednici-u-svedskoj\/#breadcrumb"},"inLanguage":"bs-BA","potentialAction":[{"@type":"ReadAction","target":["https:\/\/sandzakpress.net\/arhiva\/muftija-dudic-u-posjeti-islamskoj-zajednici-u-svedskoj\/"]}]},{"@type":"ImageObject","inLanguage":"bs-BA","@id":"https:\/\/sandzakpress.net\/arhiva\/muftija-dudic-u-posjeti-islamskoj-zajednici-u-svedskoj\/#primaryimage","url":"https:\/\/sandzakpress.net\/arhiva\/wp-content\/uploads\/2017\/05\/img_2796.jpg","contentUrl":"https:\/\/sandzakpress.net\/arhiva\/wp-content\/uploads\/2017\/05\/img_2796.jpg","width":1280,"height":960},{"@type":"BreadcrumbList","@id":"https:\/\/sandzakpress.net\/arhiva\/muftija-dudic-u-posjeti-islamskoj-zajednici-u-svedskoj\/#breadcrumb","itemListElement":[{"@type":"ListItem","position":1,"name":"Home","item":"https:\/\/sandzakpress.net\/arhiva\/"},{"@type":"ListItem","position":2,"name":"Muftija Dudi\u0107 u posjeti Islamskoj zajednici u \u0160vedskoj"}]},{"@type":"WebSite","@id":"https:\/\/sandzakpress.net\/arhiva\/#website","url":"https:\/\/sandzakpress.net\/arhiva\/","name":"Sand\u017eak PRESS","description":"Prve elektronske novine u Sand\u017eaku","publisher":{"@id":"https:\/\/sandzakpress.net\/arhiva\/#\/schema\/person\/6e72b67d6e51910a1117b3b483ba20bd"},"potentialAction":[{"@type":"SearchAction","target":{"@type":"EntryPoint","urlTemplate":"https:\/\/sandzakpress.net\/arhiva\/?s={search_term_string}"},"query-input":{"@type":"PropertyValueSpecification","valueRequired":true,"valueName":"search_term_string"}}],"inLanguage":"bs-BA"},{"@type":["Person","Organization"],"@id":"https:\/\/sandzakpress.net\/arhiva\/#\/schema\/person\/6e72b67d6e51910a1117b3b483ba20bd","name":"Kul","image":{"@type":"ImageObject","inLanguage":"bs-BA","@id":"https:\/\/sandzakpress.net\/arhiva\/#\/schema\/person\/image\/","url":"https:\/\/secure.gravatar.com\/avatar\/42263f39aa27ac04c43cab85c280eb2e?s=96&d=mm&r=pg","contentUrl":"https:\/\/secure.gravatar.com\/avatar\/42263f39aa27ac04c43cab85c280eb2e?s=96&d=mm&r=pg","caption":"Kul"},"logo":{"@id":"https:\/\/sandzakpress.net\/arhiva\/#\/schema\/person\/image\/"}},{"@type":"Person","@id":"https:\/\/sandzakpress.net\/arhiva\/#\/schema\/person\/cb59d7e3ab91ab90dd680ad0305a6185","name":"Agencija","image":{"@type":"ImageObject","inLanguage":"bs-BA","@id":"https:\/\/sandzakpress.net\/arhiva\/#\/schema\/person\/image\/","url":"https:\/\/secure.gravatar.com\/avatar\/4b7fafa80a22f0c2afe23966b3961fe0?s=96&d=mm&r=pg","contentUrl":"https:\/\/secure.gravatar.com\/avatar\/4b7fafa80a22f0c2afe23966b3961fe0?s=96&d=mm&r=pg","caption":"Agencija"},"url":"https:\/\/sandzakpress.net\/arhiva\/author\/agencija\/"}]}},"_links":{"self":[{"href":"https:\/\/sandzakpress.net\/arhiva\/wp-json\/wp\/v2\/posts\/186397"}],"collection":[{"href":"https:\/\/sandzakpress.net\/arhiva\/wp-json\/wp\/v2\/posts"}],"about":[{"href":"https:\/\/sandzakpress.net\/arhiva\/wp-json\/wp\/v2\/types\/post"}],"author":[{"embeddable":true,"href":"https:\/\/sandzakpress.net\/arhiva\/wp-json\/wp\/v2\/users\/509"}],"replies":[{"embeddable":true,"href":"https:\/\/sandzakpress.net\/arhiva\/wp-json\/wp\/v2\/comments?post=186397"}],"version-history":[{"count":0,"href":"https:\/\/sandzakpress.net\/arhiva\/wp-json\/wp\/v2\/posts\/186397\/revisions"}],"wp:featuredmedia":[{"embeddable":true,"href":"https:\/\/sandzakpress.net\/arhiva\/wp-json\/wp\/v2\/media\/186405"}],"wp:attachment":[{"href":"https:\/\/sandzakpress.net\/arhiva\/wp-json\/wp\/v2\/media?parent=186397"}],"wp:term":[{"taxonomy":"category","embeddable":true,"href":"https:\/\/sandzakpress.net\/arhiva\/wp-json\/wp\/v2\/categories?post=186397"},{"taxonomy":"post_tag","embeddable":true,"href":"https:\/\/sandzakpress.net\/arhiva\/wp-json\/wp\/v2\/tags?post=186397"}],"curies":[{"name":"wp","href":"https:\/\/api.w.org\/{rel}","templated":true}]}}