{"id":186210,"date":"2017-05-05T12:09:08","date_gmt":"2017-05-05T10:09:08","guid":{"rendered":"https:\/\/sandzakpress.net\/arhiva\/?p=186210"},"modified":"2017-05-09T09:51:45","modified_gmt":"2017-05-09T07:51:45","slug":"ismet-nece-da-kaze-zbog-cega-je-ubio-dzevada","status":"publish","type":"post","link":"https:\/\/sandzakpress.net\/arhiva\/ismet-nece-da-kaze-zbog-cega-je-ubio-dzevada\/","title":{"rendered":"Ismet ne\u0107e da ka\u017ee zbog \u010dega je ubio D\u017eevada"},"content":{"rendered":"<p><img decoding=\"async\" class=\"aligncenter\" src=\"http:\/\/www.novosti.rs\/upload\/thumbs\/images\/2017\/\/05\/04n\/HRO-IZRESETAO_620x0.jpg\" alt=\" Mesto gde je D\u017eankovi\u0107 ispalio sedam hitaca u Mehmedovi\u0107a\/ Foto: M. N.\" \/><\/p>\n<p>&nbsp;<\/p>\n<p><strong>Ismet D\u017eankovi\u0107 (52), privrednik iz Novog Pazara koji je preksino\u0107 nedaleko od gradske bolnice ubio D\u017eevada Mehmedovi\u0107a (41), oca troje maloljetne djece i brata Ned\u017eada Mehmedovi\u0107a, imama Nik\u0161i\u0107ke d\u017eamije, u policiji nije otkrio prave razloge za brutalnu likvidaciju svog kom\u0161ije. Njemu je posle saslu\u0161anja odre\u0111en pritvor do 30 dana.<\/strong><\/p>\n<p>Iz novopazarske policije i tu\u017eila\u0161tva ju\u010de se nije moglo dobiti vi\u0161e detalja o ovom doga\u0111aju. Prema nezvani\u010dnim informacijama, motiv ubistva ostao je nejasan i nakon saslu\u0161anja o\u010devica, druga ubijenog Mehmedovi\u0107a. \u010cak ni prolaznici koji su sve gledali sa druge strana ulice, nisu mogli da pru\u017ee relevantne informacije inspektorima.<\/p>\n<p>&#8211; Nekoliko svjedoka nam je samo reklo da je ubica bio &#8220;izgubljen&#8221; i da je &#8220;ponavljao nekoliko nejasnih re\u010denica&#8221; &#8211; ispri\u010dao nam je izvor iz policije. &#8211; Ismet je nagla\u0161avao da se nije podnosio sa Mehmedovi\u0107em, ali nije naveo ni\u0161ta konkretno \u0161to bi moglo biti razlog za surovu likvidaciju.<\/p>\n<p>Jo\u0161 se ne zna da li \u0107e pravosudni organi u daljem toku istrage nalo\u017eiti i ljekarski pregled ubice.<\/p>\n<p>Podsjetimo, D\u017eankovi\u0107 je nakon slu\u010dajnog susreta na ulici i kra\u0107e rasprave, u Mehmedovi\u0107a ispalio \u010dak sedam metaka. Ve\u0107i broj hitaca ga je pogodio i on je na licu mjesta ostao mrtav. Ipak, preba\u010den je u bolnicu gdje su ljekari na Hirur\u0161kom odeljenju samo konstatovali smrt. U trenutku ubistva sa ubijenim Mehmedovi\u0107em bio je njegov drug, \u010dije ime policija nije saop\u0161tila.<\/p>\n<p>Ubijeni D\u017eevad Mehmedovi\u0107 je du\u017ee vremena radio u Rusiji. Bavio se poslovima na gra\u0111evini i povremeno je dolazio ku\u0107i u Novi Pazar.<\/p>\n<p><b><br \/> BRAT PREDVODIO\u00a0D\u017dENAZU<\/b><\/p>\n<p>MEHMEDOVI\u0106 je pogo\u0111en sa nekoliko metaka, a najte\u017ea povreda, najvjerovatnije i smrtonosna, registrovana je na njegovom vratu. On je ju\u010de u prisustvu velikog broja Novopazaraca ukopan\u00a0na Gazilaru, a d\u017eenaze namaz je predvodio njegov brat, imam Ned\u017ead Mehmedovi\u0107.<\/p>\n<p>Izvor: Novosti<\/p>\n","protected":false},"excerpt":{"rendered":"<p>&nbsp; Ismet D\u017eankovi\u0107 (52), privrednik iz Novog Pazara koji je preksino\u0107 nedaleko od gradske bolnice ubio D\u017eevada Mehmedovi\u0107a (41), oca troje maloljetne djece i brata Ned\u017eada Mehmedovi\u0107a, imama Nik\u0161i\u0107ke d\u017eamije, u policiji nije otkrio prave razloge za brutalnu likvidaciju svog kom\u0161ije. Njemu je posle saslu\u0161anja odre\u0111en pritvor do 30 dana. Iz novopazarske policije i tu\u017eila\u0161tva [&hellip;]<\/p>\n","protected":false},"author":509,"featured_media":186217,"comment_status":"open","ping_status":"open","sticky":false,"template":"","format":"standard","meta":{"footnotes":""},"categories":[72,801,8957],"tags":[],"class_list":{"0":"post-186210","1":"post","2":"type-post","3":"status-publish","4":"format-standard","5":"has-post-thumbnail","7":"category-novi-pazar","8":"category-crna_hronika","9":"category-vijesti-dana"},"yoast_head":"<!-- This site is optimized with the Yoast SEO Premium plugin v23.1 (Yoast SEO v24.9) - https:\/\/yoast.com\/wordpress\/plugins\/seo\/ -->\n<title>Ismet ne\u0107e da ka\u017ee zbog \u010dega je ubio D\u017eevada<\/title>\n<meta name=\"robots\" content=\"index, follow, max-snippet:-1, max-image-preview:large, max-video-preview:-1\" \/>\n<link rel=\"canonical\" href=\"https:\/\/sandzakpress.net\/arhiva\/ismet-nece-da-kaze-zbog-cega-je-ubio-dzevada\/\" \/>\n<meta property=\"og:locale\" content=\"bs_BA\" \/>\n<meta property=\"og:type\" content=\"article\" \/>\n<meta property=\"og:title\" content=\"Ismet ne\u0107e da ka\u017ee zbog \u010dega je ubio D\u017eevada\" \/>\n<meta property=\"og:description\" content=\"&nbsp; Ismet D\u017eankovi\u0107 (52), privrednik iz Novog Pazara koji je preksino\u0107 nedaleko od gradske bolnice ubio D\u017eevada Mehmedovi\u0107a (41), oca troje maloljetne djece i brata Ned\u017eada Mehmedovi\u0107a, imama Nik\u0161i\u0107ke d\u017eamije, u policiji nije otkrio prave razloge za brutalnu likvidaciju svog kom\u0161ije. Njemu je posle saslu\u0161anja odre\u0111en pritvor do 30 dana. Iz novopazarske policije i tu\u017eila\u0161tva [&hellip;]\" \/>\n<meta property=\"og:url\" content=\"https:\/\/sandzakpress.net\/arhiva\/ismet-nece-da-kaze-zbog-cega-je-ubio-dzevada\/\" \/>\n<meta property=\"og:site_name\" content=\"Sand\u017eak PRESS\" \/>\n<meta property=\"article:published_time\" content=\"2017-05-05T10:09:08+00:00\" \/>\n<meta property=\"article:modified_time\" content=\"2017-05-09T07:51:45+00:00\" \/>\n<meta property=\"og:image\" content=\"https:\/\/sandzakpress.net\/arhiva\/wp-content\/uploads\/2017\/05\/HRO-IZRESETAO_620x0.jpg\" \/>\n\t<meta property=\"og:image:width\" content=\"620\" \/>\n\t<meta property=\"og:image:height\" content=\"356\" \/>\n\t<meta property=\"og:image:type\" content=\"image\/jpeg\" \/>\n<meta name=\"author\" content=\"Agencija\" \/>\n<meta name=\"twitter:card\" content=\"summary_large_image\" \/>\n<meta name=\"twitter:label1\" content=\"Written by\" \/>\n\t<meta name=\"twitter:data1\" content=\"Agencija\" \/>\n\t<meta name=\"twitter:label2\" content=\"Est. reading time\" \/>\n\t<meta name=\"twitter:data2\" content=\"2 minute\" \/>\n<script type=\"application\/ld+json\" class=\"yoast-schema-graph\">{\"@context\":\"https:\/\/schema.org\",\"@graph\":[{\"@type\":\"Article\",\"@id\":\"https:\/\/sandzakpress.net\/arhiva\/ismet-nece-da-kaze-zbog-cega-je-ubio-dzevada\/#article\",\"isPartOf\":{\"@id\":\"https:\/\/sandzakpress.net\/arhiva\/ismet-nece-da-kaze-zbog-cega-je-ubio-dzevada\/\"},\"author\":{\"name\":\"Agencija\",\"@id\":\"https:\/\/sandzakpress.net\/arhiva\/#\/schema\/person\/cb59d7e3ab91ab90dd680ad0305a6185\"},\"headline\":\"Ismet ne\u0107e da ka\u017ee zbog \u010dega je ubio D\u017eevada\",\"datePublished\":\"2017-05-05T10:09:08+00:00\",\"dateModified\":\"2017-05-09T07:51:45+00:00\",\"mainEntityOfPage\":{\"@id\":\"https:\/\/sandzakpress.net\/arhiva\/ismet-nece-da-kaze-zbog-cega-je-ubio-dzevada\/\"},\"wordCount\":345,\"commentCount\":1,\"publisher\":{\"@id\":\"https:\/\/sandzakpress.net\/arhiva\/#\/schema\/person\/6e72b67d6e51910a1117b3b483ba20bd\"},\"image\":{\"@id\":\"https:\/\/sandzakpress.net\/arhiva\/ismet-nece-da-kaze-zbog-cega-je-ubio-dzevada\/#primaryimage\"},\"thumbnailUrl\":\"https:\/\/sandzakpress.net\/arhiva\/wp-content\/uploads\/2017\/05\/HRO-IZRESETAO_620x0.jpg\",\"articleSection\":[\"Novi Pazar\",\"Hronika\",\"VIJESTI DANA\"],\"inLanguage\":\"bs-BA\",\"potentialAction\":[{\"@type\":\"CommentAction\",\"name\":\"Comment\",\"target\":[\"https:\/\/sandzakpress.net\/arhiva\/ismet-nece-da-kaze-zbog-cega-je-ubio-dzevada\/#respond\"]}]},{\"@type\":\"WebPage\",\"@id\":\"https:\/\/sandzakpress.net\/arhiva\/ismet-nece-da-kaze-zbog-cega-je-ubio-dzevada\/\",\"url\":\"https:\/\/sandzakpress.net\/arhiva\/ismet-nece-da-kaze-zbog-cega-je-ubio-dzevada\/\",\"name\":\"Ismet ne\u0107e da ka\u017ee zbog \u010dega je ubio D\u017eevada\",\"isPartOf\":{\"@id\":\"https:\/\/sandzakpress.net\/arhiva\/#website\"},\"primaryImageOfPage\":{\"@id\":\"https:\/\/sandzakpress.net\/arhiva\/ismet-nece-da-kaze-zbog-cega-je-ubio-dzevada\/#primaryimage\"},\"image\":{\"@id\":\"https:\/\/sandzakpress.net\/arhiva\/ismet-nece-da-kaze-zbog-cega-je-ubio-dzevada\/#primaryimage\"},\"thumbnailUrl\":\"https:\/\/sandzakpress.net\/arhiva\/wp-content\/uploads\/2017\/05\/HRO-IZRESETAO_620x0.jpg\",\"datePublished\":\"2017-05-05T10:09:08+00:00\",\"dateModified\":\"2017-05-09T07:51:45+00:00\",\"breadcrumb\":{\"@id\":\"https:\/\/sandzakpress.net\/arhiva\/ismet-nece-da-kaze-zbog-cega-je-ubio-dzevada\/#breadcrumb\"},\"inLanguage\":\"bs-BA\",\"potentialAction\":[{\"@type\":\"ReadAction\",\"target\":[\"https:\/\/sandzakpress.net\/arhiva\/ismet-nece-da-kaze-zbog-cega-je-ubio-dzevada\/\"]}]},{\"@type\":\"ImageObject\",\"inLanguage\":\"bs-BA\",\"@id\":\"https:\/\/sandzakpress.net\/arhiva\/ismet-nece-da-kaze-zbog-cega-je-ubio-dzevada\/#primaryimage\",\"url\":\"https:\/\/sandzakpress.net\/arhiva\/wp-content\/uploads\/2017\/05\/HRO-IZRESETAO_620x0.jpg\",\"contentUrl\":\"https:\/\/sandzakpress.net\/arhiva\/wp-content\/uploads\/2017\/05\/HRO-IZRESETAO_620x0.jpg\",\"width\":620,\"height\":356},{\"@type\":\"BreadcrumbList\",\"@id\":\"https:\/\/sandzakpress.net\/arhiva\/ismet-nece-da-kaze-zbog-cega-je-ubio-dzevada\/#breadcrumb\",\"itemListElement\":[{\"@type\":\"ListItem\",\"position\":1,\"name\":\"Home\",\"item\":\"https:\/\/sandzakpress.net\/arhiva\/\"},{\"@type\":\"ListItem\",\"position\":2,\"name\":\"Ismet ne\u0107e da ka\u017ee zbog \u010dega je ubio D\u017eevada\"}]},{\"@type\":\"WebSite\",\"@id\":\"https:\/\/sandzakpress.net\/arhiva\/#website\",\"url\":\"https:\/\/sandzakpress.net\/arhiva\/\",\"name\":\"Sand\u017eak PRESS\",\"description\":\"Prve elektronske novine u Sand\u017eaku\",\"publisher\":{\"@id\":\"https:\/\/sandzakpress.net\/arhiva\/#\/schema\/person\/6e72b67d6e51910a1117b3b483ba20bd\"},\"potentialAction\":[{\"@type\":\"SearchAction\",\"target\":{\"@type\":\"EntryPoint\",\"urlTemplate\":\"https:\/\/sandzakpress.net\/arhiva\/?s={search_term_string}\"},\"query-input\":{\"@type\":\"PropertyValueSpecification\",\"valueRequired\":true,\"valueName\":\"search_term_string\"}}],\"inLanguage\":\"bs-BA\"},{\"@type\":[\"Person\",\"Organization\"],\"@id\":\"https:\/\/sandzakpress.net\/arhiva\/#\/schema\/person\/6e72b67d6e51910a1117b3b483ba20bd\",\"name\":\"Kul\",\"image\":{\"@type\":\"ImageObject\",\"inLanguage\":\"bs-BA\",\"@id\":\"https:\/\/sandzakpress.net\/arhiva\/#\/schema\/person\/image\/\",\"url\":\"https:\/\/secure.gravatar.com\/avatar\/42263f39aa27ac04c43cab85c280eb2e?s=96&d=mm&r=pg\",\"contentUrl\":\"https:\/\/secure.gravatar.com\/avatar\/42263f39aa27ac04c43cab85c280eb2e?s=96&d=mm&r=pg\",\"caption\":\"Kul\"},\"logo\":{\"@id\":\"https:\/\/sandzakpress.net\/arhiva\/#\/schema\/person\/image\/\"}},{\"@type\":\"Person\",\"@id\":\"https:\/\/sandzakpress.net\/arhiva\/#\/schema\/person\/cb59d7e3ab91ab90dd680ad0305a6185\",\"name\":\"Agencija\",\"image\":{\"@type\":\"ImageObject\",\"inLanguage\":\"bs-BA\",\"@id\":\"https:\/\/sandzakpress.net\/arhiva\/#\/schema\/person\/image\/\",\"url\":\"https:\/\/secure.gravatar.com\/avatar\/4b7fafa80a22f0c2afe23966b3961fe0?s=96&d=mm&r=pg\",\"contentUrl\":\"https:\/\/secure.gravatar.com\/avatar\/4b7fafa80a22f0c2afe23966b3961fe0?s=96&d=mm&r=pg\",\"caption\":\"Agencija\"},\"url\":\"https:\/\/sandzakpress.net\/arhiva\/author\/agencija\/\"}]}<\/script>\n<!-- \/ Yoast SEO Premium plugin. -->","yoast_head_json":{"title":"Ismet ne\u0107e da ka\u017ee zbog \u010dega je ubio D\u017eevada","robots":{"index":"index","follow":"follow","max-snippet":"max-snippet:-1","max-image-preview":"max-image-preview:large","max-video-preview":"max-video-preview:-1"},"canonical":"https:\/\/sandzakpress.net\/arhiva\/ismet-nece-da-kaze-zbog-cega-je-ubio-dzevada\/","og_locale":"bs_BA","og_type":"article","og_title":"Ismet ne\u0107e da ka\u017ee zbog \u010dega je ubio D\u017eevada","og_description":"&nbsp; Ismet D\u017eankovi\u0107 (52), privrednik iz Novog Pazara koji je preksino\u0107 nedaleko od gradske bolnice ubio D\u017eevada Mehmedovi\u0107a (41), oca troje maloljetne djece i brata Ned\u017eada Mehmedovi\u0107a, imama Nik\u0161i\u0107ke d\u017eamije, u policiji nije otkrio prave razloge za brutalnu likvidaciju svog kom\u0161ije. Njemu je posle saslu\u0161anja odre\u0111en pritvor do 30 dana. Iz novopazarske policije i tu\u017eila\u0161tva [&hellip;]","og_url":"https:\/\/sandzakpress.net\/arhiva\/ismet-nece-da-kaze-zbog-cega-je-ubio-dzevada\/","og_site_name":"Sand\u017eak PRESS","article_published_time":"2017-05-05T10:09:08+00:00","article_modified_time":"2017-05-09T07:51:45+00:00","og_image":[{"width":620,"height":356,"url":"https:\/\/sandzakpress.net\/arhiva\/wp-content\/uploads\/2017\/05\/HRO-IZRESETAO_620x0.jpg","type":"image\/jpeg"}],"author":"Agencija","twitter_card":"summary_large_image","twitter_misc":{"Written by":"Agencija","Est. reading time":"2 minute"},"schema":{"@context":"https:\/\/schema.org","@graph":[{"@type":"Article","@id":"https:\/\/sandzakpress.net\/arhiva\/ismet-nece-da-kaze-zbog-cega-je-ubio-dzevada\/#article","isPartOf":{"@id":"https:\/\/sandzakpress.net\/arhiva\/ismet-nece-da-kaze-zbog-cega-je-ubio-dzevada\/"},"author":{"name":"Agencija","@id":"https:\/\/sandzakpress.net\/arhiva\/#\/schema\/person\/cb59d7e3ab91ab90dd680ad0305a6185"},"headline":"Ismet ne\u0107e da ka\u017ee zbog \u010dega je ubio D\u017eevada","datePublished":"2017-05-05T10:09:08+00:00","dateModified":"2017-05-09T07:51:45+00:00","mainEntityOfPage":{"@id":"https:\/\/sandzakpress.net\/arhiva\/ismet-nece-da-kaze-zbog-cega-je-ubio-dzevada\/"},"wordCount":345,"commentCount":1,"publisher":{"@id":"https:\/\/sandzakpress.net\/arhiva\/#\/schema\/person\/6e72b67d6e51910a1117b3b483ba20bd"},"image":{"@id":"https:\/\/sandzakpress.net\/arhiva\/ismet-nece-da-kaze-zbog-cega-je-ubio-dzevada\/#primaryimage"},"thumbnailUrl":"https:\/\/sandzakpress.net\/arhiva\/wp-content\/uploads\/2017\/05\/HRO-IZRESETAO_620x0.jpg","articleSection":["Novi Pazar","Hronika","VIJESTI DANA"],"inLanguage":"bs-BA","potentialAction":[{"@type":"CommentAction","name":"Comment","target":["https:\/\/sandzakpress.net\/arhiva\/ismet-nece-da-kaze-zbog-cega-je-ubio-dzevada\/#respond"]}]},{"@type":"WebPage","@id":"https:\/\/sandzakpress.net\/arhiva\/ismet-nece-da-kaze-zbog-cega-je-ubio-dzevada\/","url":"https:\/\/sandzakpress.net\/arhiva\/ismet-nece-da-kaze-zbog-cega-je-ubio-dzevada\/","name":"Ismet ne\u0107e da ka\u017ee zbog \u010dega je ubio D\u017eevada","isPartOf":{"@id":"https:\/\/sandzakpress.net\/arhiva\/#website"},"primaryImageOfPage":{"@id":"https:\/\/sandzakpress.net\/arhiva\/ismet-nece-da-kaze-zbog-cega-je-ubio-dzevada\/#primaryimage"},"image":{"@id":"https:\/\/sandzakpress.net\/arhiva\/ismet-nece-da-kaze-zbog-cega-je-ubio-dzevada\/#primaryimage"},"thumbnailUrl":"https:\/\/sandzakpress.net\/arhiva\/wp-content\/uploads\/2017\/05\/HRO-IZRESETAO_620x0.jpg","datePublished":"2017-05-05T10:09:08+00:00","dateModified":"2017-05-09T07:51:45+00:00","breadcrumb":{"@id":"https:\/\/sandzakpress.net\/arhiva\/ismet-nece-da-kaze-zbog-cega-je-ubio-dzevada\/#breadcrumb"},"inLanguage":"bs-BA","potentialAction":[{"@type":"ReadAction","target":["https:\/\/sandzakpress.net\/arhiva\/ismet-nece-da-kaze-zbog-cega-je-ubio-dzevada\/"]}]},{"@type":"ImageObject","inLanguage":"bs-BA","@id":"https:\/\/sandzakpress.net\/arhiva\/ismet-nece-da-kaze-zbog-cega-je-ubio-dzevada\/#primaryimage","url":"https:\/\/sandzakpress.net\/arhiva\/wp-content\/uploads\/2017\/05\/HRO-IZRESETAO_620x0.jpg","contentUrl":"https:\/\/sandzakpress.net\/arhiva\/wp-content\/uploads\/2017\/05\/HRO-IZRESETAO_620x0.jpg","width":620,"height":356},{"@type":"BreadcrumbList","@id":"https:\/\/sandzakpress.net\/arhiva\/ismet-nece-da-kaze-zbog-cega-je-ubio-dzevada\/#breadcrumb","itemListElement":[{"@type":"ListItem","position":1,"name":"Home","item":"https:\/\/sandzakpress.net\/arhiva\/"},{"@type":"ListItem","position":2,"name":"Ismet ne\u0107e da ka\u017ee zbog \u010dega je ubio D\u017eevada"}]},{"@type":"WebSite","@id":"https:\/\/sandzakpress.net\/arhiva\/#website","url":"https:\/\/sandzakpress.net\/arhiva\/","name":"Sand\u017eak PRESS","description":"Prve elektronske novine u Sand\u017eaku","publisher":{"@id":"https:\/\/sandzakpress.net\/arhiva\/#\/schema\/person\/6e72b67d6e51910a1117b3b483ba20bd"},"potentialAction":[{"@type":"SearchAction","target":{"@type":"EntryPoint","urlTemplate":"https:\/\/sandzakpress.net\/arhiva\/?s={search_term_string}"},"query-input":{"@type":"PropertyValueSpecification","valueRequired":true,"valueName":"search_term_string"}}],"inLanguage":"bs-BA"},{"@type":["Person","Organization"],"@id":"https:\/\/sandzakpress.net\/arhiva\/#\/schema\/person\/6e72b67d6e51910a1117b3b483ba20bd","name":"Kul","image":{"@type":"ImageObject","inLanguage":"bs-BA","@id":"https:\/\/sandzakpress.net\/arhiva\/#\/schema\/person\/image\/","url":"https:\/\/secure.gravatar.com\/avatar\/42263f39aa27ac04c43cab85c280eb2e?s=96&d=mm&r=pg","contentUrl":"https:\/\/secure.gravatar.com\/avatar\/42263f39aa27ac04c43cab85c280eb2e?s=96&d=mm&r=pg","caption":"Kul"},"logo":{"@id":"https:\/\/sandzakpress.net\/arhiva\/#\/schema\/person\/image\/"}},{"@type":"Person","@id":"https:\/\/sandzakpress.net\/arhiva\/#\/schema\/person\/cb59d7e3ab91ab90dd680ad0305a6185","name":"Agencija","image":{"@type":"ImageObject","inLanguage":"bs-BA","@id":"https:\/\/sandzakpress.net\/arhiva\/#\/schema\/person\/image\/","url":"https:\/\/secure.gravatar.com\/avatar\/4b7fafa80a22f0c2afe23966b3961fe0?s=96&d=mm&r=pg","contentUrl":"https:\/\/secure.gravatar.com\/avatar\/4b7fafa80a22f0c2afe23966b3961fe0?s=96&d=mm&r=pg","caption":"Agencija"},"url":"https:\/\/sandzakpress.net\/arhiva\/author\/agencija\/"}]}},"_links":{"self":[{"href":"https:\/\/sandzakpress.net\/arhiva\/wp-json\/wp\/v2\/posts\/186210"}],"collection":[{"href":"https:\/\/sandzakpress.net\/arhiva\/wp-json\/wp\/v2\/posts"}],"about":[{"href":"https:\/\/sandzakpress.net\/arhiva\/wp-json\/wp\/v2\/types\/post"}],"author":[{"embeddable":true,"href":"https:\/\/sandzakpress.net\/arhiva\/wp-json\/wp\/v2\/users\/509"}],"replies":[{"embeddable":true,"href":"https:\/\/sandzakpress.net\/arhiva\/wp-json\/wp\/v2\/comments?post=186210"}],"version-history":[{"count":0,"href":"https:\/\/sandzakpress.net\/arhiva\/wp-json\/wp\/v2\/posts\/186210\/revisions"}],"wp:featuredmedia":[{"embeddable":true,"href":"https:\/\/sandzakpress.net\/arhiva\/wp-json\/wp\/v2\/media\/186217"}],"wp:attachment":[{"href":"https:\/\/sandzakpress.net\/arhiva\/wp-json\/wp\/v2\/media?parent=186210"}],"wp:term":[{"taxonomy":"category","embeddable":true,"href":"https:\/\/sandzakpress.net\/arhiva\/wp-json\/wp\/v2\/categories?post=186210"},{"taxonomy":"post_tag","embeddable":true,"href":"https:\/\/sandzakpress.net\/arhiva\/wp-json\/wp\/v2\/tags?post=186210"}],"curies":[{"name":"wp","href":"https:\/\/api.w.org\/{rel}","templated":true}]}}