{"id":18616,"date":"2011-08-07T13:31:06","date_gmt":"2011-08-07T11:31:06","guid":{"rendered":"https:\/\/sandzakpress.net\/arhiva\/?p=18616"},"modified":"2011-08-07T13:31:06","modified_gmt":"2011-08-07T11:31:06","slug":"najmanje-10-osoba-poginulo-na-protestima-u-siriji","status":"publish","type":"post","link":"https:\/\/sandzakpress.net\/arhiva\/najmanje-10-osoba-poginulo-na-protestima-u-siriji\/","title":{"rendered":"Najmanje 10 osoba poginulo na protestima u Siriji"},"content":{"rendered":"<p><strong><a href=\"https:\/\/sandzakpress.net\/arhiva\/wp-content\/uploads\/2011\/08\/8f387affeaf8f0febcc88bf346783f6f.jpg\"><img loading=\"lazy\" decoding=\"async\" class=\"alignleft size-full wp-image-18617\" src=\"https:\/\/sandzakpress.net\/arhiva\/wp-content\/uploads\/2011\/08\/8f387affeaf8f0febcc88bf346783f6f.jpg\" alt=\"\" width=\"180\" height=\"220\" \/><\/a>Sirija &#8211; Najmanje 10 osoba je poginulo na protestima na koje je danas \u0161irom  Sirije iza\u0161lo na desetine hiljada ljudi, saop\u0107ili su aktivisti  organizacija za za\u0161titu ljudskih prava. \u0160ef Sirijske lige za odbranu  ljudskih prava Rami Abdel Rahman izjavio je za AFP da je sedam ljudi  poginulo u Arbenu, jedna osoba u Madamiji u blizini prijestolnice  Damaska, &#8230; <\/strong><\/p>\n<p>&#8230; a dvije osobe poginule su u Homsu, u centralnom dijelu Sirije, dok je veliki broj ljudi ozlije\u0111en.<\/p>\n<p>Dr\u017eavna novinska agencija SANA je, u me\u0111uvremenu, javila da su dva  pripadnika sirijskih snaga sigurnosti poginula, a osam je ranjeno u  zasjedi koja je postavljena na putu u regiji Idlib, u sjeverozapadnom  dijelu Sirije, u blizini granice s Turskom.<\/p>\n<p>SANA je izvijestila i da je naoru\u017eani mu\u0161karac pucao s krova jedne  zgrade u Dumi, u blizini Damaska, i ranio jo\u0161 dva pripadnika snaga  sigurnosti.<\/p>\n<p>Komunikacije u Hami, sjeverno od Damaska, koja se nalazi pod vojnom  opsadom ve\u0107 \u0161est dana, potpuno su prekinute. U tom gradu je za vrijeme  opsade poginulo najmanje 100 ljudi.<\/p>\n<p>Protesti protivnika sirijskog predsjednika Bashara al-Asada pro\u0161irili  su se iz prijestolnice na ju\u017enu provinciju Daru i Deir al-Zur na istoku  zemlje.<\/p>\n<p>Prema rije\u010dima \u010delnika Lige za odbranu ljudskih prava, na hiljade  ljudi je demonstriralo u Deir al-Zuru, Dari, ali u Kuam\u0161iliju, u blizini  granice s Turskom.<\/p>\n<p>Tako\u0111er, &#8220;vi\u0161e od 12.000 ljudi demonstriralo u Ben\u010du, u provinciji  Idlib, zahtijevaju\u0107i pad re\u017eima i izra\u017eavaju\u0107i podr\u0161ku Hami i Deir  al-Zuru&#8221;.<\/p>\n<p>Aktivisti za ljudska prava pozvali su Sirijce putem interneta da se  danas, poslije redovnih molitvi, pridru\u017ee skupu protiv predsjednika  Asada.<\/p>\n<p>Sirijci su po\u010deli protestirati protiv Asada sredinom marta i od  po\u010detka demonstracija u toj zemlji je poginulo vi\u0161e od 1.700 civila.<\/p>\n<p>Izvor: <strong>IslamBosna.ba<\/strong><\/p>\n","protected":false},"excerpt":{"rendered":"<p>Sirija &#8211; Najmanje 10 osoba je poginulo na protestima na koje je danas \u0161irom Sirije iza\u0161lo na desetine hiljada ljudi, saop\u0107ili su aktivisti organizacija za za\u0161titu ljudskih prava. \u0160ef Sirijske lige za odbranu ljudskih prava Rami Abdel Rahman izjavio je za AFP da je sedam ljudi poginulo u Arbenu, jedna osoba u Madamiji u blizini [&hellip;]<\/p>\n","protected":false},"author":13,"featured_media":18617,"comment_status":"open","ping_status":"open","sticky":false,"template":"","format":"standard","meta":{"footnotes":""},"categories":[9],"tags":[],"class_list":{"0":"post-18616","1":"post","2":"type-post","3":"status-publish","4":"format-standard","5":"has-post-thumbnail","7":"category-svijet"},"yoast_head":"<!-- This site is optimized with the Yoast SEO Premium plugin v23.1 (Yoast SEO v24.9) - https:\/\/yoast.com\/wordpress\/plugins\/seo\/ -->\n<title>Najmanje 10 osoba poginulo na protestima u Siriji<\/title>\n<meta name=\"robots\" content=\"index, follow, max-snippet:-1, max-image-preview:large, max-video-preview:-1\" \/>\n<link rel=\"canonical\" href=\"https:\/\/sandzakpress.net\/arhiva\/najmanje-10-osoba-poginulo-na-protestima-u-siriji\/\" \/>\n<meta property=\"og:locale\" content=\"bs_BA\" \/>\n<meta property=\"og:type\" content=\"article\" \/>\n<meta property=\"og:title\" content=\"Najmanje 10 osoba poginulo na protestima u Siriji\" \/>\n<meta property=\"og:description\" content=\"Sirija &#8211; Najmanje 10 osoba je poginulo na protestima na koje je danas \u0161irom Sirije iza\u0161lo na desetine hiljada ljudi, saop\u0107ili su aktivisti organizacija za za\u0161titu ljudskih prava. \u0160ef Sirijske lige za odbranu ljudskih prava Rami Abdel Rahman izjavio je za AFP da je sedam ljudi poginulo u Arbenu, jedna osoba u Madamiji u blizini [&hellip;]\" \/>\n<meta property=\"og:url\" content=\"https:\/\/sandzakpress.net\/arhiva\/najmanje-10-osoba-poginulo-na-protestima-u-siriji\/\" \/>\n<meta property=\"og:site_name\" content=\"Sand\u017eak PRESS\" \/>\n<meta property=\"article:published_time\" content=\"2011-08-07T11:31:06+00:00\" \/>\n<meta property=\"og:image\" content=\"https:\/\/sandzakpress.net\/arhiva\/wp-content\/uploads\/2011\/08\/8f387affeaf8f0febcc88bf346783f6f.jpg\" \/>\n\t<meta property=\"og:image:width\" content=\"180\" \/>\n\t<meta property=\"og:image:height\" content=\"220\" \/>\n\t<meta property=\"og:image:type\" content=\"image\/jpeg\" \/>\n<meta name=\"twitter:card\" content=\"summary_large_image\" \/>\n<meta name=\"twitter:label1\" content=\"Written by\" \/>\n\t<meta name=\"twitter:data1\" content=\"\" \/>\n\t<meta name=\"twitter:label2\" content=\"Est. reading time\" \/>\n\t<meta name=\"twitter:data2\" content=\"1 minuta\" \/>\n<script type=\"application\/ld+json\" class=\"yoast-schema-graph\">{\"@context\":\"https:\/\/schema.org\",\"@graph\":[{\"@type\":\"Article\",\"@id\":\"https:\/\/sandzakpress.net\/arhiva\/najmanje-10-osoba-poginulo-na-protestima-u-siriji\/#article\",\"isPartOf\":{\"@id\":\"https:\/\/sandzakpress.net\/arhiva\/najmanje-10-osoba-poginulo-na-protestima-u-siriji\/\"},\"author\":{\"name\":\"\",\"@id\":\"\"},\"headline\":\"Najmanje 10 osoba poginulo na protestima u Siriji\",\"datePublished\":\"2011-08-07T11:31:06+00:00\",\"mainEntityOfPage\":{\"@id\":\"https:\/\/sandzakpress.net\/arhiva\/najmanje-10-osoba-poginulo-na-protestima-u-siriji\/\"},\"wordCount\":305,\"commentCount\":0,\"publisher\":{\"@id\":\"https:\/\/sandzakpress.net\/arhiva\/#\/schema\/person\/6e72b67d6e51910a1117b3b483ba20bd\"},\"image\":{\"@id\":\"https:\/\/sandzakpress.net\/arhiva\/najmanje-10-osoba-poginulo-na-protestima-u-siriji\/#primaryimage\"},\"thumbnailUrl\":\"https:\/\/sandzakpress.net\/arhiva\/wp-content\/uploads\/2011\/08\/8f387affeaf8f0febcc88bf346783f6f.jpg\",\"articleSection\":[\"Svijet\"],\"inLanguage\":\"bs-BA\",\"potentialAction\":[{\"@type\":\"CommentAction\",\"name\":\"Comment\",\"target\":[\"https:\/\/sandzakpress.net\/arhiva\/najmanje-10-osoba-poginulo-na-protestima-u-siriji\/#respond\"]}]},{\"@type\":\"WebPage\",\"@id\":\"https:\/\/sandzakpress.net\/arhiva\/najmanje-10-osoba-poginulo-na-protestima-u-siriji\/\",\"url\":\"https:\/\/sandzakpress.net\/arhiva\/najmanje-10-osoba-poginulo-na-protestima-u-siriji\/\",\"name\":\"Najmanje 10 osoba poginulo na protestima u Siriji\",\"isPartOf\":{\"@id\":\"https:\/\/sandzakpress.net\/arhiva\/#website\"},\"primaryImageOfPage\":{\"@id\":\"https:\/\/sandzakpress.net\/arhiva\/najmanje-10-osoba-poginulo-na-protestima-u-siriji\/#primaryimage\"},\"image\":{\"@id\":\"https:\/\/sandzakpress.net\/arhiva\/najmanje-10-osoba-poginulo-na-protestima-u-siriji\/#primaryimage\"},\"thumbnailUrl\":\"https:\/\/sandzakpress.net\/arhiva\/wp-content\/uploads\/2011\/08\/8f387affeaf8f0febcc88bf346783f6f.jpg\",\"datePublished\":\"2011-08-07T11:31:06+00:00\",\"breadcrumb\":{\"@id\":\"https:\/\/sandzakpress.net\/arhiva\/najmanje-10-osoba-poginulo-na-protestima-u-siriji\/#breadcrumb\"},\"inLanguage\":\"bs-BA\",\"potentialAction\":[{\"@type\":\"ReadAction\",\"target\":[\"https:\/\/sandzakpress.net\/arhiva\/najmanje-10-osoba-poginulo-na-protestima-u-siriji\/\"]}]},{\"@type\":\"ImageObject\",\"inLanguage\":\"bs-BA\",\"@id\":\"https:\/\/sandzakpress.net\/arhiva\/najmanje-10-osoba-poginulo-na-protestima-u-siriji\/#primaryimage\",\"url\":\"https:\/\/sandzakpress.net\/arhiva\/wp-content\/uploads\/2011\/08\/8f387affeaf8f0febcc88bf346783f6f.jpg\",\"contentUrl\":\"https:\/\/sandzakpress.net\/arhiva\/wp-content\/uploads\/2011\/08\/8f387affeaf8f0febcc88bf346783f6f.jpg\",\"width\":180,\"height\":220},{\"@type\":\"BreadcrumbList\",\"@id\":\"https:\/\/sandzakpress.net\/arhiva\/najmanje-10-osoba-poginulo-na-protestima-u-siriji\/#breadcrumb\",\"itemListElement\":[{\"@type\":\"ListItem\",\"position\":1,\"name\":\"Home\",\"item\":\"https:\/\/sandzakpress.net\/arhiva\/\"},{\"@type\":\"ListItem\",\"position\":2,\"name\":\"Najmanje 10 osoba poginulo na protestima u Siriji\"}]},{\"@type\":\"WebSite\",\"@id\":\"https:\/\/sandzakpress.net\/arhiva\/#website\",\"url\":\"https:\/\/sandzakpress.net\/arhiva\/\",\"name\":\"Sand\u017eak PRESS\",\"description\":\"Prve elektronske novine u Sand\u017eaku\",\"publisher\":{\"@id\":\"https:\/\/sandzakpress.net\/arhiva\/#\/schema\/person\/6e72b67d6e51910a1117b3b483ba20bd\"},\"potentialAction\":[{\"@type\":\"SearchAction\",\"target\":{\"@type\":\"EntryPoint\",\"urlTemplate\":\"https:\/\/sandzakpress.net\/arhiva\/?s={search_term_string}\"},\"query-input\":{\"@type\":\"PropertyValueSpecification\",\"valueRequired\":true,\"valueName\":\"search_term_string\"}}],\"inLanguage\":\"bs-BA\"},{\"@type\":[\"Person\",\"Organization\"],\"@id\":\"https:\/\/sandzakpress.net\/arhiva\/#\/schema\/person\/6e72b67d6e51910a1117b3b483ba20bd\",\"name\":\"Kul\",\"image\":{\"@type\":\"ImageObject\",\"inLanguage\":\"bs-BA\",\"@id\":\"https:\/\/sandzakpress.net\/arhiva\/#\/schema\/person\/image\/\",\"url\":\"https:\/\/secure.gravatar.com\/avatar\/42263f39aa27ac04c43cab85c280eb2e?s=96&d=mm&r=pg\",\"contentUrl\":\"https:\/\/secure.gravatar.com\/avatar\/42263f39aa27ac04c43cab85c280eb2e?s=96&d=mm&r=pg\",\"caption\":\"Kul\"},\"logo\":{\"@id\":\"https:\/\/sandzakpress.net\/arhiva\/#\/schema\/person\/image\/\"}},{\"@type\":\"Person\",\"@id\":\"\",\"url\":\"https:\/\/sandzakpress.net\/arhiva\/author\/\"}]}<\/script>\n<!-- \/ Yoast SEO Premium plugin. -->","yoast_head_json":{"title":"Najmanje 10 osoba poginulo na protestima u Siriji","robots":{"index":"index","follow":"follow","max-snippet":"max-snippet:-1","max-image-preview":"max-image-preview:large","max-video-preview":"max-video-preview:-1"},"canonical":"https:\/\/sandzakpress.net\/arhiva\/najmanje-10-osoba-poginulo-na-protestima-u-siriji\/","og_locale":"bs_BA","og_type":"article","og_title":"Najmanje 10 osoba poginulo na protestima u Siriji","og_description":"Sirija &#8211; Najmanje 10 osoba je poginulo na protestima na koje je danas \u0161irom Sirije iza\u0161lo na desetine hiljada ljudi, saop\u0107ili su aktivisti organizacija za za\u0161titu ljudskih prava. \u0160ef Sirijske lige za odbranu ljudskih prava Rami Abdel Rahman izjavio je za AFP da je sedam ljudi poginulo u Arbenu, jedna osoba u Madamiji u blizini [&hellip;]","og_url":"https:\/\/sandzakpress.net\/arhiva\/najmanje-10-osoba-poginulo-na-protestima-u-siriji\/","og_site_name":"Sand\u017eak PRESS","article_published_time":"2011-08-07T11:31:06+00:00","og_image":[{"width":180,"height":220,"url":"https:\/\/sandzakpress.net\/arhiva\/wp-content\/uploads\/2011\/08\/8f387affeaf8f0febcc88bf346783f6f.jpg","type":"image\/jpeg"}],"twitter_card":"summary_large_image","twitter_misc":{"Written by":"","Est. reading time":"1 minuta"},"schema":{"@context":"https:\/\/schema.org","@graph":[{"@type":"Article","@id":"https:\/\/sandzakpress.net\/arhiva\/najmanje-10-osoba-poginulo-na-protestima-u-siriji\/#article","isPartOf":{"@id":"https:\/\/sandzakpress.net\/arhiva\/najmanje-10-osoba-poginulo-na-protestima-u-siriji\/"},"author":{"name":"","@id":""},"headline":"Najmanje 10 osoba poginulo na protestima u Siriji","datePublished":"2011-08-07T11:31:06+00:00","mainEntityOfPage":{"@id":"https:\/\/sandzakpress.net\/arhiva\/najmanje-10-osoba-poginulo-na-protestima-u-siriji\/"},"wordCount":305,"commentCount":0,"publisher":{"@id":"https:\/\/sandzakpress.net\/arhiva\/#\/schema\/person\/6e72b67d6e51910a1117b3b483ba20bd"},"image":{"@id":"https:\/\/sandzakpress.net\/arhiva\/najmanje-10-osoba-poginulo-na-protestima-u-siriji\/#primaryimage"},"thumbnailUrl":"https:\/\/sandzakpress.net\/arhiva\/wp-content\/uploads\/2011\/08\/8f387affeaf8f0febcc88bf346783f6f.jpg","articleSection":["Svijet"],"inLanguage":"bs-BA","potentialAction":[{"@type":"CommentAction","name":"Comment","target":["https:\/\/sandzakpress.net\/arhiva\/najmanje-10-osoba-poginulo-na-protestima-u-siriji\/#respond"]}]},{"@type":"WebPage","@id":"https:\/\/sandzakpress.net\/arhiva\/najmanje-10-osoba-poginulo-na-protestima-u-siriji\/","url":"https:\/\/sandzakpress.net\/arhiva\/najmanje-10-osoba-poginulo-na-protestima-u-siriji\/","name":"Najmanje 10 osoba poginulo na protestima u Siriji","isPartOf":{"@id":"https:\/\/sandzakpress.net\/arhiva\/#website"},"primaryImageOfPage":{"@id":"https:\/\/sandzakpress.net\/arhiva\/najmanje-10-osoba-poginulo-na-protestima-u-siriji\/#primaryimage"},"image":{"@id":"https:\/\/sandzakpress.net\/arhiva\/najmanje-10-osoba-poginulo-na-protestima-u-siriji\/#primaryimage"},"thumbnailUrl":"https:\/\/sandzakpress.net\/arhiva\/wp-content\/uploads\/2011\/08\/8f387affeaf8f0febcc88bf346783f6f.jpg","datePublished":"2011-08-07T11:31:06+00:00","breadcrumb":{"@id":"https:\/\/sandzakpress.net\/arhiva\/najmanje-10-osoba-poginulo-na-protestima-u-siriji\/#breadcrumb"},"inLanguage":"bs-BA","potentialAction":[{"@type":"ReadAction","target":["https:\/\/sandzakpress.net\/arhiva\/najmanje-10-osoba-poginulo-na-protestima-u-siriji\/"]}]},{"@type":"ImageObject","inLanguage":"bs-BA","@id":"https:\/\/sandzakpress.net\/arhiva\/najmanje-10-osoba-poginulo-na-protestima-u-siriji\/#primaryimage","url":"https:\/\/sandzakpress.net\/arhiva\/wp-content\/uploads\/2011\/08\/8f387affeaf8f0febcc88bf346783f6f.jpg","contentUrl":"https:\/\/sandzakpress.net\/arhiva\/wp-content\/uploads\/2011\/08\/8f387affeaf8f0febcc88bf346783f6f.jpg","width":180,"height":220},{"@type":"BreadcrumbList","@id":"https:\/\/sandzakpress.net\/arhiva\/najmanje-10-osoba-poginulo-na-protestima-u-siriji\/#breadcrumb","itemListElement":[{"@type":"ListItem","position":1,"name":"Home","item":"https:\/\/sandzakpress.net\/arhiva\/"},{"@type":"ListItem","position":2,"name":"Najmanje 10 osoba poginulo na protestima u Siriji"}]},{"@type":"WebSite","@id":"https:\/\/sandzakpress.net\/arhiva\/#website","url":"https:\/\/sandzakpress.net\/arhiva\/","name":"Sand\u017eak PRESS","description":"Prve elektronske novine u Sand\u017eaku","publisher":{"@id":"https:\/\/sandzakpress.net\/arhiva\/#\/schema\/person\/6e72b67d6e51910a1117b3b483ba20bd"},"potentialAction":[{"@type":"SearchAction","target":{"@type":"EntryPoint","urlTemplate":"https:\/\/sandzakpress.net\/arhiva\/?s={search_term_string}"},"query-input":{"@type":"PropertyValueSpecification","valueRequired":true,"valueName":"search_term_string"}}],"inLanguage":"bs-BA"},{"@type":["Person","Organization"],"@id":"https:\/\/sandzakpress.net\/arhiva\/#\/schema\/person\/6e72b67d6e51910a1117b3b483ba20bd","name":"Kul","image":{"@type":"ImageObject","inLanguage":"bs-BA","@id":"https:\/\/sandzakpress.net\/arhiva\/#\/schema\/person\/image\/","url":"https:\/\/secure.gravatar.com\/avatar\/42263f39aa27ac04c43cab85c280eb2e?s=96&d=mm&r=pg","contentUrl":"https:\/\/secure.gravatar.com\/avatar\/42263f39aa27ac04c43cab85c280eb2e?s=96&d=mm&r=pg","caption":"Kul"},"logo":{"@id":"https:\/\/sandzakpress.net\/arhiva\/#\/schema\/person\/image\/"}},{"@type":"Person","@id":"","url":"https:\/\/sandzakpress.net\/arhiva\/author\/"}]}},"_links":{"self":[{"href":"https:\/\/sandzakpress.net\/arhiva\/wp-json\/wp\/v2\/posts\/18616"}],"collection":[{"href":"https:\/\/sandzakpress.net\/arhiva\/wp-json\/wp\/v2\/posts"}],"about":[{"href":"https:\/\/sandzakpress.net\/arhiva\/wp-json\/wp\/v2\/types\/post"}],"author":[{"embeddable":true,"href":"https:\/\/sandzakpress.net\/arhiva\/wp-json\/wp\/v2\/users\/13"}],"replies":[{"embeddable":true,"href":"https:\/\/sandzakpress.net\/arhiva\/wp-json\/wp\/v2\/comments?post=18616"}],"version-history":[{"count":0,"href":"https:\/\/sandzakpress.net\/arhiva\/wp-json\/wp\/v2\/posts\/18616\/revisions"}],"wp:featuredmedia":[{"embeddable":true,"href":"https:\/\/sandzakpress.net\/arhiva\/wp-json\/wp\/v2\/media\/18617"}],"wp:attachment":[{"href":"https:\/\/sandzakpress.net\/arhiva\/wp-json\/wp\/v2\/media?parent=18616"}],"wp:term":[{"taxonomy":"category","embeddable":true,"href":"https:\/\/sandzakpress.net\/arhiva\/wp-json\/wp\/v2\/categories?post=18616"},{"taxonomy":"post_tag","embeddable":true,"href":"https:\/\/sandzakpress.net\/arhiva\/wp-json\/wp\/v2\/tags?post=18616"}],"curies":[{"name":"wp","href":"https:\/\/api.w.org\/{rel}","templated":true}]}}