{"id":18600,"date":"2011-08-07T12:45:19","date_gmt":"2011-08-07T10:45:19","guid":{"rendered":"https:\/\/sandzakpress.net\/arhiva\/?p=18600"},"modified":"2011-08-07T12:45:19","modified_gmt":"2011-08-07T10:45:19","slug":"safet-kalic-na-interpolovoj-potjernici","status":"publish","type":"post","link":"https:\/\/sandzakpress.net\/arhiva\/safet-kalic-na-interpolovoj-potjernici\/","title":{"rendered":"Safet Kali\u0107 na Interpolovoj potjernici"},"content":{"rendered":"<p><strong><a href=\"https:\/\/sandzakpress.net\/arhiva\/wp-content\/uploads\/2011\/08\/169527_safet-kalic_kf.jpg\"><img loading=\"lazy\" decoding=\"async\" class=\"alignleft size-full wp-image-18601\" src=\"https:\/\/sandzakpress.net\/arhiva\/wp-content\/uploads\/2011\/08\/169527_safet-kalic_kf.jpg\" alt=\"\" width=\"230\" height=\"130\" \/><\/a>Ro\u017eaje, Bijelo Polje &#8211; Blokirana je i imovina najbli\u017eih srodnika ro\u017eajskog biznismena  Safeta Kali\u0107a &#8211; Mersade \u0160aboti\u0107 i Ernesa \u0160aboti\u0107a, saop\u0161tio Vi\u0161i sud u  Bijelom Polju<\/strong><\/p>\n<p>Sudija za istragu Vi\u0161eg suda u Bijelom Polju ju\u010de  je usvojio zahtjev Vrhovnog dr\u017eavnog tu\u017eila\u0161tva -Odjeljenja za  suzbijanje origanizovanog kriminala i odredio da se privremeno oduzme  imovina ro\u017eajskom biznismenu Safetu Kali\u0107u, njegovom bratu Mersudinu i  supruzi Amini. Blokirana je i imovina njihovih najbli\u017eih srodnika &#8211;  Mersade \u0160aboti\u0107 i Ernesa \u0160aboti\u0107a.<\/p>\n<p>Kako je Pobjedi saop\u0161teno u sudu, sudija za istragu je na\u0161ao da  postoje osnovi sumnje da su  nepokretnosti, putni\u010dka motorna vozila,  novac i akcije pribavljeni nezakonito, zbog \u010dega je i odredio privremeno  oduzimanje imovine od okrivljenih, njihovih najbli\u017eih srodnika i  pravnih lica \u010diji su oni vlasnici.<\/p>\n<p>Protiv Safeta, Mersudina i Amine Kali\u0107 tu\u017eila\u0161tvo je nalo\u017eilo istragu zbog krivi\u010dnog djela pranje novca u produ\u017eenom trajanju.<\/p>\n<p>&#8211; Privremeno oduzimanje mo\u017ee trajati najdu\u017ee dok vanpretresno  vije\u0107e ne donese odluku o zahtjevu dr\u017eavnog tu\u017eila\u0161tva za trajno  oduzimanje imovine, a protiv rje\u0161enja o privremenom oduzimanju imovine  dozvoljena je \u017ealba koja ne zadr\u017eava izvr\u0161enje re\u0161nja &#8211; navodi se u  saop\u0161tenju Vi\u0161eg suda.<\/p>\n<p>Mersudin i Amina Kali\u0107, brat i supruga ro\u017eajskog biznismena  Safeta Kali\u0107a, uhap\u0161eni su 27. jula zbog osnovane sumnje da su oprali  vi\u0161e od 7,2 miliona eura novca ste\u010denog od prodaje heroina. Safet Kali\u0107  je u bjekstvu, a osumnji\u010den je za isto krivi\u010dno djelo.<\/p>\n<p>Kali\u0107i su pred specijalnim tu\u017eiocem kategori\u010dno negirali sve  navode prijave. Njima je odre\u0111en pritvor i oni se od 29. jula nalaze u  Istra\u017enom zatvoru u Bijelom Polju.<\/p>\n<p>Specijalni tu\u017eilac sumnji\u010di Kali\u0107e da su od 2006. godine  Crnogorskoj komercijalnoj banci u Ro\u017eajama prljavim novcem upla\u0107ivali  rate za kredite koje su dobijali na ime svojih preduze\u0107a. To su firme  \u201eDaut &amp; Daut\u201c, \u010diji je osniva\u010d i direktor Safet Kali\u0107, \u201eTajson\u201c,  \u010diji je osniva\u010d Safet Kali\u0107 a njegova supruga bila izvr\u0161ni direktor,  \u201eTurjak\u201c, \u010diji je vlasnik preduze\u0107e \u201eM &#8211; petrol\u201c, a osnovala ga je  Mersada \u0160aboti\u0107, ro\u0111ena sestra Mersudina i Safeta Kali\u0107a, kao i  preduze\u0107e \u201eKristal\u201c, \u010diji je ve\u0107inski vlasnik firma \u201eDaut &amp; Daut\u201c.<\/p>\n<p>Tu\u017eila\u0161tvo sumnja da su Kali\u0107i prali novac koji je Mersudin Kali\u0107  stekao prodajom droge. On je 1996. godine u Njema\u010dkoj osu\u0111en zbog  trgovine heroinom.<\/p>\n<p>Me\u0111unarodna potjernica za Safetom Kali\u0107em<\/p>\n<p>PODGORICA &#8211; NCB Interpol Podgorica, ju\u010de u 18.15 sati, raspisao  je me\u0111unarodnu potjernicu za Safetom D. Kali\u0107em (42) iz Ro\u017eaja,  saop\u0161tila je Uprava policije.<\/p>\n<p>&#8211; Me\u0111unarodna potjernica za Kali\u0107em raspisana je putem  Interpolovog sistema komunikacije i ona je ve\u0107 vidljiva svim dr\u017eavama  \u010dlanicama Interpola &#8211; pi\u0161e u saop\u0161tenju.<\/p>\n<p>Isti\u010de se da je poslata svim dr\u017eavama \u010dlanicama ove policijske  organizacije i da \u0107e biti postavljana na zvani\u010dni sajt Interpola.<\/p>\n<p>Izvor:<strong> Pobjeda.Co.me<\/strong><\/p>\n","protected":false},"excerpt":{"rendered":"<p>Ro\u017eaje, Bijelo Polje &#8211; Blokirana je i imovina najbli\u017eih srodnika ro\u017eajskog biznismena Safeta Kali\u0107a &#8211; Mersade \u0160aboti\u0107 i Ernesa \u0160aboti\u0107a, saop\u0161tio Vi\u0161i sud u Bijelom Polju Sudija za istragu Vi\u0161eg suda u Bijelom Polju ju\u010de je usvojio zahtjev Vrhovnog dr\u017eavnog tu\u017eila\u0161tva -Odjeljenja za suzbijanje origanizovanog kriminala i odredio da se privremeno oduzme imovina ro\u017eajskom biznismenu [&hellip;]<\/p>\n","protected":false},"author":13,"featured_media":18601,"comment_status":"open","ping_status":"open","sticky":false,"template":"","format":"standard","meta":{"footnotes":""},"categories":[398,396,801],"tags":[],"class_list":{"0":"post-18600","1":"post","2":"type-post","3":"status-publish","4":"format-standard","5":"has-post-thumbnail","7":"category-rozaje","8":"category-bijelo_polje","9":"category-crna_hronika"},"yoast_head":"<!-- This site is optimized with the Yoast SEO Premium plugin v23.1 (Yoast SEO v24.9) - https:\/\/yoast.com\/wordpress\/plugins\/seo\/ -->\n<title>Safet Kali\u0107 na Interpolovoj potjernici<\/title>\n<meta name=\"robots\" content=\"index, follow, max-snippet:-1, max-image-preview:large, max-video-preview:-1\" \/>\n<link rel=\"canonical\" href=\"https:\/\/sandzakpress.net\/arhiva\/safet-kalic-na-interpolovoj-potjernici\/\" \/>\n<meta property=\"og:locale\" content=\"bs_BA\" \/>\n<meta property=\"og:type\" content=\"article\" \/>\n<meta property=\"og:title\" content=\"Safet Kali\u0107 na Interpolovoj potjernici\" \/>\n<meta property=\"og:description\" content=\"Ro\u017eaje, Bijelo Polje &#8211; Blokirana je i imovina najbli\u017eih srodnika ro\u017eajskog biznismena Safeta Kali\u0107a &#8211; Mersade \u0160aboti\u0107 i Ernesa \u0160aboti\u0107a, saop\u0161tio Vi\u0161i sud u Bijelom Polju Sudija za istragu Vi\u0161eg suda u Bijelom Polju ju\u010de je usvojio zahtjev Vrhovnog dr\u017eavnog tu\u017eila\u0161tva -Odjeljenja za suzbijanje origanizovanog kriminala i odredio da se privremeno oduzme imovina ro\u017eajskom biznismenu [&hellip;]\" \/>\n<meta property=\"og:url\" content=\"https:\/\/sandzakpress.net\/arhiva\/safet-kalic-na-interpolovoj-potjernici\/\" \/>\n<meta property=\"og:site_name\" content=\"Sand\u017eak PRESS\" \/>\n<meta property=\"article:published_time\" content=\"2011-08-07T10:45:19+00:00\" \/>\n<meta property=\"og:image\" content=\"https:\/\/sandzakpress.net\/arhiva\/wp-content\/uploads\/2011\/08\/169527_safet-kalic_kf.jpg\" \/>\n\t<meta property=\"og:image:width\" content=\"230\" \/>\n\t<meta property=\"og:image:height\" content=\"130\" \/>\n\t<meta property=\"og:image:type\" content=\"image\/jpeg\" \/>\n<meta name=\"twitter:card\" content=\"summary_large_image\" \/>\n<meta name=\"twitter:label1\" content=\"Written by\" \/>\n\t<meta name=\"twitter:data1\" content=\"\" \/>\n\t<meta name=\"twitter:label2\" content=\"Est. reading time\" \/>\n\t<meta name=\"twitter:data2\" content=\"3 minute\" \/>\n<script type=\"application\/ld+json\" class=\"yoast-schema-graph\">{\"@context\":\"https:\/\/schema.org\",\"@graph\":[{\"@type\":\"Article\",\"@id\":\"https:\/\/sandzakpress.net\/arhiva\/safet-kalic-na-interpolovoj-potjernici\/#article\",\"isPartOf\":{\"@id\":\"https:\/\/sandzakpress.net\/arhiva\/safet-kalic-na-interpolovoj-potjernici\/\"},\"author\":{\"name\":\"\",\"@id\":\"\"},\"headline\":\"Safet Kali\u0107 na Interpolovoj potjernici\",\"datePublished\":\"2011-08-07T10:45:19+00:00\",\"mainEntityOfPage\":{\"@id\":\"https:\/\/sandzakpress.net\/arhiva\/safet-kalic-na-interpolovoj-potjernici\/\"},\"wordCount\":516,\"commentCount\":0,\"publisher\":{\"@id\":\"https:\/\/sandzakpress.net\/arhiva\/#\/schema\/person\/6e72b67d6e51910a1117b3b483ba20bd\"},\"image\":{\"@id\":\"https:\/\/sandzakpress.net\/arhiva\/safet-kalic-na-interpolovoj-potjernici\/#primaryimage\"},\"thumbnailUrl\":\"https:\/\/sandzakpress.net\/arhiva\/wp-content\/uploads\/2011\/08\/169527_safet-kalic_kf.jpg\",\"articleSection\":[\"Ro\u017eaje\",\"Bijelo Polje\",\"Hronika\"],\"inLanguage\":\"bs-BA\",\"potentialAction\":[{\"@type\":\"CommentAction\",\"name\":\"Comment\",\"target\":[\"https:\/\/sandzakpress.net\/arhiva\/safet-kalic-na-interpolovoj-potjernici\/#respond\"]}]},{\"@type\":\"WebPage\",\"@id\":\"https:\/\/sandzakpress.net\/arhiva\/safet-kalic-na-interpolovoj-potjernici\/\",\"url\":\"https:\/\/sandzakpress.net\/arhiva\/safet-kalic-na-interpolovoj-potjernici\/\",\"name\":\"Safet Kali\u0107 na Interpolovoj potjernici\",\"isPartOf\":{\"@id\":\"https:\/\/sandzakpress.net\/arhiva\/#website\"},\"primaryImageOfPage\":{\"@id\":\"https:\/\/sandzakpress.net\/arhiva\/safet-kalic-na-interpolovoj-potjernici\/#primaryimage\"},\"image\":{\"@id\":\"https:\/\/sandzakpress.net\/arhiva\/safet-kalic-na-interpolovoj-potjernici\/#primaryimage\"},\"thumbnailUrl\":\"https:\/\/sandzakpress.net\/arhiva\/wp-content\/uploads\/2011\/08\/169527_safet-kalic_kf.jpg\",\"datePublished\":\"2011-08-07T10:45:19+00:00\",\"breadcrumb\":{\"@id\":\"https:\/\/sandzakpress.net\/arhiva\/safet-kalic-na-interpolovoj-potjernici\/#breadcrumb\"},\"inLanguage\":\"bs-BA\",\"potentialAction\":[{\"@type\":\"ReadAction\",\"target\":[\"https:\/\/sandzakpress.net\/arhiva\/safet-kalic-na-interpolovoj-potjernici\/\"]}]},{\"@type\":\"ImageObject\",\"inLanguage\":\"bs-BA\",\"@id\":\"https:\/\/sandzakpress.net\/arhiva\/safet-kalic-na-interpolovoj-potjernici\/#primaryimage\",\"url\":\"https:\/\/sandzakpress.net\/arhiva\/wp-content\/uploads\/2011\/08\/169527_safet-kalic_kf.jpg\",\"contentUrl\":\"https:\/\/sandzakpress.net\/arhiva\/wp-content\/uploads\/2011\/08\/169527_safet-kalic_kf.jpg\",\"width\":230,\"height\":130},{\"@type\":\"BreadcrumbList\",\"@id\":\"https:\/\/sandzakpress.net\/arhiva\/safet-kalic-na-interpolovoj-potjernici\/#breadcrumb\",\"itemListElement\":[{\"@type\":\"ListItem\",\"position\":1,\"name\":\"Home\",\"item\":\"https:\/\/sandzakpress.net\/arhiva\/\"},{\"@type\":\"ListItem\",\"position\":2,\"name\":\"Safet Kali\u0107 na Interpolovoj potjernici\"}]},{\"@type\":\"WebSite\",\"@id\":\"https:\/\/sandzakpress.net\/arhiva\/#website\",\"url\":\"https:\/\/sandzakpress.net\/arhiva\/\",\"name\":\"Sand\u017eak PRESS\",\"description\":\"Prve elektronske novine u Sand\u017eaku\",\"publisher\":{\"@id\":\"https:\/\/sandzakpress.net\/arhiva\/#\/schema\/person\/6e72b67d6e51910a1117b3b483ba20bd\"},\"potentialAction\":[{\"@type\":\"SearchAction\",\"target\":{\"@type\":\"EntryPoint\",\"urlTemplate\":\"https:\/\/sandzakpress.net\/arhiva\/?s={search_term_string}\"},\"query-input\":{\"@type\":\"PropertyValueSpecification\",\"valueRequired\":true,\"valueName\":\"search_term_string\"}}],\"inLanguage\":\"bs-BA\"},{\"@type\":[\"Person\",\"Organization\"],\"@id\":\"https:\/\/sandzakpress.net\/arhiva\/#\/schema\/person\/6e72b67d6e51910a1117b3b483ba20bd\",\"name\":\"Kul\",\"image\":{\"@type\":\"ImageObject\",\"inLanguage\":\"bs-BA\",\"@id\":\"https:\/\/sandzakpress.net\/arhiva\/#\/schema\/person\/image\/\",\"url\":\"https:\/\/secure.gravatar.com\/avatar\/42263f39aa27ac04c43cab85c280eb2e?s=96&d=mm&r=pg\",\"contentUrl\":\"https:\/\/secure.gravatar.com\/avatar\/42263f39aa27ac04c43cab85c280eb2e?s=96&d=mm&r=pg\",\"caption\":\"Kul\"},\"logo\":{\"@id\":\"https:\/\/sandzakpress.net\/arhiva\/#\/schema\/person\/image\/\"}},{\"@type\":\"Person\",\"@id\":\"\",\"url\":\"https:\/\/sandzakpress.net\/arhiva\/author\/\"}]}<\/script>\n<!-- \/ Yoast SEO Premium plugin. -->","yoast_head_json":{"title":"Safet Kali\u0107 na Interpolovoj potjernici","robots":{"index":"index","follow":"follow","max-snippet":"max-snippet:-1","max-image-preview":"max-image-preview:large","max-video-preview":"max-video-preview:-1"},"canonical":"https:\/\/sandzakpress.net\/arhiva\/safet-kalic-na-interpolovoj-potjernici\/","og_locale":"bs_BA","og_type":"article","og_title":"Safet Kali\u0107 na Interpolovoj potjernici","og_description":"Ro\u017eaje, Bijelo Polje &#8211; Blokirana je i imovina najbli\u017eih srodnika ro\u017eajskog biznismena Safeta Kali\u0107a &#8211; Mersade \u0160aboti\u0107 i Ernesa \u0160aboti\u0107a, saop\u0161tio Vi\u0161i sud u Bijelom Polju Sudija za istragu Vi\u0161eg suda u Bijelom Polju ju\u010de je usvojio zahtjev Vrhovnog dr\u017eavnog tu\u017eila\u0161tva -Odjeljenja za suzbijanje origanizovanog kriminala i odredio da se privremeno oduzme imovina ro\u017eajskom biznismenu [&hellip;]","og_url":"https:\/\/sandzakpress.net\/arhiva\/safet-kalic-na-interpolovoj-potjernici\/","og_site_name":"Sand\u017eak PRESS","article_published_time":"2011-08-07T10:45:19+00:00","og_image":[{"width":230,"height":130,"url":"https:\/\/sandzakpress.net\/arhiva\/wp-content\/uploads\/2011\/08\/169527_safet-kalic_kf.jpg","type":"image\/jpeg"}],"twitter_card":"summary_large_image","twitter_misc":{"Written by":"","Est. reading time":"3 minute"},"schema":{"@context":"https:\/\/schema.org","@graph":[{"@type":"Article","@id":"https:\/\/sandzakpress.net\/arhiva\/safet-kalic-na-interpolovoj-potjernici\/#article","isPartOf":{"@id":"https:\/\/sandzakpress.net\/arhiva\/safet-kalic-na-interpolovoj-potjernici\/"},"author":{"name":"","@id":""},"headline":"Safet Kali\u0107 na Interpolovoj potjernici","datePublished":"2011-08-07T10:45:19+00:00","mainEntityOfPage":{"@id":"https:\/\/sandzakpress.net\/arhiva\/safet-kalic-na-interpolovoj-potjernici\/"},"wordCount":516,"commentCount":0,"publisher":{"@id":"https:\/\/sandzakpress.net\/arhiva\/#\/schema\/person\/6e72b67d6e51910a1117b3b483ba20bd"},"image":{"@id":"https:\/\/sandzakpress.net\/arhiva\/safet-kalic-na-interpolovoj-potjernici\/#primaryimage"},"thumbnailUrl":"https:\/\/sandzakpress.net\/arhiva\/wp-content\/uploads\/2011\/08\/169527_safet-kalic_kf.jpg","articleSection":["Ro\u017eaje","Bijelo Polje","Hronika"],"inLanguage":"bs-BA","potentialAction":[{"@type":"CommentAction","name":"Comment","target":["https:\/\/sandzakpress.net\/arhiva\/safet-kalic-na-interpolovoj-potjernici\/#respond"]}]},{"@type":"WebPage","@id":"https:\/\/sandzakpress.net\/arhiva\/safet-kalic-na-interpolovoj-potjernici\/","url":"https:\/\/sandzakpress.net\/arhiva\/safet-kalic-na-interpolovoj-potjernici\/","name":"Safet Kali\u0107 na Interpolovoj potjernici","isPartOf":{"@id":"https:\/\/sandzakpress.net\/arhiva\/#website"},"primaryImageOfPage":{"@id":"https:\/\/sandzakpress.net\/arhiva\/safet-kalic-na-interpolovoj-potjernici\/#primaryimage"},"image":{"@id":"https:\/\/sandzakpress.net\/arhiva\/safet-kalic-na-interpolovoj-potjernici\/#primaryimage"},"thumbnailUrl":"https:\/\/sandzakpress.net\/arhiva\/wp-content\/uploads\/2011\/08\/169527_safet-kalic_kf.jpg","datePublished":"2011-08-07T10:45:19+00:00","breadcrumb":{"@id":"https:\/\/sandzakpress.net\/arhiva\/safet-kalic-na-interpolovoj-potjernici\/#breadcrumb"},"inLanguage":"bs-BA","potentialAction":[{"@type":"ReadAction","target":["https:\/\/sandzakpress.net\/arhiva\/safet-kalic-na-interpolovoj-potjernici\/"]}]},{"@type":"ImageObject","inLanguage":"bs-BA","@id":"https:\/\/sandzakpress.net\/arhiva\/safet-kalic-na-interpolovoj-potjernici\/#primaryimage","url":"https:\/\/sandzakpress.net\/arhiva\/wp-content\/uploads\/2011\/08\/169527_safet-kalic_kf.jpg","contentUrl":"https:\/\/sandzakpress.net\/arhiva\/wp-content\/uploads\/2011\/08\/169527_safet-kalic_kf.jpg","width":230,"height":130},{"@type":"BreadcrumbList","@id":"https:\/\/sandzakpress.net\/arhiva\/safet-kalic-na-interpolovoj-potjernici\/#breadcrumb","itemListElement":[{"@type":"ListItem","position":1,"name":"Home","item":"https:\/\/sandzakpress.net\/arhiva\/"},{"@type":"ListItem","position":2,"name":"Safet Kali\u0107 na Interpolovoj potjernici"}]},{"@type":"WebSite","@id":"https:\/\/sandzakpress.net\/arhiva\/#website","url":"https:\/\/sandzakpress.net\/arhiva\/","name":"Sand\u017eak PRESS","description":"Prve elektronske novine u Sand\u017eaku","publisher":{"@id":"https:\/\/sandzakpress.net\/arhiva\/#\/schema\/person\/6e72b67d6e51910a1117b3b483ba20bd"},"potentialAction":[{"@type":"SearchAction","target":{"@type":"EntryPoint","urlTemplate":"https:\/\/sandzakpress.net\/arhiva\/?s={search_term_string}"},"query-input":{"@type":"PropertyValueSpecification","valueRequired":true,"valueName":"search_term_string"}}],"inLanguage":"bs-BA"},{"@type":["Person","Organization"],"@id":"https:\/\/sandzakpress.net\/arhiva\/#\/schema\/person\/6e72b67d6e51910a1117b3b483ba20bd","name":"Kul","image":{"@type":"ImageObject","inLanguage":"bs-BA","@id":"https:\/\/sandzakpress.net\/arhiva\/#\/schema\/person\/image\/","url":"https:\/\/secure.gravatar.com\/avatar\/42263f39aa27ac04c43cab85c280eb2e?s=96&d=mm&r=pg","contentUrl":"https:\/\/secure.gravatar.com\/avatar\/42263f39aa27ac04c43cab85c280eb2e?s=96&d=mm&r=pg","caption":"Kul"},"logo":{"@id":"https:\/\/sandzakpress.net\/arhiva\/#\/schema\/person\/image\/"}},{"@type":"Person","@id":"","url":"https:\/\/sandzakpress.net\/arhiva\/author\/"}]}},"_links":{"self":[{"href":"https:\/\/sandzakpress.net\/arhiva\/wp-json\/wp\/v2\/posts\/18600"}],"collection":[{"href":"https:\/\/sandzakpress.net\/arhiva\/wp-json\/wp\/v2\/posts"}],"about":[{"href":"https:\/\/sandzakpress.net\/arhiva\/wp-json\/wp\/v2\/types\/post"}],"author":[{"embeddable":true,"href":"https:\/\/sandzakpress.net\/arhiva\/wp-json\/wp\/v2\/users\/13"}],"replies":[{"embeddable":true,"href":"https:\/\/sandzakpress.net\/arhiva\/wp-json\/wp\/v2\/comments?post=18600"}],"version-history":[{"count":0,"href":"https:\/\/sandzakpress.net\/arhiva\/wp-json\/wp\/v2\/posts\/18600\/revisions"}],"wp:featuredmedia":[{"embeddable":true,"href":"https:\/\/sandzakpress.net\/arhiva\/wp-json\/wp\/v2\/media\/18601"}],"wp:attachment":[{"href":"https:\/\/sandzakpress.net\/arhiva\/wp-json\/wp\/v2\/media?parent=18600"}],"wp:term":[{"taxonomy":"category","embeddable":true,"href":"https:\/\/sandzakpress.net\/arhiva\/wp-json\/wp\/v2\/categories?post=18600"},{"taxonomy":"post_tag","embeddable":true,"href":"https:\/\/sandzakpress.net\/arhiva\/wp-json\/wp\/v2\/tags?post=18600"}],"curies":[{"name":"wp","href":"https:\/\/api.w.org\/{rel}","templated":true}]}}