{"id":185894,"date":"2017-04-28T22:53:29","date_gmt":"2017-04-28T20:53:29","guid":{"rendered":"https:\/\/sandzakpress.net\/arhiva\/?p=185894"},"modified":"2017-04-28T22:53:29","modified_gmt":"2017-04-28T20:53:29","slug":"vucic-pozvao-erdogana-u-posjetu-srbiji","status":"publish","type":"post","link":"https:\/\/sandzakpress.net\/arhiva\/vucic-pozvao-erdogana-u-posjetu-srbiji\/","title":{"rendered":"Vu\u010di\u0107 pozvao Erdogana u posjetu Srbiji"},"content":{"rendered":"<p><img decoding=\"async\" src=\"http:\/\/www.sandzacke.rs\/wp-content\/uploads\/2017\/04\/Bilgic-vucic-660x330.jpg\" \/><\/p>\n<p><strong>Srbija, Turska &#8211; Premijer Srbije Aleksandar Vu\u010di\u0107 je u razgovoru sa turskim ambasadorom u Beogradu Tanjuom Bilgicem uputio poziv turskom predsedniku Recepu Tayyipu Erdoganu da do\u0111e u Srbiju, javlja Anadolu Agency.<\/strong><\/p>\n<p>Vu\u010di\u0107 je zahvalio turskim kompanijama koje posluju u Srbiji i izrazio \u017eelju da odnosi dveju zemalja i dalje budu u usponu, a posebno je pru\u017eio podr\u0161ku aktivnostima i projektima Turske agencije za saradnju i koordinaciju (TIKA), saop\u0161teno je iz Vlade Srbije nakon sastanka.<\/p>\n<p>\u201c\u017delimo da privu\u010demo jo\u0161 ve\u0107i broj turskih investitora i organizujemo sastanke sa poslovnim ljudima iz Turske, u cilju izgradnje poverenja onih koji ve\u0107 posluju u na\u0161oj zemlji, kao i pove\u0107anja obima privredne saradnje\u201d, rekao je Vu\u010di\u0107.<\/p>\n<p>Izvor: Anadolija<\/p>\n","protected":false},"excerpt":{"rendered":"<p>Srbija, Turska &#8211; Premijer Srbije Aleksandar Vu\u010di\u0107 je u razgovoru sa turskim ambasadorom u Beogradu Tanjuom Bilgicem uputio poziv turskom predsedniku Recepu Tayyipu Erdoganu da do\u0111e u Srbiju, javlja Anadolu Agency. Vu\u010di\u0107 je zahvalio turskim kompanijama koje posluju u Srbiji i izrazio \u017eelju da odnosi dveju zemalja i dalje budu u usponu, a posebno je [&hellip;]<\/p>\n","protected":false},"author":509,"featured_media":185895,"comment_status":"open","ping_status":"open","sticky":false,"template":"","format":"standard","meta":{"footnotes":""},"categories":[1,10307,798,2692],"tags":[],"class_list":{"0":"post-185894","1":"post","2":"type-post","3":"status-publish","4":"format-standard","5":"has-post-thumbnail","7":"category-politika","8":"category-srbija","9":"category-teme","10":"category-turska-gradovi"},"yoast_head":"<!-- This site is optimized with the Yoast SEO Premium plugin v23.1 (Yoast SEO v24.9) - https:\/\/yoast.com\/wordpress\/plugins\/seo\/ -->\n<title>Vu\u010di\u0107 pozvao Erdogana u posjetu Srbiji<\/title>\n<meta name=\"robots\" content=\"index, follow, max-snippet:-1, max-image-preview:large, max-video-preview:-1\" \/>\n<link rel=\"canonical\" href=\"https:\/\/sandzakpress.net\/arhiva\/vucic-pozvao-erdogana-u-posjetu-srbiji\/\" \/>\n<meta property=\"og:locale\" content=\"bs_BA\" \/>\n<meta property=\"og:type\" content=\"article\" \/>\n<meta property=\"og:title\" content=\"Vu\u010di\u0107 pozvao Erdogana u posjetu Srbiji\" \/>\n<meta property=\"og:description\" content=\"Srbija, Turska &#8211; Premijer Srbije Aleksandar Vu\u010di\u0107 je u razgovoru sa turskim ambasadorom u Beogradu Tanjuom Bilgicem uputio poziv turskom predsedniku Recepu Tayyipu Erdoganu da do\u0111e u Srbiju, javlja Anadolu Agency. Vu\u010di\u0107 je zahvalio turskim kompanijama koje posluju u Srbiji i izrazio \u017eelju da odnosi dveju zemalja i dalje budu u usponu, a posebno je [&hellip;]\" \/>\n<meta property=\"og:url\" content=\"https:\/\/sandzakpress.net\/arhiva\/vucic-pozvao-erdogana-u-posjetu-srbiji\/\" \/>\n<meta property=\"og:site_name\" content=\"Sand\u017eak PRESS\" \/>\n<meta property=\"article:published_time\" content=\"2017-04-28T20:53:29+00:00\" \/>\n<meta property=\"og:image\" content=\"https:\/\/sandzakpress.net\/arhiva\/wp-content\/uploads\/2017\/04\/Bilgic-vucic-660x330.jpg\" \/>\n\t<meta property=\"og:image:width\" content=\"660\" \/>\n\t<meta property=\"og:image:height\" content=\"330\" \/>\n\t<meta property=\"og:image:type\" content=\"image\/jpeg\" \/>\n<meta name=\"author\" content=\"Agencija\" \/>\n<meta name=\"twitter:card\" content=\"summary_large_image\" \/>\n<meta name=\"twitter:label1\" content=\"Written by\" \/>\n\t<meta name=\"twitter:data1\" content=\"Agencija\" \/>\n\t<meta name=\"twitter:label2\" content=\"Est. reading time\" \/>\n\t<meta name=\"twitter:data2\" content=\"1 minuta\" \/>\n<script type=\"application\/ld+json\" class=\"yoast-schema-graph\">{\"@context\":\"https:\/\/schema.org\",\"@graph\":[{\"@type\":\"Article\",\"@id\":\"https:\/\/sandzakpress.net\/arhiva\/vucic-pozvao-erdogana-u-posjetu-srbiji\/#article\",\"isPartOf\":{\"@id\":\"https:\/\/sandzakpress.net\/arhiva\/vucic-pozvao-erdogana-u-posjetu-srbiji\/\"},\"author\":{\"name\":\"Agencija\",\"@id\":\"https:\/\/sandzakpress.net\/arhiva\/#\/schema\/person\/cb59d7e3ab91ab90dd680ad0305a6185\"},\"headline\":\"Vu\u010di\u0107 pozvao Erdogana u posjetu Srbiji\",\"datePublished\":\"2017-04-28T20:53:29+00:00\",\"mainEntityOfPage\":{\"@id\":\"https:\/\/sandzakpress.net\/arhiva\/vucic-pozvao-erdogana-u-posjetu-srbiji\/\"},\"wordCount\":130,\"commentCount\":4,\"publisher\":{\"@id\":\"https:\/\/sandzakpress.net\/arhiva\/#\/schema\/person\/6e72b67d6e51910a1117b3b483ba20bd\"},\"image\":{\"@id\":\"https:\/\/sandzakpress.net\/arhiva\/vucic-pozvao-erdogana-u-posjetu-srbiji\/#primaryimage\"},\"thumbnailUrl\":\"https:\/\/sandzakpress.net\/arhiva\/wp-content\/uploads\/2017\/04\/Bilgic-vucic-660x330.jpg\",\"articleSection\":[\"Politika\",\"Srbija\",\"NAJNOVIJE\",\"Turska\"],\"inLanguage\":\"bs-BA\",\"potentialAction\":[{\"@type\":\"CommentAction\",\"name\":\"Comment\",\"target\":[\"https:\/\/sandzakpress.net\/arhiva\/vucic-pozvao-erdogana-u-posjetu-srbiji\/#respond\"]}]},{\"@type\":\"WebPage\",\"@id\":\"https:\/\/sandzakpress.net\/arhiva\/vucic-pozvao-erdogana-u-posjetu-srbiji\/\",\"url\":\"https:\/\/sandzakpress.net\/arhiva\/vucic-pozvao-erdogana-u-posjetu-srbiji\/\",\"name\":\"Vu\u010di\u0107 pozvao Erdogana u posjetu Srbiji\",\"isPartOf\":{\"@id\":\"https:\/\/sandzakpress.net\/arhiva\/#website\"},\"primaryImageOfPage\":{\"@id\":\"https:\/\/sandzakpress.net\/arhiva\/vucic-pozvao-erdogana-u-posjetu-srbiji\/#primaryimage\"},\"image\":{\"@id\":\"https:\/\/sandzakpress.net\/arhiva\/vucic-pozvao-erdogana-u-posjetu-srbiji\/#primaryimage\"},\"thumbnailUrl\":\"https:\/\/sandzakpress.net\/arhiva\/wp-content\/uploads\/2017\/04\/Bilgic-vucic-660x330.jpg\",\"datePublished\":\"2017-04-28T20:53:29+00:00\",\"breadcrumb\":{\"@id\":\"https:\/\/sandzakpress.net\/arhiva\/vucic-pozvao-erdogana-u-posjetu-srbiji\/#breadcrumb\"},\"inLanguage\":\"bs-BA\",\"potentialAction\":[{\"@type\":\"ReadAction\",\"target\":[\"https:\/\/sandzakpress.net\/arhiva\/vucic-pozvao-erdogana-u-posjetu-srbiji\/\"]}]},{\"@type\":\"ImageObject\",\"inLanguage\":\"bs-BA\",\"@id\":\"https:\/\/sandzakpress.net\/arhiva\/vucic-pozvao-erdogana-u-posjetu-srbiji\/#primaryimage\",\"url\":\"https:\/\/sandzakpress.net\/arhiva\/wp-content\/uploads\/2017\/04\/Bilgic-vucic-660x330.jpg\",\"contentUrl\":\"https:\/\/sandzakpress.net\/arhiva\/wp-content\/uploads\/2017\/04\/Bilgic-vucic-660x330.jpg\",\"width\":660,\"height\":330},{\"@type\":\"BreadcrumbList\",\"@id\":\"https:\/\/sandzakpress.net\/arhiva\/vucic-pozvao-erdogana-u-posjetu-srbiji\/#breadcrumb\",\"itemListElement\":[{\"@type\":\"ListItem\",\"position\":1,\"name\":\"Home\",\"item\":\"https:\/\/sandzakpress.net\/arhiva\/\"},{\"@type\":\"ListItem\",\"position\":2,\"name\":\"Vu\u010di\u0107 pozvao Erdogana u posjetu Srbiji\"}]},{\"@type\":\"WebSite\",\"@id\":\"https:\/\/sandzakpress.net\/arhiva\/#website\",\"url\":\"https:\/\/sandzakpress.net\/arhiva\/\",\"name\":\"Sand\u017eak PRESS\",\"description\":\"Prve elektronske novine u Sand\u017eaku\",\"publisher\":{\"@id\":\"https:\/\/sandzakpress.net\/arhiva\/#\/schema\/person\/6e72b67d6e51910a1117b3b483ba20bd\"},\"potentialAction\":[{\"@type\":\"SearchAction\",\"target\":{\"@type\":\"EntryPoint\",\"urlTemplate\":\"https:\/\/sandzakpress.net\/arhiva\/?s={search_term_string}\"},\"query-input\":{\"@type\":\"PropertyValueSpecification\",\"valueRequired\":true,\"valueName\":\"search_term_string\"}}],\"inLanguage\":\"bs-BA\"},{\"@type\":[\"Person\",\"Organization\"],\"@id\":\"https:\/\/sandzakpress.net\/arhiva\/#\/schema\/person\/6e72b67d6e51910a1117b3b483ba20bd\",\"name\":\"Kul\",\"image\":{\"@type\":\"ImageObject\",\"inLanguage\":\"bs-BA\",\"@id\":\"https:\/\/sandzakpress.net\/arhiva\/#\/schema\/person\/image\/\",\"url\":\"https:\/\/secure.gravatar.com\/avatar\/42263f39aa27ac04c43cab85c280eb2e?s=96&d=mm&r=pg\",\"contentUrl\":\"https:\/\/secure.gravatar.com\/avatar\/42263f39aa27ac04c43cab85c280eb2e?s=96&d=mm&r=pg\",\"caption\":\"Kul\"},\"logo\":{\"@id\":\"https:\/\/sandzakpress.net\/arhiva\/#\/schema\/person\/image\/\"}},{\"@type\":\"Person\",\"@id\":\"https:\/\/sandzakpress.net\/arhiva\/#\/schema\/person\/cb59d7e3ab91ab90dd680ad0305a6185\",\"name\":\"Agencija\",\"image\":{\"@type\":\"ImageObject\",\"inLanguage\":\"bs-BA\",\"@id\":\"https:\/\/sandzakpress.net\/arhiva\/#\/schema\/person\/image\/\",\"url\":\"https:\/\/secure.gravatar.com\/avatar\/4b7fafa80a22f0c2afe23966b3961fe0?s=96&d=mm&r=pg\",\"contentUrl\":\"https:\/\/secure.gravatar.com\/avatar\/4b7fafa80a22f0c2afe23966b3961fe0?s=96&d=mm&r=pg\",\"caption\":\"Agencija\"},\"url\":\"https:\/\/sandzakpress.net\/arhiva\/author\/agencija\/\"}]}<\/script>\n<!-- \/ Yoast SEO Premium plugin. -->","yoast_head_json":{"title":"Vu\u010di\u0107 pozvao Erdogana u posjetu Srbiji","robots":{"index":"index","follow":"follow","max-snippet":"max-snippet:-1","max-image-preview":"max-image-preview:large","max-video-preview":"max-video-preview:-1"},"canonical":"https:\/\/sandzakpress.net\/arhiva\/vucic-pozvao-erdogana-u-posjetu-srbiji\/","og_locale":"bs_BA","og_type":"article","og_title":"Vu\u010di\u0107 pozvao Erdogana u posjetu Srbiji","og_description":"Srbija, Turska &#8211; Premijer Srbije Aleksandar Vu\u010di\u0107 je u razgovoru sa turskim ambasadorom u Beogradu Tanjuom Bilgicem uputio poziv turskom predsedniku Recepu Tayyipu Erdoganu da do\u0111e u Srbiju, javlja Anadolu Agency. Vu\u010di\u0107 je zahvalio turskim kompanijama koje posluju u Srbiji i izrazio \u017eelju da odnosi dveju zemalja i dalje budu u usponu, a posebno je [&hellip;]","og_url":"https:\/\/sandzakpress.net\/arhiva\/vucic-pozvao-erdogana-u-posjetu-srbiji\/","og_site_name":"Sand\u017eak PRESS","article_published_time":"2017-04-28T20:53:29+00:00","og_image":[{"width":660,"height":330,"url":"https:\/\/sandzakpress.net\/arhiva\/wp-content\/uploads\/2017\/04\/Bilgic-vucic-660x330.jpg","type":"image\/jpeg"}],"author":"Agencija","twitter_card":"summary_large_image","twitter_misc":{"Written by":"Agencija","Est. reading time":"1 minuta"},"schema":{"@context":"https:\/\/schema.org","@graph":[{"@type":"Article","@id":"https:\/\/sandzakpress.net\/arhiva\/vucic-pozvao-erdogana-u-posjetu-srbiji\/#article","isPartOf":{"@id":"https:\/\/sandzakpress.net\/arhiva\/vucic-pozvao-erdogana-u-posjetu-srbiji\/"},"author":{"name":"Agencija","@id":"https:\/\/sandzakpress.net\/arhiva\/#\/schema\/person\/cb59d7e3ab91ab90dd680ad0305a6185"},"headline":"Vu\u010di\u0107 pozvao Erdogana u posjetu Srbiji","datePublished":"2017-04-28T20:53:29+00:00","mainEntityOfPage":{"@id":"https:\/\/sandzakpress.net\/arhiva\/vucic-pozvao-erdogana-u-posjetu-srbiji\/"},"wordCount":130,"commentCount":4,"publisher":{"@id":"https:\/\/sandzakpress.net\/arhiva\/#\/schema\/person\/6e72b67d6e51910a1117b3b483ba20bd"},"image":{"@id":"https:\/\/sandzakpress.net\/arhiva\/vucic-pozvao-erdogana-u-posjetu-srbiji\/#primaryimage"},"thumbnailUrl":"https:\/\/sandzakpress.net\/arhiva\/wp-content\/uploads\/2017\/04\/Bilgic-vucic-660x330.jpg","articleSection":["Politika","Srbija","NAJNOVIJE","Turska"],"inLanguage":"bs-BA","potentialAction":[{"@type":"CommentAction","name":"Comment","target":["https:\/\/sandzakpress.net\/arhiva\/vucic-pozvao-erdogana-u-posjetu-srbiji\/#respond"]}]},{"@type":"WebPage","@id":"https:\/\/sandzakpress.net\/arhiva\/vucic-pozvao-erdogana-u-posjetu-srbiji\/","url":"https:\/\/sandzakpress.net\/arhiva\/vucic-pozvao-erdogana-u-posjetu-srbiji\/","name":"Vu\u010di\u0107 pozvao Erdogana u posjetu Srbiji","isPartOf":{"@id":"https:\/\/sandzakpress.net\/arhiva\/#website"},"primaryImageOfPage":{"@id":"https:\/\/sandzakpress.net\/arhiva\/vucic-pozvao-erdogana-u-posjetu-srbiji\/#primaryimage"},"image":{"@id":"https:\/\/sandzakpress.net\/arhiva\/vucic-pozvao-erdogana-u-posjetu-srbiji\/#primaryimage"},"thumbnailUrl":"https:\/\/sandzakpress.net\/arhiva\/wp-content\/uploads\/2017\/04\/Bilgic-vucic-660x330.jpg","datePublished":"2017-04-28T20:53:29+00:00","breadcrumb":{"@id":"https:\/\/sandzakpress.net\/arhiva\/vucic-pozvao-erdogana-u-posjetu-srbiji\/#breadcrumb"},"inLanguage":"bs-BA","potentialAction":[{"@type":"ReadAction","target":["https:\/\/sandzakpress.net\/arhiva\/vucic-pozvao-erdogana-u-posjetu-srbiji\/"]}]},{"@type":"ImageObject","inLanguage":"bs-BA","@id":"https:\/\/sandzakpress.net\/arhiva\/vucic-pozvao-erdogana-u-posjetu-srbiji\/#primaryimage","url":"https:\/\/sandzakpress.net\/arhiva\/wp-content\/uploads\/2017\/04\/Bilgic-vucic-660x330.jpg","contentUrl":"https:\/\/sandzakpress.net\/arhiva\/wp-content\/uploads\/2017\/04\/Bilgic-vucic-660x330.jpg","width":660,"height":330},{"@type":"BreadcrumbList","@id":"https:\/\/sandzakpress.net\/arhiva\/vucic-pozvao-erdogana-u-posjetu-srbiji\/#breadcrumb","itemListElement":[{"@type":"ListItem","position":1,"name":"Home","item":"https:\/\/sandzakpress.net\/arhiva\/"},{"@type":"ListItem","position":2,"name":"Vu\u010di\u0107 pozvao Erdogana u posjetu Srbiji"}]},{"@type":"WebSite","@id":"https:\/\/sandzakpress.net\/arhiva\/#website","url":"https:\/\/sandzakpress.net\/arhiva\/","name":"Sand\u017eak PRESS","description":"Prve elektronske novine u Sand\u017eaku","publisher":{"@id":"https:\/\/sandzakpress.net\/arhiva\/#\/schema\/person\/6e72b67d6e51910a1117b3b483ba20bd"},"potentialAction":[{"@type":"SearchAction","target":{"@type":"EntryPoint","urlTemplate":"https:\/\/sandzakpress.net\/arhiva\/?s={search_term_string}"},"query-input":{"@type":"PropertyValueSpecification","valueRequired":true,"valueName":"search_term_string"}}],"inLanguage":"bs-BA"},{"@type":["Person","Organization"],"@id":"https:\/\/sandzakpress.net\/arhiva\/#\/schema\/person\/6e72b67d6e51910a1117b3b483ba20bd","name":"Kul","image":{"@type":"ImageObject","inLanguage":"bs-BA","@id":"https:\/\/sandzakpress.net\/arhiva\/#\/schema\/person\/image\/","url":"https:\/\/secure.gravatar.com\/avatar\/42263f39aa27ac04c43cab85c280eb2e?s=96&d=mm&r=pg","contentUrl":"https:\/\/secure.gravatar.com\/avatar\/42263f39aa27ac04c43cab85c280eb2e?s=96&d=mm&r=pg","caption":"Kul"},"logo":{"@id":"https:\/\/sandzakpress.net\/arhiva\/#\/schema\/person\/image\/"}},{"@type":"Person","@id":"https:\/\/sandzakpress.net\/arhiva\/#\/schema\/person\/cb59d7e3ab91ab90dd680ad0305a6185","name":"Agencija","image":{"@type":"ImageObject","inLanguage":"bs-BA","@id":"https:\/\/sandzakpress.net\/arhiva\/#\/schema\/person\/image\/","url":"https:\/\/secure.gravatar.com\/avatar\/4b7fafa80a22f0c2afe23966b3961fe0?s=96&d=mm&r=pg","contentUrl":"https:\/\/secure.gravatar.com\/avatar\/4b7fafa80a22f0c2afe23966b3961fe0?s=96&d=mm&r=pg","caption":"Agencija"},"url":"https:\/\/sandzakpress.net\/arhiva\/author\/agencija\/"}]}},"_links":{"self":[{"href":"https:\/\/sandzakpress.net\/arhiva\/wp-json\/wp\/v2\/posts\/185894"}],"collection":[{"href":"https:\/\/sandzakpress.net\/arhiva\/wp-json\/wp\/v2\/posts"}],"about":[{"href":"https:\/\/sandzakpress.net\/arhiva\/wp-json\/wp\/v2\/types\/post"}],"author":[{"embeddable":true,"href":"https:\/\/sandzakpress.net\/arhiva\/wp-json\/wp\/v2\/users\/509"}],"replies":[{"embeddable":true,"href":"https:\/\/sandzakpress.net\/arhiva\/wp-json\/wp\/v2\/comments?post=185894"}],"version-history":[{"count":0,"href":"https:\/\/sandzakpress.net\/arhiva\/wp-json\/wp\/v2\/posts\/185894\/revisions"}],"wp:featuredmedia":[{"embeddable":true,"href":"https:\/\/sandzakpress.net\/arhiva\/wp-json\/wp\/v2\/media\/185895"}],"wp:attachment":[{"href":"https:\/\/sandzakpress.net\/arhiva\/wp-json\/wp\/v2\/media?parent=185894"}],"wp:term":[{"taxonomy":"category","embeddable":true,"href":"https:\/\/sandzakpress.net\/arhiva\/wp-json\/wp\/v2\/categories?post=185894"},{"taxonomy":"post_tag","embeddable":true,"href":"https:\/\/sandzakpress.net\/arhiva\/wp-json\/wp\/v2\/tags?post=185894"}],"curies":[{"name":"wp","href":"https:\/\/api.w.org\/{rel}","templated":true}]}}