{"id":18577,"date":"2011-08-06T16:45:15","date_gmt":"2011-08-06T14:45:15","guid":{"rendered":"https:\/\/sandzakpress.net\/arhiva\/?p=18577"},"modified":"2011-08-06T16:45:15","modified_gmt":"2011-08-06T14:45:15","slug":"predsjednici-bnv-i-bkz-na-iftaru-na-kosovu","status":"publish","type":"post","link":"https:\/\/sandzakpress.net\/arhiva\/predsjednici-bnv-i-bkz-na-iftaru-na-kosovu\/","title":{"rendered":"Predsjednici BNV i BKZ na iftaru na Kosovu"},"content":{"rendered":"<p><strong><a href=\"https:\/\/sandzakpress.net\/arhiva\/wp-content\/uploads\/2011\/08\/sam_0976.jpg\"><img loading=\"lazy\" decoding=\"async\" class=\"alignleft size-medium wp-image-18578\" title=\"sam_0976\" src=\"https:\/\/sandzakpress.net\/arhiva\/wp-content\/uploads\/2011\/08\/sam_0976-300x225.jpg\" alt=\"\" width=\"200\" height=\"150\" \/><\/a>Kosovo &#8211; Predsjednik BNV i rektor IUNP prof. dr. Mevlud Dudi\u0107 i predsjednik BKZ Jahja Fehratovi\u0107 boravili su 4. 8. 2011. godine u zvani\u010dnoj posjeti Bo\u0161njacima Kosova.<\/strong><\/p>\n<p>Na zajedni\u010dkom iftaru u Banji kod Pe\u0107i kojeg su organizirali Dijaspora Bo\u0161njaka Kosova Njema\u010dke i Ministarstvo dijaspore Kosova pod nazivom\u00a0<em>Matica \u2013 Dijaspora <\/em>prisustvovali su pored predsjednika BNV i BKZ visoki zvani\u010dnici Kosova i predstavnici Dijaspore iz Amerike, Kanade, Luksemburga, Njema\u010dke, Austrije, Franscuske, Danske, \u0160vicarske i niza drugih zemalja.<\/p>\n<p>Doma\u0107ini skupa su bili \u0106erim Bajrami i Osman Destanovi\u0107 kao i \u010dlan BANU akademik Alija D\u017eogovi\u0107.<\/p>\n<p>Predsjednik Dudi\u0107 je u nadahnutom govoru istakao va\u017enost povezivanja Bo\u0161njaka svih krajeva svijeta. On je prisutne upoznao sa radom Bo\u0161nja\u010dkog nacionalnog vije\u0107a i idejom pan-bo\u0161nja\u010dkog pokreta, nagla\u0161avaju\u0107i da su Bo\u0161njaci Sand\u017eaka kao stariji i malo ja\u010di brat odgovorni za Bo\u0161njake Kosova, Makedonije i Albanije, te da imaju obavezu pomo\u0107i im u svim segmentima o\u010duvanja, njegovanja i u\u010dvr\u0161\u0107enja nacionalnog identiteta, kao i opstanka na vjekovnim ognji\u0161tima.<\/p>\n<p>Izvor. <strong>BNV.rs<\/strong><\/p>\n","protected":false},"excerpt":{"rendered":"<p>Kosovo &#8211; Predsjednik BNV i rektor IUNP prof. dr. Mevlud Dudi\u0107 i predsjednik BKZ Jahja Fehratovi\u0107 boravili su 4. 8. 2011. godine u zvani\u010dnoj posjeti Bo\u0161njacima Kosova. Na zajedni\u010dkom iftaru u Banji kod Pe\u0107i kojeg su organizirali Dijaspora Bo\u0161njaka Kosova Njema\u010dke i Ministarstvo dijaspore Kosova pod nazivom\u00a0Matica \u2013 Dijaspora prisustvovali su pored predsjednika BNV i [&hellip;]<\/p>\n","protected":false},"author":83,"featured_media":18578,"comment_status":"open","ping_status":"open","sticky":false,"template":"","format":"standard","meta":{"footnotes":""},"categories":[800,2690],"tags":[],"class_list":{"0":"post-18577","1":"post","2":"type-post","3":"status-publish","4":"format-standard","5":"has-post-thumbnail","7":"category-nacija","8":"category-kosovo-gradovi"},"yoast_head":"<!-- This site is optimized with the Yoast SEO Premium plugin v23.1 (Yoast SEO v24.9) - https:\/\/yoast.com\/wordpress\/plugins\/seo\/ -->\n<title>Predsjednici BNV i BKZ na iftaru na Kosovu<\/title>\n<meta name=\"robots\" content=\"index, follow, max-snippet:-1, max-image-preview:large, max-video-preview:-1\" \/>\n<link rel=\"canonical\" href=\"https:\/\/sandzakpress.net\/arhiva\/predsjednici-bnv-i-bkz-na-iftaru-na-kosovu\/\" \/>\n<meta property=\"og:locale\" content=\"bs_BA\" \/>\n<meta property=\"og:type\" content=\"article\" \/>\n<meta property=\"og:title\" content=\"Predsjednici BNV i BKZ na iftaru na Kosovu\" \/>\n<meta property=\"og:description\" content=\"Kosovo &#8211; Predsjednik BNV i rektor IUNP prof. dr. Mevlud Dudi\u0107 i predsjednik BKZ Jahja Fehratovi\u0107 boravili su 4. 8. 2011. godine u zvani\u010dnoj posjeti Bo\u0161njacima Kosova. Na zajedni\u010dkom iftaru u Banji kod Pe\u0107i kojeg su organizirali Dijaspora Bo\u0161njaka Kosova Njema\u010dke i Ministarstvo dijaspore Kosova pod nazivom\u00a0Matica \u2013 Dijaspora prisustvovali su pored predsjednika BNV i [&hellip;]\" \/>\n<meta property=\"og:url\" content=\"https:\/\/sandzakpress.net\/arhiva\/predsjednici-bnv-i-bkz-na-iftaru-na-kosovu\/\" \/>\n<meta property=\"og:site_name\" content=\"Sand\u017eak PRESS\" \/>\n<meta property=\"article:published_time\" content=\"2011-08-06T14:45:15+00:00\" \/>\n<meta property=\"og:image\" content=\"https:\/\/sandzakpress.net\/arhiva\/wp-content\/uploads\/2011\/08\/sam_0976.jpg\" \/>\n\t<meta property=\"og:image:width\" content=\"600\" \/>\n\t<meta property=\"og:image:height\" content=\"450\" \/>\n\t<meta property=\"og:image:type\" content=\"image\/jpeg\" \/>\n<meta name=\"author\" content=\"bosniak\" \/>\n<meta name=\"twitter:card\" content=\"summary_large_image\" \/>\n<meta name=\"twitter:label1\" content=\"Written by\" \/>\n\t<meta name=\"twitter:data1\" content=\"bosniak\" \/>\n\t<meta name=\"twitter:label2\" content=\"Est. reading time\" \/>\n\t<meta name=\"twitter:data2\" content=\"1 minuta\" \/>\n<script type=\"application\/ld+json\" class=\"yoast-schema-graph\">{\"@context\":\"https:\/\/schema.org\",\"@graph\":[{\"@type\":\"Article\",\"@id\":\"https:\/\/sandzakpress.net\/arhiva\/predsjednici-bnv-i-bkz-na-iftaru-na-kosovu\/#article\",\"isPartOf\":{\"@id\":\"https:\/\/sandzakpress.net\/arhiva\/predsjednici-bnv-i-bkz-na-iftaru-na-kosovu\/\"},\"author\":{\"name\":\"bosniak\",\"@id\":\"https:\/\/sandzakpress.net\/arhiva\/#\/schema\/person\/c8baee722073534b583ea7bdb2e36c02\"},\"headline\":\"Predsjednici BNV i BKZ na iftaru na Kosovu\",\"datePublished\":\"2011-08-06T14:45:15+00:00\",\"mainEntityOfPage\":{\"@id\":\"https:\/\/sandzakpress.net\/arhiva\/predsjednici-bnv-i-bkz-na-iftaru-na-kosovu\/\"},\"wordCount\":192,\"commentCount\":0,\"publisher\":{\"@id\":\"https:\/\/sandzakpress.net\/arhiva\/#\/schema\/person\/6e72b67d6e51910a1117b3b483ba20bd\"},\"image\":{\"@id\":\"https:\/\/sandzakpress.net\/arhiva\/predsjednici-bnv-i-bkz-na-iftaru-na-kosovu\/#primaryimage\"},\"thumbnailUrl\":\"https:\/\/sandzakpress.net\/arhiva\/wp-content\/uploads\/2011\/08\/sam_0976.jpg\",\"articleSection\":[\"Nacija\",\"Kosovo\"],\"inLanguage\":\"bs-BA\",\"potentialAction\":[{\"@type\":\"CommentAction\",\"name\":\"Comment\",\"target\":[\"https:\/\/sandzakpress.net\/arhiva\/predsjednici-bnv-i-bkz-na-iftaru-na-kosovu\/#respond\"]}]},{\"@type\":\"WebPage\",\"@id\":\"https:\/\/sandzakpress.net\/arhiva\/predsjednici-bnv-i-bkz-na-iftaru-na-kosovu\/\",\"url\":\"https:\/\/sandzakpress.net\/arhiva\/predsjednici-bnv-i-bkz-na-iftaru-na-kosovu\/\",\"name\":\"Predsjednici BNV i BKZ na iftaru na Kosovu\",\"isPartOf\":{\"@id\":\"https:\/\/sandzakpress.net\/arhiva\/#website\"},\"primaryImageOfPage\":{\"@id\":\"https:\/\/sandzakpress.net\/arhiva\/predsjednici-bnv-i-bkz-na-iftaru-na-kosovu\/#primaryimage\"},\"image\":{\"@id\":\"https:\/\/sandzakpress.net\/arhiva\/predsjednici-bnv-i-bkz-na-iftaru-na-kosovu\/#primaryimage\"},\"thumbnailUrl\":\"https:\/\/sandzakpress.net\/arhiva\/wp-content\/uploads\/2011\/08\/sam_0976.jpg\",\"datePublished\":\"2011-08-06T14:45:15+00:00\",\"breadcrumb\":{\"@id\":\"https:\/\/sandzakpress.net\/arhiva\/predsjednici-bnv-i-bkz-na-iftaru-na-kosovu\/#breadcrumb\"},\"inLanguage\":\"bs-BA\",\"potentialAction\":[{\"@type\":\"ReadAction\",\"target\":[\"https:\/\/sandzakpress.net\/arhiva\/predsjednici-bnv-i-bkz-na-iftaru-na-kosovu\/\"]}]},{\"@type\":\"ImageObject\",\"inLanguage\":\"bs-BA\",\"@id\":\"https:\/\/sandzakpress.net\/arhiva\/predsjednici-bnv-i-bkz-na-iftaru-na-kosovu\/#primaryimage\",\"url\":\"https:\/\/sandzakpress.net\/arhiva\/wp-content\/uploads\/2011\/08\/sam_0976.jpg\",\"contentUrl\":\"https:\/\/sandzakpress.net\/arhiva\/wp-content\/uploads\/2011\/08\/sam_0976.jpg\",\"width\":600,\"height\":450},{\"@type\":\"BreadcrumbList\",\"@id\":\"https:\/\/sandzakpress.net\/arhiva\/predsjednici-bnv-i-bkz-na-iftaru-na-kosovu\/#breadcrumb\",\"itemListElement\":[{\"@type\":\"ListItem\",\"position\":1,\"name\":\"Home\",\"item\":\"https:\/\/sandzakpress.net\/arhiva\/\"},{\"@type\":\"ListItem\",\"position\":2,\"name\":\"Predsjednici BNV i BKZ na iftaru na Kosovu\"}]},{\"@type\":\"WebSite\",\"@id\":\"https:\/\/sandzakpress.net\/arhiva\/#website\",\"url\":\"https:\/\/sandzakpress.net\/arhiva\/\",\"name\":\"Sand\u017eak PRESS\",\"description\":\"Prve elektronske novine u Sand\u017eaku\",\"publisher\":{\"@id\":\"https:\/\/sandzakpress.net\/arhiva\/#\/schema\/person\/6e72b67d6e51910a1117b3b483ba20bd\"},\"potentialAction\":[{\"@type\":\"SearchAction\",\"target\":{\"@type\":\"EntryPoint\",\"urlTemplate\":\"https:\/\/sandzakpress.net\/arhiva\/?s={search_term_string}\"},\"query-input\":{\"@type\":\"PropertyValueSpecification\",\"valueRequired\":true,\"valueName\":\"search_term_string\"}}],\"inLanguage\":\"bs-BA\"},{\"@type\":[\"Person\",\"Organization\"],\"@id\":\"https:\/\/sandzakpress.net\/arhiva\/#\/schema\/person\/6e72b67d6e51910a1117b3b483ba20bd\",\"name\":\"Kul\",\"image\":{\"@type\":\"ImageObject\",\"inLanguage\":\"bs-BA\",\"@id\":\"https:\/\/sandzakpress.net\/arhiva\/#\/schema\/person\/image\/\",\"url\":\"https:\/\/secure.gravatar.com\/avatar\/42263f39aa27ac04c43cab85c280eb2e?s=96&d=mm&r=pg\",\"contentUrl\":\"https:\/\/secure.gravatar.com\/avatar\/42263f39aa27ac04c43cab85c280eb2e?s=96&d=mm&r=pg\",\"caption\":\"Kul\"},\"logo\":{\"@id\":\"https:\/\/sandzakpress.net\/arhiva\/#\/schema\/person\/image\/\"}},{\"@type\":\"Person\",\"@id\":\"https:\/\/sandzakpress.net\/arhiva\/#\/schema\/person\/c8baee722073534b583ea7bdb2e36c02\",\"name\":\"bosniak\",\"image\":{\"@type\":\"ImageObject\",\"inLanguage\":\"bs-BA\",\"@id\":\"https:\/\/sandzakpress.net\/arhiva\/#\/schema\/person\/image\/\",\"url\":\"https:\/\/secure.gravatar.com\/avatar\/a04fd330bfe3a36a72a0ad4a6d89fca7?s=96&d=mm&r=pg\",\"contentUrl\":\"https:\/\/secure.gravatar.com\/avatar\/a04fd330bfe3a36a72a0ad4a6d89fca7?s=96&d=mm&r=pg\",\"caption\":\"bosniak\"},\"url\":\"https:\/\/sandzakpress.net\/arhiva\/author\/bosniak\/\"}]}<\/script>\n<!-- \/ Yoast SEO Premium plugin. -->","yoast_head_json":{"title":"Predsjednici BNV i BKZ na iftaru na Kosovu","robots":{"index":"index","follow":"follow","max-snippet":"max-snippet:-1","max-image-preview":"max-image-preview:large","max-video-preview":"max-video-preview:-1"},"canonical":"https:\/\/sandzakpress.net\/arhiva\/predsjednici-bnv-i-bkz-na-iftaru-na-kosovu\/","og_locale":"bs_BA","og_type":"article","og_title":"Predsjednici BNV i BKZ na iftaru na Kosovu","og_description":"Kosovo &#8211; Predsjednik BNV i rektor IUNP prof. dr. Mevlud Dudi\u0107 i predsjednik BKZ Jahja Fehratovi\u0107 boravili su 4. 8. 2011. godine u zvani\u010dnoj posjeti Bo\u0161njacima Kosova. Na zajedni\u010dkom iftaru u Banji kod Pe\u0107i kojeg su organizirali Dijaspora Bo\u0161njaka Kosova Njema\u010dke i Ministarstvo dijaspore Kosova pod nazivom\u00a0Matica \u2013 Dijaspora prisustvovali su pored predsjednika BNV i [&hellip;]","og_url":"https:\/\/sandzakpress.net\/arhiva\/predsjednici-bnv-i-bkz-na-iftaru-na-kosovu\/","og_site_name":"Sand\u017eak PRESS","article_published_time":"2011-08-06T14:45:15+00:00","og_image":[{"width":600,"height":450,"url":"https:\/\/sandzakpress.net\/arhiva\/wp-content\/uploads\/2011\/08\/sam_0976.jpg","type":"image\/jpeg"}],"author":"bosniak","twitter_card":"summary_large_image","twitter_misc":{"Written by":"bosniak","Est. reading time":"1 minuta"},"schema":{"@context":"https:\/\/schema.org","@graph":[{"@type":"Article","@id":"https:\/\/sandzakpress.net\/arhiva\/predsjednici-bnv-i-bkz-na-iftaru-na-kosovu\/#article","isPartOf":{"@id":"https:\/\/sandzakpress.net\/arhiva\/predsjednici-bnv-i-bkz-na-iftaru-na-kosovu\/"},"author":{"name":"bosniak","@id":"https:\/\/sandzakpress.net\/arhiva\/#\/schema\/person\/c8baee722073534b583ea7bdb2e36c02"},"headline":"Predsjednici BNV i BKZ na iftaru na Kosovu","datePublished":"2011-08-06T14:45:15+00:00","mainEntityOfPage":{"@id":"https:\/\/sandzakpress.net\/arhiva\/predsjednici-bnv-i-bkz-na-iftaru-na-kosovu\/"},"wordCount":192,"commentCount":0,"publisher":{"@id":"https:\/\/sandzakpress.net\/arhiva\/#\/schema\/person\/6e72b67d6e51910a1117b3b483ba20bd"},"image":{"@id":"https:\/\/sandzakpress.net\/arhiva\/predsjednici-bnv-i-bkz-na-iftaru-na-kosovu\/#primaryimage"},"thumbnailUrl":"https:\/\/sandzakpress.net\/arhiva\/wp-content\/uploads\/2011\/08\/sam_0976.jpg","articleSection":["Nacija","Kosovo"],"inLanguage":"bs-BA","potentialAction":[{"@type":"CommentAction","name":"Comment","target":["https:\/\/sandzakpress.net\/arhiva\/predsjednici-bnv-i-bkz-na-iftaru-na-kosovu\/#respond"]}]},{"@type":"WebPage","@id":"https:\/\/sandzakpress.net\/arhiva\/predsjednici-bnv-i-bkz-na-iftaru-na-kosovu\/","url":"https:\/\/sandzakpress.net\/arhiva\/predsjednici-bnv-i-bkz-na-iftaru-na-kosovu\/","name":"Predsjednici BNV i BKZ na iftaru na Kosovu","isPartOf":{"@id":"https:\/\/sandzakpress.net\/arhiva\/#website"},"primaryImageOfPage":{"@id":"https:\/\/sandzakpress.net\/arhiva\/predsjednici-bnv-i-bkz-na-iftaru-na-kosovu\/#primaryimage"},"image":{"@id":"https:\/\/sandzakpress.net\/arhiva\/predsjednici-bnv-i-bkz-na-iftaru-na-kosovu\/#primaryimage"},"thumbnailUrl":"https:\/\/sandzakpress.net\/arhiva\/wp-content\/uploads\/2011\/08\/sam_0976.jpg","datePublished":"2011-08-06T14:45:15+00:00","breadcrumb":{"@id":"https:\/\/sandzakpress.net\/arhiva\/predsjednici-bnv-i-bkz-na-iftaru-na-kosovu\/#breadcrumb"},"inLanguage":"bs-BA","potentialAction":[{"@type":"ReadAction","target":["https:\/\/sandzakpress.net\/arhiva\/predsjednici-bnv-i-bkz-na-iftaru-na-kosovu\/"]}]},{"@type":"ImageObject","inLanguage":"bs-BA","@id":"https:\/\/sandzakpress.net\/arhiva\/predsjednici-bnv-i-bkz-na-iftaru-na-kosovu\/#primaryimage","url":"https:\/\/sandzakpress.net\/arhiva\/wp-content\/uploads\/2011\/08\/sam_0976.jpg","contentUrl":"https:\/\/sandzakpress.net\/arhiva\/wp-content\/uploads\/2011\/08\/sam_0976.jpg","width":600,"height":450},{"@type":"BreadcrumbList","@id":"https:\/\/sandzakpress.net\/arhiva\/predsjednici-bnv-i-bkz-na-iftaru-na-kosovu\/#breadcrumb","itemListElement":[{"@type":"ListItem","position":1,"name":"Home","item":"https:\/\/sandzakpress.net\/arhiva\/"},{"@type":"ListItem","position":2,"name":"Predsjednici BNV i BKZ na iftaru na Kosovu"}]},{"@type":"WebSite","@id":"https:\/\/sandzakpress.net\/arhiva\/#website","url":"https:\/\/sandzakpress.net\/arhiva\/","name":"Sand\u017eak PRESS","description":"Prve elektronske novine u Sand\u017eaku","publisher":{"@id":"https:\/\/sandzakpress.net\/arhiva\/#\/schema\/person\/6e72b67d6e51910a1117b3b483ba20bd"},"potentialAction":[{"@type":"SearchAction","target":{"@type":"EntryPoint","urlTemplate":"https:\/\/sandzakpress.net\/arhiva\/?s={search_term_string}"},"query-input":{"@type":"PropertyValueSpecification","valueRequired":true,"valueName":"search_term_string"}}],"inLanguage":"bs-BA"},{"@type":["Person","Organization"],"@id":"https:\/\/sandzakpress.net\/arhiva\/#\/schema\/person\/6e72b67d6e51910a1117b3b483ba20bd","name":"Kul","image":{"@type":"ImageObject","inLanguage":"bs-BA","@id":"https:\/\/sandzakpress.net\/arhiva\/#\/schema\/person\/image\/","url":"https:\/\/secure.gravatar.com\/avatar\/42263f39aa27ac04c43cab85c280eb2e?s=96&d=mm&r=pg","contentUrl":"https:\/\/secure.gravatar.com\/avatar\/42263f39aa27ac04c43cab85c280eb2e?s=96&d=mm&r=pg","caption":"Kul"},"logo":{"@id":"https:\/\/sandzakpress.net\/arhiva\/#\/schema\/person\/image\/"}},{"@type":"Person","@id":"https:\/\/sandzakpress.net\/arhiva\/#\/schema\/person\/c8baee722073534b583ea7bdb2e36c02","name":"bosniak","image":{"@type":"ImageObject","inLanguage":"bs-BA","@id":"https:\/\/sandzakpress.net\/arhiva\/#\/schema\/person\/image\/","url":"https:\/\/secure.gravatar.com\/avatar\/a04fd330bfe3a36a72a0ad4a6d89fca7?s=96&d=mm&r=pg","contentUrl":"https:\/\/secure.gravatar.com\/avatar\/a04fd330bfe3a36a72a0ad4a6d89fca7?s=96&d=mm&r=pg","caption":"bosniak"},"url":"https:\/\/sandzakpress.net\/arhiva\/author\/bosniak\/"}]}},"_links":{"self":[{"href":"https:\/\/sandzakpress.net\/arhiva\/wp-json\/wp\/v2\/posts\/18577"}],"collection":[{"href":"https:\/\/sandzakpress.net\/arhiva\/wp-json\/wp\/v2\/posts"}],"about":[{"href":"https:\/\/sandzakpress.net\/arhiva\/wp-json\/wp\/v2\/types\/post"}],"author":[{"embeddable":true,"href":"https:\/\/sandzakpress.net\/arhiva\/wp-json\/wp\/v2\/users\/83"}],"replies":[{"embeddable":true,"href":"https:\/\/sandzakpress.net\/arhiva\/wp-json\/wp\/v2\/comments?post=18577"}],"version-history":[{"count":0,"href":"https:\/\/sandzakpress.net\/arhiva\/wp-json\/wp\/v2\/posts\/18577\/revisions"}],"wp:featuredmedia":[{"embeddable":true,"href":"https:\/\/sandzakpress.net\/arhiva\/wp-json\/wp\/v2\/media\/18578"}],"wp:attachment":[{"href":"https:\/\/sandzakpress.net\/arhiva\/wp-json\/wp\/v2\/media?parent=18577"}],"wp:term":[{"taxonomy":"category","embeddable":true,"href":"https:\/\/sandzakpress.net\/arhiva\/wp-json\/wp\/v2\/categories?post=18577"},{"taxonomy":"post_tag","embeddable":true,"href":"https:\/\/sandzakpress.net\/arhiva\/wp-json\/wp\/v2\/tags?post=18577"}],"curies":[{"name":"wp","href":"https:\/\/api.w.org\/{rel}","templated":true}]}}