{"id":185618,"date":"2017-04-26T10:49:50","date_gmt":"2017-04-26T08:49:50","guid":{"rendered":"https:\/\/sandzakpress.net\/arhiva\/?p=185618"},"modified":"2017-04-26T10:49:50","modified_gmt":"2017-04-26T08:49:50","slug":"francesco-reinerio-sandzak-je-tajanstveno-srediste-balkana","status":"publish","type":"post","link":"https:\/\/sandzakpress.net\/arhiva\/francesco-reinerio-sandzak-je-tajanstveno-srediste-balkana\/","title":{"rendered":"Francesco Reinerio: Sand\u017eak je tajanstveno sredi\u0161te Balkana"},"content":{"rendered":"<p><img decoding=\"async\" src=\"http:\/\/www.sandzacke.rs\/wp-content\/uploads\/2017\/04\/Francesco-Reinerio-660x330.jpg\" \/><\/p>\n<p>Nedovoljna razvijenost Sand\u017eaka ukorijenjena je u njegovoj historijskoj perifernosti sve od njegovog nastanka, dok je dana\u0161nja kriza nesumnjivo vezana za propast Jugoslavije i preokret njenih modernizacijskih i civilizacijskih vrijednosti, ali i ponovni poku\u0161aj stvaranja nacionalno i religijski \u2018\u010distih\u2019 dr\u017eava na Balkanu\u201d<\/p>\n<p>Francesco Reinerio Italijan je ro\u0111en na sjeveru zemlje. Rano se po\u010deo baviti kulturama naroda jugoistoka Evrope iz jezi\u010dkog i kulturno-umjetni\u010dkog, prije svega iz muzi\u010dkog i knji\u017eevnog ugla, kako ka\u017ee u razgovoru za <em>Stav<\/em>, uglavnom radi li\u010dnog interesiranja za useljeni\u010dke zajednice s Balkana u njegovom gradu.<\/p>\n<p>Gospodin Reinerio je upisao jugoisto\u010dno-evropske studije na Univerzitetu \u201cFriedrich Schiller\u201d u Jeni (Njema\u010dka) zato \u0161to takav smjer u Italiji nije postajao. U godinama studija susreo s uglednim stru\u010dnjacima iz ove oblasti u Evropi, uklju\u010duju\u0107i i svog trenutnog mentora prof. dr. Thedea Kahla.<\/p>\n<p><strong>Va\u0161 doktorski rad posve\u0107en je Sand\u017eaku. Za\u0161to Sand\u017eak?<\/strong><\/p>\n<p><strong>REINERIO<\/strong>: Tek tokom mastera, produbljuju\u0107i svoja saznanja o kulturi biv\u0161e Jugoslavije, saznao sam za postojanje ovog podru\u010dja koje je bilo na Zapadu, \u010dak za nas balkanologe, doslovce tajanstveno, iako je rije\u010d o relativno velikoj oblasti. Smatrao sam da je to neznanje velika \u0161teta i, po\u0161to volim produbiti stvari, odlu\u010dio sam posvetiti Sand\u017eaku svoj prvi pravi istra\u017eiva\u010dki rad.<\/p>\n<p><strong>Tokom jednog od na\u0161ih razgovora rekli ste: \u201cKada se uzme karta Jugoisto\u010dne Evrope i pogledaju regije koje je \u010dine, Sand\u017eak odmah upada u o\u010di kao \u0161kolski primjer regije.\u201d \u0160ta, zapravo, Sand\u017eak izdvaja i definira ga kao regiju?<\/strong><\/p>\n<p><strong>REINERIO:<\/strong> Kada uzmemo kartu zapadnog Balkana (ina\u010de politi\u010dki pojam, ali geografski definiran prisustvom Alpa Dinarida), koju mo\u017eemo na\u0107i u svakom odmarali\u0161tu, Sand\u017eak se nalazi ta\u010dno u sredini tog prostora. To je iznena\u0111uju\u0107e ako uzmemo u obzir kako se slabo prolazi kroz njega, izme\u0111u ostalog zbog postojanja brojnih novih granica i odsustva autoputeva. Me\u0111utim, Sand\u017eak je zapravo vrhunski primjer za cijeli dinarski prostor i takvim ga \u010dine ne samo priroda ve\u0107 gusto\u0107a i visina reljefa, koje ga geografski pribli\u017eavaju susjednoj Bosni i Kosovu, s kojima je ina\u010de povezan preko svojih rijeka Ibra i Lima, ali ga i odvajaju od ostale donje Crne Gore i Srbije. Sand\u017eak se mo\u017ee koristiti kao sinonim za sredinu ju\u017enog dinarskog masiva.<\/p>\n<p><strong>U svom ste istra\u017eivanju sigurno nai\u0161li na polemiku oko naziva te regije i nekih alternativnih naziva Sand\u017eaka, poput Ra\u0161ke oblasti, jugozapadna Srbija i sjever Crne Gore i sl. Kako Vi, i generalno evropski nau\u010dnici koji se bave Sand\u017eakom, gledate na to?<\/strong><\/p>\n<p><strong>REINERIO: <\/strong>Nazivi kao sjeveroisto\u010dna Crna Gora, mada politi\u010dki potpuno ta\u010dni i prihvatljivi, nisu geografskog karaktera. Istovremeno, jedan naziv kao Ra\u0161ka, koji je historiografski potpuno prihvatljiv, mada za puno ve\u0107i i druga\u010diji prostor od ju\u017enih Dinarida, nije savremenog karaktera. Naziv Sand\u017eak odavno vi\u0161e nije politi\u010dkog karaktera. On je ostao u narodu kao geografski pojam, sve dok ga devedesetih godina predstavnici Bo\u0161njaka nisu pretvorili u nacionalno i vjerski isklju\u010duju\u0107u politi\u010dku i religijsku opciju, \u0161to je neoprostiva gre\u0161ka. Srbi su na to reagirali obnavljanjem mita Ra\u0161ke, \u0161to predstavlja obi\u010dan slu\u010daj izmi\u0161ljanja tradicije. Iskreno, ne poznajem nikoga izvan Srbije ko bi smatrao ozbiljnom tu polemiku, no, uprkos tome, tragi\u010dno je ozbiljan kontekst u kojem su te polemike uzrokovane.<\/p>\n<p><strong>Pribli\u017eite nam temu svog doktorata. \u010cime se bavite, do kojih ste zaklju\u010daka do\u0161li?<\/strong><\/p>\n<p><strong>REINERIO<\/strong>: Rad je zemljoznanstvena i kulturolo\u0161ka monografija koja se zove <em>Sand\u017eak<\/em> i koja obuhvata sve mogu\u0107e vidove \u017eivota u dana\u0161njoj prekograni\u010dnoj oblasti, naravno, s ta\u010dke gledi\u0161ta jednog humaniste. U dru\u0161tvenom pogledu, najva\u017eniji vid jeste o\u010dito zadovoljavaju\u0107e uspje\u0161an su\u017eivot Srba i Bo\u0161njaka ili, kako \u0107e glasiti podnaslov knjige, <em>Su\u017eivot i saradnje izme\u0111u hri\u0161\u0107ana i muslimana u mje\u0161ovito naseljenom podru\u010dju jugoisto\u010dne Evrope<\/em>. Izdanje knjige \u017eeli ponuditi evropskoj publici druga\u010diji pogled na Balkan od brojnih istra\u017eiva\u010dkih i novinarskih priloga koji se ve\u0107inom koncentriraju na konflikte ili na konfliktne aspekte historije i \u017eivota zemalja poluostrva. Bit \u0107e za to jednako va\u017eno da rad bude preveden na va\u0161 jezik da bi projekt predstavljao pravu kulturnu razmjenu.<\/p>\n<p><strong>Va\u0161 rad podr\u017eala je jedna fondacija. \u0160ta je interes da se ba\u0161 finansira rad o Sand\u017eaku?<\/strong><\/p>\n<p><strong>REINERIO<\/strong>: Njema\u010dki \u201cGerda-Henkel-Stiftung\u201d, koji nas podr\u017eava, jeste dobrotvorna privatna fondacija za dru\u0161tvene nauke. Nju je u istra\u017eiva\u010dkom projektu zanimalo pitanje me\u0111uvjerskog su\u017eivota u ovom dijelu zapadnog Balkana, s njegovim prednostima i preprekama, kao primjer za istra\u017eivanje i pobolj\u0161anje odnosa dviju grupa u jugoisto\u010dnoj Evropi i ostatku kontinenta, tih istih odnosa koji su ina\u010de o\u010dajno propali u Bosni i Hercegovini. Za ovo je istra\u017eivanje fondacija dala potpunu slobodu, bez bilo kakvih uvjeta i ograni\u010denja, s punom slobodom da se ja kao neutralna osoba izra\u017eavam i zauzmem nau\u010dno utemeljena stanovi\u0161ta o tim osjetljivim pitanjima.<\/p>\n<p><strong>Sigurno ste u radu uzimali u obzir i sada\u0161nji status Sand\u017eaka. \u0160ta mislite o toj temi i kako na to gledate?<\/strong><\/p>\n<p><strong>REINERIO<\/strong>: Kad sand\u017ea\u010dki Srbi budu osje\u0107ali da pripadaju istom podru\u010dju s Bo\u0161njacima i istovremeno kada Bo\u0161njaci budu osje\u0107ali da pripadaju istoj zemlji (Srbiji, odnosno Crnoj Gori) sa Srbima, status Sand\u017eaka bit \u0107e rije\u0161en. Za to \u0107e trebati kulture i obrazovanja jer je politika, koja je uglavnom nacionalno a ne gra\u0111anski nastrojena, do sad ne samo neuspjela u tom zadatku nego je \u010dak radila protiv toga.<\/p>\n<p><strong>Zbog \u010dega je Sand\u017eak jedna od najnerazvijenijih regija u Evropi i da li je za to vezano ovo politi\u010dko-statusno pitanje?<\/strong><\/p>\n<p><strong>REINERIO<\/strong>: Nedovoljna razvijenost Sand\u017eaka ukorijenjena je u njegovoj historijskoj perifernosti sve od njegovog nastanka, dok je dana\u0161nja kriza nesumnjivo vezana za propast Jugoslavije i preokret njenih modernizacijskih i civilizacijskih vrijednosti, ali i ponovni poku\u0161aj stvaranja nacionalno i religijski \u201c\u010distih\u201d dr\u017eava na Balkanu.<\/p>\n<p><strong>\u0160ta su, po Va\u0161em mi\u0161ljenju, najve\u0107i problemi Sand\u017eaka, a \u0161ta njegove prednosti?<\/strong><\/p>\n<p><strong>REINERIO<\/strong>: Mislim da svaki stanovnik Sand\u017eaka bolje poznaje od mene svakodnevne nevolje svoga doma, a one su uglavnom ekonomskog, zna\u010di i infrastrukturalnog, tehni\u010dkog i saobra\u0107ajnog tipa. Pustite me ipak da nabrajam postoje\u0107e nevolje koje vjerovatno samo manjina vas prepoznaje kao takve i koje su zajedni\u010dke objema grupama stanovni\u0161tva, ne samo u Sand\u017eaku nego u \u0161irim dijelovima biv\u0161e Jugoslavije, a one su: umije\u0161anost religije u politiku i obrnuto; nedostatak slobode dru\u0161tva, pogotovo mladih i \u017eena, osobito u spolno\u2011relacijskim pitanjima; uznemiruju\u0107i odnos utjecaja vjerskih zajednica na dru\u0161tvo s utjecajem dr\u017eavnog i civilnog vaspitanja (kod obiju grupa); \u010desta zbunjenost pojmovima religije i vjere i povezano ispoljavanje vjere u pretjerano simboli\u010dnim i javnim, a s tim \u010desto povr\u0161nim i dogmati\u010dnim oblicima (ovo posebno izra\u017eeno kod muslimana); \u010desta zbunjenost izme\u0111u pojmova naroda i nacije i povezano nacionalno, nacionalisti\u010dko umjesto gra\u0111ansko shvatanje (ovo posebno izra\u017eeno kod Srba); dvojni standardi u komunikaciji s vlastitom i \u201ctu\u0111om\u201d grupom; na kraju, opstajavanje ne samo politike ve\u0107 i zvani\u010dne kulture na podjelama koje uop\u0107e nemaju veze sa stvarno\u0161\u0107u.<\/p>\n<p>Najve\u0107a prednost Sand\u017eaka jeste \u010duvanje izvjesnih kulturnih tradicija, naprimjer multinacionalnosti unutar naroda Sand\u017eaka, onog jedinstva u razli\u010ditosti koje i dalje postoji u Sand\u017eaku i od kojeg bi dosta zapadnoevropskih zemalja mogle mnogo nau\u010diti jer ga nemaju.<\/p>\n<p><strong>Kakva je, po Va\u0161em mi\u0161ljenju, budu\u0107nost sand\u017ea\u010dke regije i kako se ona treba u budu\u0107nosti razvijati i promovirati?<\/strong><\/p>\n<p><strong>REINERIO<\/strong>: Budu\u0107nost sand\u017ea\u010dkog podru\u010dja jeste u i s dr\u017eavama Crnom Gorom i Srbijom, mogu\u0107e u okviru Evrope, koja je ipak unija dr\u017eava i koja \u0107e trebati pro\u0107i kroz razgovor i saradnju s objema dr\u017eavama kako bi doprinijela rje\u0161avanju problema Sand\u017eaka.<\/p>\n<p>Svaki korak ka upoznavanju Sand\u017eaka od strane \u0161ire publike morao bi doprinositi njegovom boljem ugledu u me\u0111unarodnoj zajednici. Ipak, ne bi se trebalo stvarati \u201csand\u017ea\u010dko pitanje\u201d. Problemi koje sam nabrajao jesu posljedice, a ne uzroci trenutne krize, tako da, dok uzroci le\u017ee u pro\u0161losti, a pro\u0161lost se ne mo\u017ee mijenjati, moramo se danas zajedno suo\u010davati s tim posljedicama.<\/p>\n<p>Izvor: <a href=\"http:\/\/stav.ba\/francesco-reinerio-sandzak-je-tajanstveno-srediste-balkana\/\">Stav.ba<\/a><\/p>\n","protected":false},"excerpt":{"rendered":"<p>Nedovoljna razvijenost Sand\u017eaka ukorijenjena je u njegovoj historijskoj perifernosti sve od njegovog nastanka, dok je dana\u0161nja kriza nesumnjivo vezana za propast Jugoslavije i preokret njenih modernizacijskih i civilizacijskih vrijednosti, ali i ponovni poku\u0161aj stvaranja nacionalno i religijski \u2018\u010distih\u2019 dr\u017eava na Balkanu\u201d Francesco Reinerio Italijan je ro\u0111en na sjeveru zemlje. Rano se po\u010deo baviti kulturama naroda [&hellip;]<\/p>\n","protected":false},"author":509,"featured_media":185620,"comment_status":"open","ping_status":"open","sticky":false,"template":"","format":"standard","meta":{"footnotes":""},"categories":[72,52,327,392,393,394,5,8957],"tags":[10288],"class_list":{"0":"post-185618","1":"post","2":"type-post","3":"status-publish","4":"format-standard","5":"has-post-thumbnail","7":"category-novi-pazar","8":"category-sjenica","9":"category-tutin","10":"category-prijepolje_","11":"category-priboj","12":"category-nova-varos","13":"category-drustvo","14":"category-vijesti-dana","15":"tag-autonomija-sandzaka"},"yoast_head":"<!-- This site is optimized with the Yoast SEO Premium plugin v23.1 (Yoast SEO v24.9) - https:\/\/yoast.com\/wordpress\/plugins\/seo\/ -->\n<title>Francesco Reinerio: Sand\u017eak je tajanstveno sredi\u0161te Balkana<\/title>\n<meta name=\"robots\" content=\"index, follow, max-snippet:-1, max-image-preview:large, max-video-preview:-1\" \/>\n<link rel=\"canonical\" href=\"https:\/\/sandzakpress.net\/arhiva\/francesco-reinerio-sandzak-je-tajanstveno-srediste-balkana\/\" \/>\n<meta property=\"og:locale\" content=\"bs_BA\" \/>\n<meta property=\"og:type\" content=\"article\" \/>\n<meta property=\"og:title\" content=\"Francesco Reinerio: Sand\u017eak je tajanstveno sredi\u0161te Balkana\" \/>\n<meta property=\"og:description\" content=\"Nedovoljna razvijenost Sand\u017eaka ukorijenjena je u njegovoj historijskoj perifernosti sve od njegovog nastanka, dok je dana\u0161nja kriza nesumnjivo vezana za propast Jugoslavije i preokret njenih modernizacijskih i civilizacijskih vrijednosti, ali i ponovni poku\u0161aj stvaranja nacionalno i religijski \u2018\u010distih\u2019 dr\u017eava na Balkanu\u201d Francesco Reinerio Italijan je ro\u0111en na sjeveru zemlje. Rano se po\u010deo baviti kulturama naroda [&hellip;]\" \/>\n<meta property=\"og:url\" content=\"https:\/\/sandzakpress.net\/arhiva\/francesco-reinerio-sandzak-je-tajanstveno-srediste-balkana\/\" \/>\n<meta property=\"og:site_name\" content=\"Sand\u017eak PRESS\" \/>\n<meta property=\"article:published_time\" content=\"2017-04-26T08:49:50+00:00\" \/>\n<meta property=\"og:image\" content=\"https:\/\/sandzakpress.net\/arhiva\/wp-content\/uploads\/2017\/04\/Francesco-Reinerio-660x330.jpg\" \/>\n\t<meta property=\"og:image:width\" content=\"660\" \/>\n\t<meta property=\"og:image:height\" content=\"330\" \/>\n\t<meta property=\"og:image:type\" content=\"image\/jpeg\" \/>\n<meta name=\"author\" content=\"Agencija\" \/>\n<meta name=\"twitter:card\" content=\"summary_large_image\" \/>\n<meta name=\"twitter:label1\" content=\"Written by\" \/>\n\t<meta name=\"twitter:data1\" content=\"Agencija\" \/>\n\t<meta name=\"twitter:label2\" content=\"Est. reading time\" \/>\n\t<meta name=\"twitter:data2\" content=\"7 minuta\" \/>\n<script type=\"application\/ld+json\" class=\"yoast-schema-graph\">{\"@context\":\"https:\/\/schema.org\",\"@graph\":[{\"@type\":\"Article\",\"@id\":\"https:\/\/sandzakpress.net\/arhiva\/francesco-reinerio-sandzak-je-tajanstveno-srediste-balkana\/#article\",\"isPartOf\":{\"@id\":\"https:\/\/sandzakpress.net\/arhiva\/francesco-reinerio-sandzak-je-tajanstveno-srediste-balkana\/\"},\"author\":{\"name\":\"Agencija\",\"@id\":\"https:\/\/sandzakpress.net\/arhiva\/#\/schema\/person\/cb59d7e3ab91ab90dd680ad0305a6185\"},\"headline\":\"Francesco Reinerio: Sand\u017eak je tajanstveno sredi\u0161te Balkana\",\"datePublished\":\"2017-04-26T08:49:50+00:00\",\"mainEntityOfPage\":{\"@id\":\"https:\/\/sandzakpress.net\/arhiva\/francesco-reinerio-sandzak-je-tajanstveno-srediste-balkana\/\"},\"wordCount\":1431,\"commentCount\":3,\"publisher\":{\"@id\":\"https:\/\/sandzakpress.net\/arhiva\/#\/schema\/person\/6e72b67d6e51910a1117b3b483ba20bd\"},\"image\":{\"@id\":\"https:\/\/sandzakpress.net\/arhiva\/francesco-reinerio-sandzak-je-tajanstveno-srediste-balkana\/#primaryimage\"},\"thumbnailUrl\":\"https:\/\/sandzakpress.net\/arhiva\/wp-content\/uploads\/2017\/04\/Francesco-Reinerio-660x330.jpg\",\"keywords\":[\"Autonomija Sand\u017eaka\"],\"articleSection\":[\"Novi Pazar\",\"Sjenica\",\"Tutin\",\"Prijepolje\",\"Priboj\",\"Nova Varo\u0161\",\"Dru\u0161tvo\",\"VIJESTI DANA\"],\"inLanguage\":\"bs-BA\",\"potentialAction\":[{\"@type\":\"CommentAction\",\"name\":\"Comment\",\"target\":[\"https:\/\/sandzakpress.net\/arhiva\/francesco-reinerio-sandzak-je-tajanstveno-srediste-balkana\/#respond\"]}]},{\"@type\":\"WebPage\",\"@id\":\"https:\/\/sandzakpress.net\/arhiva\/francesco-reinerio-sandzak-je-tajanstveno-srediste-balkana\/\",\"url\":\"https:\/\/sandzakpress.net\/arhiva\/francesco-reinerio-sandzak-je-tajanstveno-srediste-balkana\/\",\"name\":\"Francesco Reinerio: Sand\u017eak je tajanstveno sredi\u0161te Balkana\",\"isPartOf\":{\"@id\":\"https:\/\/sandzakpress.net\/arhiva\/#website\"},\"primaryImageOfPage\":{\"@id\":\"https:\/\/sandzakpress.net\/arhiva\/francesco-reinerio-sandzak-je-tajanstveno-srediste-balkana\/#primaryimage\"},\"image\":{\"@id\":\"https:\/\/sandzakpress.net\/arhiva\/francesco-reinerio-sandzak-je-tajanstveno-srediste-balkana\/#primaryimage\"},\"thumbnailUrl\":\"https:\/\/sandzakpress.net\/arhiva\/wp-content\/uploads\/2017\/04\/Francesco-Reinerio-660x330.jpg\",\"datePublished\":\"2017-04-26T08:49:50+00:00\",\"breadcrumb\":{\"@id\":\"https:\/\/sandzakpress.net\/arhiva\/francesco-reinerio-sandzak-je-tajanstveno-srediste-balkana\/#breadcrumb\"},\"inLanguage\":\"bs-BA\",\"potentialAction\":[{\"@type\":\"ReadAction\",\"target\":[\"https:\/\/sandzakpress.net\/arhiva\/francesco-reinerio-sandzak-je-tajanstveno-srediste-balkana\/\"]}]},{\"@type\":\"ImageObject\",\"inLanguage\":\"bs-BA\",\"@id\":\"https:\/\/sandzakpress.net\/arhiva\/francesco-reinerio-sandzak-je-tajanstveno-srediste-balkana\/#primaryimage\",\"url\":\"https:\/\/sandzakpress.net\/arhiva\/wp-content\/uploads\/2017\/04\/Francesco-Reinerio-660x330.jpg\",\"contentUrl\":\"https:\/\/sandzakpress.net\/arhiva\/wp-content\/uploads\/2017\/04\/Francesco-Reinerio-660x330.jpg\",\"width\":660,\"height\":330},{\"@type\":\"BreadcrumbList\",\"@id\":\"https:\/\/sandzakpress.net\/arhiva\/francesco-reinerio-sandzak-je-tajanstveno-srediste-balkana\/#breadcrumb\",\"itemListElement\":[{\"@type\":\"ListItem\",\"position\":1,\"name\":\"Home\",\"item\":\"https:\/\/sandzakpress.net\/arhiva\/\"},{\"@type\":\"ListItem\",\"position\":2,\"name\":\"Francesco Reinerio: Sand\u017eak je tajanstveno sredi\u0161te Balkana\"}]},{\"@type\":\"WebSite\",\"@id\":\"https:\/\/sandzakpress.net\/arhiva\/#website\",\"url\":\"https:\/\/sandzakpress.net\/arhiva\/\",\"name\":\"Sand\u017eak PRESS\",\"description\":\"Prve elektronske novine u Sand\u017eaku\",\"publisher\":{\"@id\":\"https:\/\/sandzakpress.net\/arhiva\/#\/schema\/person\/6e72b67d6e51910a1117b3b483ba20bd\"},\"potentialAction\":[{\"@type\":\"SearchAction\",\"target\":{\"@type\":\"EntryPoint\",\"urlTemplate\":\"https:\/\/sandzakpress.net\/arhiva\/?s={search_term_string}\"},\"query-input\":{\"@type\":\"PropertyValueSpecification\",\"valueRequired\":true,\"valueName\":\"search_term_string\"}}],\"inLanguage\":\"bs-BA\"},{\"@type\":[\"Person\",\"Organization\"],\"@id\":\"https:\/\/sandzakpress.net\/arhiva\/#\/schema\/person\/6e72b67d6e51910a1117b3b483ba20bd\",\"name\":\"Kul\",\"image\":{\"@type\":\"ImageObject\",\"inLanguage\":\"bs-BA\",\"@id\":\"https:\/\/sandzakpress.net\/arhiva\/#\/schema\/person\/image\/\",\"url\":\"https:\/\/secure.gravatar.com\/avatar\/42263f39aa27ac04c43cab85c280eb2e?s=96&d=mm&r=pg\",\"contentUrl\":\"https:\/\/secure.gravatar.com\/avatar\/42263f39aa27ac04c43cab85c280eb2e?s=96&d=mm&r=pg\",\"caption\":\"Kul\"},\"logo\":{\"@id\":\"https:\/\/sandzakpress.net\/arhiva\/#\/schema\/person\/image\/\"}},{\"@type\":\"Person\",\"@id\":\"https:\/\/sandzakpress.net\/arhiva\/#\/schema\/person\/cb59d7e3ab91ab90dd680ad0305a6185\",\"name\":\"Agencija\",\"image\":{\"@type\":\"ImageObject\",\"inLanguage\":\"bs-BA\",\"@id\":\"https:\/\/sandzakpress.net\/arhiva\/#\/schema\/person\/image\/\",\"url\":\"https:\/\/secure.gravatar.com\/avatar\/4b7fafa80a22f0c2afe23966b3961fe0?s=96&d=mm&r=pg\",\"contentUrl\":\"https:\/\/secure.gravatar.com\/avatar\/4b7fafa80a22f0c2afe23966b3961fe0?s=96&d=mm&r=pg\",\"caption\":\"Agencija\"},\"url\":\"https:\/\/sandzakpress.net\/arhiva\/author\/agencija\/\"}]}<\/script>\n<!-- \/ Yoast SEO Premium plugin. -->","yoast_head_json":{"title":"Francesco Reinerio: Sand\u017eak je tajanstveno sredi\u0161te Balkana","robots":{"index":"index","follow":"follow","max-snippet":"max-snippet:-1","max-image-preview":"max-image-preview:large","max-video-preview":"max-video-preview:-1"},"canonical":"https:\/\/sandzakpress.net\/arhiva\/francesco-reinerio-sandzak-je-tajanstveno-srediste-balkana\/","og_locale":"bs_BA","og_type":"article","og_title":"Francesco Reinerio: Sand\u017eak je tajanstveno sredi\u0161te Balkana","og_description":"Nedovoljna razvijenost Sand\u017eaka ukorijenjena je u njegovoj historijskoj perifernosti sve od njegovog nastanka, dok je dana\u0161nja kriza nesumnjivo vezana za propast Jugoslavije i preokret njenih modernizacijskih i civilizacijskih vrijednosti, ali i ponovni poku\u0161aj stvaranja nacionalno i religijski \u2018\u010distih\u2019 dr\u017eava na Balkanu\u201d Francesco Reinerio Italijan je ro\u0111en na sjeveru zemlje. Rano se po\u010deo baviti kulturama naroda [&hellip;]","og_url":"https:\/\/sandzakpress.net\/arhiva\/francesco-reinerio-sandzak-je-tajanstveno-srediste-balkana\/","og_site_name":"Sand\u017eak PRESS","article_published_time":"2017-04-26T08:49:50+00:00","og_image":[{"width":660,"height":330,"url":"https:\/\/sandzakpress.net\/arhiva\/wp-content\/uploads\/2017\/04\/Francesco-Reinerio-660x330.jpg","type":"image\/jpeg"}],"author":"Agencija","twitter_card":"summary_large_image","twitter_misc":{"Written by":"Agencija","Est. reading time":"7 minuta"},"schema":{"@context":"https:\/\/schema.org","@graph":[{"@type":"Article","@id":"https:\/\/sandzakpress.net\/arhiva\/francesco-reinerio-sandzak-je-tajanstveno-srediste-balkana\/#article","isPartOf":{"@id":"https:\/\/sandzakpress.net\/arhiva\/francesco-reinerio-sandzak-je-tajanstveno-srediste-balkana\/"},"author":{"name":"Agencija","@id":"https:\/\/sandzakpress.net\/arhiva\/#\/schema\/person\/cb59d7e3ab91ab90dd680ad0305a6185"},"headline":"Francesco Reinerio: Sand\u017eak je tajanstveno sredi\u0161te Balkana","datePublished":"2017-04-26T08:49:50+00:00","mainEntityOfPage":{"@id":"https:\/\/sandzakpress.net\/arhiva\/francesco-reinerio-sandzak-je-tajanstveno-srediste-balkana\/"},"wordCount":1431,"commentCount":3,"publisher":{"@id":"https:\/\/sandzakpress.net\/arhiva\/#\/schema\/person\/6e72b67d6e51910a1117b3b483ba20bd"},"image":{"@id":"https:\/\/sandzakpress.net\/arhiva\/francesco-reinerio-sandzak-je-tajanstveno-srediste-balkana\/#primaryimage"},"thumbnailUrl":"https:\/\/sandzakpress.net\/arhiva\/wp-content\/uploads\/2017\/04\/Francesco-Reinerio-660x330.jpg","keywords":["Autonomija Sand\u017eaka"],"articleSection":["Novi Pazar","Sjenica","Tutin","Prijepolje","Priboj","Nova Varo\u0161","Dru\u0161tvo","VIJESTI DANA"],"inLanguage":"bs-BA","potentialAction":[{"@type":"CommentAction","name":"Comment","target":["https:\/\/sandzakpress.net\/arhiva\/francesco-reinerio-sandzak-je-tajanstveno-srediste-balkana\/#respond"]}]},{"@type":"WebPage","@id":"https:\/\/sandzakpress.net\/arhiva\/francesco-reinerio-sandzak-je-tajanstveno-srediste-balkana\/","url":"https:\/\/sandzakpress.net\/arhiva\/francesco-reinerio-sandzak-je-tajanstveno-srediste-balkana\/","name":"Francesco Reinerio: Sand\u017eak je tajanstveno sredi\u0161te Balkana","isPartOf":{"@id":"https:\/\/sandzakpress.net\/arhiva\/#website"},"primaryImageOfPage":{"@id":"https:\/\/sandzakpress.net\/arhiva\/francesco-reinerio-sandzak-je-tajanstveno-srediste-balkana\/#primaryimage"},"image":{"@id":"https:\/\/sandzakpress.net\/arhiva\/francesco-reinerio-sandzak-je-tajanstveno-srediste-balkana\/#primaryimage"},"thumbnailUrl":"https:\/\/sandzakpress.net\/arhiva\/wp-content\/uploads\/2017\/04\/Francesco-Reinerio-660x330.jpg","datePublished":"2017-04-26T08:49:50+00:00","breadcrumb":{"@id":"https:\/\/sandzakpress.net\/arhiva\/francesco-reinerio-sandzak-je-tajanstveno-srediste-balkana\/#breadcrumb"},"inLanguage":"bs-BA","potentialAction":[{"@type":"ReadAction","target":["https:\/\/sandzakpress.net\/arhiva\/francesco-reinerio-sandzak-je-tajanstveno-srediste-balkana\/"]}]},{"@type":"ImageObject","inLanguage":"bs-BA","@id":"https:\/\/sandzakpress.net\/arhiva\/francesco-reinerio-sandzak-je-tajanstveno-srediste-balkana\/#primaryimage","url":"https:\/\/sandzakpress.net\/arhiva\/wp-content\/uploads\/2017\/04\/Francesco-Reinerio-660x330.jpg","contentUrl":"https:\/\/sandzakpress.net\/arhiva\/wp-content\/uploads\/2017\/04\/Francesco-Reinerio-660x330.jpg","width":660,"height":330},{"@type":"BreadcrumbList","@id":"https:\/\/sandzakpress.net\/arhiva\/francesco-reinerio-sandzak-je-tajanstveno-srediste-balkana\/#breadcrumb","itemListElement":[{"@type":"ListItem","position":1,"name":"Home","item":"https:\/\/sandzakpress.net\/arhiva\/"},{"@type":"ListItem","position":2,"name":"Francesco Reinerio: Sand\u017eak je tajanstveno sredi\u0161te Balkana"}]},{"@type":"WebSite","@id":"https:\/\/sandzakpress.net\/arhiva\/#website","url":"https:\/\/sandzakpress.net\/arhiva\/","name":"Sand\u017eak PRESS","description":"Prve elektronske novine u Sand\u017eaku","publisher":{"@id":"https:\/\/sandzakpress.net\/arhiva\/#\/schema\/person\/6e72b67d6e51910a1117b3b483ba20bd"},"potentialAction":[{"@type":"SearchAction","target":{"@type":"EntryPoint","urlTemplate":"https:\/\/sandzakpress.net\/arhiva\/?s={search_term_string}"},"query-input":{"@type":"PropertyValueSpecification","valueRequired":true,"valueName":"search_term_string"}}],"inLanguage":"bs-BA"},{"@type":["Person","Organization"],"@id":"https:\/\/sandzakpress.net\/arhiva\/#\/schema\/person\/6e72b67d6e51910a1117b3b483ba20bd","name":"Kul","image":{"@type":"ImageObject","inLanguage":"bs-BA","@id":"https:\/\/sandzakpress.net\/arhiva\/#\/schema\/person\/image\/","url":"https:\/\/secure.gravatar.com\/avatar\/42263f39aa27ac04c43cab85c280eb2e?s=96&d=mm&r=pg","contentUrl":"https:\/\/secure.gravatar.com\/avatar\/42263f39aa27ac04c43cab85c280eb2e?s=96&d=mm&r=pg","caption":"Kul"},"logo":{"@id":"https:\/\/sandzakpress.net\/arhiva\/#\/schema\/person\/image\/"}},{"@type":"Person","@id":"https:\/\/sandzakpress.net\/arhiva\/#\/schema\/person\/cb59d7e3ab91ab90dd680ad0305a6185","name":"Agencija","image":{"@type":"ImageObject","inLanguage":"bs-BA","@id":"https:\/\/sandzakpress.net\/arhiva\/#\/schema\/person\/image\/","url":"https:\/\/secure.gravatar.com\/avatar\/4b7fafa80a22f0c2afe23966b3961fe0?s=96&d=mm&r=pg","contentUrl":"https:\/\/secure.gravatar.com\/avatar\/4b7fafa80a22f0c2afe23966b3961fe0?s=96&d=mm&r=pg","caption":"Agencija"},"url":"https:\/\/sandzakpress.net\/arhiva\/author\/agencija\/"}]}},"_links":{"self":[{"href":"https:\/\/sandzakpress.net\/arhiva\/wp-json\/wp\/v2\/posts\/185618"}],"collection":[{"href":"https:\/\/sandzakpress.net\/arhiva\/wp-json\/wp\/v2\/posts"}],"about":[{"href":"https:\/\/sandzakpress.net\/arhiva\/wp-json\/wp\/v2\/types\/post"}],"author":[{"embeddable":true,"href":"https:\/\/sandzakpress.net\/arhiva\/wp-json\/wp\/v2\/users\/509"}],"replies":[{"embeddable":true,"href":"https:\/\/sandzakpress.net\/arhiva\/wp-json\/wp\/v2\/comments?post=185618"}],"version-history":[{"count":0,"href":"https:\/\/sandzakpress.net\/arhiva\/wp-json\/wp\/v2\/posts\/185618\/revisions"}],"wp:featuredmedia":[{"embeddable":true,"href":"https:\/\/sandzakpress.net\/arhiva\/wp-json\/wp\/v2\/media\/185620"}],"wp:attachment":[{"href":"https:\/\/sandzakpress.net\/arhiva\/wp-json\/wp\/v2\/media?parent=185618"}],"wp:term":[{"taxonomy":"category","embeddable":true,"href":"https:\/\/sandzakpress.net\/arhiva\/wp-json\/wp\/v2\/categories?post=185618"},{"taxonomy":"post_tag","embeddable":true,"href":"https:\/\/sandzakpress.net\/arhiva\/wp-json\/wp\/v2\/tags?post=185618"}],"curies":[{"name":"wp","href":"https:\/\/api.w.org\/{rel}","templated":true}]}}