{"id":185540,"date":"2017-04-24T18:59:51","date_gmt":"2017-04-24T16:59:51","guid":{"rendered":"https:\/\/sandzakpress.net\/arhiva\/?p=185540"},"modified":"2017-04-24T18:59:51","modified_gmt":"2017-04-24T16:59:51","slug":"iz-stampe-izasla-knjiga-drevna-bosna-autora-muamera-zukorlica","status":"publish","type":"post","link":"https:\/\/sandzakpress.net\/arhiva\/iz-stampe-izasla-knjiga-drevna-bosna-autora-muamera-zukorlica\/","title":{"rendered":"Iz \u0161tampe iza\u0161la knjiga &#8220;Drevna Bosna&#8221; autora Muamera Zukorli\u0107a"},"content":{"rendered":"<p><img loading=\"lazy\" decoding=\"async\" class=\"alignnone size-full wp-image-30521\" src=\"http:\/\/sanapress.info\/wp-content\/uploads\/2017\/04\/Drevna-Bosna-Muamer-Zukorlic.jpg\" alt=\"\" width=\"1200\" height=\"1634\" \/><\/p>\n<p><strong>Autorsko djelo Muamera Zukorli\u0107a \u201eDrevna Bosna\u201c iza\u0161lo je iz \u0161tampe, pa \u0107e se uskoro na\u0107i pred \u010ditaocima. Putovanje kroz drevnu povijest Bosne i Bo\u0161njaka s ciljem utvr\u0111ivanja istine i razotkrivanja najosjetljivijih elemenata bo\u0161nja\u010dkog identiteta koji su do sada povr\u0161no prikazivani samo jedan je dio ovog vrijednog djela. Djelo je ura\u0111eno po najzahtjevnijim dizajnerskim i grafi\u010dkim standardima.<\/strong><\/p>\n<p>Ko su, \u0161ta su, odakle potje\u010du balkanski narodi i me\u0111u njima Bo\u0161njaci dio je djela \u201eDrevna Bosna\u201c autora Muamera Zukorli\u0107a, koje je prema rije\u010dima dr. Fehratovi\u0107a iza\u0161lo iz \u0161tampe, a uskoro \u0107e biti promovirano pred mnogobrojnim \u010ditaocima.<\/p>\n<div class=\"youtube-embed\" data-video_id=\"PC-sxeFc-OQ\"><iframe loading=\"lazy\" title=\"Iz \u0161tampe iza\u0161la knjiga &quot;Drevna Bosna&quot; autora Muamera Zukorli\u0107a\" width=\"696\" height=\"522\" src=\"https:\/\/www.youtube.com\/embed\/PC-sxeFc-OQ?start=2&#038;feature=oembed\" frameborder=\"0\" allow=\"accelerometer; autoplay; encrypted-media; gyroscope; picture-in-picture\" allowfullscreen><\/iframe><\/div>\n<p>\u201eDrevna Bosna\u201c je otvorena knjiga u kojoj se razli\u010ditosti smatraju prednostima, a kultura dijaloga promovira kao va\u017eno civilizacijsko dostignu\u0107e. Uz Zukorli\u0107ev tekst, po prvi put se nau\u010dnoj i \u0161iroj javnosti obznanjuje vi\u0161e stotina fotografija, slika, mapa i crte\u017ea, a do kojih je u vi\u0161egodi\u0161njem istra\u017eivanju do\u0161ao akademik Mehmed Ak\u0161amija.<br \/>Urednik djela \u201eDrevna Bosna\u201c izrazio zadovoljstvo i ukazao na vrijednost djela, te dodao da bi ovo djelo svaka ku\u0107a trebala imati.<br \/>Izdava\u010d epohalnog djela je \u201eMatica Bo\u0161nja\u010dka\u201c, a suradnici su akademik Muhamed Filipovi\u0107, akademik Fatmir Ba\u010di i dr. Jahja Fehratovi\u0107, a pokrovitelj je Bo\u0161nja\u010dka akademija nauka i umjetnosti.<\/p>\n<p><img loading=\"lazy\" decoding=\"async\" class=\"alignnone size-full wp-image-30522\" src=\"http:\/\/sanapress.info\/wp-content\/uploads\/2017\/04\/Stari-Pazar-Ras-ilustracija.jpg\" alt=\"\" width=\"1200\" height=\"728\" \/><\/p>\n","protected":false},"excerpt":{"rendered":"<p>Autorsko djelo Muamera Zukorli\u0107a \u201eDrevna Bosna\u201c iza\u0161lo je iz \u0161tampe, pa \u0107e se uskoro na\u0107i pred \u010ditaocima. Putovanje kroz drevnu povijest Bosne i Bo\u0161njaka s ciljem utvr\u0111ivanja istine i razotkrivanja najosjetljivijih elemenata bo\u0161nja\u010dkog identiteta koji su do sada povr\u0161no prikazivani samo jedan je dio ovog vrijednog djela. Djelo je ura\u0111eno po najzahtjevnijim dizajnerskim i grafi\u010dkim [&hellip;]<\/p>\n","protected":false},"author":509,"featured_media":185541,"comment_status":"open","ping_status":"open","sticky":false,"template":"","format":"standard","meta":{"footnotes":""},"categories":[72,800,2860,8957],"tags":[10204],"class_list":{"0":"post-185540","1":"post","2":"type-post","3":"status-publish","4":"format-standard","5":"has-post-thumbnail","7":"category-novi-pazar","8":"category-nacija","9":"category-bosna-i-hercegovina-gradovi","10":"category-vijesti-dana","11":"tag-muftija-muamer-zukorlic"},"yoast_head":"<!-- This site is optimized with the Yoast SEO Premium plugin v23.1 (Yoast SEO v24.9) - https:\/\/yoast.com\/wordpress\/plugins\/seo\/ -->\n<title>Iz \u0161tampe iza\u0161la knjiga &quot;Drevna Bosna&quot; autora Muamera Zukorli\u0107a<\/title>\n<meta name=\"robots\" content=\"index, follow, max-snippet:-1, max-image-preview:large, max-video-preview:-1\" \/>\n<link rel=\"canonical\" href=\"https:\/\/sandzakpress.net\/arhiva\/iz-stampe-izasla-knjiga-drevna-bosna-autora-muamera-zukorlica\/\" \/>\n<meta property=\"og:locale\" content=\"bs_BA\" \/>\n<meta property=\"og:type\" content=\"article\" \/>\n<meta property=\"og:title\" content=\"Iz \u0161tampe iza\u0161la knjiga &quot;Drevna Bosna&quot; autora Muamera Zukorli\u0107a\" \/>\n<meta property=\"og:description\" content=\"Autorsko djelo Muamera Zukorli\u0107a \u201eDrevna Bosna\u201c iza\u0161lo je iz \u0161tampe, pa \u0107e se uskoro na\u0107i pred \u010ditaocima. Putovanje kroz drevnu povijest Bosne i Bo\u0161njaka s ciljem utvr\u0111ivanja istine i razotkrivanja najosjetljivijih elemenata bo\u0161nja\u010dkog identiteta koji su do sada povr\u0161no prikazivani samo jedan je dio ovog vrijednog djela. Djelo je ura\u0111eno po najzahtjevnijim dizajnerskim i grafi\u010dkim [&hellip;]\" \/>\n<meta property=\"og:url\" content=\"https:\/\/sandzakpress.net\/arhiva\/iz-stampe-izasla-knjiga-drevna-bosna-autora-muamera-zukorlica\/\" \/>\n<meta property=\"og:site_name\" content=\"Sand\u017eak PRESS\" \/>\n<meta property=\"article:published_time\" content=\"2017-04-24T16:59:51+00:00\" \/>\n<meta property=\"og:image\" content=\"https:\/\/sandzakpress.net\/arhiva\/wp-content\/uploads\/2017\/04\/Drevna-Bosna-Muamer-Zukorlic-1.jpg\" \/>\n\t<meta property=\"og:image:width\" content=\"1200\" \/>\n\t<meta property=\"og:image:height\" content=\"1634\" \/>\n\t<meta property=\"og:image:type\" content=\"image\/jpeg\" \/>\n<meta name=\"author\" content=\"Agencija\" \/>\n<meta name=\"twitter:card\" content=\"summary_large_image\" \/>\n<meta name=\"twitter:label1\" content=\"Written by\" \/>\n\t<meta name=\"twitter:data1\" content=\"Agencija\" \/>\n\t<meta name=\"twitter:label2\" content=\"Est. reading time\" \/>\n\t<meta name=\"twitter:data2\" content=\"1 minuta\" \/>\n<script type=\"application\/ld+json\" class=\"yoast-schema-graph\">{\"@context\":\"https:\/\/schema.org\",\"@graph\":[{\"@type\":\"Article\",\"@id\":\"https:\/\/sandzakpress.net\/arhiva\/iz-stampe-izasla-knjiga-drevna-bosna-autora-muamera-zukorlica\/#article\",\"isPartOf\":{\"@id\":\"https:\/\/sandzakpress.net\/arhiva\/iz-stampe-izasla-knjiga-drevna-bosna-autora-muamera-zukorlica\/\"},\"author\":{\"name\":\"Agencija\",\"@id\":\"https:\/\/sandzakpress.net\/arhiva\/#\/schema\/person\/cb59d7e3ab91ab90dd680ad0305a6185\"},\"headline\":\"Iz \u0161tampe iza\u0161la knjiga &#8220;Drevna Bosna&#8221; autora Muamera Zukorli\u0107a\",\"datePublished\":\"2017-04-24T16:59:51+00:00\",\"mainEntityOfPage\":{\"@id\":\"https:\/\/sandzakpress.net\/arhiva\/iz-stampe-izasla-knjiga-drevna-bosna-autora-muamera-zukorlica\/\"},\"wordCount\":245,\"commentCount\":16,\"publisher\":{\"@id\":\"https:\/\/sandzakpress.net\/arhiva\/#\/schema\/person\/6e72b67d6e51910a1117b3b483ba20bd\"},\"image\":{\"@id\":\"https:\/\/sandzakpress.net\/arhiva\/iz-stampe-izasla-knjiga-drevna-bosna-autora-muamera-zukorlica\/#primaryimage\"},\"thumbnailUrl\":\"https:\/\/sandzakpress.net\/arhiva\/wp-content\/uploads\/2017\/04\/Drevna-Bosna-Muamer-Zukorlic-1.jpg\",\"keywords\":[\"muftija Muamer Zukorli\u0107\"],\"articleSection\":[\"Novi Pazar\",\"Nacija\",\"Bosna i Hercegovina\",\"VIJESTI DANA\"],\"inLanguage\":\"bs-BA\",\"potentialAction\":[{\"@type\":\"CommentAction\",\"name\":\"Comment\",\"target\":[\"https:\/\/sandzakpress.net\/arhiva\/iz-stampe-izasla-knjiga-drevna-bosna-autora-muamera-zukorlica\/#respond\"]}]},{\"@type\":\"WebPage\",\"@id\":\"https:\/\/sandzakpress.net\/arhiva\/iz-stampe-izasla-knjiga-drevna-bosna-autora-muamera-zukorlica\/\",\"url\":\"https:\/\/sandzakpress.net\/arhiva\/iz-stampe-izasla-knjiga-drevna-bosna-autora-muamera-zukorlica\/\",\"name\":\"Iz \u0161tampe iza\u0161la knjiga \\\"Drevna Bosna\\\" autora Muamera Zukorli\u0107a\",\"isPartOf\":{\"@id\":\"https:\/\/sandzakpress.net\/arhiva\/#website\"},\"primaryImageOfPage\":{\"@id\":\"https:\/\/sandzakpress.net\/arhiva\/iz-stampe-izasla-knjiga-drevna-bosna-autora-muamera-zukorlica\/#primaryimage\"},\"image\":{\"@id\":\"https:\/\/sandzakpress.net\/arhiva\/iz-stampe-izasla-knjiga-drevna-bosna-autora-muamera-zukorlica\/#primaryimage\"},\"thumbnailUrl\":\"https:\/\/sandzakpress.net\/arhiva\/wp-content\/uploads\/2017\/04\/Drevna-Bosna-Muamer-Zukorlic-1.jpg\",\"datePublished\":\"2017-04-24T16:59:51+00:00\",\"breadcrumb\":{\"@id\":\"https:\/\/sandzakpress.net\/arhiva\/iz-stampe-izasla-knjiga-drevna-bosna-autora-muamera-zukorlica\/#breadcrumb\"},\"inLanguage\":\"bs-BA\",\"potentialAction\":[{\"@type\":\"ReadAction\",\"target\":[\"https:\/\/sandzakpress.net\/arhiva\/iz-stampe-izasla-knjiga-drevna-bosna-autora-muamera-zukorlica\/\"]}]},{\"@type\":\"ImageObject\",\"inLanguage\":\"bs-BA\",\"@id\":\"https:\/\/sandzakpress.net\/arhiva\/iz-stampe-izasla-knjiga-drevna-bosna-autora-muamera-zukorlica\/#primaryimage\",\"url\":\"https:\/\/sandzakpress.net\/arhiva\/wp-content\/uploads\/2017\/04\/Drevna-Bosna-Muamer-Zukorlic-1.jpg\",\"contentUrl\":\"https:\/\/sandzakpress.net\/arhiva\/wp-content\/uploads\/2017\/04\/Drevna-Bosna-Muamer-Zukorlic-1.jpg\",\"width\":1200,\"height\":1634},{\"@type\":\"BreadcrumbList\",\"@id\":\"https:\/\/sandzakpress.net\/arhiva\/iz-stampe-izasla-knjiga-drevna-bosna-autora-muamera-zukorlica\/#breadcrumb\",\"itemListElement\":[{\"@type\":\"ListItem\",\"position\":1,\"name\":\"Home\",\"item\":\"https:\/\/sandzakpress.net\/arhiva\/\"},{\"@type\":\"ListItem\",\"position\":2,\"name\":\"Iz \u0161tampe iza\u0161la knjiga &#8220;Drevna Bosna&#8221; autora Muamera Zukorli\u0107a\"}]},{\"@type\":\"WebSite\",\"@id\":\"https:\/\/sandzakpress.net\/arhiva\/#website\",\"url\":\"https:\/\/sandzakpress.net\/arhiva\/\",\"name\":\"Sand\u017eak PRESS\",\"description\":\"Prve elektronske novine u Sand\u017eaku\",\"publisher\":{\"@id\":\"https:\/\/sandzakpress.net\/arhiva\/#\/schema\/person\/6e72b67d6e51910a1117b3b483ba20bd\"},\"potentialAction\":[{\"@type\":\"SearchAction\",\"target\":{\"@type\":\"EntryPoint\",\"urlTemplate\":\"https:\/\/sandzakpress.net\/arhiva\/?s={search_term_string}\"},\"query-input\":{\"@type\":\"PropertyValueSpecification\",\"valueRequired\":true,\"valueName\":\"search_term_string\"}}],\"inLanguage\":\"bs-BA\"},{\"@type\":[\"Person\",\"Organization\"],\"@id\":\"https:\/\/sandzakpress.net\/arhiva\/#\/schema\/person\/6e72b67d6e51910a1117b3b483ba20bd\",\"name\":\"Kul\",\"image\":{\"@type\":\"ImageObject\",\"inLanguage\":\"bs-BA\",\"@id\":\"https:\/\/sandzakpress.net\/arhiva\/#\/schema\/person\/image\/\",\"url\":\"https:\/\/secure.gravatar.com\/avatar\/42263f39aa27ac04c43cab85c280eb2e?s=96&d=mm&r=pg\",\"contentUrl\":\"https:\/\/secure.gravatar.com\/avatar\/42263f39aa27ac04c43cab85c280eb2e?s=96&d=mm&r=pg\",\"caption\":\"Kul\"},\"logo\":{\"@id\":\"https:\/\/sandzakpress.net\/arhiva\/#\/schema\/person\/image\/\"}},{\"@type\":\"Person\",\"@id\":\"https:\/\/sandzakpress.net\/arhiva\/#\/schema\/person\/cb59d7e3ab91ab90dd680ad0305a6185\",\"name\":\"Agencija\",\"image\":{\"@type\":\"ImageObject\",\"inLanguage\":\"bs-BA\",\"@id\":\"https:\/\/sandzakpress.net\/arhiva\/#\/schema\/person\/image\/\",\"url\":\"https:\/\/secure.gravatar.com\/avatar\/4b7fafa80a22f0c2afe23966b3961fe0?s=96&d=mm&r=pg\",\"contentUrl\":\"https:\/\/secure.gravatar.com\/avatar\/4b7fafa80a22f0c2afe23966b3961fe0?s=96&d=mm&r=pg\",\"caption\":\"Agencija\"},\"url\":\"https:\/\/sandzakpress.net\/arhiva\/author\/agencija\/\"}]}<\/script>\n<!-- \/ Yoast SEO Premium plugin. -->","yoast_head_json":{"title":"Iz \u0161tampe iza\u0161la knjiga \"Drevna Bosna\" autora Muamera Zukorli\u0107a","robots":{"index":"index","follow":"follow","max-snippet":"max-snippet:-1","max-image-preview":"max-image-preview:large","max-video-preview":"max-video-preview:-1"},"canonical":"https:\/\/sandzakpress.net\/arhiva\/iz-stampe-izasla-knjiga-drevna-bosna-autora-muamera-zukorlica\/","og_locale":"bs_BA","og_type":"article","og_title":"Iz \u0161tampe iza\u0161la knjiga \"Drevna Bosna\" autora Muamera Zukorli\u0107a","og_description":"Autorsko djelo Muamera Zukorli\u0107a \u201eDrevna Bosna\u201c iza\u0161lo je iz \u0161tampe, pa \u0107e se uskoro na\u0107i pred \u010ditaocima. Putovanje kroz drevnu povijest Bosne i Bo\u0161njaka s ciljem utvr\u0111ivanja istine i razotkrivanja najosjetljivijih elemenata bo\u0161nja\u010dkog identiteta koji su do sada povr\u0161no prikazivani samo jedan je dio ovog vrijednog djela. Djelo je ura\u0111eno po najzahtjevnijim dizajnerskim i grafi\u010dkim [&hellip;]","og_url":"https:\/\/sandzakpress.net\/arhiva\/iz-stampe-izasla-knjiga-drevna-bosna-autora-muamera-zukorlica\/","og_site_name":"Sand\u017eak PRESS","article_published_time":"2017-04-24T16:59:51+00:00","og_image":[{"width":1200,"height":1634,"url":"https:\/\/sandzakpress.net\/arhiva\/wp-content\/uploads\/2017\/04\/Drevna-Bosna-Muamer-Zukorlic-1.jpg","type":"image\/jpeg"}],"author":"Agencija","twitter_card":"summary_large_image","twitter_misc":{"Written by":"Agencija","Est. reading time":"1 minuta"},"schema":{"@context":"https:\/\/schema.org","@graph":[{"@type":"Article","@id":"https:\/\/sandzakpress.net\/arhiva\/iz-stampe-izasla-knjiga-drevna-bosna-autora-muamera-zukorlica\/#article","isPartOf":{"@id":"https:\/\/sandzakpress.net\/arhiva\/iz-stampe-izasla-knjiga-drevna-bosna-autora-muamera-zukorlica\/"},"author":{"name":"Agencija","@id":"https:\/\/sandzakpress.net\/arhiva\/#\/schema\/person\/cb59d7e3ab91ab90dd680ad0305a6185"},"headline":"Iz \u0161tampe iza\u0161la knjiga &#8220;Drevna Bosna&#8221; autora Muamera Zukorli\u0107a","datePublished":"2017-04-24T16:59:51+00:00","mainEntityOfPage":{"@id":"https:\/\/sandzakpress.net\/arhiva\/iz-stampe-izasla-knjiga-drevna-bosna-autora-muamera-zukorlica\/"},"wordCount":245,"commentCount":16,"publisher":{"@id":"https:\/\/sandzakpress.net\/arhiva\/#\/schema\/person\/6e72b67d6e51910a1117b3b483ba20bd"},"image":{"@id":"https:\/\/sandzakpress.net\/arhiva\/iz-stampe-izasla-knjiga-drevna-bosna-autora-muamera-zukorlica\/#primaryimage"},"thumbnailUrl":"https:\/\/sandzakpress.net\/arhiva\/wp-content\/uploads\/2017\/04\/Drevna-Bosna-Muamer-Zukorlic-1.jpg","keywords":["muftija Muamer Zukorli\u0107"],"articleSection":["Novi Pazar","Nacija","Bosna i Hercegovina","VIJESTI DANA"],"inLanguage":"bs-BA","potentialAction":[{"@type":"CommentAction","name":"Comment","target":["https:\/\/sandzakpress.net\/arhiva\/iz-stampe-izasla-knjiga-drevna-bosna-autora-muamera-zukorlica\/#respond"]}]},{"@type":"WebPage","@id":"https:\/\/sandzakpress.net\/arhiva\/iz-stampe-izasla-knjiga-drevna-bosna-autora-muamera-zukorlica\/","url":"https:\/\/sandzakpress.net\/arhiva\/iz-stampe-izasla-knjiga-drevna-bosna-autora-muamera-zukorlica\/","name":"Iz \u0161tampe iza\u0161la knjiga \"Drevna Bosna\" autora Muamera Zukorli\u0107a","isPartOf":{"@id":"https:\/\/sandzakpress.net\/arhiva\/#website"},"primaryImageOfPage":{"@id":"https:\/\/sandzakpress.net\/arhiva\/iz-stampe-izasla-knjiga-drevna-bosna-autora-muamera-zukorlica\/#primaryimage"},"image":{"@id":"https:\/\/sandzakpress.net\/arhiva\/iz-stampe-izasla-knjiga-drevna-bosna-autora-muamera-zukorlica\/#primaryimage"},"thumbnailUrl":"https:\/\/sandzakpress.net\/arhiva\/wp-content\/uploads\/2017\/04\/Drevna-Bosna-Muamer-Zukorlic-1.jpg","datePublished":"2017-04-24T16:59:51+00:00","breadcrumb":{"@id":"https:\/\/sandzakpress.net\/arhiva\/iz-stampe-izasla-knjiga-drevna-bosna-autora-muamera-zukorlica\/#breadcrumb"},"inLanguage":"bs-BA","potentialAction":[{"@type":"ReadAction","target":["https:\/\/sandzakpress.net\/arhiva\/iz-stampe-izasla-knjiga-drevna-bosna-autora-muamera-zukorlica\/"]}]},{"@type":"ImageObject","inLanguage":"bs-BA","@id":"https:\/\/sandzakpress.net\/arhiva\/iz-stampe-izasla-knjiga-drevna-bosna-autora-muamera-zukorlica\/#primaryimage","url":"https:\/\/sandzakpress.net\/arhiva\/wp-content\/uploads\/2017\/04\/Drevna-Bosna-Muamer-Zukorlic-1.jpg","contentUrl":"https:\/\/sandzakpress.net\/arhiva\/wp-content\/uploads\/2017\/04\/Drevna-Bosna-Muamer-Zukorlic-1.jpg","width":1200,"height":1634},{"@type":"BreadcrumbList","@id":"https:\/\/sandzakpress.net\/arhiva\/iz-stampe-izasla-knjiga-drevna-bosna-autora-muamera-zukorlica\/#breadcrumb","itemListElement":[{"@type":"ListItem","position":1,"name":"Home","item":"https:\/\/sandzakpress.net\/arhiva\/"},{"@type":"ListItem","position":2,"name":"Iz \u0161tampe iza\u0161la knjiga &#8220;Drevna Bosna&#8221; autora Muamera Zukorli\u0107a"}]},{"@type":"WebSite","@id":"https:\/\/sandzakpress.net\/arhiva\/#website","url":"https:\/\/sandzakpress.net\/arhiva\/","name":"Sand\u017eak PRESS","description":"Prve elektronske novine u Sand\u017eaku","publisher":{"@id":"https:\/\/sandzakpress.net\/arhiva\/#\/schema\/person\/6e72b67d6e51910a1117b3b483ba20bd"},"potentialAction":[{"@type":"SearchAction","target":{"@type":"EntryPoint","urlTemplate":"https:\/\/sandzakpress.net\/arhiva\/?s={search_term_string}"},"query-input":{"@type":"PropertyValueSpecification","valueRequired":true,"valueName":"search_term_string"}}],"inLanguage":"bs-BA"},{"@type":["Person","Organization"],"@id":"https:\/\/sandzakpress.net\/arhiva\/#\/schema\/person\/6e72b67d6e51910a1117b3b483ba20bd","name":"Kul","image":{"@type":"ImageObject","inLanguage":"bs-BA","@id":"https:\/\/sandzakpress.net\/arhiva\/#\/schema\/person\/image\/","url":"https:\/\/secure.gravatar.com\/avatar\/42263f39aa27ac04c43cab85c280eb2e?s=96&d=mm&r=pg","contentUrl":"https:\/\/secure.gravatar.com\/avatar\/42263f39aa27ac04c43cab85c280eb2e?s=96&d=mm&r=pg","caption":"Kul"},"logo":{"@id":"https:\/\/sandzakpress.net\/arhiva\/#\/schema\/person\/image\/"}},{"@type":"Person","@id":"https:\/\/sandzakpress.net\/arhiva\/#\/schema\/person\/cb59d7e3ab91ab90dd680ad0305a6185","name":"Agencija","image":{"@type":"ImageObject","inLanguage":"bs-BA","@id":"https:\/\/sandzakpress.net\/arhiva\/#\/schema\/person\/image\/","url":"https:\/\/secure.gravatar.com\/avatar\/4b7fafa80a22f0c2afe23966b3961fe0?s=96&d=mm&r=pg","contentUrl":"https:\/\/secure.gravatar.com\/avatar\/4b7fafa80a22f0c2afe23966b3961fe0?s=96&d=mm&r=pg","caption":"Agencija"},"url":"https:\/\/sandzakpress.net\/arhiva\/author\/agencija\/"}]}},"_links":{"self":[{"href":"https:\/\/sandzakpress.net\/arhiva\/wp-json\/wp\/v2\/posts\/185540"}],"collection":[{"href":"https:\/\/sandzakpress.net\/arhiva\/wp-json\/wp\/v2\/posts"}],"about":[{"href":"https:\/\/sandzakpress.net\/arhiva\/wp-json\/wp\/v2\/types\/post"}],"author":[{"embeddable":true,"href":"https:\/\/sandzakpress.net\/arhiva\/wp-json\/wp\/v2\/users\/509"}],"replies":[{"embeddable":true,"href":"https:\/\/sandzakpress.net\/arhiva\/wp-json\/wp\/v2\/comments?post=185540"}],"version-history":[{"count":0,"href":"https:\/\/sandzakpress.net\/arhiva\/wp-json\/wp\/v2\/posts\/185540\/revisions"}],"wp:featuredmedia":[{"embeddable":true,"href":"https:\/\/sandzakpress.net\/arhiva\/wp-json\/wp\/v2\/media\/185541"}],"wp:attachment":[{"href":"https:\/\/sandzakpress.net\/arhiva\/wp-json\/wp\/v2\/media?parent=185540"}],"wp:term":[{"taxonomy":"category","embeddable":true,"href":"https:\/\/sandzakpress.net\/arhiva\/wp-json\/wp\/v2\/categories?post=185540"},{"taxonomy":"post_tag","embeddable":true,"href":"https:\/\/sandzakpress.net\/arhiva\/wp-json\/wp\/v2\/tags?post=185540"}],"curies":[{"name":"wp","href":"https:\/\/api.w.org\/{rel}","templated":true}]}}