{"id":185406,"date":"2017-04-23T22:40:28","date_gmt":"2017-04-23T20:40:28","guid":{"rendered":"https:\/\/sandzakpress.net\/arhiva\/?p=185406"},"modified":"2017-04-23T22:40:28","modified_gmt":"2017-04-23T20:40:28","slug":"rastoder-crnoj-gori-ne-prijeti-opasnost-od-bosnjaka","status":"publish","type":"post","link":"https:\/\/sandzakpress.net\/arhiva\/rastoder-crnoj-gori-ne-prijeti-opasnost-od-bosnjaka\/","title":{"rendered":"Rastoder: Crnoj Gori ne prijeti opasnost od Bo\u0161njaka"},"content":{"rendered":"<p><img decoding=\"async\" src=\"http:\/\/www.sandzacke.rs\/wp-content\/uploads\/2017\/02\/serbo-rastoder-660x330.jpg\" \/><\/p>\n<p><strong>CG &#8211; Crnoj Gori ne prijeti opasnost od Bo\u0161njaka, a izjave poput one Adnana Muhovi\u0107a da mu je \u201eSarajevo bli\u017ee od Cetinja\u201c samo su ,,dogovorena\u201c upozorenja u politi\u010dkoj trgovini na pijaci gdje se \u201c,lojalnost\u201d kupuje, a mi\u0161ljenje osu\u0111uje. To je ocijenio za Pobjedu profesor \u0160erbo Rastoder, povodom nedavno iskazanih stavova pojedinih funkcionera Bo\u0161nja\u010dke stranke.<\/strong><\/p>\n<p>Gra\u0111anska Crna Gora prvi put je \u010dula ocjene jednog Bo\u0161njaka da mu je \u201eSarajevo bli\u017ee srcu\u201c od Crne Gore, da mu \u201cza Cetinje treba paso\u0161\u201d, da \u201cprema Podgorici malo \u0161ta osje\u0107a\u201d, da su \u201cCrnogorci mala nacija i da ima vi\u0161e Bo\u0161njaka u tuzlanskom kantonu nego Crnogoraca u \u010ditavom svijetu\u201d.<\/p>\n<p>Taj Bo\u0161njak je politi\u010dar, biv\u0161i predsjednik petnji\u010dkog parlamenta, funkcioner Bo\u0161nja\u010dke stranke koja ima poprili\u010dno funkcija u dr\u017eavnoj vlasti. Zato je te\u017eina njegovih izjava ve\u0107a. Adnan Muhovi\u0107 prvi put je uzburkao javnost izjavom da je Njego\u0161 ,\u201dkrvnik islama\u201d i \u201cgenocidni pjesnik\u201d.<\/p>\n<p>Njegove poruke nametnule su pitanja: da li su to samo stavovi pojedinca ili partije \u010diji je funkcioner? Kako Bo\u0161njaci u Crnoj Gori, koji su gra\u0111ani a ne politi\u010dari, do\u017eivljavaju takve ocjene?<\/p>\n<p>Muhovi\u0107a su njegove izjave ko\u0161tale funkcije \u0161efa petnji\u010dkog parlamenta, jer je smijenjen glasovima DPS-a, SD-a i SDP-a, uz obrazlo\u017eenje da je naru\u0161io multietni\u010dki sklad u Crnoj Gori.<\/p>\n<p>Ipak, Bo\u0161nja\u010dka stranka nije ga isklju\u010dila iz partije. Vi\u0161e puta se ogra\u0111ivala od Muhovi\u0107evih izjava i na taj na\u010din \u201cu miru\u201d ostajala u vlasti sa DPS-om, ali nikada svog funkcionera koji vrije\u0111a Crnu Goru i Crnogorce nije isklju\u010dila iz partije, niti ga sankcionisala na bilo koji na\u010din.<\/p>\n<h3>Izjava nije stav naroda<\/h3>\n<p>Profesor \u0160erbo Rastoder za Pobjedu ka\u017ee da izjave jednog politi\u010dara, funkcionera stranke, ne treba dovoditi u kontekst sa stavom pripadnika jednog naroda.<\/p>\n<p>Sami pominjete da se radi o \u201cfunkcioneru\u201d neke stranke. To zna\u010di da se radi o izjavi politi\u010dara. Pogre\u0161na percepcija u kojoj se stav \u201cfunkcionera\u201d neke stranke tuma\u010di kao stav pripadnika jednog naroda, obi\u010dna je manipulacija, u kojoj je narod kolateralna \u0161teta. Znate i sami da mi nijesu bliski politi\u010dki stavovi doti\u010dne osobe, kao \u0161to mi je degutantno propitivanje crnogorskog patriotizma kod Bo\u0161njaka.To me malo asocira na \u201cpartizanstvo\u201d onih koji su nakon kapitulacije Italije 1943. masovno promijenili \u201ckape\u201d i onda sa pozicija \u201cvlasti\u201d sudili o onima koji nijesu bili na liniji \u201cpobjednika\u201d, ka\u017ee Rastoder.<\/p>\n<p>Prema njegovim rije\u010dima, politi\u010dki stav obavezuje samo politi\u010dke strukture.<\/p>\n<p>\u201cOve stavove treba razumjeti samo kao pozicioniranje unutar vladaju\u0107ih vrhu\u0161ki. O svakom od navedenih stavova, svako od nas ima pravo na svoje mi\u0161ljenje i u tom smislu imam razumijevanja samo \u201czapravo da se iska\u017ee mi\u0161ljenje\u201d, a mnogo manje za potrebu da se to mi\u0161ljenje apsolutizuje kao mi\u0161ljenje naroda. Li\u010dno ne dijelim neka uvjerenja doti\u010dnog gospodina, ali mi je sa druge strane razumljiva i pomalo simpati\u010dna njegova \u201chrabrost\u201dda saop\u0161ti ono \u0161to misli (ali i mudro \u0107uti), najve\u0107i dio vrhu\u0161ke njegove stranke\u201d, istakao je Rastoder.<\/p>\n<p>On je, na pitanje smatra li da se radi o pojedina\u010dnom slu\u010daju me\u0111u Bo\u0161njacima, kazao da je \u201csiguran da Crnoj Gori ne prijeti nikakva opasnost od Bo\u0161njaka\u201d.<\/p>\n<p>Ali nijesam siguran da u to mo\u017ee biti sigurna vlast koja se identifikuje sa Crnom Gorom. Mislim da su ove izjave \u201cdogovorena\u201d upozorenja u politi\u010dkoj trgovini na pijaci gdje se \u201elojalnost\u201c kupuje, a mi\u0161ljenje osu\u0111uje ka\u017ee Rastoder.<\/p>\n<h3>Bez upori\u0161ta u realnosti<\/h3>\n<p>Na pitanje u \u010demu treba tra\u017eiti razlog \u0161to pojedini pripadnici bo\u0161nja\u010dkog naroda do\u017eivljavaju Crnu Goru na na\u010din da im je bli\u017ea druga dr\u017eava od one u kojoj \u017eive, kao \u0161to Muhovi\u0107 izjavljuje, Rastoder ka\u017ee da su to \u201egluposti koje nemaju upori\u0161te u realnosti\u201d.<\/p>\n<p>\u201cPrimijenite iste ar\u0161ine na neku drugu populaciju? To \u0161to misli neki pojedinac nije relevantno, niti razlog da se s tim u vezi identifikuje bilo koji narod. \u0160ta to zna\u010di \u0161to Crnogorci nijesu ve\u0107ina u \u201csvojoj\u201d dr\u017eavi? Da im je bli\u017ea neka druga? Ili je tako pitanje smisleno samo ako propitujemo\u201dpatriotizam\u201d onih drugih\u201d, rekao je Rastoder.<\/p>\n<p>On je kazao da razumije potrebu aktuelizovanja ,,politi\u010dki nedovr\u0161enih pri\u010da\u201d ali, kako je rekao, iznena\u0111en je koli\u010dinom neodgovornosti u promi\u0161ljanju: \u010demu to?\u201c<\/p>\n<p>\u201cIli je upravo ,,smisao\u201c pozicioniranja Bo\u0161njaka kao talaca politike, u su\u0161tini samo otklon od su\u0161tinskih pitanja dru\u0161tva\u201d, kazao je Rastoder.<\/p>\n<p>Azra Jasavi\u0107, predsjednica Pozitivne Crne Gore, koja je \u010dlanica Bo\u0161nja\u010dkog savjeta, ka\u017ee da izjave poput Muhovi\u0107evih imaju svoj uzrok.<\/p>\n<p>\u201cDvodecenijska nebriga DPS i SDP za razvoj sjevera, njegovo rapidno propadanje, vi\u0161edimenzionalna zapu\u0161tenost, siroma\u0161tvo, nezaposlenost i pored izvanrednih komparativnih razvojnih mogu\u0107nosti i prirodnih resursa kojim obiluje, stvorila je prilike za raznolika politi\u010dka manevrisanja koja ne idu u prilog razvoju na\u0161e zemlje. Istina je da se neprimjerene izjave rijetko \u010duju od pripadnika manjinskih naroda u Crnoj Gori, ali je evidentno da takav na\u010din razmi\u0161ljanja egzistira i ima svoje uzroke\u201d, ka\u017ee Jasavi\u0107. Prema njenim rije\u010dima, ove izjave su reaktivne i ukazuju da je mnogo te\u017ee biti stranac u svojoj, nego u tu\u0111oj zemlji.<\/p>\n<p>\u201cU zemlji gdje ima pravde, jednakih \u0161ansi za sve, gde nema siroma\u0161nih, gdje se jednako razvija sjever i jug, gdje se gra\u0111ani masovno ne iseljavaju, nema diskriminacije po vjerskoj, nacionalnoj, partijskoj, polnoj osnovi, gdje svako ima pravo da radi i \u017eivi od svog rada, ovakve izjave su nezamislive\u201d, ka\u017ee Jasavi\u0107.<\/p>\n<p>Ona je istakla da se Crna Gora na politi\u010dko-ekonomskom planu mo\u017ee zdravo razvijati jedino ravnomjernim regionalnim razvojem, kroz valorizaciju svih njenih potencijala-otvaranjem radnih mjesta, promovisanjem rada, znanja, odgovornosti, a ne obrnuto, \u0161to je, kako ka\u017ee, sada slu\u010daj.<\/p>\n<p>\u201cTakav pristup pobolj\u0161a\u0107e standard u zemlji, postaviti svakog pojedinca na mjesto koje mu objektivno pripada i marginalizovati sve pojave koje \u0161tete, a ne koriste ukupno Crnoj Gori\u201d,dodala je Jasavi\u0107.<\/p>\n<h3>\u0160abovi\u0107: Klonite se te\u0161kih rije\u010di o Crnoj Gori<\/h3>\n<p>Husnija \u0160abovi\u0107 (DPS), koji je \u010dlan Bo\u0161nja\u010dkog savjeta, pozvao je \u201cneodgovorne pojedince\u201d da se uzdr\u017ee od \u201cte\u0161kih ocjena\u201d o Crnoj Gori.<\/p>\n<p>\u201cPoru\u010dujem im da se klone neodmjerenih i te\u0161kih rije\u010di jer one nikada nijesu donosile dobro, ve\u0107 zlo svima nama, a posebno ne danas kada smo svi zajedno doprinijeli da ovakva Crna Gora bude ubrzo \u010dlan evroatlantske zajednice\u201d, istakao je \u0160abovi\u0107.<\/p>\n<p>On je kazao da ga posebno bole prebrojavanja jer ga, kako ka\u017ee, podsje\u0107aju na \u201cne tako davna vremena koja ne treba zaboraviti, ali ni zloupotrebljavati ni u li\u010dne, ni u druge svrhe\u201d.<\/p>\n<p>\u201cIskreno \u017eelim dobro i Bosni i na\u0161em lijepom Sarajevu, a kako bih druga\u010dije ako tamo \u017eivi pola moje porodice i velikog bratstva \u0160abovi\u0107. Ali, moja dr\u017eava i domovina je Crna Gora. Ona mi je najbli\u017ea i najdra\u017ea. Uvjeren sam i ja i region kome pripadam, kao i mnogo \u0161iri prostor, da Crnogorci kao narod nijesu mali nego mnogo ve\u0107i nego \u0161to im to geografski i brojni gabariti pretpostavljaju. \u017delim im da budu jo\u0161 ve\u0107i jer znam da \u0107e tada i moji sunarodnici i svi u Crnoj Gori \u017eivjeti sre\u0107nije\u201d. istakao je \u0160abovi\u0107.<\/p>\n<h3>Izvinite zbog Muhovi\u0107a, ostali neka \u0107ute<\/h3>\n<p>Vrh Bo\u0161nja\u010dke stranke izbjegao je da za Pobjedu govori o Muhovi\u0107u, njegovim izjavama i o tome za\u0161to nije isklju\u010den iz stranke. Ranije se predsjednik BS Rafet Husovi\u0107 izvinio zbog Muhovi\u0107evih izjava i tom prilikom apelovao na svoje \u010dlanstvo da se \u201csuzdr\u017ee od komentara koji mogu doprinijeti naru\u0161avanju gra\u0111anskog karaktera Crne Gore i devalviranju mulinacionalnog i multivjerskog sklada\u201d. Njegov apel ostalima u Bo\u0161nja\u010dkoj stranci da \u0107ute dodatno zabrinjava i opravdano tra\u017ei odgovor na pitanje da li to zna\u010di da Muhovi\u0107 nije usamljen u svom razmi\u0161ljanju. Nijesmo, me\u0111utim, za to imali sagovornika u BS, jer se Husovi\u0107 nije javljao na pozive, a obe\u0107anja sekretarice Alme Feratovi\u0107 bila su izli\u0161na. Politi\u010dki direktor Suljo Mustafi\u0107 dosjetio se, tri dana nakon \u0161to je dobio pitanja, da \u201c,nije u prilici da govori\u201d.<\/p>\n<p>Izvor: Pobjeda.me<\/p>\n","protected":false},"excerpt":{"rendered":"<p>CG &#8211; Crnoj Gori ne prijeti opasnost od Bo\u0161njaka, a izjave poput one Adnana Muhovi\u0107a da mu je \u201eSarajevo bli\u017ee od Cetinja\u201c samo su ,,dogovorena\u201c upozorenja u politi\u010dkoj trgovini na pijaci gdje se \u201c,lojalnost\u201d kupuje, a mi\u0161ljenje osu\u0111uje. To je ocijenio za Pobjedu profesor \u0160erbo Rastoder, povodom nedavno iskazanih stavova pojedinih funkcionera Bo\u0161nja\u010dke stranke. Gra\u0111anska [&hellip;]<\/p>\n","protected":false},"author":509,"featured_media":185408,"comment_status":"open","ping_status":"open","sticky":false,"template":"","format":"standard","meta":{"footnotes":""},"categories":[398,397,10504,10174,396,10308,395,399,10173,798,10429],"tags":[],"class_list":{"0":"post-185406","1":"post","2":"type-post","3":"status-publish","4":"format-standard","5":"has-post-thumbnail","7":"category-rozaje","8":"category-berane","9":"category-juzni-sandzak-sandzak-2","10":"category-petnjica-vase-vijesti","11":"category-bijelo_polje","12":"category-crna-gora","13":"category-pljevlja_","14":"category-plav_","15":"category-gusinje-vase-vijesti","16":"category-teme","17":"category-vazno"},"yoast_head":"<!-- This site is optimized with the Yoast SEO Premium plugin v23.1 (Yoast SEO v24.9) - https:\/\/yoast.com\/wordpress\/plugins\/seo\/ -->\n<title>Rastoder: Crnoj Gori ne prijeti opasnost od Bo\u0161njaka<\/title>\n<meta name=\"robots\" content=\"index, follow, max-snippet:-1, max-image-preview:large, max-video-preview:-1\" \/>\n<link rel=\"canonical\" href=\"https:\/\/sandzakpress.net\/arhiva\/rastoder-crnoj-gori-ne-prijeti-opasnost-od-bosnjaka\/\" \/>\n<meta property=\"og:locale\" content=\"bs_BA\" \/>\n<meta property=\"og:type\" content=\"article\" \/>\n<meta property=\"og:title\" content=\"Rastoder: Crnoj Gori ne prijeti opasnost od Bo\u0161njaka\" \/>\n<meta property=\"og:description\" content=\"CG &#8211; Crnoj Gori ne prijeti opasnost od Bo\u0161njaka, a izjave poput one Adnana Muhovi\u0107a da mu je \u201eSarajevo bli\u017ee od Cetinja\u201c samo su ,,dogovorena\u201c upozorenja u politi\u010dkoj trgovini na pijaci gdje se \u201c,lojalnost\u201d kupuje, a mi\u0161ljenje osu\u0111uje. To je ocijenio za Pobjedu profesor \u0160erbo Rastoder, povodom nedavno iskazanih stavova pojedinih funkcionera Bo\u0161nja\u010dke stranke. Gra\u0111anska [&hellip;]\" \/>\n<meta property=\"og:url\" content=\"https:\/\/sandzakpress.net\/arhiva\/rastoder-crnoj-gori-ne-prijeti-opasnost-od-bosnjaka\/\" \/>\n<meta property=\"og:site_name\" content=\"Sand\u017eak PRESS\" \/>\n<meta property=\"article:published_time\" content=\"2017-04-23T20:40:28+00:00\" \/>\n<meta property=\"og:image\" content=\"https:\/\/sandzakpress.net\/arhiva\/wp-content\/uploads\/2017\/04\/serbo-rastoder-660x330.jpg\" \/>\n\t<meta property=\"og:image:width\" content=\"660\" \/>\n\t<meta property=\"og:image:height\" content=\"330\" \/>\n\t<meta property=\"og:image:type\" content=\"image\/jpeg\" \/>\n<meta name=\"author\" content=\"Agencija\" \/>\n<meta name=\"twitter:card\" content=\"summary_large_image\" \/>\n<meta name=\"twitter:label1\" content=\"Written by\" \/>\n\t<meta name=\"twitter:data1\" content=\"Agencija\" \/>\n\t<meta name=\"twitter:label2\" content=\"Est. reading time\" \/>\n\t<meta name=\"twitter:data2\" content=\"7 minuta\" \/>\n<script type=\"application\/ld+json\" class=\"yoast-schema-graph\">{\"@context\":\"https:\/\/schema.org\",\"@graph\":[{\"@type\":\"Article\",\"@id\":\"https:\/\/sandzakpress.net\/arhiva\/rastoder-crnoj-gori-ne-prijeti-opasnost-od-bosnjaka\/#article\",\"isPartOf\":{\"@id\":\"https:\/\/sandzakpress.net\/arhiva\/rastoder-crnoj-gori-ne-prijeti-opasnost-od-bosnjaka\/\"},\"author\":{\"name\":\"Agencija\",\"@id\":\"https:\/\/sandzakpress.net\/arhiva\/#\/schema\/person\/cb59d7e3ab91ab90dd680ad0305a6185\"},\"headline\":\"Rastoder: Crnoj Gori ne prijeti opasnost od Bo\u0161njaka\",\"datePublished\":\"2017-04-23T20:40:28+00:00\",\"mainEntityOfPage\":{\"@id\":\"https:\/\/sandzakpress.net\/arhiva\/rastoder-crnoj-gori-ne-prijeti-opasnost-od-bosnjaka\/\"},\"wordCount\":1403,\"commentCount\":1,\"publisher\":{\"@id\":\"https:\/\/sandzakpress.net\/arhiva\/#\/schema\/person\/6e72b67d6e51910a1117b3b483ba20bd\"},\"image\":{\"@id\":\"https:\/\/sandzakpress.net\/arhiva\/rastoder-crnoj-gori-ne-prijeti-opasnost-od-bosnjaka\/#primaryimage\"},\"thumbnailUrl\":\"https:\/\/sandzakpress.net\/arhiva\/wp-content\/uploads\/2017\/04\/serbo-rastoder-660x330.jpg\",\"articleSection\":[\"Ro\u017eaje\",\"Berane\",\"Ju\u017eni Sand\u017eak\",\"Petnjica\",\"Bijelo Polje\",\"Crna Gora\",\"Pljevlja\",\"Plav\",\"Gusinje\",\"NAJNOVIJE\",\"VA\u017dNO!\"],\"inLanguage\":\"bs-BA\",\"potentialAction\":[{\"@type\":\"CommentAction\",\"name\":\"Comment\",\"target\":[\"https:\/\/sandzakpress.net\/arhiva\/rastoder-crnoj-gori-ne-prijeti-opasnost-od-bosnjaka\/#respond\"]}]},{\"@type\":\"WebPage\",\"@id\":\"https:\/\/sandzakpress.net\/arhiva\/rastoder-crnoj-gori-ne-prijeti-opasnost-od-bosnjaka\/\",\"url\":\"https:\/\/sandzakpress.net\/arhiva\/rastoder-crnoj-gori-ne-prijeti-opasnost-od-bosnjaka\/\",\"name\":\"Rastoder: Crnoj Gori ne prijeti opasnost od Bo\u0161njaka\",\"isPartOf\":{\"@id\":\"https:\/\/sandzakpress.net\/arhiva\/#website\"},\"primaryImageOfPage\":{\"@id\":\"https:\/\/sandzakpress.net\/arhiva\/rastoder-crnoj-gori-ne-prijeti-opasnost-od-bosnjaka\/#primaryimage\"},\"image\":{\"@id\":\"https:\/\/sandzakpress.net\/arhiva\/rastoder-crnoj-gori-ne-prijeti-opasnost-od-bosnjaka\/#primaryimage\"},\"thumbnailUrl\":\"https:\/\/sandzakpress.net\/arhiva\/wp-content\/uploads\/2017\/04\/serbo-rastoder-660x330.jpg\",\"datePublished\":\"2017-04-23T20:40:28+00:00\",\"breadcrumb\":{\"@id\":\"https:\/\/sandzakpress.net\/arhiva\/rastoder-crnoj-gori-ne-prijeti-opasnost-od-bosnjaka\/#breadcrumb\"},\"inLanguage\":\"bs-BA\",\"potentialAction\":[{\"@type\":\"ReadAction\",\"target\":[\"https:\/\/sandzakpress.net\/arhiva\/rastoder-crnoj-gori-ne-prijeti-opasnost-od-bosnjaka\/\"]}]},{\"@type\":\"ImageObject\",\"inLanguage\":\"bs-BA\",\"@id\":\"https:\/\/sandzakpress.net\/arhiva\/rastoder-crnoj-gori-ne-prijeti-opasnost-od-bosnjaka\/#primaryimage\",\"url\":\"https:\/\/sandzakpress.net\/arhiva\/wp-content\/uploads\/2017\/04\/serbo-rastoder-660x330.jpg\",\"contentUrl\":\"https:\/\/sandzakpress.net\/arhiva\/wp-content\/uploads\/2017\/04\/serbo-rastoder-660x330.jpg\",\"width\":660,\"height\":330},{\"@type\":\"BreadcrumbList\",\"@id\":\"https:\/\/sandzakpress.net\/arhiva\/rastoder-crnoj-gori-ne-prijeti-opasnost-od-bosnjaka\/#breadcrumb\",\"itemListElement\":[{\"@type\":\"ListItem\",\"position\":1,\"name\":\"Home\",\"item\":\"https:\/\/sandzakpress.net\/arhiva\/\"},{\"@type\":\"ListItem\",\"position\":2,\"name\":\"Rastoder: Crnoj Gori ne prijeti opasnost od Bo\u0161njaka\"}]},{\"@type\":\"WebSite\",\"@id\":\"https:\/\/sandzakpress.net\/arhiva\/#website\",\"url\":\"https:\/\/sandzakpress.net\/arhiva\/\",\"name\":\"Sand\u017eak PRESS\",\"description\":\"Prve elektronske novine u Sand\u017eaku\",\"publisher\":{\"@id\":\"https:\/\/sandzakpress.net\/arhiva\/#\/schema\/person\/6e72b67d6e51910a1117b3b483ba20bd\"},\"potentialAction\":[{\"@type\":\"SearchAction\",\"target\":{\"@type\":\"EntryPoint\",\"urlTemplate\":\"https:\/\/sandzakpress.net\/arhiva\/?s={search_term_string}\"},\"query-input\":{\"@type\":\"PropertyValueSpecification\",\"valueRequired\":true,\"valueName\":\"search_term_string\"}}],\"inLanguage\":\"bs-BA\"},{\"@type\":[\"Person\",\"Organization\"],\"@id\":\"https:\/\/sandzakpress.net\/arhiva\/#\/schema\/person\/6e72b67d6e51910a1117b3b483ba20bd\",\"name\":\"Kul\",\"image\":{\"@type\":\"ImageObject\",\"inLanguage\":\"bs-BA\",\"@id\":\"https:\/\/sandzakpress.net\/arhiva\/#\/schema\/person\/image\/\",\"url\":\"https:\/\/secure.gravatar.com\/avatar\/42263f39aa27ac04c43cab85c280eb2e?s=96&d=mm&r=pg\",\"contentUrl\":\"https:\/\/secure.gravatar.com\/avatar\/42263f39aa27ac04c43cab85c280eb2e?s=96&d=mm&r=pg\",\"caption\":\"Kul\"},\"logo\":{\"@id\":\"https:\/\/sandzakpress.net\/arhiva\/#\/schema\/person\/image\/\"}},{\"@type\":\"Person\",\"@id\":\"https:\/\/sandzakpress.net\/arhiva\/#\/schema\/person\/cb59d7e3ab91ab90dd680ad0305a6185\",\"name\":\"Agencija\",\"image\":{\"@type\":\"ImageObject\",\"inLanguage\":\"bs-BA\",\"@id\":\"https:\/\/sandzakpress.net\/arhiva\/#\/schema\/person\/image\/\",\"url\":\"https:\/\/secure.gravatar.com\/avatar\/4b7fafa80a22f0c2afe23966b3961fe0?s=96&d=mm&r=pg\",\"contentUrl\":\"https:\/\/secure.gravatar.com\/avatar\/4b7fafa80a22f0c2afe23966b3961fe0?s=96&d=mm&r=pg\",\"caption\":\"Agencija\"},\"url\":\"https:\/\/sandzakpress.net\/arhiva\/author\/agencija\/\"}]}<\/script>\n<!-- \/ Yoast SEO Premium plugin. -->","yoast_head_json":{"title":"Rastoder: Crnoj Gori ne prijeti opasnost od Bo\u0161njaka","robots":{"index":"index","follow":"follow","max-snippet":"max-snippet:-1","max-image-preview":"max-image-preview:large","max-video-preview":"max-video-preview:-1"},"canonical":"https:\/\/sandzakpress.net\/arhiva\/rastoder-crnoj-gori-ne-prijeti-opasnost-od-bosnjaka\/","og_locale":"bs_BA","og_type":"article","og_title":"Rastoder: Crnoj Gori ne prijeti opasnost od Bo\u0161njaka","og_description":"CG &#8211; Crnoj Gori ne prijeti opasnost od Bo\u0161njaka, a izjave poput one Adnana Muhovi\u0107a da mu je \u201eSarajevo bli\u017ee od Cetinja\u201c samo su ,,dogovorena\u201c upozorenja u politi\u010dkoj trgovini na pijaci gdje se \u201c,lojalnost\u201d kupuje, a mi\u0161ljenje osu\u0111uje. To je ocijenio za Pobjedu profesor \u0160erbo Rastoder, povodom nedavno iskazanih stavova pojedinih funkcionera Bo\u0161nja\u010dke stranke. Gra\u0111anska [&hellip;]","og_url":"https:\/\/sandzakpress.net\/arhiva\/rastoder-crnoj-gori-ne-prijeti-opasnost-od-bosnjaka\/","og_site_name":"Sand\u017eak PRESS","article_published_time":"2017-04-23T20:40:28+00:00","og_image":[{"width":660,"height":330,"url":"https:\/\/sandzakpress.net\/arhiva\/wp-content\/uploads\/2017\/04\/serbo-rastoder-660x330.jpg","type":"image\/jpeg"}],"author":"Agencija","twitter_card":"summary_large_image","twitter_misc":{"Written by":"Agencija","Est. reading time":"7 minuta"},"schema":{"@context":"https:\/\/schema.org","@graph":[{"@type":"Article","@id":"https:\/\/sandzakpress.net\/arhiva\/rastoder-crnoj-gori-ne-prijeti-opasnost-od-bosnjaka\/#article","isPartOf":{"@id":"https:\/\/sandzakpress.net\/arhiva\/rastoder-crnoj-gori-ne-prijeti-opasnost-od-bosnjaka\/"},"author":{"name":"Agencija","@id":"https:\/\/sandzakpress.net\/arhiva\/#\/schema\/person\/cb59d7e3ab91ab90dd680ad0305a6185"},"headline":"Rastoder: Crnoj Gori ne prijeti opasnost od Bo\u0161njaka","datePublished":"2017-04-23T20:40:28+00:00","mainEntityOfPage":{"@id":"https:\/\/sandzakpress.net\/arhiva\/rastoder-crnoj-gori-ne-prijeti-opasnost-od-bosnjaka\/"},"wordCount":1403,"commentCount":1,"publisher":{"@id":"https:\/\/sandzakpress.net\/arhiva\/#\/schema\/person\/6e72b67d6e51910a1117b3b483ba20bd"},"image":{"@id":"https:\/\/sandzakpress.net\/arhiva\/rastoder-crnoj-gori-ne-prijeti-opasnost-od-bosnjaka\/#primaryimage"},"thumbnailUrl":"https:\/\/sandzakpress.net\/arhiva\/wp-content\/uploads\/2017\/04\/serbo-rastoder-660x330.jpg","articleSection":["Ro\u017eaje","Berane","Ju\u017eni Sand\u017eak","Petnjica","Bijelo Polje","Crna Gora","Pljevlja","Plav","Gusinje","NAJNOVIJE","VA\u017dNO!"],"inLanguage":"bs-BA","potentialAction":[{"@type":"CommentAction","name":"Comment","target":["https:\/\/sandzakpress.net\/arhiva\/rastoder-crnoj-gori-ne-prijeti-opasnost-od-bosnjaka\/#respond"]}]},{"@type":"WebPage","@id":"https:\/\/sandzakpress.net\/arhiva\/rastoder-crnoj-gori-ne-prijeti-opasnost-od-bosnjaka\/","url":"https:\/\/sandzakpress.net\/arhiva\/rastoder-crnoj-gori-ne-prijeti-opasnost-od-bosnjaka\/","name":"Rastoder: Crnoj Gori ne prijeti opasnost od Bo\u0161njaka","isPartOf":{"@id":"https:\/\/sandzakpress.net\/arhiva\/#website"},"primaryImageOfPage":{"@id":"https:\/\/sandzakpress.net\/arhiva\/rastoder-crnoj-gori-ne-prijeti-opasnost-od-bosnjaka\/#primaryimage"},"image":{"@id":"https:\/\/sandzakpress.net\/arhiva\/rastoder-crnoj-gori-ne-prijeti-opasnost-od-bosnjaka\/#primaryimage"},"thumbnailUrl":"https:\/\/sandzakpress.net\/arhiva\/wp-content\/uploads\/2017\/04\/serbo-rastoder-660x330.jpg","datePublished":"2017-04-23T20:40:28+00:00","breadcrumb":{"@id":"https:\/\/sandzakpress.net\/arhiva\/rastoder-crnoj-gori-ne-prijeti-opasnost-od-bosnjaka\/#breadcrumb"},"inLanguage":"bs-BA","potentialAction":[{"@type":"ReadAction","target":["https:\/\/sandzakpress.net\/arhiva\/rastoder-crnoj-gori-ne-prijeti-opasnost-od-bosnjaka\/"]}]},{"@type":"ImageObject","inLanguage":"bs-BA","@id":"https:\/\/sandzakpress.net\/arhiva\/rastoder-crnoj-gori-ne-prijeti-opasnost-od-bosnjaka\/#primaryimage","url":"https:\/\/sandzakpress.net\/arhiva\/wp-content\/uploads\/2017\/04\/serbo-rastoder-660x330.jpg","contentUrl":"https:\/\/sandzakpress.net\/arhiva\/wp-content\/uploads\/2017\/04\/serbo-rastoder-660x330.jpg","width":660,"height":330},{"@type":"BreadcrumbList","@id":"https:\/\/sandzakpress.net\/arhiva\/rastoder-crnoj-gori-ne-prijeti-opasnost-od-bosnjaka\/#breadcrumb","itemListElement":[{"@type":"ListItem","position":1,"name":"Home","item":"https:\/\/sandzakpress.net\/arhiva\/"},{"@type":"ListItem","position":2,"name":"Rastoder: Crnoj Gori ne prijeti opasnost od Bo\u0161njaka"}]},{"@type":"WebSite","@id":"https:\/\/sandzakpress.net\/arhiva\/#website","url":"https:\/\/sandzakpress.net\/arhiva\/","name":"Sand\u017eak PRESS","description":"Prve elektronske novine u Sand\u017eaku","publisher":{"@id":"https:\/\/sandzakpress.net\/arhiva\/#\/schema\/person\/6e72b67d6e51910a1117b3b483ba20bd"},"potentialAction":[{"@type":"SearchAction","target":{"@type":"EntryPoint","urlTemplate":"https:\/\/sandzakpress.net\/arhiva\/?s={search_term_string}"},"query-input":{"@type":"PropertyValueSpecification","valueRequired":true,"valueName":"search_term_string"}}],"inLanguage":"bs-BA"},{"@type":["Person","Organization"],"@id":"https:\/\/sandzakpress.net\/arhiva\/#\/schema\/person\/6e72b67d6e51910a1117b3b483ba20bd","name":"Kul","image":{"@type":"ImageObject","inLanguage":"bs-BA","@id":"https:\/\/sandzakpress.net\/arhiva\/#\/schema\/person\/image\/","url":"https:\/\/secure.gravatar.com\/avatar\/42263f39aa27ac04c43cab85c280eb2e?s=96&d=mm&r=pg","contentUrl":"https:\/\/secure.gravatar.com\/avatar\/42263f39aa27ac04c43cab85c280eb2e?s=96&d=mm&r=pg","caption":"Kul"},"logo":{"@id":"https:\/\/sandzakpress.net\/arhiva\/#\/schema\/person\/image\/"}},{"@type":"Person","@id":"https:\/\/sandzakpress.net\/arhiva\/#\/schema\/person\/cb59d7e3ab91ab90dd680ad0305a6185","name":"Agencija","image":{"@type":"ImageObject","inLanguage":"bs-BA","@id":"https:\/\/sandzakpress.net\/arhiva\/#\/schema\/person\/image\/","url":"https:\/\/secure.gravatar.com\/avatar\/4b7fafa80a22f0c2afe23966b3961fe0?s=96&d=mm&r=pg","contentUrl":"https:\/\/secure.gravatar.com\/avatar\/4b7fafa80a22f0c2afe23966b3961fe0?s=96&d=mm&r=pg","caption":"Agencija"},"url":"https:\/\/sandzakpress.net\/arhiva\/author\/agencija\/"}]}},"_links":{"self":[{"href":"https:\/\/sandzakpress.net\/arhiva\/wp-json\/wp\/v2\/posts\/185406"}],"collection":[{"href":"https:\/\/sandzakpress.net\/arhiva\/wp-json\/wp\/v2\/posts"}],"about":[{"href":"https:\/\/sandzakpress.net\/arhiva\/wp-json\/wp\/v2\/types\/post"}],"author":[{"embeddable":true,"href":"https:\/\/sandzakpress.net\/arhiva\/wp-json\/wp\/v2\/users\/509"}],"replies":[{"embeddable":true,"href":"https:\/\/sandzakpress.net\/arhiva\/wp-json\/wp\/v2\/comments?post=185406"}],"version-history":[{"count":0,"href":"https:\/\/sandzakpress.net\/arhiva\/wp-json\/wp\/v2\/posts\/185406\/revisions"}],"wp:featuredmedia":[{"embeddable":true,"href":"https:\/\/sandzakpress.net\/arhiva\/wp-json\/wp\/v2\/media\/185408"}],"wp:attachment":[{"href":"https:\/\/sandzakpress.net\/arhiva\/wp-json\/wp\/v2\/media?parent=185406"}],"wp:term":[{"taxonomy":"category","embeddable":true,"href":"https:\/\/sandzakpress.net\/arhiva\/wp-json\/wp\/v2\/categories?post=185406"},{"taxonomy":"post_tag","embeddable":true,"href":"https:\/\/sandzakpress.net\/arhiva\/wp-json\/wp\/v2\/tags?post=185406"}],"curies":[{"name":"wp","href":"https:\/\/api.w.org\/{rel}","templated":true}]}}