{"id":185091,"date":"2017-04-19T18:21:33","date_gmt":"2017-04-19T16:21:33","guid":{"rendered":"https:\/\/sandzakpress.net\/arhiva\/sejh-imad-el-misri-mozdani-udar-me-zadesio-tokom-nocnog-namaza"},"modified":"2017-04-19T18:21:33","modified_gmt":"2017-04-19T16:21:33","slug":"sejh-imad-el-misri-mozdani-udar-me-zadesio-tokom-nocnog-namaza","status":"publish","type":"post","link":"https:\/\/sandzakpress.net\/arhiva\/sejh-imad-el-misri-mozdani-udar-me-zadesio-tokom-nocnog-namaza\/","title":{"rendered":"\u0160ejh Imad el Misri: Mo\u017edani udar me zadesio tokom no\u0107nog namaza"},"content":{"rendered":"<p><span class=\"cb-itemprop\"><\/p>\n<p><img decoding=\"async\" src=\"http:\/\/saff.ba\/wp-content\/uploads\/2017\/04\/Screen-Shot-2017-04-19-at-14.26.26.jpg\" \/><\/p>\n<p><strong>Poznati \u0161ejh Imad el Misri, bosanski zet i veliki prijatelj Bo\u0161njaka i Bosne i Hercegovine prolazi kroz te\u0161ka isku\u0161enja. U proteklom periodu isku\u0161an je mo\u017edanim udarom. \u0160ejh Imad se zahvalio svim svojim prijateljima na podr\u0161ci koju dobija ovih dana.<\/strong><\/p>\n<p>\u201cEsselamu alejkum, draga moja bra\u0107o i sestre!<br \/>\nNisam imao namjeru da govorim o mom isku\u0161enju iz razloga da ne biste, zajedno sa mnom, nosili teret i brigu istog. Me\u0111utim, po\u0161to se vijest o tome uveliko pro\u0161irila, odlu\u010dio sam da na ovaj na\u010din podjelim svoju pri\u010du sa vama. Naime, unazad tri-\u010detiri sedmice, va\u0161 brat je isku\u0161an ne\u0107im \u0161to nije bilo prvi put da mi se desi, a da za to nisam znao. Dobio sam jo\u0161 jedan, u nizu, mo\u017edanih udara. Subhanallah, insan se sprema za odlazak sa ovog svijeta i gaji nadu da \u0107e njegov dunjalu\u010dki kraj biti najlak\u0161i. Ali, ovaj momenat koji sam do\u017eivio je ne\u0161to sasvim drugo. Po\u010delo je dok sam bio na no\u0107nom namazu. Nisam bio u stanju da pove\u017eem ajet sa ajetom, jezik se po\u010deo zapetljavati, slova (harfovi) nisu mogla da se razumiju. Postao sam potpuno nemo\u0107an. U tom trenutku sam i vid izgubio, sve se oko mene okretalo. Pomislio sam, to je to! Ali ,Uzvi\u0161eni Allah, Gospodar smrti i \u017eivota, nije odredio da to bude to u tom trenutku. Odve\u017een sam u bolnicu. Nakon izvr\u0161enih pretraga saznao da sam imao nekoliko manjih mo\u017edanih udara. Subhanallah! Koliko je insan slab\u2026 Od tad po\u010dinje moja intenzivna borba sa bole\u0161\u0107u koju, uz Allahovu pomo\u0107, polahko pobje\u0111ujem putem terapija i uzimanja raznih lijekova.<\/p>\n<p>I evo sad se javljam. Jo\u0161 uvijek se ne osje\u0107am dobro, ali, elhamdulillah, tu sam sa vama i drago mi je da sa vama mogu podijeliti svoju \u017eivotnu pri\u010du. Molim Allaha da vas sviju obilato nagradi, one koji su me, nakon \u0161to su saznali, zvali i pitali za moje stanje, i one koji to, iz odre\u0111enih razloga nisu u\u010dinili, one koji su sa mnom od po\u010detka mog isku\u0161enja i one koji su se sada uklju\u010dili i upoznali sa mojim problemima. Ja va\u0161u dobrotu ne mogu i ne\u0107u nikada zaboraviti. Molim Uzvi\u0161enog, da se svi zajedno okupimo u hladu Njegovog Ar\u0161a, zdravi, radosni i nasmijani, kao veliki pobjednici, Allahovom milo\u0161\u0107u i dobrotom.<\/p>\n<p>Koristim priliku da ka\u017eem sebi, a i vama, mojoj dragoj bra\u0107i i sestrama. Iskoristimo vrijeme dok smo \u017eivi, dok smo zdravi, dok imamo vremena da u\u010dimo, da radimo u korist islama, da budemo zauzeti pomaganjem potrebnih muslimana. Jer, Allahi mi, te\u0161ko je i prete\u0161ko kada \u010dovjek bude, samo na trenutak, uskra\u010den rada i hizmeta za islam i muslimane. Popravimo na\u0161u unutra\u0161njost dok imamo vremena, dok jo\u0161 kora\u010dam ovim prolaznim svijetom, dok jo\u0161 \u010dekamo da budemo pokupljeni sa ove dunjalu\u010dke stanice. Popravimo prvo sebe, pa onda druge, jer najte\u017ee je kad insan, popravljaju\u0107i druge, zaboravi na samog sebe.<\/p>\n<p>Draga bra\u0107o i sestre, vi imate mno\u0161tvo blagodati, da'va se pro\u0161irila, knjiga o islamu na bosanskom jeziku je mnogo, kao i daija koji pozivaju u Allahovu vjeru, pa dobro \u010duvajte te blagodati, i ne dozvolite da nepromi\u0161ljeno\u0161\u0107u ili nesporazumima pokvarite ono \u0161to su neki, uz Allahovu dozvolu, svojom krvlju izgradili, i vama u amanet ostavili. Mnogo je onih koji vas vole, pa ih \u010duvajte, a mnogo je i onih koji vas mrze, pa im poka\u017eite pravu sliku islama, vjere po\u0161tenja i iskrenosti, vjere me\u0111uljudskih odnosa, jer, mo\u017eda ba\u0161 vi budete sebeb njihove kasnije ljubavi prema vama i prema islamu.<\/p>\n<p>Drage daije, znajte da je najbitnija va\u0161a iskrenost i jaka veza sa Allahom. Stoga, blago i mudro, sa ispravnim znanjem, prenosite drugima to isto znanje. \u010cuvajte lijepe odnose me\u0111usobno sa drugim daijama, imajte koordinaciju, jer vjera nije za pojedinca nego za d\u017eemat. Ovo govorim iz li\u010dnog iskustva. Zaista je Allahova ruka sa d\u017eematom. Kad tvoj brat daija ima uspjeha u davi, i pridobije ljubav mnogih, uputi narod na njega, neka ga i drugi poslu\u0161aju, jer njegov uspjeh je, ujedno, i uspjeh islama. Pametan daija \u010duva sebe od zavidnosti prema drugom daiji.\u010cuvaj se da \u0161ejtan ne pokvari tvoj nijet. Tvoja dava mora da bude \u010dista, u ime Allaha, jer Poslanik, sallalahu alejhi ve sellem, na to je posebno upozorio, rekav\u0161i: \u201cDva gladna vuka, koja bi upala u stado, ne bi nanijela vi\u0161e \u0161tete (stadu) nego \u0161to bi pohlepa za imetkom i \u017eelja za slavom nanijela \u0161tete \u010dovjekovoj vjeri.\u201d<\/p>\n<p>Zavr\u0161avam kratki nasihat rije\u010dima: \u2018\u017divot je jedan \u010das, pa nek bude u pokornosti Allahu, a du\u0161a je pohlepna, pa je pou\u010di skromnosti.\u2019 Molim Allaha da oprosti i meni i vama i da na\u0161a zavr\u0161nica bude u znaku gledanja u Allahovo plemenito lice. Amin!\u201d<\/p>\n<p>(saff.ba)<\/p>\n<p><\/span><br \/>\nPogledajte vijest na izvornom sajtu:<\/p>\n<p><a href=\"http:\/\/islampress.net\/30332\/sejh-imad-el-misri-mozdani-udar-me-zadesio-tokom-nocnog-namaza\/\" target=\"_blank\">\u0160ejh Imad el Misri: Mo\u017edani udar me zadesio tokom no\u0107nog namaza<\/a><\/p>\n","protected":false},"excerpt":{"rendered":"<p>Poznati \u0161ejh Imad el Misri, bosanski zet i veliki prijatelj Bo\u0161njaka i Bosne i Hercegovine prolazi kroz te\u0161ka isku\u0161enja. U proteklom periodu isku\u0161an je mo\u017edanim udarom. \u0160ejh Imad se zahvalio svim svojim prijateljima na podr\u0161ci koju dobija ovih dana. \u201cEsselamu alejkum, draga moja bra\u0107o i sestre! Nisam imao namjeru da govorim o mom isku\u0161enju iz [&hellip;]<\/p>\n","protected":false},"author":83,"featured_media":185092,"comment_status":"open","ping_status":"open","sticky":false,"template":"","format":"standard","meta":{"footnotes":""},"categories":[9],"tags":[10499],"class_list":{"0":"post-185091","1":"post","2":"type-post","3":"status-publish","4":"format-standard","5":"has-post-thumbnail","7":"category-svijet","8":"tag-a"},"yoast_head":"<!-- This site is optimized with the Yoast SEO Premium plugin v23.1 (Yoast SEO v24.9) - https:\/\/yoast.com\/wordpress\/plugins\/seo\/ -->\n<title>\u0160ejh Imad el Misri: Mo\u017edani udar me zadesio tokom no\u0107nog namaza<\/title>\n<meta name=\"robots\" content=\"index, follow, max-snippet:-1, max-image-preview:large, max-video-preview:-1\" \/>\n<link rel=\"canonical\" href=\"https:\/\/sandzakpress.net\/arhiva\/sejh-imad-el-misri-mozdani-udar-me-zadesio-tokom-nocnog-namaza\/\" \/>\n<meta property=\"og:locale\" content=\"bs_BA\" \/>\n<meta property=\"og:type\" content=\"article\" \/>\n<meta property=\"og:title\" content=\"\u0160ejh Imad el Misri: Mo\u017edani udar me zadesio tokom no\u0107nog namaza\" \/>\n<meta property=\"og:description\" content=\"Poznati \u0161ejh Imad el Misri, bosanski zet i veliki prijatelj Bo\u0161njaka i Bosne i Hercegovine prolazi kroz te\u0161ka isku\u0161enja. U proteklom periodu isku\u0161an je mo\u017edanim udarom. \u0160ejh Imad se zahvalio svim svojim prijateljima na podr\u0161ci koju dobija ovih dana. \u201cEsselamu alejkum, draga moja bra\u0107o i sestre! Nisam imao namjeru da govorim o mom isku\u0161enju iz [&hellip;]\" \/>\n<meta property=\"og:url\" content=\"https:\/\/sandzakpress.net\/arhiva\/sejh-imad-el-misri-mozdani-udar-me-zadesio-tokom-nocnog-namaza\/\" \/>\n<meta property=\"og:site_name\" content=\"Sand\u017eak PRESS\" \/>\n<meta property=\"article:published_time\" content=\"2017-04-19T16:21:33+00:00\" \/>\n<meta property=\"og:image\" content=\"https:\/\/sandzakpress.net\/arhiva\/wp-content\/uploads\/2017\/04\/Screen-Shot-2017-04-19-at-14.26.26.jpg\" \/>\n\t<meta property=\"og:image:width\" content=\"1008\" \/>\n\t<meta property=\"og:image:height\" content=\"834\" \/>\n\t<meta property=\"og:image:type\" content=\"image\/jpeg\" \/>\n<meta name=\"author\" content=\"bosniak\" \/>\n<meta name=\"twitter:card\" content=\"summary_large_image\" \/>\n<meta name=\"twitter:label1\" content=\"Written by\" \/>\n\t<meta name=\"twitter:data1\" content=\"bosniak\" \/>\n\t<meta name=\"twitter:label2\" content=\"Est. reading time\" \/>\n\t<meta name=\"twitter:data2\" content=\"4 minute\" \/>\n<script type=\"application\/ld+json\" class=\"yoast-schema-graph\">{\"@context\":\"https:\/\/schema.org\",\"@graph\":[{\"@type\":\"Article\",\"@id\":\"https:\/\/sandzakpress.net\/arhiva\/sejh-imad-el-misri-mozdani-udar-me-zadesio-tokom-nocnog-namaza\/#article\",\"isPartOf\":{\"@id\":\"https:\/\/sandzakpress.net\/arhiva\/sejh-imad-el-misri-mozdani-udar-me-zadesio-tokom-nocnog-namaza\/\"},\"author\":{\"name\":\"bosniak\",\"@id\":\"https:\/\/sandzakpress.net\/arhiva\/#\/schema\/person\/c8baee722073534b583ea7bdb2e36c02\"},\"headline\":\"\u0160ejh Imad el Misri: Mo\u017edani udar me zadesio tokom no\u0107nog namaza\",\"datePublished\":\"2017-04-19T16:21:33+00:00\",\"mainEntityOfPage\":{\"@id\":\"https:\/\/sandzakpress.net\/arhiva\/sejh-imad-el-misri-mozdani-udar-me-zadesio-tokom-nocnog-namaza\/\"},\"wordCount\":865,\"commentCount\":0,\"publisher\":{\"@id\":\"https:\/\/sandzakpress.net\/arhiva\/#\/schema\/person\/6e72b67d6e51910a1117b3b483ba20bd\"},\"image\":{\"@id\":\"https:\/\/sandzakpress.net\/arhiva\/sejh-imad-el-misri-mozdani-udar-me-zadesio-tokom-nocnog-namaza\/#primaryimage\"},\"thumbnailUrl\":\"https:\/\/sandzakpress.net\/arhiva\/wp-content\/uploads\/2017\/04\/Screen-Shot-2017-04-19-at-14.26.26.jpg\",\"keywords\":[\"A\"],\"articleSection\":[\"Svijet\"],\"inLanguage\":\"bs-BA\",\"potentialAction\":[{\"@type\":\"CommentAction\",\"name\":\"Comment\",\"target\":[\"https:\/\/sandzakpress.net\/arhiva\/sejh-imad-el-misri-mozdani-udar-me-zadesio-tokom-nocnog-namaza\/#respond\"]}]},{\"@type\":\"WebPage\",\"@id\":\"https:\/\/sandzakpress.net\/arhiva\/sejh-imad-el-misri-mozdani-udar-me-zadesio-tokom-nocnog-namaza\/\",\"url\":\"https:\/\/sandzakpress.net\/arhiva\/sejh-imad-el-misri-mozdani-udar-me-zadesio-tokom-nocnog-namaza\/\",\"name\":\"\u0160ejh Imad el Misri: Mo\u017edani udar me zadesio tokom no\u0107nog namaza\",\"isPartOf\":{\"@id\":\"https:\/\/sandzakpress.net\/arhiva\/#website\"},\"primaryImageOfPage\":{\"@id\":\"https:\/\/sandzakpress.net\/arhiva\/sejh-imad-el-misri-mozdani-udar-me-zadesio-tokom-nocnog-namaza\/#primaryimage\"},\"image\":{\"@id\":\"https:\/\/sandzakpress.net\/arhiva\/sejh-imad-el-misri-mozdani-udar-me-zadesio-tokom-nocnog-namaza\/#primaryimage\"},\"thumbnailUrl\":\"https:\/\/sandzakpress.net\/arhiva\/wp-content\/uploads\/2017\/04\/Screen-Shot-2017-04-19-at-14.26.26.jpg\",\"datePublished\":\"2017-04-19T16:21:33+00:00\",\"breadcrumb\":{\"@id\":\"https:\/\/sandzakpress.net\/arhiva\/sejh-imad-el-misri-mozdani-udar-me-zadesio-tokom-nocnog-namaza\/#breadcrumb\"},\"inLanguage\":\"bs-BA\",\"potentialAction\":[{\"@type\":\"ReadAction\",\"target\":[\"https:\/\/sandzakpress.net\/arhiva\/sejh-imad-el-misri-mozdani-udar-me-zadesio-tokom-nocnog-namaza\/\"]}]},{\"@type\":\"ImageObject\",\"inLanguage\":\"bs-BA\",\"@id\":\"https:\/\/sandzakpress.net\/arhiva\/sejh-imad-el-misri-mozdani-udar-me-zadesio-tokom-nocnog-namaza\/#primaryimage\",\"url\":\"https:\/\/sandzakpress.net\/arhiva\/wp-content\/uploads\/2017\/04\/Screen-Shot-2017-04-19-at-14.26.26.jpg\",\"contentUrl\":\"https:\/\/sandzakpress.net\/arhiva\/wp-content\/uploads\/2017\/04\/Screen-Shot-2017-04-19-at-14.26.26.jpg\",\"width\":1008,\"height\":834},{\"@type\":\"BreadcrumbList\",\"@id\":\"https:\/\/sandzakpress.net\/arhiva\/sejh-imad-el-misri-mozdani-udar-me-zadesio-tokom-nocnog-namaza\/#breadcrumb\",\"itemListElement\":[{\"@type\":\"ListItem\",\"position\":1,\"name\":\"Home\",\"item\":\"https:\/\/sandzakpress.net\/arhiva\/\"},{\"@type\":\"ListItem\",\"position\":2,\"name\":\"\u0160ejh Imad el Misri: Mo\u017edani udar me zadesio tokom no\u0107nog namaza\"}]},{\"@type\":\"WebSite\",\"@id\":\"https:\/\/sandzakpress.net\/arhiva\/#website\",\"url\":\"https:\/\/sandzakpress.net\/arhiva\/\",\"name\":\"Sand\u017eak PRESS\",\"description\":\"Prve elektronske novine u Sand\u017eaku\",\"publisher\":{\"@id\":\"https:\/\/sandzakpress.net\/arhiva\/#\/schema\/person\/6e72b67d6e51910a1117b3b483ba20bd\"},\"potentialAction\":[{\"@type\":\"SearchAction\",\"target\":{\"@type\":\"EntryPoint\",\"urlTemplate\":\"https:\/\/sandzakpress.net\/arhiva\/?s={search_term_string}\"},\"query-input\":{\"@type\":\"PropertyValueSpecification\",\"valueRequired\":true,\"valueName\":\"search_term_string\"}}],\"inLanguage\":\"bs-BA\"},{\"@type\":[\"Person\",\"Organization\"],\"@id\":\"https:\/\/sandzakpress.net\/arhiva\/#\/schema\/person\/6e72b67d6e51910a1117b3b483ba20bd\",\"name\":\"Kul\",\"image\":{\"@type\":\"ImageObject\",\"inLanguage\":\"bs-BA\",\"@id\":\"https:\/\/sandzakpress.net\/arhiva\/#\/schema\/person\/image\/\",\"url\":\"https:\/\/secure.gravatar.com\/avatar\/42263f39aa27ac04c43cab85c280eb2e?s=96&d=mm&r=pg\",\"contentUrl\":\"https:\/\/secure.gravatar.com\/avatar\/42263f39aa27ac04c43cab85c280eb2e?s=96&d=mm&r=pg\",\"caption\":\"Kul\"},\"logo\":{\"@id\":\"https:\/\/sandzakpress.net\/arhiva\/#\/schema\/person\/image\/\"}},{\"@type\":\"Person\",\"@id\":\"https:\/\/sandzakpress.net\/arhiva\/#\/schema\/person\/c8baee722073534b583ea7bdb2e36c02\",\"name\":\"bosniak\",\"image\":{\"@type\":\"ImageObject\",\"inLanguage\":\"bs-BA\",\"@id\":\"https:\/\/sandzakpress.net\/arhiva\/#\/schema\/person\/image\/\",\"url\":\"https:\/\/secure.gravatar.com\/avatar\/a04fd330bfe3a36a72a0ad4a6d89fca7?s=96&d=mm&r=pg\",\"contentUrl\":\"https:\/\/secure.gravatar.com\/avatar\/a04fd330bfe3a36a72a0ad4a6d89fca7?s=96&d=mm&r=pg\",\"caption\":\"bosniak\"},\"url\":\"https:\/\/sandzakpress.net\/arhiva\/author\/bosniak\/\"}]}<\/script>\n<!-- \/ Yoast SEO Premium plugin. -->","yoast_head_json":{"title":"\u0160ejh Imad el Misri: Mo\u017edani udar me zadesio tokom no\u0107nog namaza","robots":{"index":"index","follow":"follow","max-snippet":"max-snippet:-1","max-image-preview":"max-image-preview:large","max-video-preview":"max-video-preview:-1"},"canonical":"https:\/\/sandzakpress.net\/arhiva\/sejh-imad-el-misri-mozdani-udar-me-zadesio-tokom-nocnog-namaza\/","og_locale":"bs_BA","og_type":"article","og_title":"\u0160ejh Imad el Misri: Mo\u017edani udar me zadesio tokom no\u0107nog namaza","og_description":"Poznati \u0161ejh Imad el Misri, bosanski zet i veliki prijatelj Bo\u0161njaka i Bosne i Hercegovine prolazi kroz te\u0161ka isku\u0161enja. U proteklom periodu isku\u0161an je mo\u017edanim udarom. \u0160ejh Imad se zahvalio svim svojim prijateljima na podr\u0161ci koju dobija ovih dana. \u201cEsselamu alejkum, draga moja bra\u0107o i sestre! Nisam imao namjeru da govorim o mom isku\u0161enju iz [&hellip;]","og_url":"https:\/\/sandzakpress.net\/arhiva\/sejh-imad-el-misri-mozdani-udar-me-zadesio-tokom-nocnog-namaza\/","og_site_name":"Sand\u017eak PRESS","article_published_time":"2017-04-19T16:21:33+00:00","og_image":[{"width":1008,"height":834,"url":"https:\/\/sandzakpress.net\/arhiva\/wp-content\/uploads\/2017\/04\/Screen-Shot-2017-04-19-at-14.26.26.jpg","type":"image\/jpeg"}],"author":"bosniak","twitter_card":"summary_large_image","twitter_misc":{"Written by":"bosniak","Est. reading time":"4 minute"},"schema":{"@context":"https:\/\/schema.org","@graph":[{"@type":"Article","@id":"https:\/\/sandzakpress.net\/arhiva\/sejh-imad-el-misri-mozdani-udar-me-zadesio-tokom-nocnog-namaza\/#article","isPartOf":{"@id":"https:\/\/sandzakpress.net\/arhiva\/sejh-imad-el-misri-mozdani-udar-me-zadesio-tokom-nocnog-namaza\/"},"author":{"name":"bosniak","@id":"https:\/\/sandzakpress.net\/arhiva\/#\/schema\/person\/c8baee722073534b583ea7bdb2e36c02"},"headline":"\u0160ejh Imad el Misri: Mo\u017edani udar me zadesio tokom no\u0107nog namaza","datePublished":"2017-04-19T16:21:33+00:00","mainEntityOfPage":{"@id":"https:\/\/sandzakpress.net\/arhiva\/sejh-imad-el-misri-mozdani-udar-me-zadesio-tokom-nocnog-namaza\/"},"wordCount":865,"commentCount":0,"publisher":{"@id":"https:\/\/sandzakpress.net\/arhiva\/#\/schema\/person\/6e72b67d6e51910a1117b3b483ba20bd"},"image":{"@id":"https:\/\/sandzakpress.net\/arhiva\/sejh-imad-el-misri-mozdani-udar-me-zadesio-tokom-nocnog-namaza\/#primaryimage"},"thumbnailUrl":"https:\/\/sandzakpress.net\/arhiva\/wp-content\/uploads\/2017\/04\/Screen-Shot-2017-04-19-at-14.26.26.jpg","keywords":["A"],"articleSection":["Svijet"],"inLanguage":"bs-BA","potentialAction":[{"@type":"CommentAction","name":"Comment","target":["https:\/\/sandzakpress.net\/arhiva\/sejh-imad-el-misri-mozdani-udar-me-zadesio-tokom-nocnog-namaza\/#respond"]}]},{"@type":"WebPage","@id":"https:\/\/sandzakpress.net\/arhiva\/sejh-imad-el-misri-mozdani-udar-me-zadesio-tokom-nocnog-namaza\/","url":"https:\/\/sandzakpress.net\/arhiva\/sejh-imad-el-misri-mozdani-udar-me-zadesio-tokom-nocnog-namaza\/","name":"\u0160ejh Imad el Misri: Mo\u017edani udar me zadesio tokom no\u0107nog namaza","isPartOf":{"@id":"https:\/\/sandzakpress.net\/arhiva\/#website"},"primaryImageOfPage":{"@id":"https:\/\/sandzakpress.net\/arhiva\/sejh-imad-el-misri-mozdani-udar-me-zadesio-tokom-nocnog-namaza\/#primaryimage"},"image":{"@id":"https:\/\/sandzakpress.net\/arhiva\/sejh-imad-el-misri-mozdani-udar-me-zadesio-tokom-nocnog-namaza\/#primaryimage"},"thumbnailUrl":"https:\/\/sandzakpress.net\/arhiva\/wp-content\/uploads\/2017\/04\/Screen-Shot-2017-04-19-at-14.26.26.jpg","datePublished":"2017-04-19T16:21:33+00:00","breadcrumb":{"@id":"https:\/\/sandzakpress.net\/arhiva\/sejh-imad-el-misri-mozdani-udar-me-zadesio-tokom-nocnog-namaza\/#breadcrumb"},"inLanguage":"bs-BA","potentialAction":[{"@type":"ReadAction","target":["https:\/\/sandzakpress.net\/arhiva\/sejh-imad-el-misri-mozdani-udar-me-zadesio-tokom-nocnog-namaza\/"]}]},{"@type":"ImageObject","inLanguage":"bs-BA","@id":"https:\/\/sandzakpress.net\/arhiva\/sejh-imad-el-misri-mozdani-udar-me-zadesio-tokom-nocnog-namaza\/#primaryimage","url":"https:\/\/sandzakpress.net\/arhiva\/wp-content\/uploads\/2017\/04\/Screen-Shot-2017-04-19-at-14.26.26.jpg","contentUrl":"https:\/\/sandzakpress.net\/arhiva\/wp-content\/uploads\/2017\/04\/Screen-Shot-2017-04-19-at-14.26.26.jpg","width":1008,"height":834},{"@type":"BreadcrumbList","@id":"https:\/\/sandzakpress.net\/arhiva\/sejh-imad-el-misri-mozdani-udar-me-zadesio-tokom-nocnog-namaza\/#breadcrumb","itemListElement":[{"@type":"ListItem","position":1,"name":"Home","item":"https:\/\/sandzakpress.net\/arhiva\/"},{"@type":"ListItem","position":2,"name":"\u0160ejh Imad el Misri: Mo\u017edani udar me zadesio tokom no\u0107nog namaza"}]},{"@type":"WebSite","@id":"https:\/\/sandzakpress.net\/arhiva\/#website","url":"https:\/\/sandzakpress.net\/arhiva\/","name":"Sand\u017eak PRESS","description":"Prve elektronske novine u Sand\u017eaku","publisher":{"@id":"https:\/\/sandzakpress.net\/arhiva\/#\/schema\/person\/6e72b67d6e51910a1117b3b483ba20bd"},"potentialAction":[{"@type":"SearchAction","target":{"@type":"EntryPoint","urlTemplate":"https:\/\/sandzakpress.net\/arhiva\/?s={search_term_string}"},"query-input":{"@type":"PropertyValueSpecification","valueRequired":true,"valueName":"search_term_string"}}],"inLanguage":"bs-BA"},{"@type":["Person","Organization"],"@id":"https:\/\/sandzakpress.net\/arhiva\/#\/schema\/person\/6e72b67d6e51910a1117b3b483ba20bd","name":"Kul","image":{"@type":"ImageObject","inLanguage":"bs-BA","@id":"https:\/\/sandzakpress.net\/arhiva\/#\/schema\/person\/image\/","url":"https:\/\/secure.gravatar.com\/avatar\/42263f39aa27ac04c43cab85c280eb2e?s=96&d=mm&r=pg","contentUrl":"https:\/\/secure.gravatar.com\/avatar\/42263f39aa27ac04c43cab85c280eb2e?s=96&d=mm&r=pg","caption":"Kul"},"logo":{"@id":"https:\/\/sandzakpress.net\/arhiva\/#\/schema\/person\/image\/"}},{"@type":"Person","@id":"https:\/\/sandzakpress.net\/arhiva\/#\/schema\/person\/c8baee722073534b583ea7bdb2e36c02","name":"bosniak","image":{"@type":"ImageObject","inLanguage":"bs-BA","@id":"https:\/\/sandzakpress.net\/arhiva\/#\/schema\/person\/image\/","url":"https:\/\/secure.gravatar.com\/avatar\/a04fd330bfe3a36a72a0ad4a6d89fca7?s=96&d=mm&r=pg","contentUrl":"https:\/\/secure.gravatar.com\/avatar\/a04fd330bfe3a36a72a0ad4a6d89fca7?s=96&d=mm&r=pg","caption":"bosniak"},"url":"https:\/\/sandzakpress.net\/arhiva\/author\/bosniak\/"}]}},"_links":{"self":[{"href":"https:\/\/sandzakpress.net\/arhiva\/wp-json\/wp\/v2\/posts\/185091"}],"collection":[{"href":"https:\/\/sandzakpress.net\/arhiva\/wp-json\/wp\/v2\/posts"}],"about":[{"href":"https:\/\/sandzakpress.net\/arhiva\/wp-json\/wp\/v2\/types\/post"}],"author":[{"embeddable":true,"href":"https:\/\/sandzakpress.net\/arhiva\/wp-json\/wp\/v2\/users\/83"}],"replies":[{"embeddable":true,"href":"https:\/\/sandzakpress.net\/arhiva\/wp-json\/wp\/v2\/comments?post=185091"}],"version-history":[{"count":0,"href":"https:\/\/sandzakpress.net\/arhiva\/wp-json\/wp\/v2\/posts\/185091\/revisions"}],"wp:featuredmedia":[{"embeddable":true,"href":"https:\/\/sandzakpress.net\/arhiva\/wp-json\/wp\/v2\/media\/185092"}],"wp:attachment":[{"href":"https:\/\/sandzakpress.net\/arhiva\/wp-json\/wp\/v2\/media?parent=185091"}],"wp:term":[{"taxonomy":"category","embeddable":true,"href":"https:\/\/sandzakpress.net\/arhiva\/wp-json\/wp\/v2\/categories?post=185091"},{"taxonomy":"post_tag","embeddable":true,"href":"https:\/\/sandzakpress.net\/arhiva\/wp-json\/wp\/v2\/tags?post=185091"}],"curies":[{"name":"wp","href":"https:\/\/api.w.org\/{rel}","templated":true}]}}