{"id":184874,"date":"2017-04-17T20:34:25","date_gmt":"2017-04-17T18:34:25","guid":{"rendered":"https:\/\/sandzakpress.net\/arhiva\/?p=184874"},"modified":"2017-04-17T20:34:25","modified_gmt":"2017-04-17T18:34:25","slug":"ugljanin-cestitao-erdoganu","status":"publish","type":"post","link":"https:\/\/sandzakpress.net\/arhiva\/ugljanin-cestitao-erdoganu\/","title":{"rendered":"Ugljanin \u010destitao Erdoganu"},"content":{"rendered":"<p><img decoding=\"async\" src=\"http:\/\/www.sandzacke.rs\/wp-content\/uploads\/2017\/04\/ugljanin-erdogan-660x330.jpg\" \/><\/p>\n<p><strong>Predsjednik Bo\u0161nja\u010dkog nacionalnog vije\u0107a Sulejman Ugljanin uputio je danas \u010destitku turskom predsjedniku Recepu Tayyipu Erdoganu, povodom pobjede na referendumu.<\/strong><\/p>\n<p>\u201cU ime Bo\u0161njaka Sand\u017eaka i u svoje li\u010dno ime Vama, Va\u0161im saradnicima i celom turskom narodu \u010destitam na ovoj va\u017enoj pobjedi i podr\u0161ci prijedlogu ustavnih reformi. Izja\u0161njavanjem ve\u0107ine turskog naroda i prihvatanjem predlo\u017eenih ustavnih reformi stvaraju se mogu\u0107nosti za dalji napredak moderne, ekonomski razvijene, stabilne i efikasne Republike Turske\u201d, pi\u0161e u \u010destitki.<\/p>\n<p>Navode\u0107i da sand\u017ea\u010dki Bo\u0161njaci i turski gra\u0111ani porijeklom iz Sand\u017eaka predstavljaju trajnu i neraskidivu vezu Srbije i Turske, Ugljanin je dodao da je siguran da \u0107e Erdogan nastaviti dalje ja\u010danje saradnje i dobrih odnosa izme\u0111u zemalja i naroda, naro\u010dito onih na Balkanu.<\/p>\n<p>Izvor: Tanjug<\/p>\n","protected":false},"excerpt":{"rendered":"<p>Predsjednik Bo\u0161nja\u010dkog nacionalnog vije\u0107a Sulejman Ugljanin uputio je danas \u010destitku turskom predsjedniku Recepu Tayyipu Erdoganu, povodom pobjede na referendumu. \u201cU ime Bo\u0161njaka Sand\u017eaka i u svoje li\u010dno ime Vama, Va\u0161im saradnicima i celom turskom narodu \u010destitam na ovoj va\u017enoj pobjedi i podr\u0161ci prijedlogu ustavnih reformi. Izja\u0161njavanjem ve\u0107ine turskog naroda i prihvatanjem predlo\u017eenih ustavnih reformi stvaraju [&hellip;]<\/p>\n","protected":false},"author":509,"featured_media":184878,"comment_status":"open","ping_status":"open","sticky":false,"template":"","format":"standard","meta":{"footnotes":""},"categories":[1,2692],"tags":[],"class_list":{"0":"post-184874","1":"post","2":"type-post","3":"status-publish","4":"format-standard","5":"has-post-thumbnail","7":"category-politika","8":"category-turska-gradovi"},"yoast_head":"<!-- This site is optimized with the Yoast SEO Premium plugin v23.1 (Yoast SEO v24.9) - https:\/\/yoast.com\/wordpress\/plugins\/seo\/ -->\n<title>Ugljanin \u010destitao Erdoganu<\/title>\n<meta name=\"robots\" content=\"index, follow, max-snippet:-1, max-image-preview:large, max-video-preview:-1\" \/>\n<link rel=\"canonical\" href=\"https:\/\/sandzakpress.net\/arhiva\/ugljanin-cestitao-erdoganu\/\" \/>\n<meta property=\"og:locale\" content=\"bs_BA\" \/>\n<meta property=\"og:type\" content=\"article\" \/>\n<meta property=\"og:title\" content=\"Ugljanin \u010destitao Erdoganu\" \/>\n<meta property=\"og:description\" content=\"Predsjednik Bo\u0161nja\u010dkog nacionalnog vije\u0107a Sulejman Ugljanin uputio je danas \u010destitku turskom predsjedniku Recepu Tayyipu Erdoganu, povodom pobjede na referendumu. \u201cU ime Bo\u0161njaka Sand\u017eaka i u svoje li\u010dno ime Vama, Va\u0161im saradnicima i celom turskom narodu \u010destitam na ovoj va\u017enoj pobjedi i podr\u0161ci prijedlogu ustavnih reformi. Izja\u0161njavanjem ve\u0107ine turskog naroda i prihvatanjem predlo\u017eenih ustavnih reformi stvaraju [&hellip;]\" \/>\n<meta property=\"og:url\" content=\"https:\/\/sandzakpress.net\/arhiva\/ugljanin-cestitao-erdoganu\/\" \/>\n<meta property=\"og:site_name\" content=\"Sand\u017eak PRESS\" \/>\n<meta property=\"article:published_time\" content=\"2017-04-17T18:34:25+00:00\" \/>\n<meta property=\"og:image\" content=\"https:\/\/sandzakpress.net\/arhiva\/wp-content\/uploads\/2017\/04\/ugljanin-erdogan-660x330.jpg\" \/>\n\t<meta property=\"og:image:width\" content=\"660\" \/>\n\t<meta property=\"og:image:height\" content=\"330\" \/>\n\t<meta property=\"og:image:type\" content=\"image\/jpeg\" \/>\n<meta name=\"author\" content=\"Agencija\" \/>\n<meta name=\"twitter:card\" content=\"summary_large_image\" \/>\n<meta name=\"twitter:label1\" content=\"Written by\" \/>\n\t<meta name=\"twitter:data1\" content=\"Agencija\" \/>\n\t<meta name=\"twitter:label2\" content=\"Est. reading time\" \/>\n\t<meta name=\"twitter:data2\" content=\"1 minuta\" \/>\n<script type=\"application\/ld+json\" class=\"yoast-schema-graph\">{\"@context\":\"https:\/\/schema.org\",\"@graph\":[{\"@type\":\"Article\",\"@id\":\"https:\/\/sandzakpress.net\/arhiva\/ugljanin-cestitao-erdoganu\/#article\",\"isPartOf\":{\"@id\":\"https:\/\/sandzakpress.net\/arhiva\/ugljanin-cestitao-erdoganu\/\"},\"author\":{\"name\":\"Agencija\",\"@id\":\"https:\/\/sandzakpress.net\/arhiva\/#\/schema\/person\/cb59d7e3ab91ab90dd680ad0305a6185\"},\"headline\":\"Ugljanin \u010destitao Erdoganu\",\"datePublished\":\"2017-04-17T18:34:25+00:00\",\"mainEntityOfPage\":{\"@id\":\"https:\/\/sandzakpress.net\/arhiva\/ugljanin-cestitao-erdoganu\/\"},\"wordCount\":141,\"commentCount\":6,\"publisher\":{\"@id\":\"https:\/\/sandzakpress.net\/arhiva\/#\/schema\/person\/6e72b67d6e51910a1117b3b483ba20bd\"},\"image\":{\"@id\":\"https:\/\/sandzakpress.net\/arhiva\/ugljanin-cestitao-erdoganu\/#primaryimage\"},\"thumbnailUrl\":\"https:\/\/sandzakpress.net\/arhiva\/wp-content\/uploads\/2017\/04\/ugljanin-erdogan-660x330.jpg\",\"articleSection\":[\"Politika\",\"Turska\"],\"inLanguage\":\"bs-BA\",\"potentialAction\":[{\"@type\":\"CommentAction\",\"name\":\"Comment\",\"target\":[\"https:\/\/sandzakpress.net\/arhiva\/ugljanin-cestitao-erdoganu\/#respond\"]}]},{\"@type\":\"WebPage\",\"@id\":\"https:\/\/sandzakpress.net\/arhiva\/ugljanin-cestitao-erdoganu\/\",\"url\":\"https:\/\/sandzakpress.net\/arhiva\/ugljanin-cestitao-erdoganu\/\",\"name\":\"Ugljanin \u010destitao Erdoganu\",\"isPartOf\":{\"@id\":\"https:\/\/sandzakpress.net\/arhiva\/#website\"},\"primaryImageOfPage\":{\"@id\":\"https:\/\/sandzakpress.net\/arhiva\/ugljanin-cestitao-erdoganu\/#primaryimage\"},\"image\":{\"@id\":\"https:\/\/sandzakpress.net\/arhiva\/ugljanin-cestitao-erdoganu\/#primaryimage\"},\"thumbnailUrl\":\"https:\/\/sandzakpress.net\/arhiva\/wp-content\/uploads\/2017\/04\/ugljanin-erdogan-660x330.jpg\",\"datePublished\":\"2017-04-17T18:34:25+00:00\",\"breadcrumb\":{\"@id\":\"https:\/\/sandzakpress.net\/arhiva\/ugljanin-cestitao-erdoganu\/#breadcrumb\"},\"inLanguage\":\"bs-BA\",\"potentialAction\":[{\"@type\":\"ReadAction\",\"target\":[\"https:\/\/sandzakpress.net\/arhiva\/ugljanin-cestitao-erdoganu\/\"]}]},{\"@type\":\"ImageObject\",\"inLanguage\":\"bs-BA\",\"@id\":\"https:\/\/sandzakpress.net\/arhiva\/ugljanin-cestitao-erdoganu\/#primaryimage\",\"url\":\"https:\/\/sandzakpress.net\/arhiva\/wp-content\/uploads\/2017\/04\/ugljanin-erdogan-660x330.jpg\",\"contentUrl\":\"https:\/\/sandzakpress.net\/arhiva\/wp-content\/uploads\/2017\/04\/ugljanin-erdogan-660x330.jpg\",\"width\":660,\"height\":330},{\"@type\":\"BreadcrumbList\",\"@id\":\"https:\/\/sandzakpress.net\/arhiva\/ugljanin-cestitao-erdoganu\/#breadcrumb\",\"itemListElement\":[{\"@type\":\"ListItem\",\"position\":1,\"name\":\"Home\",\"item\":\"https:\/\/sandzakpress.net\/arhiva\/\"},{\"@type\":\"ListItem\",\"position\":2,\"name\":\"Ugljanin \u010destitao Erdoganu\"}]},{\"@type\":\"WebSite\",\"@id\":\"https:\/\/sandzakpress.net\/arhiva\/#website\",\"url\":\"https:\/\/sandzakpress.net\/arhiva\/\",\"name\":\"Sand\u017eak PRESS\",\"description\":\"Prve elektronske novine u Sand\u017eaku\",\"publisher\":{\"@id\":\"https:\/\/sandzakpress.net\/arhiva\/#\/schema\/person\/6e72b67d6e51910a1117b3b483ba20bd\"},\"potentialAction\":[{\"@type\":\"SearchAction\",\"target\":{\"@type\":\"EntryPoint\",\"urlTemplate\":\"https:\/\/sandzakpress.net\/arhiva\/?s={search_term_string}\"},\"query-input\":{\"@type\":\"PropertyValueSpecification\",\"valueRequired\":true,\"valueName\":\"search_term_string\"}}],\"inLanguage\":\"bs-BA\"},{\"@type\":[\"Person\",\"Organization\"],\"@id\":\"https:\/\/sandzakpress.net\/arhiva\/#\/schema\/person\/6e72b67d6e51910a1117b3b483ba20bd\",\"name\":\"Kul\",\"image\":{\"@type\":\"ImageObject\",\"inLanguage\":\"bs-BA\",\"@id\":\"https:\/\/sandzakpress.net\/arhiva\/#\/schema\/person\/image\/\",\"url\":\"https:\/\/secure.gravatar.com\/avatar\/42263f39aa27ac04c43cab85c280eb2e?s=96&d=mm&r=pg\",\"contentUrl\":\"https:\/\/secure.gravatar.com\/avatar\/42263f39aa27ac04c43cab85c280eb2e?s=96&d=mm&r=pg\",\"caption\":\"Kul\"},\"logo\":{\"@id\":\"https:\/\/sandzakpress.net\/arhiva\/#\/schema\/person\/image\/\"}},{\"@type\":\"Person\",\"@id\":\"https:\/\/sandzakpress.net\/arhiva\/#\/schema\/person\/cb59d7e3ab91ab90dd680ad0305a6185\",\"name\":\"Agencija\",\"image\":{\"@type\":\"ImageObject\",\"inLanguage\":\"bs-BA\",\"@id\":\"https:\/\/sandzakpress.net\/arhiva\/#\/schema\/person\/image\/\",\"url\":\"https:\/\/secure.gravatar.com\/avatar\/4b7fafa80a22f0c2afe23966b3961fe0?s=96&d=mm&r=pg\",\"contentUrl\":\"https:\/\/secure.gravatar.com\/avatar\/4b7fafa80a22f0c2afe23966b3961fe0?s=96&d=mm&r=pg\",\"caption\":\"Agencija\"},\"url\":\"https:\/\/sandzakpress.net\/arhiva\/author\/agencija\/\"}]}<\/script>\n<!-- \/ Yoast SEO Premium plugin. -->","yoast_head_json":{"title":"Ugljanin \u010destitao Erdoganu","robots":{"index":"index","follow":"follow","max-snippet":"max-snippet:-1","max-image-preview":"max-image-preview:large","max-video-preview":"max-video-preview:-1"},"canonical":"https:\/\/sandzakpress.net\/arhiva\/ugljanin-cestitao-erdoganu\/","og_locale":"bs_BA","og_type":"article","og_title":"Ugljanin \u010destitao Erdoganu","og_description":"Predsjednik Bo\u0161nja\u010dkog nacionalnog vije\u0107a Sulejman Ugljanin uputio je danas \u010destitku turskom predsjedniku Recepu Tayyipu Erdoganu, povodom pobjede na referendumu. \u201cU ime Bo\u0161njaka Sand\u017eaka i u svoje li\u010dno ime Vama, Va\u0161im saradnicima i celom turskom narodu \u010destitam na ovoj va\u017enoj pobjedi i podr\u0161ci prijedlogu ustavnih reformi. Izja\u0161njavanjem ve\u0107ine turskog naroda i prihvatanjem predlo\u017eenih ustavnih reformi stvaraju [&hellip;]","og_url":"https:\/\/sandzakpress.net\/arhiva\/ugljanin-cestitao-erdoganu\/","og_site_name":"Sand\u017eak PRESS","article_published_time":"2017-04-17T18:34:25+00:00","og_image":[{"width":660,"height":330,"url":"https:\/\/sandzakpress.net\/arhiva\/wp-content\/uploads\/2017\/04\/ugljanin-erdogan-660x330.jpg","type":"image\/jpeg"}],"author":"Agencija","twitter_card":"summary_large_image","twitter_misc":{"Written by":"Agencija","Est. reading time":"1 minuta"},"schema":{"@context":"https:\/\/schema.org","@graph":[{"@type":"Article","@id":"https:\/\/sandzakpress.net\/arhiva\/ugljanin-cestitao-erdoganu\/#article","isPartOf":{"@id":"https:\/\/sandzakpress.net\/arhiva\/ugljanin-cestitao-erdoganu\/"},"author":{"name":"Agencija","@id":"https:\/\/sandzakpress.net\/arhiva\/#\/schema\/person\/cb59d7e3ab91ab90dd680ad0305a6185"},"headline":"Ugljanin \u010destitao Erdoganu","datePublished":"2017-04-17T18:34:25+00:00","mainEntityOfPage":{"@id":"https:\/\/sandzakpress.net\/arhiva\/ugljanin-cestitao-erdoganu\/"},"wordCount":141,"commentCount":6,"publisher":{"@id":"https:\/\/sandzakpress.net\/arhiva\/#\/schema\/person\/6e72b67d6e51910a1117b3b483ba20bd"},"image":{"@id":"https:\/\/sandzakpress.net\/arhiva\/ugljanin-cestitao-erdoganu\/#primaryimage"},"thumbnailUrl":"https:\/\/sandzakpress.net\/arhiva\/wp-content\/uploads\/2017\/04\/ugljanin-erdogan-660x330.jpg","articleSection":["Politika","Turska"],"inLanguage":"bs-BA","potentialAction":[{"@type":"CommentAction","name":"Comment","target":["https:\/\/sandzakpress.net\/arhiva\/ugljanin-cestitao-erdoganu\/#respond"]}]},{"@type":"WebPage","@id":"https:\/\/sandzakpress.net\/arhiva\/ugljanin-cestitao-erdoganu\/","url":"https:\/\/sandzakpress.net\/arhiva\/ugljanin-cestitao-erdoganu\/","name":"Ugljanin \u010destitao Erdoganu","isPartOf":{"@id":"https:\/\/sandzakpress.net\/arhiva\/#website"},"primaryImageOfPage":{"@id":"https:\/\/sandzakpress.net\/arhiva\/ugljanin-cestitao-erdoganu\/#primaryimage"},"image":{"@id":"https:\/\/sandzakpress.net\/arhiva\/ugljanin-cestitao-erdoganu\/#primaryimage"},"thumbnailUrl":"https:\/\/sandzakpress.net\/arhiva\/wp-content\/uploads\/2017\/04\/ugljanin-erdogan-660x330.jpg","datePublished":"2017-04-17T18:34:25+00:00","breadcrumb":{"@id":"https:\/\/sandzakpress.net\/arhiva\/ugljanin-cestitao-erdoganu\/#breadcrumb"},"inLanguage":"bs-BA","potentialAction":[{"@type":"ReadAction","target":["https:\/\/sandzakpress.net\/arhiva\/ugljanin-cestitao-erdoganu\/"]}]},{"@type":"ImageObject","inLanguage":"bs-BA","@id":"https:\/\/sandzakpress.net\/arhiva\/ugljanin-cestitao-erdoganu\/#primaryimage","url":"https:\/\/sandzakpress.net\/arhiva\/wp-content\/uploads\/2017\/04\/ugljanin-erdogan-660x330.jpg","contentUrl":"https:\/\/sandzakpress.net\/arhiva\/wp-content\/uploads\/2017\/04\/ugljanin-erdogan-660x330.jpg","width":660,"height":330},{"@type":"BreadcrumbList","@id":"https:\/\/sandzakpress.net\/arhiva\/ugljanin-cestitao-erdoganu\/#breadcrumb","itemListElement":[{"@type":"ListItem","position":1,"name":"Home","item":"https:\/\/sandzakpress.net\/arhiva\/"},{"@type":"ListItem","position":2,"name":"Ugljanin \u010destitao Erdoganu"}]},{"@type":"WebSite","@id":"https:\/\/sandzakpress.net\/arhiva\/#website","url":"https:\/\/sandzakpress.net\/arhiva\/","name":"Sand\u017eak PRESS","description":"Prve elektronske novine u Sand\u017eaku","publisher":{"@id":"https:\/\/sandzakpress.net\/arhiva\/#\/schema\/person\/6e72b67d6e51910a1117b3b483ba20bd"},"potentialAction":[{"@type":"SearchAction","target":{"@type":"EntryPoint","urlTemplate":"https:\/\/sandzakpress.net\/arhiva\/?s={search_term_string}"},"query-input":{"@type":"PropertyValueSpecification","valueRequired":true,"valueName":"search_term_string"}}],"inLanguage":"bs-BA"},{"@type":["Person","Organization"],"@id":"https:\/\/sandzakpress.net\/arhiva\/#\/schema\/person\/6e72b67d6e51910a1117b3b483ba20bd","name":"Kul","image":{"@type":"ImageObject","inLanguage":"bs-BA","@id":"https:\/\/sandzakpress.net\/arhiva\/#\/schema\/person\/image\/","url":"https:\/\/secure.gravatar.com\/avatar\/42263f39aa27ac04c43cab85c280eb2e?s=96&d=mm&r=pg","contentUrl":"https:\/\/secure.gravatar.com\/avatar\/42263f39aa27ac04c43cab85c280eb2e?s=96&d=mm&r=pg","caption":"Kul"},"logo":{"@id":"https:\/\/sandzakpress.net\/arhiva\/#\/schema\/person\/image\/"}},{"@type":"Person","@id":"https:\/\/sandzakpress.net\/arhiva\/#\/schema\/person\/cb59d7e3ab91ab90dd680ad0305a6185","name":"Agencija","image":{"@type":"ImageObject","inLanguage":"bs-BA","@id":"https:\/\/sandzakpress.net\/arhiva\/#\/schema\/person\/image\/","url":"https:\/\/secure.gravatar.com\/avatar\/4b7fafa80a22f0c2afe23966b3961fe0?s=96&d=mm&r=pg","contentUrl":"https:\/\/secure.gravatar.com\/avatar\/4b7fafa80a22f0c2afe23966b3961fe0?s=96&d=mm&r=pg","caption":"Agencija"},"url":"https:\/\/sandzakpress.net\/arhiva\/author\/agencija\/"}]}},"_links":{"self":[{"href":"https:\/\/sandzakpress.net\/arhiva\/wp-json\/wp\/v2\/posts\/184874"}],"collection":[{"href":"https:\/\/sandzakpress.net\/arhiva\/wp-json\/wp\/v2\/posts"}],"about":[{"href":"https:\/\/sandzakpress.net\/arhiva\/wp-json\/wp\/v2\/types\/post"}],"author":[{"embeddable":true,"href":"https:\/\/sandzakpress.net\/arhiva\/wp-json\/wp\/v2\/users\/509"}],"replies":[{"embeddable":true,"href":"https:\/\/sandzakpress.net\/arhiva\/wp-json\/wp\/v2\/comments?post=184874"}],"version-history":[{"count":0,"href":"https:\/\/sandzakpress.net\/arhiva\/wp-json\/wp\/v2\/posts\/184874\/revisions"}],"wp:featuredmedia":[{"embeddable":true,"href":"https:\/\/sandzakpress.net\/arhiva\/wp-json\/wp\/v2\/media\/184878"}],"wp:attachment":[{"href":"https:\/\/sandzakpress.net\/arhiva\/wp-json\/wp\/v2\/media?parent=184874"}],"wp:term":[{"taxonomy":"category","embeddable":true,"href":"https:\/\/sandzakpress.net\/arhiva\/wp-json\/wp\/v2\/categories?post=184874"},{"taxonomy":"post_tag","embeddable":true,"href":"https:\/\/sandzakpress.net\/arhiva\/wp-json\/wp\/v2\/tags?post=184874"}],"curies":[{"name":"wp","href":"https:\/\/api.w.org\/{rel}","templated":true}]}}