{"id":18481,"date":"2011-08-06T15:00:47","date_gmt":"2011-08-06T13:00:47","guid":{"rendered":"https:\/\/sandzakpress.net\/arhiva\/?p=18481"},"modified":"2011-08-06T15:00:47","modified_gmt":"2011-08-06T13:00:47","slug":"skender-i-husnija-iskusavali-demokratiju","status":"publish","type":"post","link":"https:\/\/sandzakpress.net\/arhiva\/skender-i-husnija-iskusavali-demokratiju\/","title":{"rendered":"Skender i Husnija isku\u0161avali demokratiju"},"content":{"rendered":"<p><strong><a href=\"https:\/\/sandzakpress.net\/arhiva\/wp-content\/uploads\/2011\/08\/1312416304.jpg\"><img loading=\"lazy\" decoding=\"async\" class=\"alignleft size-medium wp-image-18482\" src=\"https:\/\/sandzakpress.net\/arhiva\/wp-content\/uploads\/2011\/08\/1312416304-300x180.jpg\" alt=\"\" width=\"300\" height=\"180\" \/><\/a>Plav &#8211; Kandidat DPS-a za gradona\u010delnika Plava bi\u0107e, kako je odlu\u010deno na  sino\u0107 odr\u017eanoj sjednici Op\u0107inskog odbora &#8211; Husnija \u0160abovi\u0107,   predsjednik tog odbora i poslanik u dr\u017eavnom parlamentu. Dosada\u0161nji  gradona\u010delnik i njegov protivkandidat Skender \u0160arkinovi\u0107 \u010destitao mu je &#8211;  prijateljski i drugarski<\/strong><\/p>\n<p>Trena\u017eni proces unutarpartijske demokratije u Demokratskoj  partiji socijalista Plava protekao je mo\u017eda i ne ba\u0161 sasvim o\u010dekivano &#8211;  mirno i bez naru\u0161avanja \u201cdrugarskih i prijateljskih odnosa\u201d izme\u0111u dva  kandidata za gradona\u010delnika &#8211; dosada\u0161njeg predsjednika op\u0161tine Skendera  \u0160arkinovi\u0107a i predsjednika OO DPS Husnije \u0160abovi\u0107a, ina\u010de poslanika u  dr\u017eavnom parlamentu. \u0160abovi\u0107 je na sjednici plavske organizacije DPS-a  dobio prednost i odbornici op\u0161tinskog parlamenta na prvom narednom  zasijedanju izja\u0161njava\u0107e se samo o njegovoj kandidaturi. Podsje\u0107amo:<\/p>\n<p>Proces kandidovanja trajao je ne\u0161to vi\u0161e od mjesec dana, i nakon  zatvaranja kona\u010dne liste ispostavilo se da su \u201cu igri\u201d \u010detiri kandidata,  ali su dvojica na samom startu li\u010dno odbili \u0161ansu da u\u0111u u proces  izbora. Kandidature su prihvatili \u0160arkinovi\u0107 i \u0160abovi\u0107, jer su prvog  podr\u017eala tri, a drugog &#8211; \u0161est mjesnih odbora. Tamo gdje su kandidati  bili obojica, prednost je dobijao &#8211; \u0160abovi\u0107.<\/p>\n<p>Mislim da je cijela procedura, od po\u010detka do kraja, bila i  formalno i su\u0161tinski demokratska.Va\u017eno je, tako\u0111e, da smo obje  kandidature, sa oba programa, uputili ravnopravno na izja\u0161njavanje  Predsjedni\u0161tvu Demokratske partije socijalista Crne Gore i time pokazali  punu predanost da i na ovaj na\u010din demonstriramo partijsko jedinstvo,  ali na potpuno demokratskim osnovama, ka\u017ee \u0160abovi\u0107.<\/p>\n<p>Zanimljivo je, me\u0111utim, da je i partijski vrh iz podgori\u010dke  centrale reagovao &#8211; blagorodno. Naravno, u politi\u010dkom smislu. Izostali  su nalozi i direktive! Plavskoj ispostavi DPS sugerisano je da o svemu  odlu\u010duje autonomno. Uz napomenu da sami izaberu  jedinog kandidata za  gradona\u010delnika, kako u lokalnom parlamentu ne bi bilo nikakvih dilema.<\/p>\n<p>Jo\u0161 zanimljivijim \u010dini se rezultat neformalne ankete me\u0111u desetak  slu\u010dajno \u201cpresretnutih\u201d depeesovaca koji su proceduru ocijenili pomalo  neubi\u010dajenom, ali neuporedivo prihvatljivijom od dono\u0161enja kona\u010dnih  odluka u podgori\u010dkoj centrali. Ve\u0107ina na\u0161ih sagovornika, a dvojica su  \u010dlanovi Op\u0161tinskog odbora DPS, prednost su dali &#8211; \u0160arkinovi\u0107u. No, bez i  jedne negativne ocjene na ra\u010dun \u0160abovi\u0107a. Posebno, bez izuzetka, va\u017enim  smatraju da u cijeloj kampanji ova dva  kandidata &#8211; jedan o drugom  nijesu izgovorili ni jednu ru\u017enu rije\u010d.<\/p>\n<p>Naprotiv&#8230;<\/p>\n<p>Na primjer: \u0160abovi\u0107 je na kraju programa koji je razmatran,  izme\u0111u ostalog i na Predsjedni\u0161tvu DPS-a, napisao da ukoliko on bude  jedini kandidat &#8211; \u201cu\u010dini\u0107e sve da intenzivira razvoj op\u0161tine\u201d, a ako  bude odlu\u010deno da se \u0160arkinovi\u0107u povjeri drugi mandat &#8211; \u201cnastoja\u0107e da na  sve na\u010dine pomogne svomom prijatelju i partijskom drugu u realizaciji  njegovog programa. &#8230;\u201d<\/p>\n<p>Prijateljske i gra\u0111anski odmjerene poruke stizale su tokom  cijelog procesa i od strane Skendera \u0160arkinovi\u0107a, pa se u pojedinim  momentima \u010dinilo da &#8211; ko god bude izabran, plavska op\u0161tina bi\u0107e jednako &#8211;  ili na dobitku, ali i na gubitku.<\/p>\n<p>Izvor: <strong>Pobjeda.Co.me<\/strong><\/p>\n","protected":false},"excerpt":{"rendered":"<p>Plav &#8211; Kandidat DPS-a za gradona\u010delnika Plava bi\u0107e, kako je odlu\u010deno na sino\u0107 odr\u017eanoj sjednici Op\u0107inskog odbora &#8211; Husnija \u0160abovi\u0107, predsjednik tog odbora i poslanik u dr\u017eavnom parlamentu. Dosada\u0161nji gradona\u010delnik i njegov protivkandidat Skender \u0160arkinovi\u0107 \u010destitao mu je &#8211; prijateljski i drugarski Trena\u017eni proces unutarpartijske demokratije u Demokratskoj partiji socijalista Plava protekao je mo\u017eda i [&hellip;]<\/p>\n","protected":false},"author":13,"featured_media":18482,"comment_status":"open","ping_status":"open","sticky":false,"template":"","format":"standard","meta":{"footnotes":""},"categories":[1,399],"tags":[],"class_list":{"0":"post-18481","1":"post","2":"type-post","3":"status-publish","4":"format-standard","5":"has-post-thumbnail","7":"category-politika","8":"category-plav_"},"yoast_head":"<!-- This site is optimized with the Yoast SEO Premium plugin v23.1 (Yoast SEO v24.9) - https:\/\/yoast.com\/wordpress\/plugins\/seo\/ -->\n<title>Skender i Husnija isku\u0161avali demokratiju<\/title>\n<meta name=\"robots\" content=\"index, follow, max-snippet:-1, max-image-preview:large, max-video-preview:-1\" \/>\n<link rel=\"canonical\" href=\"https:\/\/sandzakpress.net\/arhiva\/skender-i-husnija-iskusavali-demokratiju\/\" \/>\n<meta property=\"og:locale\" content=\"bs_BA\" \/>\n<meta property=\"og:type\" content=\"article\" \/>\n<meta property=\"og:title\" content=\"Skender i Husnija isku\u0161avali demokratiju\" \/>\n<meta property=\"og:description\" content=\"Plav &#8211; Kandidat DPS-a za gradona\u010delnika Plava bi\u0107e, kako je odlu\u010deno na sino\u0107 odr\u017eanoj sjednici Op\u0107inskog odbora &#8211; Husnija \u0160abovi\u0107, predsjednik tog odbora i poslanik u dr\u017eavnom parlamentu. Dosada\u0161nji gradona\u010delnik i njegov protivkandidat Skender \u0160arkinovi\u0107 \u010destitao mu je &#8211; prijateljski i drugarski Trena\u017eni proces unutarpartijske demokratije u Demokratskoj partiji socijalista Plava protekao je mo\u017eda i [&hellip;]\" \/>\n<meta property=\"og:url\" content=\"https:\/\/sandzakpress.net\/arhiva\/skender-i-husnija-iskusavali-demokratiju\/\" \/>\n<meta property=\"og:site_name\" content=\"Sand\u017eak PRESS\" \/>\n<meta property=\"article:published_time\" content=\"2011-08-06T13:00:47+00:00\" \/>\n<meta property=\"og:image\" content=\"https:\/\/sandzakpress.net\/arhiva\/wp-content\/uploads\/2011\/08\/1312416304.jpg\" \/>\n\t<meta property=\"og:image:width\" content=\"460\" \/>\n\t<meta property=\"og:image:height\" content=\"276\" \/>\n\t<meta property=\"og:image:type\" content=\"image\/jpeg\" \/>\n<meta name=\"twitter:card\" content=\"summary_large_image\" \/>\n<meta name=\"twitter:label1\" content=\"Written by\" \/>\n\t<meta name=\"twitter:data1\" content=\"\" \/>\n\t<meta name=\"twitter:label2\" content=\"Est. reading time\" \/>\n\t<meta name=\"twitter:data2\" content=\"3 minute\" \/>\n<script type=\"application\/ld+json\" class=\"yoast-schema-graph\">{\"@context\":\"https:\/\/schema.org\",\"@graph\":[{\"@type\":\"Article\",\"@id\":\"https:\/\/sandzakpress.net\/arhiva\/skender-i-husnija-iskusavali-demokratiju\/#article\",\"isPartOf\":{\"@id\":\"https:\/\/sandzakpress.net\/arhiva\/skender-i-husnija-iskusavali-demokratiju\/\"},\"author\":{\"name\":\"\",\"@id\":\"\"},\"headline\":\"Skender i Husnija isku\u0161avali demokratiju\",\"datePublished\":\"2011-08-06T13:00:47+00:00\",\"mainEntityOfPage\":{\"@id\":\"https:\/\/sandzakpress.net\/arhiva\/skender-i-husnija-iskusavali-demokratiju\/\"},\"wordCount\":534,\"commentCount\":0,\"publisher\":{\"@id\":\"https:\/\/sandzakpress.net\/arhiva\/#\/schema\/person\/6e72b67d6e51910a1117b3b483ba20bd\"},\"image\":{\"@id\":\"https:\/\/sandzakpress.net\/arhiva\/skender-i-husnija-iskusavali-demokratiju\/#primaryimage\"},\"thumbnailUrl\":\"https:\/\/sandzakpress.net\/arhiva\/wp-content\/uploads\/2011\/08\/1312416304.jpg\",\"articleSection\":[\"Politika\",\"Plav\"],\"inLanguage\":\"bs-BA\",\"potentialAction\":[{\"@type\":\"CommentAction\",\"name\":\"Comment\",\"target\":[\"https:\/\/sandzakpress.net\/arhiva\/skender-i-husnija-iskusavali-demokratiju\/#respond\"]}]},{\"@type\":\"WebPage\",\"@id\":\"https:\/\/sandzakpress.net\/arhiva\/skender-i-husnija-iskusavali-demokratiju\/\",\"url\":\"https:\/\/sandzakpress.net\/arhiva\/skender-i-husnija-iskusavali-demokratiju\/\",\"name\":\"Skender i Husnija isku\u0161avali demokratiju\",\"isPartOf\":{\"@id\":\"https:\/\/sandzakpress.net\/arhiva\/#website\"},\"primaryImageOfPage\":{\"@id\":\"https:\/\/sandzakpress.net\/arhiva\/skender-i-husnija-iskusavali-demokratiju\/#primaryimage\"},\"image\":{\"@id\":\"https:\/\/sandzakpress.net\/arhiva\/skender-i-husnija-iskusavali-demokratiju\/#primaryimage\"},\"thumbnailUrl\":\"https:\/\/sandzakpress.net\/arhiva\/wp-content\/uploads\/2011\/08\/1312416304.jpg\",\"datePublished\":\"2011-08-06T13:00:47+00:00\",\"breadcrumb\":{\"@id\":\"https:\/\/sandzakpress.net\/arhiva\/skender-i-husnija-iskusavali-demokratiju\/#breadcrumb\"},\"inLanguage\":\"bs-BA\",\"potentialAction\":[{\"@type\":\"ReadAction\",\"target\":[\"https:\/\/sandzakpress.net\/arhiva\/skender-i-husnija-iskusavali-demokratiju\/\"]}]},{\"@type\":\"ImageObject\",\"inLanguage\":\"bs-BA\",\"@id\":\"https:\/\/sandzakpress.net\/arhiva\/skender-i-husnija-iskusavali-demokratiju\/#primaryimage\",\"url\":\"https:\/\/sandzakpress.net\/arhiva\/wp-content\/uploads\/2011\/08\/1312416304.jpg\",\"contentUrl\":\"https:\/\/sandzakpress.net\/arhiva\/wp-content\/uploads\/2011\/08\/1312416304.jpg\",\"width\":460,\"height\":276},{\"@type\":\"BreadcrumbList\",\"@id\":\"https:\/\/sandzakpress.net\/arhiva\/skender-i-husnija-iskusavali-demokratiju\/#breadcrumb\",\"itemListElement\":[{\"@type\":\"ListItem\",\"position\":1,\"name\":\"Home\",\"item\":\"https:\/\/sandzakpress.net\/arhiva\/\"},{\"@type\":\"ListItem\",\"position\":2,\"name\":\"Skender i Husnija isku\u0161avali demokratiju\"}]},{\"@type\":\"WebSite\",\"@id\":\"https:\/\/sandzakpress.net\/arhiva\/#website\",\"url\":\"https:\/\/sandzakpress.net\/arhiva\/\",\"name\":\"Sand\u017eak PRESS\",\"description\":\"Prve elektronske novine u Sand\u017eaku\",\"publisher\":{\"@id\":\"https:\/\/sandzakpress.net\/arhiva\/#\/schema\/person\/6e72b67d6e51910a1117b3b483ba20bd\"},\"potentialAction\":[{\"@type\":\"SearchAction\",\"target\":{\"@type\":\"EntryPoint\",\"urlTemplate\":\"https:\/\/sandzakpress.net\/arhiva\/?s={search_term_string}\"},\"query-input\":{\"@type\":\"PropertyValueSpecification\",\"valueRequired\":true,\"valueName\":\"search_term_string\"}}],\"inLanguage\":\"bs-BA\"},{\"@type\":[\"Person\",\"Organization\"],\"@id\":\"https:\/\/sandzakpress.net\/arhiva\/#\/schema\/person\/6e72b67d6e51910a1117b3b483ba20bd\",\"name\":\"Kul\",\"image\":{\"@type\":\"ImageObject\",\"inLanguage\":\"bs-BA\",\"@id\":\"https:\/\/sandzakpress.net\/arhiva\/#\/schema\/person\/image\/\",\"url\":\"https:\/\/secure.gravatar.com\/avatar\/42263f39aa27ac04c43cab85c280eb2e?s=96&d=mm&r=pg\",\"contentUrl\":\"https:\/\/secure.gravatar.com\/avatar\/42263f39aa27ac04c43cab85c280eb2e?s=96&d=mm&r=pg\",\"caption\":\"Kul\"},\"logo\":{\"@id\":\"https:\/\/sandzakpress.net\/arhiva\/#\/schema\/person\/image\/\"}},{\"@type\":\"Person\",\"@id\":\"\",\"url\":\"https:\/\/sandzakpress.net\/arhiva\/author\/\"}]}<\/script>\n<!-- \/ Yoast SEO Premium plugin. -->","yoast_head_json":{"title":"Skender i Husnija isku\u0161avali demokratiju","robots":{"index":"index","follow":"follow","max-snippet":"max-snippet:-1","max-image-preview":"max-image-preview:large","max-video-preview":"max-video-preview:-1"},"canonical":"https:\/\/sandzakpress.net\/arhiva\/skender-i-husnija-iskusavali-demokratiju\/","og_locale":"bs_BA","og_type":"article","og_title":"Skender i Husnija isku\u0161avali demokratiju","og_description":"Plav &#8211; Kandidat DPS-a za gradona\u010delnika Plava bi\u0107e, kako je odlu\u010deno na sino\u0107 odr\u017eanoj sjednici Op\u0107inskog odbora &#8211; Husnija \u0160abovi\u0107, predsjednik tog odbora i poslanik u dr\u017eavnom parlamentu. Dosada\u0161nji gradona\u010delnik i njegov protivkandidat Skender \u0160arkinovi\u0107 \u010destitao mu je &#8211; prijateljski i drugarski Trena\u017eni proces unutarpartijske demokratije u Demokratskoj partiji socijalista Plava protekao je mo\u017eda i [&hellip;]","og_url":"https:\/\/sandzakpress.net\/arhiva\/skender-i-husnija-iskusavali-demokratiju\/","og_site_name":"Sand\u017eak PRESS","article_published_time":"2011-08-06T13:00:47+00:00","og_image":[{"width":460,"height":276,"url":"https:\/\/sandzakpress.net\/arhiva\/wp-content\/uploads\/2011\/08\/1312416304.jpg","type":"image\/jpeg"}],"twitter_card":"summary_large_image","twitter_misc":{"Written by":"","Est. reading time":"3 minute"},"schema":{"@context":"https:\/\/schema.org","@graph":[{"@type":"Article","@id":"https:\/\/sandzakpress.net\/arhiva\/skender-i-husnija-iskusavali-demokratiju\/#article","isPartOf":{"@id":"https:\/\/sandzakpress.net\/arhiva\/skender-i-husnija-iskusavali-demokratiju\/"},"author":{"name":"","@id":""},"headline":"Skender i Husnija isku\u0161avali demokratiju","datePublished":"2011-08-06T13:00:47+00:00","mainEntityOfPage":{"@id":"https:\/\/sandzakpress.net\/arhiva\/skender-i-husnija-iskusavali-demokratiju\/"},"wordCount":534,"commentCount":0,"publisher":{"@id":"https:\/\/sandzakpress.net\/arhiva\/#\/schema\/person\/6e72b67d6e51910a1117b3b483ba20bd"},"image":{"@id":"https:\/\/sandzakpress.net\/arhiva\/skender-i-husnija-iskusavali-demokratiju\/#primaryimage"},"thumbnailUrl":"https:\/\/sandzakpress.net\/arhiva\/wp-content\/uploads\/2011\/08\/1312416304.jpg","articleSection":["Politika","Plav"],"inLanguage":"bs-BA","potentialAction":[{"@type":"CommentAction","name":"Comment","target":["https:\/\/sandzakpress.net\/arhiva\/skender-i-husnija-iskusavali-demokratiju\/#respond"]}]},{"@type":"WebPage","@id":"https:\/\/sandzakpress.net\/arhiva\/skender-i-husnija-iskusavali-demokratiju\/","url":"https:\/\/sandzakpress.net\/arhiva\/skender-i-husnija-iskusavali-demokratiju\/","name":"Skender i Husnija isku\u0161avali demokratiju","isPartOf":{"@id":"https:\/\/sandzakpress.net\/arhiva\/#website"},"primaryImageOfPage":{"@id":"https:\/\/sandzakpress.net\/arhiva\/skender-i-husnija-iskusavali-demokratiju\/#primaryimage"},"image":{"@id":"https:\/\/sandzakpress.net\/arhiva\/skender-i-husnija-iskusavali-demokratiju\/#primaryimage"},"thumbnailUrl":"https:\/\/sandzakpress.net\/arhiva\/wp-content\/uploads\/2011\/08\/1312416304.jpg","datePublished":"2011-08-06T13:00:47+00:00","breadcrumb":{"@id":"https:\/\/sandzakpress.net\/arhiva\/skender-i-husnija-iskusavali-demokratiju\/#breadcrumb"},"inLanguage":"bs-BA","potentialAction":[{"@type":"ReadAction","target":["https:\/\/sandzakpress.net\/arhiva\/skender-i-husnija-iskusavali-demokratiju\/"]}]},{"@type":"ImageObject","inLanguage":"bs-BA","@id":"https:\/\/sandzakpress.net\/arhiva\/skender-i-husnija-iskusavali-demokratiju\/#primaryimage","url":"https:\/\/sandzakpress.net\/arhiva\/wp-content\/uploads\/2011\/08\/1312416304.jpg","contentUrl":"https:\/\/sandzakpress.net\/arhiva\/wp-content\/uploads\/2011\/08\/1312416304.jpg","width":460,"height":276},{"@type":"BreadcrumbList","@id":"https:\/\/sandzakpress.net\/arhiva\/skender-i-husnija-iskusavali-demokratiju\/#breadcrumb","itemListElement":[{"@type":"ListItem","position":1,"name":"Home","item":"https:\/\/sandzakpress.net\/arhiva\/"},{"@type":"ListItem","position":2,"name":"Skender i Husnija isku\u0161avali demokratiju"}]},{"@type":"WebSite","@id":"https:\/\/sandzakpress.net\/arhiva\/#website","url":"https:\/\/sandzakpress.net\/arhiva\/","name":"Sand\u017eak PRESS","description":"Prve elektronske novine u Sand\u017eaku","publisher":{"@id":"https:\/\/sandzakpress.net\/arhiva\/#\/schema\/person\/6e72b67d6e51910a1117b3b483ba20bd"},"potentialAction":[{"@type":"SearchAction","target":{"@type":"EntryPoint","urlTemplate":"https:\/\/sandzakpress.net\/arhiva\/?s={search_term_string}"},"query-input":{"@type":"PropertyValueSpecification","valueRequired":true,"valueName":"search_term_string"}}],"inLanguage":"bs-BA"},{"@type":["Person","Organization"],"@id":"https:\/\/sandzakpress.net\/arhiva\/#\/schema\/person\/6e72b67d6e51910a1117b3b483ba20bd","name":"Kul","image":{"@type":"ImageObject","inLanguage":"bs-BA","@id":"https:\/\/sandzakpress.net\/arhiva\/#\/schema\/person\/image\/","url":"https:\/\/secure.gravatar.com\/avatar\/42263f39aa27ac04c43cab85c280eb2e?s=96&d=mm&r=pg","contentUrl":"https:\/\/secure.gravatar.com\/avatar\/42263f39aa27ac04c43cab85c280eb2e?s=96&d=mm&r=pg","caption":"Kul"},"logo":{"@id":"https:\/\/sandzakpress.net\/arhiva\/#\/schema\/person\/image\/"}},{"@type":"Person","@id":"","url":"https:\/\/sandzakpress.net\/arhiva\/author\/"}]}},"_links":{"self":[{"href":"https:\/\/sandzakpress.net\/arhiva\/wp-json\/wp\/v2\/posts\/18481"}],"collection":[{"href":"https:\/\/sandzakpress.net\/arhiva\/wp-json\/wp\/v2\/posts"}],"about":[{"href":"https:\/\/sandzakpress.net\/arhiva\/wp-json\/wp\/v2\/types\/post"}],"author":[{"embeddable":true,"href":"https:\/\/sandzakpress.net\/arhiva\/wp-json\/wp\/v2\/users\/13"}],"replies":[{"embeddable":true,"href":"https:\/\/sandzakpress.net\/arhiva\/wp-json\/wp\/v2\/comments?post=18481"}],"version-history":[{"count":0,"href":"https:\/\/sandzakpress.net\/arhiva\/wp-json\/wp\/v2\/posts\/18481\/revisions"}],"wp:featuredmedia":[{"embeddable":true,"href":"https:\/\/sandzakpress.net\/arhiva\/wp-json\/wp\/v2\/media\/18482"}],"wp:attachment":[{"href":"https:\/\/sandzakpress.net\/arhiva\/wp-json\/wp\/v2\/media?parent=18481"}],"wp:term":[{"taxonomy":"category","embeddable":true,"href":"https:\/\/sandzakpress.net\/arhiva\/wp-json\/wp\/v2\/categories?post=18481"},{"taxonomy":"post_tag","embeddable":true,"href":"https:\/\/sandzakpress.net\/arhiva\/wp-json\/wp\/v2\/tags?post=18481"}],"curies":[{"name":"wp","href":"https:\/\/api.w.org\/{rel}","templated":true}]}}