{"id":184357,"date":"2017-04-12T13:24:29","date_gmt":"2017-04-12T11:24:29","guid":{"rendered":"https:\/\/sandzakpress.net\/arhiva\/?p=184357"},"modified":"2017-04-12T13:24:29","modified_gmt":"2017-04-12T11:24:29","slug":"dzudzo-udario-na-bnv-uvodenje-kontrolora-stetan-i-smusen-potez-neovlascenih-i-neodgovornih-lica","status":"publish","type":"post","link":"https:\/\/sandzakpress.net\/arhiva\/dzudzo-udario-na-bnv-uvodenje-kontrolora-stetan-i-smusen-potez-neovlascenih-i-neodgovornih-lica\/","title":{"rendered":"D\u017eud\u017eo udario na BNV &#8211; Uvo\u0111enje kontrolora \u0161tetan i smu\u0161en potez neovla\u0161\u0107enih i neodgovornih lica!"},"content":{"rendered":"<p><img decoding=\"async\" src=\"http:\/\/www.sandzacke.rs\/wp-content\/uploads\/2017\/04\/dzudzo-kontrolori-660x330.jpg\" \/><\/p>\n<p><strong>Potpredsjednik Bo\u0161nja\u010dkog nacionalnog vije\u0107a Esad D\u017eud\u017eo o\u0161tro je kritikovao na svom Facebook profilu uvo\u0111enje nadzornika\u00a0BNV koji bi \u00a0prisustvovali upisu prvaka,\u00a0odnosnu trenutku kada se roditelji izja\u0161njavaju da li \u0107e dijete da u\u010di na srpskom ili na bosanskom.<\/strong><\/p>\n<p>\u201cObzirom da godinama rukovodim procesom implementacije nastave na bosanskom jeziku u Sand\u017eaku, smatram svojom obavezom da ka\u017eem da je poku\u0161aj nepotrebnog uplitanja u postupak upisa djece u prvi razred u novopazarskim osnovnim \u0161kolama, apsolutno \u0161tetan i smu\u0161en potez neovla\u0161\u0107enih i neodgovornih lica, ne sumnjaju\u0107i pritom u njihovu dobru namjeru\u201d, napisao je D\u017eud\u017eo na svom Facebook profilu.<\/p>\n<p><img loading=\"lazy\" decoding=\"async\" class=\"alignnone wp-image-184360 size-full\" src=\"https:\/\/sandzakpress.net\/arhiva\/wp-content\/uploads\/2017\/04\/1-5.jpg\" alt=\"\" width=\"550\" height=\"222\" \/><\/p>\n<p>Podsje\u0107amo, predstavnici BNV u saradnji sa lokalnom samoupravom Novog Pazara, doijneli odluku da njihovi \u201ckontrolori\u201d prisustvuju upisu prvaka, tj. kada se roditelji izja\u0161njavaju da li \u0107e dijete da u\u010di na srpskom ili na bosanskom.<\/p>\n<p>Ministarstvo prosvjete zabranilo je da upisu prvaka u Novom Pazaru prisustvuju nadzornici Bo\u0161nja\u010dkog nacionalnog vije\u0107a.<\/p>\n<p>Iz ovog Ministarstva su saop\u0161tili\u00a0da roditelji djecu mogu da upi\u0161u u terminu koji njima odgovara, a ne da im te rokove odre\u0111uju komisije koje bi sa\u010dinili predstavnici lokalne samouprave, BNV i tek pojedinih \u0161kola, koje su htjele u tome da u\u010destvuju.<\/p>\n<p>\u201cOsnivanje mje\u0161ovitih komisija koje u svom sastavu imaju i lica koja nisu zaposlena u \u0161koli smatramo zakonski neutemeljenim, ali i nepotrebnim, kako za roditelje, tako i za budu\u0107e prvake. \u0160kola nema obavezu da imenuje svoje predstavnike u komisije koje nisu predvi\u0111ene propisima, kao ni da obezbje\u0111uje potrebne prostorne uslove za rad eksternih ili mje\u0161ovitih komisija\u201d, saop\u0161tilo je Ministarstvo prosvjete.<\/p>\n<p>Izvor: Sandzacke.rs<\/p>\n","protected":false},"excerpt":{"rendered":"<p>Potpredsjednik Bo\u0161nja\u010dkog nacionalnog vije\u0107a Esad D\u017eud\u017eo o\u0161tro je kritikovao na svom Facebook profilu uvo\u0111enje nadzornika\u00a0BNV koji bi \u00a0prisustvovali upisu prvaka,\u00a0odnosnu trenutku kada se roditelji izja\u0161njavaju da li \u0107e dijete da u\u010di na srpskom ili na bosanskom. \u201cObzirom da godinama rukovodim procesom implementacije nastave na bosanskom jeziku u Sand\u017eaku, smatram svojom obavezom da ka\u017eem da je [&hellip;]<\/p>\n","protected":false},"author":509,"featured_media":184361,"comment_status":"open","ping_status":"open","sticky":false,"template":"","format":"standard","meta":{"footnotes":""},"categories":[72,1,8957],"tags":[],"class_list":{"0":"post-184357","1":"post","2":"type-post","3":"status-publish","4":"format-standard","5":"has-post-thumbnail","7":"category-novi-pazar","8":"category-politika","9":"category-vijesti-dana"},"yoast_head":"<!-- This site is optimized with the Yoast SEO Premium plugin v23.1 (Yoast SEO v24.9) - https:\/\/yoast.com\/wordpress\/plugins\/seo\/ -->\n<title>D\u017eud\u017eo udario na BNV - Uvo\u0111enje kontrolora \u0161tetan i smu\u0161en potez neovla\u0161\u0107enih i neodgovornih lica!<\/title>\n<meta name=\"robots\" content=\"index, follow, max-snippet:-1, max-image-preview:large, max-video-preview:-1\" \/>\n<link rel=\"canonical\" href=\"https:\/\/sandzakpress.net\/arhiva\/dzudzo-udario-na-bnv-uvodenje-kontrolora-stetan-i-smusen-potez-neovlascenih-i-neodgovornih-lica\/\" \/>\n<meta property=\"og:locale\" content=\"bs_BA\" \/>\n<meta property=\"og:type\" content=\"article\" \/>\n<meta property=\"og:title\" content=\"D\u017eud\u017eo udario na BNV - Uvo\u0111enje kontrolora \u0161tetan i smu\u0161en potez neovla\u0161\u0107enih i neodgovornih lica!\" \/>\n<meta property=\"og:description\" content=\"Potpredsjednik Bo\u0161nja\u010dkog nacionalnog vije\u0107a Esad D\u017eud\u017eo o\u0161tro je kritikovao na svom Facebook profilu uvo\u0111enje nadzornika\u00a0BNV koji bi \u00a0prisustvovali upisu prvaka,\u00a0odnosnu trenutku kada se roditelji izja\u0161njavaju da li \u0107e dijete da u\u010di na srpskom ili na bosanskom. \u201cObzirom da godinama rukovodim procesom implementacije nastave na bosanskom jeziku u Sand\u017eaku, smatram svojom obavezom da ka\u017eem da je [&hellip;]\" \/>\n<meta property=\"og:url\" content=\"https:\/\/sandzakpress.net\/arhiva\/dzudzo-udario-na-bnv-uvodenje-kontrolora-stetan-i-smusen-potez-neovlascenih-i-neodgovornih-lica\/\" \/>\n<meta property=\"og:site_name\" content=\"Sand\u017eak PRESS\" \/>\n<meta property=\"article:published_time\" content=\"2017-04-12T11:24:29+00:00\" \/>\n<meta property=\"og:image\" content=\"https:\/\/sandzakpress.net\/arhiva\/wp-content\/uploads\/2017\/04\/dzudzo-kontrolori-660x330.jpg\" \/>\n\t<meta property=\"og:image:width\" content=\"660\" \/>\n\t<meta property=\"og:image:height\" content=\"330\" \/>\n\t<meta property=\"og:image:type\" content=\"image\/jpeg\" \/>\n<meta name=\"author\" content=\"Agencija\" \/>\n<meta name=\"twitter:card\" content=\"summary_large_image\" \/>\n<meta name=\"twitter:label1\" content=\"Written by\" \/>\n\t<meta name=\"twitter:data1\" content=\"Agencija\" \/>\n\t<meta name=\"twitter:label2\" content=\"Est. reading time\" \/>\n\t<meta name=\"twitter:data2\" content=\"1 minuta\" \/>\n<script type=\"application\/ld+json\" class=\"yoast-schema-graph\">{\"@context\":\"https:\/\/schema.org\",\"@graph\":[{\"@type\":\"Article\",\"@id\":\"https:\/\/sandzakpress.net\/arhiva\/dzudzo-udario-na-bnv-uvodenje-kontrolora-stetan-i-smusen-potez-neovlascenih-i-neodgovornih-lica\/#article\",\"isPartOf\":{\"@id\":\"https:\/\/sandzakpress.net\/arhiva\/dzudzo-udario-na-bnv-uvodenje-kontrolora-stetan-i-smusen-potez-neovlascenih-i-neodgovornih-lica\/\"},\"author\":{\"name\":\"Agencija\",\"@id\":\"https:\/\/sandzakpress.net\/arhiva\/#\/schema\/person\/cb59d7e3ab91ab90dd680ad0305a6185\"},\"headline\":\"D\u017eud\u017eo udario na BNV &#8211; Uvo\u0111enje kontrolora \u0161tetan i smu\u0161en potez neovla\u0161\u0107enih i neodgovornih lica!\",\"datePublished\":\"2017-04-12T11:24:29+00:00\",\"mainEntityOfPage\":{\"@id\":\"https:\/\/sandzakpress.net\/arhiva\/dzudzo-udario-na-bnv-uvodenje-kontrolora-stetan-i-smusen-potez-neovlascenih-i-neodgovornih-lica\/\"},\"wordCount\":301,\"commentCount\":3,\"publisher\":{\"@id\":\"https:\/\/sandzakpress.net\/arhiva\/#\/schema\/person\/6e72b67d6e51910a1117b3b483ba20bd\"},\"image\":{\"@id\":\"https:\/\/sandzakpress.net\/arhiva\/dzudzo-udario-na-bnv-uvodenje-kontrolora-stetan-i-smusen-potez-neovlascenih-i-neodgovornih-lica\/#primaryimage\"},\"thumbnailUrl\":\"https:\/\/sandzakpress.net\/arhiva\/wp-content\/uploads\/2017\/04\/dzudzo-kontrolori-660x330.jpg\",\"articleSection\":[\"Novi Pazar\",\"Politika\",\"VIJESTI DANA\"],\"inLanguage\":\"bs-BA\",\"potentialAction\":[{\"@type\":\"CommentAction\",\"name\":\"Comment\",\"target\":[\"https:\/\/sandzakpress.net\/arhiva\/dzudzo-udario-na-bnv-uvodenje-kontrolora-stetan-i-smusen-potez-neovlascenih-i-neodgovornih-lica\/#respond\"]}]},{\"@type\":\"WebPage\",\"@id\":\"https:\/\/sandzakpress.net\/arhiva\/dzudzo-udario-na-bnv-uvodenje-kontrolora-stetan-i-smusen-potez-neovlascenih-i-neodgovornih-lica\/\",\"url\":\"https:\/\/sandzakpress.net\/arhiva\/dzudzo-udario-na-bnv-uvodenje-kontrolora-stetan-i-smusen-potez-neovlascenih-i-neodgovornih-lica\/\",\"name\":\"D\u017eud\u017eo udario na BNV - Uvo\u0111enje kontrolora \u0161tetan i smu\u0161en potez neovla\u0161\u0107enih i neodgovornih lica!\",\"isPartOf\":{\"@id\":\"https:\/\/sandzakpress.net\/arhiva\/#website\"},\"primaryImageOfPage\":{\"@id\":\"https:\/\/sandzakpress.net\/arhiva\/dzudzo-udario-na-bnv-uvodenje-kontrolora-stetan-i-smusen-potez-neovlascenih-i-neodgovornih-lica\/#primaryimage\"},\"image\":{\"@id\":\"https:\/\/sandzakpress.net\/arhiva\/dzudzo-udario-na-bnv-uvodenje-kontrolora-stetan-i-smusen-potez-neovlascenih-i-neodgovornih-lica\/#primaryimage\"},\"thumbnailUrl\":\"https:\/\/sandzakpress.net\/arhiva\/wp-content\/uploads\/2017\/04\/dzudzo-kontrolori-660x330.jpg\",\"datePublished\":\"2017-04-12T11:24:29+00:00\",\"breadcrumb\":{\"@id\":\"https:\/\/sandzakpress.net\/arhiva\/dzudzo-udario-na-bnv-uvodenje-kontrolora-stetan-i-smusen-potez-neovlascenih-i-neodgovornih-lica\/#breadcrumb\"},\"inLanguage\":\"bs-BA\",\"potentialAction\":[{\"@type\":\"ReadAction\",\"target\":[\"https:\/\/sandzakpress.net\/arhiva\/dzudzo-udario-na-bnv-uvodenje-kontrolora-stetan-i-smusen-potez-neovlascenih-i-neodgovornih-lica\/\"]}]},{\"@type\":\"ImageObject\",\"inLanguage\":\"bs-BA\",\"@id\":\"https:\/\/sandzakpress.net\/arhiva\/dzudzo-udario-na-bnv-uvodenje-kontrolora-stetan-i-smusen-potez-neovlascenih-i-neodgovornih-lica\/#primaryimage\",\"url\":\"https:\/\/sandzakpress.net\/arhiva\/wp-content\/uploads\/2017\/04\/dzudzo-kontrolori-660x330.jpg\",\"contentUrl\":\"https:\/\/sandzakpress.net\/arhiva\/wp-content\/uploads\/2017\/04\/dzudzo-kontrolori-660x330.jpg\",\"width\":660,\"height\":330},{\"@type\":\"BreadcrumbList\",\"@id\":\"https:\/\/sandzakpress.net\/arhiva\/dzudzo-udario-na-bnv-uvodenje-kontrolora-stetan-i-smusen-potez-neovlascenih-i-neodgovornih-lica\/#breadcrumb\",\"itemListElement\":[{\"@type\":\"ListItem\",\"position\":1,\"name\":\"Home\",\"item\":\"https:\/\/sandzakpress.net\/arhiva\/\"},{\"@type\":\"ListItem\",\"position\":2,\"name\":\"D\u017eud\u017eo udario na BNV &#8211; Uvo\u0111enje kontrolora \u0161tetan i smu\u0161en potez neovla\u0161\u0107enih i neodgovornih lica!\"}]},{\"@type\":\"WebSite\",\"@id\":\"https:\/\/sandzakpress.net\/arhiva\/#website\",\"url\":\"https:\/\/sandzakpress.net\/arhiva\/\",\"name\":\"Sand\u017eak PRESS\",\"description\":\"Prve elektronske novine u Sand\u017eaku\",\"publisher\":{\"@id\":\"https:\/\/sandzakpress.net\/arhiva\/#\/schema\/person\/6e72b67d6e51910a1117b3b483ba20bd\"},\"potentialAction\":[{\"@type\":\"SearchAction\",\"target\":{\"@type\":\"EntryPoint\",\"urlTemplate\":\"https:\/\/sandzakpress.net\/arhiva\/?s={search_term_string}\"},\"query-input\":{\"@type\":\"PropertyValueSpecification\",\"valueRequired\":true,\"valueName\":\"search_term_string\"}}],\"inLanguage\":\"bs-BA\"},{\"@type\":[\"Person\",\"Organization\"],\"@id\":\"https:\/\/sandzakpress.net\/arhiva\/#\/schema\/person\/6e72b67d6e51910a1117b3b483ba20bd\",\"name\":\"Kul\",\"image\":{\"@type\":\"ImageObject\",\"inLanguage\":\"bs-BA\",\"@id\":\"https:\/\/sandzakpress.net\/arhiva\/#\/schema\/person\/image\/\",\"url\":\"https:\/\/secure.gravatar.com\/avatar\/42263f39aa27ac04c43cab85c280eb2e?s=96&d=mm&r=pg\",\"contentUrl\":\"https:\/\/secure.gravatar.com\/avatar\/42263f39aa27ac04c43cab85c280eb2e?s=96&d=mm&r=pg\",\"caption\":\"Kul\"},\"logo\":{\"@id\":\"https:\/\/sandzakpress.net\/arhiva\/#\/schema\/person\/image\/\"}},{\"@type\":\"Person\",\"@id\":\"https:\/\/sandzakpress.net\/arhiva\/#\/schema\/person\/cb59d7e3ab91ab90dd680ad0305a6185\",\"name\":\"Agencija\",\"image\":{\"@type\":\"ImageObject\",\"inLanguage\":\"bs-BA\",\"@id\":\"https:\/\/sandzakpress.net\/arhiva\/#\/schema\/person\/image\/\",\"url\":\"https:\/\/secure.gravatar.com\/avatar\/4b7fafa80a22f0c2afe23966b3961fe0?s=96&d=mm&r=pg\",\"contentUrl\":\"https:\/\/secure.gravatar.com\/avatar\/4b7fafa80a22f0c2afe23966b3961fe0?s=96&d=mm&r=pg\",\"caption\":\"Agencija\"},\"url\":\"https:\/\/sandzakpress.net\/arhiva\/author\/agencija\/\"}]}<\/script>\n<!-- \/ Yoast SEO Premium plugin. -->","yoast_head_json":{"title":"D\u017eud\u017eo udario na BNV - Uvo\u0111enje kontrolora \u0161tetan i smu\u0161en potez neovla\u0161\u0107enih i neodgovornih lica!","robots":{"index":"index","follow":"follow","max-snippet":"max-snippet:-1","max-image-preview":"max-image-preview:large","max-video-preview":"max-video-preview:-1"},"canonical":"https:\/\/sandzakpress.net\/arhiva\/dzudzo-udario-na-bnv-uvodenje-kontrolora-stetan-i-smusen-potez-neovlascenih-i-neodgovornih-lica\/","og_locale":"bs_BA","og_type":"article","og_title":"D\u017eud\u017eo udario na BNV - Uvo\u0111enje kontrolora \u0161tetan i smu\u0161en potez neovla\u0161\u0107enih i neodgovornih lica!","og_description":"Potpredsjednik Bo\u0161nja\u010dkog nacionalnog vije\u0107a Esad D\u017eud\u017eo o\u0161tro je kritikovao na svom Facebook profilu uvo\u0111enje nadzornika\u00a0BNV koji bi \u00a0prisustvovali upisu prvaka,\u00a0odnosnu trenutku kada se roditelji izja\u0161njavaju da li \u0107e dijete da u\u010di na srpskom ili na bosanskom. \u201cObzirom da godinama rukovodim procesom implementacije nastave na bosanskom jeziku u Sand\u017eaku, smatram svojom obavezom da ka\u017eem da je [&hellip;]","og_url":"https:\/\/sandzakpress.net\/arhiva\/dzudzo-udario-na-bnv-uvodenje-kontrolora-stetan-i-smusen-potez-neovlascenih-i-neodgovornih-lica\/","og_site_name":"Sand\u017eak PRESS","article_published_time":"2017-04-12T11:24:29+00:00","og_image":[{"width":660,"height":330,"url":"https:\/\/sandzakpress.net\/arhiva\/wp-content\/uploads\/2017\/04\/dzudzo-kontrolori-660x330.jpg","type":"image\/jpeg"}],"author":"Agencija","twitter_card":"summary_large_image","twitter_misc":{"Written by":"Agencija","Est. reading time":"1 minuta"},"schema":{"@context":"https:\/\/schema.org","@graph":[{"@type":"Article","@id":"https:\/\/sandzakpress.net\/arhiva\/dzudzo-udario-na-bnv-uvodenje-kontrolora-stetan-i-smusen-potez-neovlascenih-i-neodgovornih-lica\/#article","isPartOf":{"@id":"https:\/\/sandzakpress.net\/arhiva\/dzudzo-udario-na-bnv-uvodenje-kontrolora-stetan-i-smusen-potez-neovlascenih-i-neodgovornih-lica\/"},"author":{"name":"Agencija","@id":"https:\/\/sandzakpress.net\/arhiva\/#\/schema\/person\/cb59d7e3ab91ab90dd680ad0305a6185"},"headline":"D\u017eud\u017eo udario na BNV &#8211; Uvo\u0111enje kontrolora \u0161tetan i smu\u0161en potez neovla\u0161\u0107enih i neodgovornih lica!","datePublished":"2017-04-12T11:24:29+00:00","mainEntityOfPage":{"@id":"https:\/\/sandzakpress.net\/arhiva\/dzudzo-udario-na-bnv-uvodenje-kontrolora-stetan-i-smusen-potez-neovlascenih-i-neodgovornih-lica\/"},"wordCount":301,"commentCount":3,"publisher":{"@id":"https:\/\/sandzakpress.net\/arhiva\/#\/schema\/person\/6e72b67d6e51910a1117b3b483ba20bd"},"image":{"@id":"https:\/\/sandzakpress.net\/arhiva\/dzudzo-udario-na-bnv-uvodenje-kontrolora-stetan-i-smusen-potez-neovlascenih-i-neodgovornih-lica\/#primaryimage"},"thumbnailUrl":"https:\/\/sandzakpress.net\/arhiva\/wp-content\/uploads\/2017\/04\/dzudzo-kontrolori-660x330.jpg","articleSection":["Novi Pazar","Politika","VIJESTI DANA"],"inLanguage":"bs-BA","potentialAction":[{"@type":"CommentAction","name":"Comment","target":["https:\/\/sandzakpress.net\/arhiva\/dzudzo-udario-na-bnv-uvodenje-kontrolora-stetan-i-smusen-potez-neovlascenih-i-neodgovornih-lica\/#respond"]}]},{"@type":"WebPage","@id":"https:\/\/sandzakpress.net\/arhiva\/dzudzo-udario-na-bnv-uvodenje-kontrolora-stetan-i-smusen-potez-neovlascenih-i-neodgovornih-lica\/","url":"https:\/\/sandzakpress.net\/arhiva\/dzudzo-udario-na-bnv-uvodenje-kontrolora-stetan-i-smusen-potez-neovlascenih-i-neodgovornih-lica\/","name":"D\u017eud\u017eo udario na BNV - Uvo\u0111enje kontrolora \u0161tetan i smu\u0161en potez neovla\u0161\u0107enih i neodgovornih lica!","isPartOf":{"@id":"https:\/\/sandzakpress.net\/arhiva\/#website"},"primaryImageOfPage":{"@id":"https:\/\/sandzakpress.net\/arhiva\/dzudzo-udario-na-bnv-uvodenje-kontrolora-stetan-i-smusen-potez-neovlascenih-i-neodgovornih-lica\/#primaryimage"},"image":{"@id":"https:\/\/sandzakpress.net\/arhiva\/dzudzo-udario-na-bnv-uvodenje-kontrolora-stetan-i-smusen-potez-neovlascenih-i-neodgovornih-lica\/#primaryimage"},"thumbnailUrl":"https:\/\/sandzakpress.net\/arhiva\/wp-content\/uploads\/2017\/04\/dzudzo-kontrolori-660x330.jpg","datePublished":"2017-04-12T11:24:29+00:00","breadcrumb":{"@id":"https:\/\/sandzakpress.net\/arhiva\/dzudzo-udario-na-bnv-uvodenje-kontrolora-stetan-i-smusen-potez-neovlascenih-i-neodgovornih-lica\/#breadcrumb"},"inLanguage":"bs-BA","potentialAction":[{"@type":"ReadAction","target":["https:\/\/sandzakpress.net\/arhiva\/dzudzo-udario-na-bnv-uvodenje-kontrolora-stetan-i-smusen-potez-neovlascenih-i-neodgovornih-lica\/"]}]},{"@type":"ImageObject","inLanguage":"bs-BA","@id":"https:\/\/sandzakpress.net\/arhiva\/dzudzo-udario-na-bnv-uvodenje-kontrolora-stetan-i-smusen-potez-neovlascenih-i-neodgovornih-lica\/#primaryimage","url":"https:\/\/sandzakpress.net\/arhiva\/wp-content\/uploads\/2017\/04\/dzudzo-kontrolori-660x330.jpg","contentUrl":"https:\/\/sandzakpress.net\/arhiva\/wp-content\/uploads\/2017\/04\/dzudzo-kontrolori-660x330.jpg","width":660,"height":330},{"@type":"BreadcrumbList","@id":"https:\/\/sandzakpress.net\/arhiva\/dzudzo-udario-na-bnv-uvodenje-kontrolora-stetan-i-smusen-potez-neovlascenih-i-neodgovornih-lica\/#breadcrumb","itemListElement":[{"@type":"ListItem","position":1,"name":"Home","item":"https:\/\/sandzakpress.net\/arhiva\/"},{"@type":"ListItem","position":2,"name":"D\u017eud\u017eo udario na BNV &#8211; Uvo\u0111enje kontrolora \u0161tetan i smu\u0161en potez neovla\u0161\u0107enih i neodgovornih lica!"}]},{"@type":"WebSite","@id":"https:\/\/sandzakpress.net\/arhiva\/#website","url":"https:\/\/sandzakpress.net\/arhiva\/","name":"Sand\u017eak PRESS","description":"Prve elektronske novine u Sand\u017eaku","publisher":{"@id":"https:\/\/sandzakpress.net\/arhiva\/#\/schema\/person\/6e72b67d6e51910a1117b3b483ba20bd"},"potentialAction":[{"@type":"SearchAction","target":{"@type":"EntryPoint","urlTemplate":"https:\/\/sandzakpress.net\/arhiva\/?s={search_term_string}"},"query-input":{"@type":"PropertyValueSpecification","valueRequired":true,"valueName":"search_term_string"}}],"inLanguage":"bs-BA"},{"@type":["Person","Organization"],"@id":"https:\/\/sandzakpress.net\/arhiva\/#\/schema\/person\/6e72b67d6e51910a1117b3b483ba20bd","name":"Kul","image":{"@type":"ImageObject","inLanguage":"bs-BA","@id":"https:\/\/sandzakpress.net\/arhiva\/#\/schema\/person\/image\/","url":"https:\/\/secure.gravatar.com\/avatar\/42263f39aa27ac04c43cab85c280eb2e?s=96&d=mm&r=pg","contentUrl":"https:\/\/secure.gravatar.com\/avatar\/42263f39aa27ac04c43cab85c280eb2e?s=96&d=mm&r=pg","caption":"Kul"},"logo":{"@id":"https:\/\/sandzakpress.net\/arhiva\/#\/schema\/person\/image\/"}},{"@type":"Person","@id":"https:\/\/sandzakpress.net\/arhiva\/#\/schema\/person\/cb59d7e3ab91ab90dd680ad0305a6185","name":"Agencija","image":{"@type":"ImageObject","inLanguage":"bs-BA","@id":"https:\/\/sandzakpress.net\/arhiva\/#\/schema\/person\/image\/","url":"https:\/\/secure.gravatar.com\/avatar\/4b7fafa80a22f0c2afe23966b3961fe0?s=96&d=mm&r=pg","contentUrl":"https:\/\/secure.gravatar.com\/avatar\/4b7fafa80a22f0c2afe23966b3961fe0?s=96&d=mm&r=pg","caption":"Agencija"},"url":"https:\/\/sandzakpress.net\/arhiva\/author\/agencija\/"}]}},"_links":{"self":[{"href":"https:\/\/sandzakpress.net\/arhiva\/wp-json\/wp\/v2\/posts\/184357"}],"collection":[{"href":"https:\/\/sandzakpress.net\/arhiva\/wp-json\/wp\/v2\/posts"}],"about":[{"href":"https:\/\/sandzakpress.net\/arhiva\/wp-json\/wp\/v2\/types\/post"}],"author":[{"embeddable":true,"href":"https:\/\/sandzakpress.net\/arhiva\/wp-json\/wp\/v2\/users\/509"}],"replies":[{"embeddable":true,"href":"https:\/\/sandzakpress.net\/arhiva\/wp-json\/wp\/v2\/comments?post=184357"}],"version-history":[{"count":0,"href":"https:\/\/sandzakpress.net\/arhiva\/wp-json\/wp\/v2\/posts\/184357\/revisions"}],"wp:featuredmedia":[{"embeddable":true,"href":"https:\/\/sandzakpress.net\/arhiva\/wp-json\/wp\/v2\/media\/184361"}],"wp:attachment":[{"href":"https:\/\/sandzakpress.net\/arhiva\/wp-json\/wp\/v2\/media?parent=184357"}],"wp:term":[{"taxonomy":"category","embeddable":true,"href":"https:\/\/sandzakpress.net\/arhiva\/wp-json\/wp\/v2\/categories?post=184357"},{"taxonomy":"post_tag","embeddable":true,"href":"https:\/\/sandzakpress.net\/arhiva\/wp-json\/wp\/v2\/tags?post=184357"}],"curies":[{"name":"wp","href":"https:\/\/api.w.org\/{rel}","templated":true}]}}