{"id":18433,"date":"2011-08-05T14:53:14","date_gmt":"2011-08-05T12:53:14","guid":{"rendered":"https:\/\/sandzakpress.net\/arhiva\/?p=18433"},"modified":"2011-08-05T14:57:22","modified_gmt":"2011-08-05T12:57:22","slug":"rozaje-sverc-i-dalje-cveta","status":"publish","type":"post","link":"https:\/\/sandzakpress.net\/arhiva\/rozaje-sverc-i-dalje-cveta\/","title":{"rendered":"Ro\u017eaje: \u0160verc i dalje cveta"},"content":{"rendered":"<p><strong><a href=\"https:\/\/sandzakpress.net\/arhiva\/wp-content\/uploads\/2011\/08\/reg-sverc_310x186.jpg\"><img loading=\"lazy\" decoding=\"async\" class=\"alignleft size-medium wp-image-18434\" src=\"https:\/\/sandzakpress.net\/arhiva\/wp-content\/uploads\/2011\/08\/reg-sverc_310x186-300x180.jpg\" alt=\"\" width=\"300\" height=\"180\" \/><\/a>Ro\u017eaje &#8211; DOK Ha\u0161im Ta\u010di vodi \u201eprincipijelni rat\u201c sa Republikom Srbijom i gra\u0111anima Srbije oko carinskog pe\u010data bez koga, kako ka\u017ee, \u201enema su\u0161tinske, te\u0161ko izborene nezavisnosti\u201c, na visovima Kule i \u010cakora &#8211; smijeh.<\/strong><\/p>\n<p>Na sjeveru Crne Gore, ni mlado ni staro ne sumnja da je vlada u Pri\u0161tini morala da zauzme granice sa Srbijom, ali ne da bi, kako to \u201eta\u010dijevci\u201c obja\u0161njavaju Briselu i Va\u0161ingtonu, sprije\u010dili, ve\u0107 da bi organizovali \u0161verc koji jo\u0161 nije potpao pod punu kontrolu kriminalnih klanova.<\/p>\n<p>Izme\u0111u Crne Gore i Kosmeta \u0161vercuje se godinama. Afera smenjuje aferu, na istrage i sudske epiloge se \u010deka beskona\u010dno.<\/p>\n<p>Te\u0161ko je i pobrojati prekograni\u010dne skandale u dvije \u201eme\u0111unarodno pravno ure\u0111ene\u201c dr\u017eave koje bi u EU.<\/p>\n<p>Biv\u0161i grani\u010dni policajci iz Ro\u017eaja Enver Daci\u0107, Mithat Nurkovi\u0107, Hamdo Muri\u0107 i Re\u0161ad Kala\u010d, morali su da napuste Crnu Goru i da spas za sebe i porodice potra\u017ee u inostranstvu, jer se vlast u Crnoj Gori nije \u201epretrgla\u201c da ih za\u0161titi posle javno izre\u010denih tvrdnji o prekograni\u010dnom \u0161vercu te\u0161kom na desetine miliona evra!<\/p>\n<p>OBLOVINA<br \/>\nSA teritorije Kosova, tvrde iz ameri\u010dkog Stejt departmenta, u Crnu Goru dolazi i heroin, u re\u017eiji grupa iz Ro\u017eaja i Berana. Unosan je i \u0161verc drvne gra\u0111e. Miljenici vladaju\u0107e garniture u Crnoj Gori, kroz koncesije, oblovinu dobijaju po cijeni od oko 8 evra \u201ena panju\u201c, a na Kosovu je, uz pomo\u0107 la\u017eirane dokumentacije, prodaju i po 120 evra po kubiku.<\/p>\n<p>Kako \u201eNovosti\u201c saznaju, odbjegli policajci su svjedo\u010dili i u Vrhovnom dr\u017eavnom tu\u017eila\u0161tvu, odnosno u Specijalnom odeljenju za suzbijanje organizovanog kriminala, korupcije, ratnih zlo\u010dina i terorozma!<\/p>\n<p>&#8211; Nudimo jo\u0161 jednom ruku saradnje crnogorskim vlastima. Za\u0161titite nas sa porodicama i svedo\u010di\u0107emo javno o svim vrstama \u0161verca na granici. Imamo dokumentaciju, i filmsku. Pomenu\u0107emo mnoga imena iz policije, ali i \u201euglednika\u201c &#8211; izjavio je ju\u010der za \u201eNovosti\u201c jedan od policajaca.<\/p>\n<p>&#8211; Mi smo ve\u0107 predali dva filma dr\u017eavnim organima. Na jednom se vidi povorka od 124 konja natovarena cigaretama vrijednim oko 1,4 miliona evra, i kako se 63 \u010dovjeka, predvo\u0111ena momkom u uniformi crnogorske policije, vra\u0107aju na Kosovo. Prethodno su na podru\u010dje Ro\u017eaja donijeli velike koli\u010dine zamrznutog mesa iz Brazila i drugu robu &#8211; ka\u017ee policajac.<\/p>\n<p>Policajci tvrde da fabrika duvana u Mojkovcu proizvodi la\u017ene brendirane cigarete za \u201eizvoz\u201c na Kosovo i dalje na jug Srbije, Makedoniju. Ova afera je dobila tolike razmjere jer su ugro\u017eeni i neki strani proizvo\u0111a\u010di cigareta, koji su anga\u017eovali \u201eneke svoje slu\u017ebe\u201c.<\/p>\n<p>Biv\u0161i grani\u010dari iz Ro\u017eaja su obelodanili i fiktivni izvoz nafte iz Crne Gore na Kosmet. I to je jo\u0161 uvijek u fiokama specijalnog tu\u017eioca. Od 2005. do 2010. godine, fingiranim izvozom nafte, bud\u017eet Crne Gore je o\u0161te\u0107en za najmanje 20 miliona evra!<\/p>\n<p>A policajci i carinici sa grani\u010dnog prelaza Kula \u201einkasirali\u201c su oke dva miliona evra! Po svedo\u010denju odbeglih grani\u010dara, za \u201eNovosti\u201c, zbog novca su na ovom grani\u010dnom prijelazu potezani i pi\u0161tolji.<\/p>\n<p>Ove tvrdnje biv\u0161ih grani\u010dara potvr\u0111ene su i izvodima iz zvani\u010dne dokumentacije carine Kosova, gdje se zbog pritiska stare\u0161ina koje su bile umije\u0161ane u \u0161verc ubio oficir grani\u010dne policije Kosova Ljuan Ademaj (36).<\/p>\n<p>Izvor:<strong> Novosti.rs<\/strong><\/p>\n","protected":false},"excerpt":{"rendered":"<p>Ro\u017eaje &#8211; DOK Ha\u0161im Ta\u010di vodi \u201eprincipijelni rat\u201c sa Republikom Srbijom i gra\u0111anima Srbije oko carinskog pe\u010data bez koga, kako ka\u017ee, \u201enema su\u0161tinske, te\u0161ko izborene nezavisnosti\u201c, na visovima Kule i \u010cakora &#8211; smijeh. Na sjeveru Crne Gore, ni mlado ni staro ne sumnja da je vlada u Pri\u0161tini morala da zauzme granice sa Srbijom, ali [&hellip;]<\/p>\n","protected":false},"author":13,"featured_media":18434,"comment_status":"open","ping_status":"open","sticky":false,"template":"","format":"standard","meta":{"footnotes":""},"categories":[398,801],"tags":[],"class_list":{"0":"post-18433","1":"post","2":"type-post","3":"status-publish","4":"format-standard","5":"has-post-thumbnail","7":"category-rozaje","8":"category-crna_hronika"},"yoast_head":"<!-- This site is optimized with the Yoast SEO Premium plugin v23.1 (Yoast SEO v24.9) - https:\/\/yoast.com\/wordpress\/plugins\/seo\/ -->\n<title>Ro\u017eaje: \u0160verc i dalje cveta<\/title>\n<meta name=\"robots\" content=\"index, follow, max-snippet:-1, max-image-preview:large, max-video-preview:-1\" \/>\n<link rel=\"canonical\" href=\"https:\/\/sandzakpress.net\/arhiva\/rozaje-sverc-i-dalje-cveta\/\" \/>\n<meta property=\"og:locale\" content=\"bs_BA\" \/>\n<meta property=\"og:type\" content=\"article\" \/>\n<meta property=\"og:title\" content=\"Ro\u017eaje: \u0160verc i dalje cveta\" \/>\n<meta property=\"og:description\" content=\"Ro\u017eaje &#8211; DOK Ha\u0161im Ta\u010di vodi \u201eprincipijelni rat\u201c sa Republikom Srbijom i gra\u0111anima Srbije oko carinskog pe\u010data bez koga, kako ka\u017ee, \u201enema su\u0161tinske, te\u0161ko izborene nezavisnosti\u201c, na visovima Kule i \u010cakora &#8211; smijeh. Na sjeveru Crne Gore, ni mlado ni staro ne sumnja da je vlada u Pri\u0161tini morala da zauzme granice sa Srbijom, ali [&hellip;]\" \/>\n<meta property=\"og:url\" content=\"https:\/\/sandzakpress.net\/arhiva\/rozaje-sverc-i-dalje-cveta\/\" \/>\n<meta property=\"og:site_name\" content=\"Sand\u017eak PRESS\" \/>\n<meta property=\"article:published_time\" content=\"2011-08-05T12:53:14+00:00\" \/>\n<meta property=\"article:modified_time\" content=\"2011-08-05T12:57:22+00:00\" \/>\n<meta property=\"og:image\" content=\"https:\/\/sandzakpress.net\/arhiva\/wp-content\/uploads\/2011\/08\/reg-sverc_310x186.jpg\" \/>\n\t<meta property=\"og:image:width\" content=\"310\" \/>\n\t<meta property=\"og:image:height\" content=\"186\" \/>\n\t<meta property=\"og:image:type\" content=\"image\/jpeg\" \/>\n<meta name=\"twitter:card\" content=\"summary_large_image\" \/>\n<meta name=\"twitter:label1\" content=\"Written by\" \/>\n\t<meta name=\"twitter:data1\" content=\"\" \/>\n\t<meta name=\"twitter:label2\" content=\"Est. reading time\" \/>\n\t<meta name=\"twitter:data2\" content=\"3 minute\" \/>\n<script type=\"application\/ld+json\" class=\"yoast-schema-graph\">{\"@context\":\"https:\/\/schema.org\",\"@graph\":[{\"@type\":\"Article\",\"@id\":\"https:\/\/sandzakpress.net\/arhiva\/rozaje-sverc-i-dalje-cveta\/#article\",\"isPartOf\":{\"@id\":\"https:\/\/sandzakpress.net\/arhiva\/rozaje-sverc-i-dalje-cveta\/\"},\"author\":{\"name\":\"\",\"@id\":\"\"},\"headline\":\"Ro\u017eaje: \u0160verc i dalje cveta\",\"datePublished\":\"2011-08-05T12:53:14+00:00\",\"dateModified\":\"2011-08-05T12:57:22+00:00\",\"mainEntityOfPage\":{\"@id\":\"https:\/\/sandzakpress.net\/arhiva\/rozaje-sverc-i-dalje-cveta\/\"},\"wordCount\":574,\"commentCount\":0,\"publisher\":{\"@id\":\"https:\/\/sandzakpress.net\/arhiva\/#\/schema\/person\/6e72b67d6e51910a1117b3b483ba20bd\"},\"image\":{\"@id\":\"https:\/\/sandzakpress.net\/arhiva\/rozaje-sverc-i-dalje-cveta\/#primaryimage\"},\"thumbnailUrl\":\"https:\/\/sandzakpress.net\/arhiva\/wp-content\/uploads\/2011\/08\/reg-sverc_310x186.jpg\",\"articleSection\":[\"Ro\u017eaje\",\"Hronika\"],\"inLanguage\":\"bs-BA\",\"potentialAction\":[{\"@type\":\"CommentAction\",\"name\":\"Comment\",\"target\":[\"https:\/\/sandzakpress.net\/arhiva\/rozaje-sverc-i-dalje-cveta\/#respond\"]}]},{\"@type\":\"WebPage\",\"@id\":\"https:\/\/sandzakpress.net\/arhiva\/rozaje-sverc-i-dalje-cveta\/\",\"url\":\"https:\/\/sandzakpress.net\/arhiva\/rozaje-sverc-i-dalje-cveta\/\",\"name\":\"Ro\u017eaje: \u0160verc i dalje cveta\",\"isPartOf\":{\"@id\":\"https:\/\/sandzakpress.net\/arhiva\/#website\"},\"primaryImageOfPage\":{\"@id\":\"https:\/\/sandzakpress.net\/arhiva\/rozaje-sverc-i-dalje-cveta\/#primaryimage\"},\"image\":{\"@id\":\"https:\/\/sandzakpress.net\/arhiva\/rozaje-sverc-i-dalje-cveta\/#primaryimage\"},\"thumbnailUrl\":\"https:\/\/sandzakpress.net\/arhiva\/wp-content\/uploads\/2011\/08\/reg-sverc_310x186.jpg\",\"datePublished\":\"2011-08-05T12:53:14+00:00\",\"dateModified\":\"2011-08-05T12:57:22+00:00\",\"breadcrumb\":{\"@id\":\"https:\/\/sandzakpress.net\/arhiva\/rozaje-sverc-i-dalje-cveta\/#breadcrumb\"},\"inLanguage\":\"bs-BA\",\"potentialAction\":[{\"@type\":\"ReadAction\",\"target\":[\"https:\/\/sandzakpress.net\/arhiva\/rozaje-sverc-i-dalje-cveta\/\"]}]},{\"@type\":\"ImageObject\",\"inLanguage\":\"bs-BA\",\"@id\":\"https:\/\/sandzakpress.net\/arhiva\/rozaje-sverc-i-dalje-cveta\/#primaryimage\",\"url\":\"https:\/\/sandzakpress.net\/arhiva\/wp-content\/uploads\/2011\/08\/reg-sverc_310x186.jpg\",\"contentUrl\":\"https:\/\/sandzakpress.net\/arhiva\/wp-content\/uploads\/2011\/08\/reg-sverc_310x186.jpg\",\"width\":310,\"height\":186},{\"@type\":\"BreadcrumbList\",\"@id\":\"https:\/\/sandzakpress.net\/arhiva\/rozaje-sverc-i-dalje-cveta\/#breadcrumb\",\"itemListElement\":[{\"@type\":\"ListItem\",\"position\":1,\"name\":\"Home\",\"item\":\"https:\/\/sandzakpress.net\/arhiva\/\"},{\"@type\":\"ListItem\",\"position\":2,\"name\":\"Ro\u017eaje: \u0160verc i dalje cveta\"}]},{\"@type\":\"WebSite\",\"@id\":\"https:\/\/sandzakpress.net\/arhiva\/#website\",\"url\":\"https:\/\/sandzakpress.net\/arhiva\/\",\"name\":\"Sand\u017eak PRESS\",\"description\":\"Prve elektronske novine u Sand\u017eaku\",\"publisher\":{\"@id\":\"https:\/\/sandzakpress.net\/arhiva\/#\/schema\/person\/6e72b67d6e51910a1117b3b483ba20bd\"},\"potentialAction\":[{\"@type\":\"SearchAction\",\"target\":{\"@type\":\"EntryPoint\",\"urlTemplate\":\"https:\/\/sandzakpress.net\/arhiva\/?s={search_term_string}\"},\"query-input\":{\"@type\":\"PropertyValueSpecification\",\"valueRequired\":true,\"valueName\":\"search_term_string\"}}],\"inLanguage\":\"bs-BA\"},{\"@type\":[\"Person\",\"Organization\"],\"@id\":\"https:\/\/sandzakpress.net\/arhiva\/#\/schema\/person\/6e72b67d6e51910a1117b3b483ba20bd\",\"name\":\"Kul\",\"image\":{\"@type\":\"ImageObject\",\"inLanguage\":\"bs-BA\",\"@id\":\"https:\/\/sandzakpress.net\/arhiva\/#\/schema\/person\/image\/\",\"url\":\"https:\/\/secure.gravatar.com\/avatar\/42263f39aa27ac04c43cab85c280eb2e?s=96&d=mm&r=pg\",\"contentUrl\":\"https:\/\/secure.gravatar.com\/avatar\/42263f39aa27ac04c43cab85c280eb2e?s=96&d=mm&r=pg\",\"caption\":\"Kul\"},\"logo\":{\"@id\":\"https:\/\/sandzakpress.net\/arhiva\/#\/schema\/person\/image\/\"}},{\"@type\":\"Person\",\"@id\":\"\",\"url\":\"https:\/\/sandzakpress.net\/arhiva\/author\/\"}]}<\/script>\n<!-- \/ Yoast SEO Premium plugin. -->","yoast_head_json":{"title":"Ro\u017eaje: \u0160verc i dalje cveta","robots":{"index":"index","follow":"follow","max-snippet":"max-snippet:-1","max-image-preview":"max-image-preview:large","max-video-preview":"max-video-preview:-1"},"canonical":"https:\/\/sandzakpress.net\/arhiva\/rozaje-sverc-i-dalje-cveta\/","og_locale":"bs_BA","og_type":"article","og_title":"Ro\u017eaje: \u0160verc i dalje cveta","og_description":"Ro\u017eaje &#8211; DOK Ha\u0161im Ta\u010di vodi \u201eprincipijelni rat\u201c sa Republikom Srbijom i gra\u0111anima Srbije oko carinskog pe\u010data bez koga, kako ka\u017ee, \u201enema su\u0161tinske, te\u0161ko izborene nezavisnosti\u201c, na visovima Kule i \u010cakora &#8211; smijeh. Na sjeveru Crne Gore, ni mlado ni staro ne sumnja da je vlada u Pri\u0161tini morala da zauzme granice sa Srbijom, ali [&hellip;]","og_url":"https:\/\/sandzakpress.net\/arhiva\/rozaje-sverc-i-dalje-cveta\/","og_site_name":"Sand\u017eak PRESS","article_published_time":"2011-08-05T12:53:14+00:00","article_modified_time":"2011-08-05T12:57:22+00:00","og_image":[{"width":310,"height":186,"url":"https:\/\/sandzakpress.net\/arhiva\/wp-content\/uploads\/2011\/08\/reg-sverc_310x186.jpg","type":"image\/jpeg"}],"twitter_card":"summary_large_image","twitter_misc":{"Written by":"","Est. reading time":"3 minute"},"schema":{"@context":"https:\/\/schema.org","@graph":[{"@type":"Article","@id":"https:\/\/sandzakpress.net\/arhiva\/rozaje-sverc-i-dalje-cveta\/#article","isPartOf":{"@id":"https:\/\/sandzakpress.net\/arhiva\/rozaje-sverc-i-dalje-cveta\/"},"author":{"name":"","@id":""},"headline":"Ro\u017eaje: \u0160verc i dalje cveta","datePublished":"2011-08-05T12:53:14+00:00","dateModified":"2011-08-05T12:57:22+00:00","mainEntityOfPage":{"@id":"https:\/\/sandzakpress.net\/arhiva\/rozaje-sverc-i-dalje-cveta\/"},"wordCount":574,"commentCount":0,"publisher":{"@id":"https:\/\/sandzakpress.net\/arhiva\/#\/schema\/person\/6e72b67d6e51910a1117b3b483ba20bd"},"image":{"@id":"https:\/\/sandzakpress.net\/arhiva\/rozaje-sverc-i-dalje-cveta\/#primaryimage"},"thumbnailUrl":"https:\/\/sandzakpress.net\/arhiva\/wp-content\/uploads\/2011\/08\/reg-sverc_310x186.jpg","articleSection":["Ro\u017eaje","Hronika"],"inLanguage":"bs-BA","potentialAction":[{"@type":"CommentAction","name":"Comment","target":["https:\/\/sandzakpress.net\/arhiva\/rozaje-sverc-i-dalje-cveta\/#respond"]}]},{"@type":"WebPage","@id":"https:\/\/sandzakpress.net\/arhiva\/rozaje-sverc-i-dalje-cveta\/","url":"https:\/\/sandzakpress.net\/arhiva\/rozaje-sverc-i-dalje-cveta\/","name":"Ro\u017eaje: \u0160verc i dalje cveta","isPartOf":{"@id":"https:\/\/sandzakpress.net\/arhiva\/#website"},"primaryImageOfPage":{"@id":"https:\/\/sandzakpress.net\/arhiva\/rozaje-sverc-i-dalje-cveta\/#primaryimage"},"image":{"@id":"https:\/\/sandzakpress.net\/arhiva\/rozaje-sverc-i-dalje-cveta\/#primaryimage"},"thumbnailUrl":"https:\/\/sandzakpress.net\/arhiva\/wp-content\/uploads\/2011\/08\/reg-sverc_310x186.jpg","datePublished":"2011-08-05T12:53:14+00:00","dateModified":"2011-08-05T12:57:22+00:00","breadcrumb":{"@id":"https:\/\/sandzakpress.net\/arhiva\/rozaje-sverc-i-dalje-cveta\/#breadcrumb"},"inLanguage":"bs-BA","potentialAction":[{"@type":"ReadAction","target":["https:\/\/sandzakpress.net\/arhiva\/rozaje-sverc-i-dalje-cveta\/"]}]},{"@type":"ImageObject","inLanguage":"bs-BA","@id":"https:\/\/sandzakpress.net\/arhiva\/rozaje-sverc-i-dalje-cveta\/#primaryimage","url":"https:\/\/sandzakpress.net\/arhiva\/wp-content\/uploads\/2011\/08\/reg-sverc_310x186.jpg","contentUrl":"https:\/\/sandzakpress.net\/arhiva\/wp-content\/uploads\/2011\/08\/reg-sverc_310x186.jpg","width":310,"height":186},{"@type":"BreadcrumbList","@id":"https:\/\/sandzakpress.net\/arhiva\/rozaje-sverc-i-dalje-cveta\/#breadcrumb","itemListElement":[{"@type":"ListItem","position":1,"name":"Home","item":"https:\/\/sandzakpress.net\/arhiva\/"},{"@type":"ListItem","position":2,"name":"Ro\u017eaje: \u0160verc i dalje cveta"}]},{"@type":"WebSite","@id":"https:\/\/sandzakpress.net\/arhiva\/#website","url":"https:\/\/sandzakpress.net\/arhiva\/","name":"Sand\u017eak PRESS","description":"Prve elektronske novine u Sand\u017eaku","publisher":{"@id":"https:\/\/sandzakpress.net\/arhiva\/#\/schema\/person\/6e72b67d6e51910a1117b3b483ba20bd"},"potentialAction":[{"@type":"SearchAction","target":{"@type":"EntryPoint","urlTemplate":"https:\/\/sandzakpress.net\/arhiva\/?s={search_term_string}"},"query-input":{"@type":"PropertyValueSpecification","valueRequired":true,"valueName":"search_term_string"}}],"inLanguage":"bs-BA"},{"@type":["Person","Organization"],"@id":"https:\/\/sandzakpress.net\/arhiva\/#\/schema\/person\/6e72b67d6e51910a1117b3b483ba20bd","name":"Kul","image":{"@type":"ImageObject","inLanguage":"bs-BA","@id":"https:\/\/sandzakpress.net\/arhiva\/#\/schema\/person\/image\/","url":"https:\/\/secure.gravatar.com\/avatar\/42263f39aa27ac04c43cab85c280eb2e?s=96&d=mm&r=pg","contentUrl":"https:\/\/secure.gravatar.com\/avatar\/42263f39aa27ac04c43cab85c280eb2e?s=96&d=mm&r=pg","caption":"Kul"},"logo":{"@id":"https:\/\/sandzakpress.net\/arhiva\/#\/schema\/person\/image\/"}},{"@type":"Person","@id":"","url":"https:\/\/sandzakpress.net\/arhiva\/author\/"}]}},"_links":{"self":[{"href":"https:\/\/sandzakpress.net\/arhiva\/wp-json\/wp\/v2\/posts\/18433"}],"collection":[{"href":"https:\/\/sandzakpress.net\/arhiva\/wp-json\/wp\/v2\/posts"}],"about":[{"href":"https:\/\/sandzakpress.net\/arhiva\/wp-json\/wp\/v2\/types\/post"}],"author":[{"embeddable":true,"href":"https:\/\/sandzakpress.net\/arhiva\/wp-json\/wp\/v2\/users\/13"}],"replies":[{"embeddable":true,"href":"https:\/\/sandzakpress.net\/arhiva\/wp-json\/wp\/v2\/comments?post=18433"}],"version-history":[{"count":0,"href":"https:\/\/sandzakpress.net\/arhiva\/wp-json\/wp\/v2\/posts\/18433\/revisions"}],"wp:featuredmedia":[{"embeddable":true,"href":"https:\/\/sandzakpress.net\/arhiva\/wp-json\/wp\/v2\/media\/18434"}],"wp:attachment":[{"href":"https:\/\/sandzakpress.net\/arhiva\/wp-json\/wp\/v2\/media?parent=18433"}],"wp:term":[{"taxonomy":"category","embeddable":true,"href":"https:\/\/sandzakpress.net\/arhiva\/wp-json\/wp\/v2\/categories?post=18433"},{"taxonomy":"post_tag","embeddable":true,"href":"https:\/\/sandzakpress.net\/arhiva\/wp-json\/wp\/v2\/tags?post=18433"}],"curies":[{"name":"wp","href":"https:\/\/api.w.org\/{rel}","templated":true}]}}