{"id":184166,"date":"2017-04-10T12:31:11","date_gmt":"2017-04-10T10:31:11","guid":{"rendered":"https:\/\/sandzakpress.net\/arhiva\/?p=184166"},"modified":"2017-04-10T12:37:02","modified_gmt":"2017-04-10T10:37:02","slug":"ifeta-radoncic-nova-predsjednica-skupstine-grada-novog-pazara","status":"publish","type":"post","link":"https:\/\/sandzakpress.net\/arhiva\/ifeta-radoncic-nova-predsjednica-skupstine-grada-novog-pazara\/","title":{"rendered":"Ifeta Radon\u010di\u0107 nova predsjednica Skup\u0161tine grada Novog Pazara"},"content":{"rendered":"<p><img decoding=\"async\" class=\"aligncenter\" src=\"http:\/\/glassandzaka.com\/wp-content\/uploads\/2017\/04\/20170410_105407-500x375.jpg\" \/><\/p>\n<p><strong>Predsjednik Gradske skup\u0161tine Mirsad Djerlek podnio je danas ostavku na ovu funkciju, \u201ezbog profesionalnih obeveza\u201c, a na njegovo mjesto imenovana je Ifeta Radon\u010di\u0107 iz SDA Sand\u017eaka.<\/strong><\/p>\n<p>Kako\u00a0saznajemo predsjednik Asocijacije mladih SDA Sand\u017eaka Emir A\u0161\u010deri\u0107 biti imenovan za pomo\u0107nika gradona\u010delnika, dok \u0107e Esmir Muratovi\u0107 i Esad Fazli\u0107 umjesto Dragane Garovi\u0107 i Albina \u0160aboti\u0107a biti novi \u010dlanovi Gradskog vije\u0107a.<\/p>\n<p>Odbornici BDZ Sand\u017eaka, kao ni samostalni odbornik Sead \u0160a\u0107irovi\u0107, su uzdr\u017eani i nisu glasali za novog predsjednika Skup\u0161tine.<\/p>\n<figure id=\"attachment_184175\" aria-describedby=\"caption-attachment-184175\" style=\"width: 1280px\" class=\"wp-caption alignnone\"><img loading=\"lazy\" decoding=\"async\" class=\"wp-image-184175 size-full\" src=\"https:\/\/sandzakpress.net\/arhiva\/wp-content\/uploads\/2017\/04\/viber-image-4.jpg\" alt=\"\" width=\"1280\" height=\"960\" srcset=\"https:\/\/sandzakpress.net\/arhiva\/wp-content\/uploads\/2017\/04\/viber-image-4.jpg 1280w, https:\/\/sandzakpress.net\/arhiva\/wp-content\/uploads\/2017\/04\/viber-image-4-768x576.jpg 768w, https:\/\/sandzakpress.net\/arhiva\/wp-content\/uploads\/2017\/04\/viber-image-4-616x462.jpg 616w\" sizes=\"(max-width: 1280px) 100vw, 1280px\" \/><figcaption id=\"caption-attachment-184175\" class=\"wp-caption-text\">Foto: Glasanje za novog predsjednika Skup\u0161tine<\/figcaption><\/figure>\n<p>SANA<\/p>\n","protected":false},"excerpt":{"rendered":"<p>Predsjednik Gradske skup\u0161tine Mirsad Djerlek podnio je danas ostavku na ovu funkciju, \u201ezbog profesionalnih obeveza\u201c, a na njegovo mjesto imenovana je Ifeta Radon\u010di\u0107 iz SDA Sand\u017eaka. Kako\u00a0saznajemo predsjednik Asocijacije mladih SDA Sand\u017eaka Emir A\u0161\u010deri\u0107 biti imenovan za pomo\u0107nika gradona\u010delnika, dok \u0107e Esmir Muratovi\u0107 i Esad Fazli\u0107 umjesto Dragane Garovi\u0107 i Albina \u0160aboti\u0107a biti novi \u010dlanovi [&hellip;]<\/p>\n","protected":false},"author":509,"featured_media":184167,"comment_status":"open","ping_status":"open","sticky":false,"template":"","format":"standard","meta":{"footnotes":""},"categories":[72,1,8957],"tags":[],"class_list":{"0":"post-184166","1":"post","2":"type-post","3":"status-publish","4":"format-standard","5":"has-post-thumbnail","7":"category-novi-pazar","8":"category-politika","9":"category-vijesti-dana"},"yoast_head":"<!-- This site is optimized with the Yoast SEO Premium plugin v23.1 (Yoast SEO v24.9) - https:\/\/yoast.com\/wordpress\/plugins\/seo\/ -->\n<title>Ifeta Radon\u010di\u0107 nova predsjednica Skup\u0161tine grada Novog Pazara<\/title>\n<meta name=\"robots\" content=\"index, follow, max-snippet:-1, max-image-preview:large, max-video-preview:-1\" \/>\n<link rel=\"canonical\" href=\"https:\/\/sandzakpress.net\/arhiva\/ifeta-radoncic-nova-predsjednica-skupstine-grada-novog-pazara\/\" \/>\n<meta property=\"og:locale\" content=\"bs_BA\" \/>\n<meta property=\"og:type\" content=\"article\" \/>\n<meta property=\"og:title\" content=\"Ifeta Radon\u010di\u0107 nova predsjednica Skup\u0161tine grada Novog Pazara\" \/>\n<meta property=\"og:description\" content=\"Predsjednik Gradske skup\u0161tine Mirsad Djerlek podnio je danas ostavku na ovu funkciju, \u201ezbog profesionalnih obeveza\u201c, a na njegovo mjesto imenovana je Ifeta Radon\u010di\u0107 iz SDA Sand\u017eaka. Kako\u00a0saznajemo predsjednik Asocijacije mladih SDA Sand\u017eaka Emir A\u0161\u010deri\u0107 biti imenovan za pomo\u0107nika gradona\u010delnika, dok \u0107e Esmir Muratovi\u0107 i Esad Fazli\u0107 umjesto Dragane Garovi\u0107 i Albina \u0160aboti\u0107a biti novi \u010dlanovi [&hellip;]\" \/>\n<meta property=\"og:url\" content=\"https:\/\/sandzakpress.net\/arhiva\/ifeta-radoncic-nova-predsjednica-skupstine-grada-novog-pazara\/\" \/>\n<meta property=\"og:site_name\" content=\"Sand\u017eak PRESS\" \/>\n<meta property=\"article:published_time\" content=\"2017-04-10T10:31:11+00:00\" \/>\n<meta property=\"article:modified_time\" content=\"2017-04-10T10:37:02+00:00\" \/>\n<meta property=\"og:image\" content=\"https:\/\/sandzakpress.net\/arhiva\/wp-content\/uploads\/2017\/04\/20170410_105407-500x375.jpg\" \/>\n\t<meta property=\"og:image:width\" content=\"500\" \/>\n\t<meta property=\"og:image:height\" content=\"375\" \/>\n\t<meta property=\"og:image:type\" content=\"image\/jpeg\" \/>\n<meta name=\"author\" content=\"Agencija\" \/>\n<meta name=\"twitter:card\" content=\"summary_large_image\" \/>\n<meta name=\"twitter:label1\" content=\"Written by\" \/>\n\t<meta name=\"twitter:data1\" content=\"Agencija\" \/>\n\t<meta name=\"twitter:label2\" content=\"Est. reading time\" \/>\n\t<meta name=\"twitter:data2\" content=\"1 minuta\" \/>\n<script type=\"application\/ld+json\" class=\"yoast-schema-graph\">{\"@context\":\"https:\/\/schema.org\",\"@graph\":[{\"@type\":\"Article\",\"@id\":\"https:\/\/sandzakpress.net\/arhiva\/ifeta-radoncic-nova-predsjednica-skupstine-grada-novog-pazara\/#article\",\"isPartOf\":{\"@id\":\"https:\/\/sandzakpress.net\/arhiva\/ifeta-radoncic-nova-predsjednica-skupstine-grada-novog-pazara\/\"},\"author\":{\"name\":\"Agencija\",\"@id\":\"https:\/\/sandzakpress.net\/arhiva\/#\/schema\/person\/cb59d7e3ab91ab90dd680ad0305a6185\"},\"headline\":\"Ifeta Radon\u010di\u0107 nova predsjednica Skup\u0161tine grada Novog Pazara\",\"datePublished\":\"2017-04-10T10:31:11+00:00\",\"dateModified\":\"2017-04-10T10:37:02+00:00\",\"mainEntityOfPage\":{\"@id\":\"https:\/\/sandzakpress.net\/arhiva\/ifeta-radoncic-nova-predsjednica-skupstine-grada-novog-pazara\/\"},\"wordCount\":114,\"commentCount\":3,\"publisher\":{\"@id\":\"https:\/\/sandzakpress.net\/arhiva\/#\/schema\/person\/6e72b67d6e51910a1117b3b483ba20bd\"},\"image\":{\"@id\":\"https:\/\/sandzakpress.net\/arhiva\/ifeta-radoncic-nova-predsjednica-skupstine-grada-novog-pazara\/#primaryimage\"},\"thumbnailUrl\":\"https:\/\/sandzakpress.net\/arhiva\/wp-content\/uploads\/2017\/04\/20170410_105407-500x375.jpg\",\"articleSection\":[\"Novi Pazar\",\"Politika\",\"VIJESTI DANA\"],\"inLanguage\":\"bs-BA\",\"potentialAction\":[{\"@type\":\"CommentAction\",\"name\":\"Comment\",\"target\":[\"https:\/\/sandzakpress.net\/arhiva\/ifeta-radoncic-nova-predsjednica-skupstine-grada-novog-pazara\/#respond\"]}]},{\"@type\":\"WebPage\",\"@id\":\"https:\/\/sandzakpress.net\/arhiva\/ifeta-radoncic-nova-predsjednica-skupstine-grada-novog-pazara\/\",\"url\":\"https:\/\/sandzakpress.net\/arhiva\/ifeta-radoncic-nova-predsjednica-skupstine-grada-novog-pazara\/\",\"name\":\"Ifeta Radon\u010di\u0107 nova predsjednica Skup\u0161tine grada Novog Pazara\",\"isPartOf\":{\"@id\":\"https:\/\/sandzakpress.net\/arhiva\/#website\"},\"primaryImageOfPage\":{\"@id\":\"https:\/\/sandzakpress.net\/arhiva\/ifeta-radoncic-nova-predsjednica-skupstine-grada-novog-pazara\/#primaryimage\"},\"image\":{\"@id\":\"https:\/\/sandzakpress.net\/arhiva\/ifeta-radoncic-nova-predsjednica-skupstine-grada-novog-pazara\/#primaryimage\"},\"thumbnailUrl\":\"https:\/\/sandzakpress.net\/arhiva\/wp-content\/uploads\/2017\/04\/20170410_105407-500x375.jpg\",\"datePublished\":\"2017-04-10T10:31:11+00:00\",\"dateModified\":\"2017-04-10T10:37:02+00:00\",\"breadcrumb\":{\"@id\":\"https:\/\/sandzakpress.net\/arhiva\/ifeta-radoncic-nova-predsjednica-skupstine-grada-novog-pazara\/#breadcrumb\"},\"inLanguage\":\"bs-BA\",\"potentialAction\":[{\"@type\":\"ReadAction\",\"target\":[\"https:\/\/sandzakpress.net\/arhiva\/ifeta-radoncic-nova-predsjednica-skupstine-grada-novog-pazara\/\"]}]},{\"@type\":\"ImageObject\",\"inLanguage\":\"bs-BA\",\"@id\":\"https:\/\/sandzakpress.net\/arhiva\/ifeta-radoncic-nova-predsjednica-skupstine-grada-novog-pazara\/#primaryimage\",\"url\":\"https:\/\/sandzakpress.net\/arhiva\/wp-content\/uploads\/2017\/04\/20170410_105407-500x375.jpg\",\"contentUrl\":\"https:\/\/sandzakpress.net\/arhiva\/wp-content\/uploads\/2017\/04\/20170410_105407-500x375.jpg\",\"width\":500,\"height\":375},{\"@type\":\"BreadcrumbList\",\"@id\":\"https:\/\/sandzakpress.net\/arhiva\/ifeta-radoncic-nova-predsjednica-skupstine-grada-novog-pazara\/#breadcrumb\",\"itemListElement\":[{\"@type\":\"ListItem\",\"position\":1,\"name\":\"Home\",\"item\":\"https:\/\/sandzakpress.net\/arhiva\/\"},{\"@type\":\"ListItem\",\"position\":2,\"name\":\"Ifeta Radon\u010di\u0107 nova predsjednica Skup\u0161tine grada Novog Pazara\"}]},{\"@type\":\"WebSite\",\"@id\":\"https:\/\/sandzakpress.net\/arhiva\/#website\",\"url\":\"https:\/\/sandzakpress.net\/arhiva\/\",\"name\":\"Sand\u017eak PRESS\",\"description\":\"Prve elektronske novine u Sand\u017eaku\",\"publisher\":{\"@id\":\"https:\/\/sandzakpress.net\/arhiva\/#\/schema\/person\/6e72b67d6e51910a1117b3b483ba20bd\"},\"potentialAction\":[{\"@type\":\"SearchAction\",\"target\":{\"@type\":\"EntryPoint\",\"urlTemplate\":\"https:\/\/sandzakpress.net\/arhiva\/?s={search_term_string}\"},\"query-input\":{\"@type\":\"PropertyValueSpecification\",\"valueRequired\":true,\"valueName\":\"search_term_string\"}}],\"inLanguage\":\"bs-BA\"},{\"@type\":[\"Person\",\"Organization\"],\"@id\":\"https:\/\/sandzakpress.net\/arhiva\/#\/schema\/person\/6e72b67d6e51910a1117b3b483ba20bd\",\"name\":\"Kul\",\"image\":{\"@type\":\"ImageObject\",\"inLanguage\":\"bs-BA\",\"@id\":\"https:\/\/sandzakpress.net\/arhiva\/#\/schema\/person\/image\/\",\"url\":\"https:\/\/secure.gravatar.com\/avatar\/42263f39aa27ac04c43cab85c280eb2e?s=96&d=mm&r=pg\",\"contentUrl\":\"https:\/\/secure.gravatar.com\/avatar\/42263f39aa27ac04c43cab85c280eb2e?s=96&d=mm&r=pg\",\"caption\":\"Kul\"},\"logo\":{\"@id\":\"https:\/\/sandzakpress.net\/arhiva\/#\/schema\/person\/image\/\"}},{\"@type\":\"Person\",\"@id\":\"https:\/\/sandzakpress.net\/arhiva\/#\/schema\/person\/cb59d7e3ab91ab90dd680ad0305a6185\",\"name\":\"Agencija\",\"image\":{\"@type\":\"ImageObject\",\"inLanguage\":\"bs-BA\",\"@id\":\"https:\/\/sandzakpress.net\/arhiva\/#\/schema\/person\/image\/\",\"url\":\"https:\/\/secure.gravatar.com\/avatar\/4b7fafa80a22f0c2afe23966b3961fe0?s=96&d=mm&r=pg\",\"contentUrl\":\"https:\/\/secure.gravatar.com\/avatar\/4b7fafa80a22f0c2afe23966b3961fe0?s=96&d=mm&r=pg\",\"caption\":\"Agencija\"},\"url\":\"https:\/\/sandzakpress.net\/arhiva\/author\/agencija\/\"}]}<\/script>\n<!-- \/ Yoast SEO Premium plugin. -->","yoast_head_json":{"title":"Ifeta Radon\u010di\u0107 nova predsjednica Skup\u0161tine grada Novog Pazara","robots":{"index":"index","follow":"follow","max-snippet":"max-snippet:-1","max-image-preview":"max-image-preview:large","max-video-preview":"max-video-preview:-1"},"canonical":"https:\/\/sandzakpress.net\/arhiva\/ifeta-radoncic-nova-predsjednica-skupstine-grada-novog-pazara\/","og_locale":"bs_BA","og_type":"article","og_title":"Ifeta Radon\u010di\u0107 nova predsjednica Skup\u0161tine grada Novog Pazara","og_description":"Predsjednik Gradske skup\u0161tine Mirsad Djerlek podnio je danas ostavku na ovu funkciju, \u201ezbog profesionalnih obeveza\u201c, a na njegovo mjesto imenovana je Ifeta Radon\u010di\u0107 iz SDA Sand\u017eaka. Kako\u00a0saznajemo predsjednik Asocijacije mladih SDA Sand\u017eaka Emir A\u0161\u010deri\u0107 biti imenovan za pomo\u0107nika gradona\u010delnika, dok \u0107e Esmir Muratovi\u0107 i Esad Fazli\u0107 umjesto Dragane Garovi\u0107 i Albina \u0160aboti\u0107a biti novi \u010dlanovi [&hellip;]","og_url":"https:\/\/sandzakpress.net\/arhiva\/ifeta-radoncic-nova-predsjednica-skupstine-grada-novog-pazara\/","og_site_name":"Sand\u017eak PRESS","article_published_time":"2017-04-10T10:31:11+00:00","article_modified_time":"2017-04-10T10:37:02+00:00","og_image":[{"width":500,"height":375,"url":"https:\/\/sandzakpress.net\/arhiva\/wp-content\/uploads\/2017\/04\/20170410_105407-500x375.jpg","type":"image\/jpeg"}],"author":"Agencija","twitter_card":"summary_large_image","twitter_misc":{"Written by":"Agencija","Est. reading time":"1 minuta"},"schema":{"@context":"https:\/\/schema.org","@graph":[{"@type":"Article","@id":"https:\/\/sandzakpress.net\/arhiva\/ifeta-radoncic-nova-predsjednica-skupstine-grada-novog-pazara\/#article","isPartOf":{"@id":"https:\/\/sandzakpress.net\/arhiva\/ifeta-radoncic-nova-predsjednica-skupstine-grada-novog-pazara\/"},"author":{"name":"Agencija","@id":"https:\/\/sandzakpress.net\/arhiva\/#\/schema\/person\/cb59d7e3ab91ab90dd680ad0305a6185"},"headline":"Ifeta Radon\u010di\u0107 nova predsjednica Skup\u0161tine grada Novog Pazara","datePublished":"2017-04-10T10:31:11+00:00","dateModified":"2017-04-10T10:37:02+00:00","mainEntityOfPage":{"@id":"https:\/\/sandzakpress.net\/arhiva\/ifeta-radoncic-nova-predsjednica-skupstine-grada-novog-pazara\/"},"wordCount":114,"commentCount":3,"publisher":{"@id":"https:\/\/sandzakpress.net\/arhiva\/#\/schema\/person\/6e72b67d6e51910a1117b3b483ba20bd"},"image":{"@id":"https:\/\/sandzakpress.net\/arhiva\/ifeta-radoncic-nova-predsjednica-skupstine-grada-novog-pazara\/#primaryimage"},"thumbnailUrl":"https:\/\/sandzakpress.net\/arhiva\/wp-content\/uploads\/2017\/04\/20170410_105407-500x375.jpg","articleSection":["Novi Pazar","Politika","VIJESTI DANA"],"inLanguage":"bs-BA","potentialAction":[{"@type":"CommentAction","name":"Comment","target":["https:\/\/sandzakpress.net\/arhiva\/ifeta-radoncic-nova-predsjednica-skupstine-grada-novog-pazara\/#respond"]}]},{"@type":"WebPage","@id":"https:\/\/sandzakpress.net\/arhiva\/ifeta-radoncic-nova-predsjednica-skupstine-grada-novog-pazara\/","url":"https:\/\/sandzakpress.net\/arhiva\/ifeta-radoncic-nova-predsjednica-skupstine-grada-novog-pazara\/","name":"Ifeta Radon\u010di\u0107 nova predsjednica Skup\u0161tine grada Novog Pazara","isPartOf":{"@id":"https:\/\/sandzakpress.net\/arhiva\/#website"},"primaryImageOfPage":{"@id":"https:\/\/sandzakpress.net\/arhiva\/ifeta-radoncic-nova-predsjednica-skupstine-grada-novog-pazara\/#primaryimage"},"image":{"@id":"https:\/\/sandzakpress.net\/arhiva\/ifeta-radoncic-nova-predsjednica-skupstine-grada-novog-pazara\/#primaryimage"},"thumbnailUrl":"https:\/\/sandzakpress.net\/arhiva\/wp-content\/uploads\/2017\/04\/20170410_105407-500x375.jpg","datePublished":"2017-04-10T10:31:11+00:00","dateModified":"2017-04-10T10:37:02+00:00","breadcrumb":{"@id":"https:\/\/sandzakpress.net\/arhiva\/ifeta-radoncic-nova-predsjednica-skupstine-grada-novog-pazara\/#breadcrumb"},"inLanguage":"bs-BA","potentialAction":[{"@type":"ReadAction","target":["https:\/\/sandzakpress.net\/arhiva\/ifeta-radoncic-nova-predsjednica-skupstine-grada-novog-pazara\/"]}]},{"@type":"ImageObject","inLanguage":"bs-BA","@id":"https:\/\/sandzakpress.net\/arhiva\/ifeta-radoncic-nova-predsjednica-skupstine-grada-novog-pazara\/#primaryimage","url":"https:\/\/sandzakpress.net\/arhiva\/wp-content\/uploads\/2017\/04\/20170410_105407-500x375.jpg","contentUrl":"https:\/\/sandzakpress.net\/arhiva\/wp-content\/uploads\/2017\/04\/20170410_105407-500x375.jpg","width":500,"height":375},{"@type":"BreadcrumbList","@id":"https:\/\/sandzakpress.net\/arhiva\/ifeta-radoncic-nova-predsjednica-skupstine-grada-novog-pazara\/#breadcrumb","itemListElement":[{"@type":"ListItem","position":1,"name":"Home","item":"https:\/\/sandzakpress.net\/arhiva\/"},{"@type":"ListItem","position":2,"name":"Ifeta Radon\u010di\u0107 nova predsjednica Skup\u0161tine grada Novog Pazara"}]},{"@type":"WebSite","@id":"https:\/\/sandzakpress.net\/arhiva\/#website","url":"https:\/\/sandzakpress.net\/arhiva\/","name":"Sand\u017eak PRESS","description":"Prve elektronske novine u Sand\u017eaku","publisher":{"@id":"https:\/\/sandzakpress.net\/arhiva\/#\/schema\/person\/6e72b67d6e51910a1117b3b483ba20bd"},"potentialAction":[{"@type":"SearchAction","target":{"@type":"EntryPoint","urlTemplate":"https:\/\/sandzakpress.net\/arhiva\/?s={search_term_string}"},"query-input":{"@type":"PropertyValueSpecification","valueRequired":true,"valueName":"search_term_string"}}],"inLanguage":"bs-BA"},{"@type":["Person","Organization"],"@id":"https:\/\/sandzakpress.net\/arhiva\/#\/schema\/person\/6e72b67d6e51910a1117b3b483ba20bd","name":"Kul","image":{"@type":"ImageObject","inLanguage":"bs-BA","@id":"https:\/\/sandzakpress.net\/arhiva\/#\/schema\/person\/image\/","url":"https:\/\/secure.gravatar.com\/avatar\/42263f39aa27ac04c43cab85c280eb2e?s=96&d=mm&r=pg","contentUrl":"https:\/\/secure.gravatar.com\/avatar\/42263f39aa27ac04c43cab85c280eb2e?s=96&d=mm&r=pg","caption":"Kul"},"logo":{"@id":"https:\/\/sandzakpress.net\/arhiva\/#\/schema\/person\/image\/"}},{"@type":"Person","@id":"https:\/\/sandzakpress.net\/arhiva\/#\/schema\/person\/cb59d7e3ab91ab90dd680ad0305a6185","name":"Agencija","image":{"@type":"ImageObject","inLanguage":"bs-BA","@id":"https:\/\/sandzakpress.net\/arhiva\/#\/schema\/person\/image\/","url":"https:\/\/secure.gravatar.com\/avatar\/4b7fafa80a22f0c2afe23966b3961fe0?s=96&d=mm&r=pg","contentUrl":"https:\/\/secure.gravatar.com\/avatar\/4b7fafa80a22f0c2afe23966b3961fe0?s=96&d=mm&r=pg","caption":"Agencija"},"url":"https:\/\/sandzakpress.net\/arhiva\/author\/agencija\/"}]}},"_links":{"self":[{"href":"https:\/\/sandzakpress.net\/arhiva\/wp-json\/wp\/v2\/posts\/184166"}],"collection":[{"href":"https:\/\/sandzakpress.net\/arhiva\/wp-json\/wp\/v2\/posts"}],"about":[{"href":"https:\/\/sandzakpress.net\/arhiva\/wp-json\/wp\/v2\/types\/post"}],"author":[{"embeddable":true,"href":"https:\/\/sandzakpress.net\/arhiva\/wp-json\/wp\/v2\/users\/509"}],"replies":[{"embeddable":true,"href":"https:\/\/sandzakpress.net\/arhiva\/wp-json\/wp\/v2\/comments?post=184166"}],"version-history":[{"count":0,"href":"https:\/\/sandzakpress.net\/arhiva\/wp-json\/wp\/v2\/posts\/184166\/revisions"}],"wp:featuredmedia":[{"embeddable":true,"href":"https:\/\/sandzakpress.net\/arhiva\/wp-json\/wp\/v2\/media\/184167"}],"wp:attachment":[{"href":"https:\/\/sandzakpress.net\/arhiva\/wp-json\/wp\/v2\/media?parent=184166"}],"wp:term":[{"taxonomy":"category","embeddable":true,"href":"https:\/\/sandzakpress.net\/arhiva\/wp-json\/wp\/v2\/categories?post=184166"},{"taxonomy":"post_tag","embeddable":true,"href":"https:\/\/sandzakpress.net\/arhiva\/wp-json\/wp\/v2\/tags?post=184166"}],"curies":[{"name":"wp","href":"https:\/\/api.w.org\/{rel}","templated":true}]}}