{"id":18415,"date":"2011-08-05T14:25:42","date_gmt":"2011-08-05T12:25:42","guid":{"rendered":"https:\/\/sandzakpress.net\/arhiva\/?p=18415"},"modified":"2011-08-05T14:25:42","modified_gmt":"2011-08-05T12:25:42","slug":"dacic-taci-je-na-sjeveru-kosova-zelio-izvesti-akciju-slicnu-oluji","status":"publish","type":"post","link":"https:\/\/sandzakpress.net\/arhiva\/dacic-taci-je-na-sjeveru-kosova-zelio-izvesti-akciju-slicnu-oluji\/","title":{"rendered":"Da\u010di\u0107: &#8220;Ta\u010di je na sjeveru Kosova \u017eelio izvesti akciju sli\u010dnu Oluji&#8221;"},"content":{"rendered":"<p><strong><a href=\"https:\/\/sandzakpress.net\/arhiva\/wp-content\/uploads\/2011\/08\/cc0e189ad6e518d99f86fa7b406871b0.jpg\"><img loading=\"lazy\" decoding=\"async\" class=\"alignleft size-full wp-image-18416\" src=\"https:\/\/sandzakpress.net\/arhiva\/wp-content\/uploads\/2011\/08\/cc0e189ad6e518d99f86fa7b406871b0.jpg\" alt=\"\" width=\"180\" height=\"220\" \/><\/a>Srbija, Kosovo &#8211; Zamjenik predsjednika vlade i ministar unutra\u0161njih poslova Srbije  Ivica Da\u010di\u0107 izjavio je danas da Srbija ne\u0107e trgovati Kosovom zbog ulaska  u Evropsku uniju.<\/strong><\/p>\n<p>&#8220;Posljednja de\u0161avanja u ju\u017enoj srbijanskoj pokrajini mnogi povezuju  sa predstoje\u0107inm pregovorima sa EU i dodatnim pritiscima na Srbiju, ali  na\u0161 stav je jasan &#8211; postoji crvena linija dr\u017eavnih interesa ispod kojih  Srbija sigurno ne\u0107e i\u0107i&#8221;, kazao je Da\u010di\u0107 nakon konferencije za novinare  na kojoj je uru\u010dio srbijanski paso\u0161 fudbaleru Crvene zvezde Evandru.<\/p>\n<p>Prema Da\u010di\u0107evim rije\u010dima, premijer Kosova Ha\u0161im Ta\u010di je na sjeveru  nasilno poku\u0161ao da promijeni realnost na Kosovu i da izvede akciju  slu\u010dnu Oluji, prenosi &#8220;Blic&#8221;.<\/p>\n<p>&#8220;Srbija ne \u017eeli da ratuje i zala\u017ee se za rje\u0161avanje svih problema  mirnim putem, me\u0111utim, siguran sam da je Ta\u010dijeva akcija uspjela,  me\u0111unarodna zajednica bi podr\u017eala takvu situaciju&#8221;, istakao je Da\u010di\u0107.<\/p>\n<p>Srbijanski ministar je pozdravio dogovor koji je no\u0107as postignut sa  komandantom KFOR-a Erhardom Bilerom oko kontolisanja prelaza i izrazio  nadu da \u0107e uskoro do\u0107i i do &#8220;kona\u010dnog rje\u0161enja&#8221;.<\/p>\n<p>&#8220;Svaki dogovor je dobar, ali mislim da je ovo rje\u0161enje privremeno i  nadam se skorom dono\u0161enju kona\u010dnog rje\u0161enja&#8221;, kazao je Da\u010di\u0107.<\/p>\n<p>On je poru\u010dio da srpski narod na Kosovu i Metohiji ima apsolutno  pravo da na sve legitimne na\u010dine ostvaruje svoja prava, isto kao \u0161to su  ga svojevremeno imali Albanci koji nisu \u017eeljeli da \u017eive u Srbiji.<\/p>\n<p>&#8220;Ne znam samo za\u0161to iz me\u0111unarodne zajednice imaju razli\u010dite ar\u0161ine u tom pogledu&#8221;, zaklju\u010dio je Da\u010di\u0107.<\/p>\n<p>Izvor<strong>: IslamBosna.ba<\/strong><\/p>\n","protected":false},"excerpt":{"rendered":"<p>Srbija, Kosovo &#8211; Zamjenik predsjednika vlade i ministar unutra\u0161njih poslova Srbije Ivica Da\u010di\u0107 izjavio je danas da Srbija ne\u0107e trgovati Kosovom zbog ulaska u Evropsku uniju. &#8220;Posljednja de\u0161avanja u ju\u017enoj srbijanskoj pokrajini mnogi povezuju sa predstoje\u0107inm pregovorima sa EU i dodatnim pritiscima na Srbiju, ali na\u0161 stav je jasan &#8211; postoji crvena linija dr\u017eavnih interesa [&hellip;]<\/p>\n","protected":false},"author":13,"featured_media":18416,"comment_status":"open","ping_status":"open","sticky":false,"template":"","format":"standard","meta":{"footnotes":""},"categories":[2690],"tags":[],"class_list":{"0":"post-18415","1":"post","2":"type-post","3":"status-publish","4":"format-standard","5":"has-post-thumbnail","7":"category-kosovo-gradovi"},"yoast_head":"<!-- This site is optimized with the Yoast SEO Premium plugin v23.1 (Yoast SEO v24.9) - https:\/\/yoast.com\/wordpress\/plugins\/seo\/ -->\n<title>Da\u010di\u0107: &quot;Ta\u010di je na sjeveru Kosova \u017eelio izvesti akciju sli\u010dnu Oluji&quot;<\/title>\n<meta name=\"robots\" content=\"index, follow, max-snippet:-1, max-image-preview:large, max-video-preview:-1\" \/>\n<link rel=\"canonical\" href=\"https:\/\/sandzakpress.net\/arhiva\/dacic-taci-je-na-sjeveru-kosova-zelio-izvesti-akciju-slicnu-oluji\/\" \/>\n<meta property=\"og:locale\" content=\"bs_BA\" \/>\n<meta property=\"og:type\" content=\"article\" \/>\n<meta property=\"og:title\" content=\"Da\u010di\u0107: &quot;Ta\u010di je na sjeveru Kosova \u017eelio izvesti akciju sli\u010dnu Oluji&quot;\" \/>\n<meta property=\"og:description\" content=\"Srbija, Kosovo &#8211; Zamjenik predsjednika vlade i ministar unutra\u0161njih poslova Srbije Ivica Da\u010di\u0107 izjavio je danas da Srbija ne\u0107e trgovati Kosovom zbog ulaska u Evropsku uniju. &#8220;Posljednja de\u0161avanja u ju\u017enoj srbijanskoj pokrajini mnogi povezuju sa predstoje\u0107inm pregovorima sa EU i dodatnim pritiscima na Srbiju, ali na\u0161 stav je jasan &#8211; postoji crvena linija dr\u017eavnih interesa [&hellip;]\" \/>\n<meta property=\"og:url\" content=\"https:\/\/sandzakpress.net\/arhiva\/dacic-taci-je-na-sjeveru-kosova-zelio-izvesti-akciju-slicnu-oluji\/\" \/>\n<meta property=\"og:site_name\" content=\"Sand\u017eak PRESS\" \/>\n<meta property=\"article:published_time\" content=\"2011-08-05T12:25:42+00:00\" \/>\n<meta property=\"og:image\" content=\"https:\/\/sandzakpress.net\/arhiva\/wp-content\/uploads\/2011\/08\/cc0e189ad6e518d99f86fa7b406871b0.jpg\" \/>\n\t<meta property=\"og:image:width\" content=\"180\" \/>\n\t<meta property=\"og:image:height\" content=\"220\" \/>\n\t<meta property=\"og:image:type\" content=\"image\/jpeg\" \/>\n<meta name=\"twitter:card\" content=\"summary_large_image\" \/>\n<meta name=\"twitter:label1\" content=\"Written by\" \/>\n\t<meta name=\"twitter:data1\" content=\"\" \/>\n\t<meta name=\"twitter:label2\" content=\"Est. reading time\" \/>\n\t<meta name=\"twitter:data2\" content=\"1 minuta\" \/>\n<script type=\"application\/ld+json\" class=\"yoast-schema-graph\">{\"@context\":\"https:\/\/schema.org\",\"@graph\":[{\"@type\":\"Article\",\"@id\":\"https:\/\/sandzakpress.net\/arhiva\/dacic-taci-je-na-sjeveru-kosova-zelio-izvesti-akciju-slicnu-oluji\/#article\",\"isPartOf\":{\"@id\":\"https:\/\/sandzakpress.net\/arhiva\/dacic-taci-je-na-sjeveru-kosova-zelio-izvesti-akciju-slicnu-oluji\/\"},\"author\":{\"name\":\"\",\"@id\":\"\"},\"headline\":\"Da\u010di\u0107: &#8220;Ta\u010di je na sjeveru Kosova \u017eelio izvesti akciju sli\u010dnu Oluji&#8221;\",\"datePublished\":\"2011-08-05T12:25:42+00:00\",\"mainEntityOfPage\":{\"@id\":\"https:\/\/sandzakpress.net\/arhiva\/dacic-taci-je-na-sjeveru-kosova-zelio-izvesti-akciju-slicnu-oluji\/\"},\"wordCount\":294,\"commentCount\":0,\"publisher\":{\"@id\":\"https:\/\/sandzakpress.net\/arhiva\/#\/schema\/person\/6e72b67d6e51910a1117b3b483ba20bd\"},\"image\":{\"@id\":\"https:\/\/sandzakpress.net\/arhiva\/dacic-taci-je-na-sjeveru-kosova-zelio-izvesti-akciju-slicnu-oluji\/#primaryimage\"},\"thumbnailUrl\":\"https:\/\/sandzakpress.net\/arhiva\/wp-content\/uploads\/2011\/08\/cc0e189ad6e518d99f86fa7b406871b0.jpg\",\"articleSection\":[\"Kosovo\"],\"inLanguage\":\"bs-BA\",\"potentialAction\":[{\"@type\":\"CommentAction\",\"name\":\"Comment\",\"target\":[\"https:\/\/sandzakpress.net\/arhiva\/dacic-taci-je-na-sjeveru-kosova-zelio-izvesti-akciju-slicnu-oluji\/#respond\"]}]},{\"@type\":\"WebPage\",\"@id\":\"https:\/\/sandzakpress.net\/arhiva\/dacic-taci-je-na-sjeveru-kosova-zelio-izvesti-akciju-slicnu-oluji\/\",\"url\":\"https:\/\/sandzakpress.net\/arhiva\/dacic-taci-je-na-sjeveru-kosova-zelio-izvesti-akciju-slicnu-oluji\/\",\"name\":\"Da\u010di\u0107: \\\"Ta\u010di je na sjeveru Kosova \u017eelio izvesti akciju sli\u010dnu Oluji\\\"\",\"isPartOf\":{\"@id\":\"https:\/\/sandzakpress.net\/arhiva\/#website\"},\"primaryImageOfPage\":{\"@id\":\"https:\/\/sandzakpress.net\/arhiva\/dacic-taci-je-na-sjeveru-kosova-zelio-izvesti-akciju-slicnu-oluji\/#primaryimage\"},\"image\":{\"@id\":\"https:\/\/sandzakpress.net\/arhiva\/dacic-taci-je-na-sjeveru-kosova-zelio-izvesti-akciju-slicnu-oluji\/#primaryimage\"},\"thumbnailUrl\":\"https:\/\/sandzakpress.net\/arhiva\/wp-content\/uploads\/2011\/08\/cc0e189ad6e518d99f86fa7b406871b0.jpg\",\"datePublished\":\"2011-08-05T12:25:42+00:00\",\"breadcrumb\":{\"@id\":\"https:\/\/sandzakpress.net\/arhiva\/dacic-taci-je-na-sjeveru-kosova-zelio-izvesti-akciju-slicnu-oluji\/#breadcrumb\"},\"inLanguage\":\"bs-BA\",\"potentialAction\":[{\"@type\":\"ReadAction\",\"target\":[\"https:\/\/sandzakpress.net\/arhiva\/dacic-taci-je-na-sjeveru-kosova-zelio-izvesti-akciju-slicnu-oluji\/\"]}]},{\"@type\":\"ImageObject\",\"inLanguage\":\"bs-BA\",\"@id\":\"https:\/\/sandzakpress.net\/arhiva\/dacic-taci-je-na-sjeveru-kosova-zelio-izvesti-akciju-slicnu-oluji\/#primaryimage\",\"url\":\"https:\/\/sandzakpress.net\/arhiva\/wp-content\/uploads\/2011\/08\/cc0e189ad6e518d99f86fa7b406871b0.jpg\",\"contentUrl\":\"https:\/\/sandzakpress.net\/arhiva\/wp-content\/uploads\/2011\/08\/cc0e189ad6e518d99f86fa7b406871b0.jpg\",\"width\":180,\"height\":220},{\"@type\":\"BreadcrumbList\",\"@id\":\"https:\/\/sandzakpress.net\/arhiva\/dacic-taci-je-na-sjeveru-kosova-zelio-izvesti-akciju-slicnu-oluji\/#breadcrumb\",\"itemListElement\":[{\"@type\":\"ListItem\",\"position\":1,\"name\":\"Home\",\"item\":\"https:\/\/sandzakpress.net\/arhiva\/\"},{\"@type\":\"ListItem\",\"position\":2,\"name\":\"Da\u010di\u0107: &#8220;Ta\u010di je na sjeveru Kosova \u017eelio izvesti akciju sli\u010dnu Oluji&#8221;\"}]},{\"@type\":\"WebSite\",\"@id\":\"https:\/\/sandzakpress.net\/arhiva\/#website\",\"url\":\"https:\/\/sandzakpress.net\/arhiva\/\",\"name\":\"Sand\u017eak PRESS\",\"description\":\"Prve elektronske novine u Sand\u017eaku\",\"publisher\":{\"@id\":\"https:\/\/sandzakpress.net\/arhiva\/#\/schema\/person\/6e72b67d6e51910a1117b3b483ba20bd\"},\"potentialAction\":[{\"@type\":\"SearchAction\",\"target\":{\"@type\":\"EntryPoint\",\"urlTemplate\":\"https:\/\/sandzakpress.net\/arhiva\/?s={search_term_string}\"},\"query-input\":{\"@type\":\"PropertyValueSpecification\",\"valueRequired\":true,\"valueName\":\"search_term_string\"}}],\"inLanguage\":\"bs-BA\"},{\"@type\":[\"Person\",\"Organization\"],\"@id\":\"https:\/\/sandzakpress.net\/arhiva\/#\/schema\/person\/6e72b67d6e51910a1117b3b483ba20bd\",\"name\":\"Kul\",\"image\":{\"@type\":\"ImageObject\",\"inLanguage\":\"bs-BA\",\"@id\":\"https:\/\/sandzakpress.net\/arhiva\/#\/schema\/person\/image\/\",\"url\":\"https:\/\/secure.gravatar.com\/avatar\/42263f39aa27ac04c43cab85c280eb2e?s=96&d=mm&r=pg\",\"contentUrl\":\"https:\/\/secure.gravatar.com\/avatar\/42263f39aa27ac04c43cab85c280eb2e?s=96&d=mm&r=pg\",\"caption\":\"Kul\"},\"logo\":{\"@id\":\"https:\/\/sandzakpress.net\/arhiva\/#\/schema\/person\/image\/\"}},{\"@type\":\"Person\",\"@id\":\"\",\"url\":\"https:\/\/sandzakpress.net\/arhiva\/author\/\"}]}<\/script>\n<!-- \/ Yoast SEO Premium plugin. -->","yoast_head_json":{"title":"Da\u010di\u0107: \"Ta\u010di je na sjeveru Kosova \u017eelio izvesti akciju sli\u010dnu Oluji\"","robots":{"index":"index","follow":"follow","max-snippet":"max-snippet:-1","max-image-preview":"max-image-preview:large","max-video-preview":"max-video-preview:-1"},"canonical":"https:\/\/sandzakpress.net\/arhiva\/dacic-taci-je-na-sjeveru-kosova-zelio-izvesti-akciju-slicnu-oluji\/","og_locale":"bs_BA","og_type":"article","og_title":"Da\u010di\u0107: \"Ta\u010di je na sjeveru Kosova \u017eelio izvesti akciju sli\u010dnu Oluji\"","og_description":"Srbija, Kosovo &#8211; Zamjenik predsjednika vlade i ministar unutra\u0161njih poslova Srbije Ivica Da\u010di\u0107 izjavio je danas da Srbija ne\u0107e trgovati Kosovom zbog ulaska u Evropsku uniju. &#8220;Posljednja de\u0161avanja u ju\u017enoj srbijanskoj pokrajini mnogi povezuju sa predstoje\u0107inm pregovorima sa EU i dodatnim pritiscima na Srbiju, ali na\u0161 stav je jasan &#8211; postoji crvena linija dr\u017eavnih interesa [&hellip;]","og_url":"https:\/\/sandzakpress.net\/arhiva\/dacic-taci-je-na-sjeveru-kosova-zelio-izvesti-akciju-slicnu-oluji\/","og_site_name":"Sand\u017eak PRESS","article_published_time":"2011-08-05T12:25:42+00:00","og_image":[{"width":180,"height":220,"url":"https:\/\/sandzakpress.net\/arhiva\/wp-content\/uploads\/2011\/08\/cc0e189ad6e518d99f86fa7b406871b0.jpg","type":"image\/jpeg"}],"twitter_card":"summary_large_image","twitter_misc":{"Written by":"","Est. reading time":"1 minuta"},"schema":{"@context":"https:\/\/schema.org","@graph":[{"@type":"Article","@id":"https:\/\/sandzakpress.net\/arhiva\/dacic-taci-je-na-sjeveru-kosova-zelio-izvesti-akciju-slicnu-oluji\/#article","isPartOf":{"@id":"https:\/\/sandzakpress.net\/arhiva\/dacic-taci-je-na-sjeveru-kosova-zelio-izvesti-akciju-slicnu-oluji\/"},"author":{"name":"","@id":""},"headline":"Da\u010di\u0107: &#8220;Ta\u010di je na sjeveru Kosova \u017eelio izvesti akciju sli\u010dnu Oluji&#8221;","datePublished":"2011-08-05T12:25:42+00:00","mainEntityOfPage":{"@id":"https:\/\/sandzakpress.net\/arhiva\/dacic-taci-je-na-sjeveru-kosova-zelio-izvesti-akciju-slicnu-oluji\/"},"wordCount":294,"commentCount":0,"publisher":{"@id":"https:\/\/sandzakpress.net\/arhiva\/#\/schema\/person\/6e72b67d6e51910a1117b3b483ba20bd"},"image":{"@id":"https:\/\/sandzakpress.net\/arhiva\/dacic-taci-je-na-sjeveru-kosova-zelio-izvesti-akciju-slicnu-oluji\/#primaryimage"},"thumbnailUrl":"https:\/\/sandzakpress.net\/arhiva\/wp-content\/uploads\/2011\/08\/cc0e189ad6e518d99f86fa7b406871b0.jpg","articleSection":["Kosovo"],"inLanguage":"bs-BA","potentialAction":[{"@type":"CommentAction","name":"Comment","target":["https:\/\/sandzakpress.net\/arhiva\/dacic-taci-je-na-sjeveru-kosova-zelio-izvesti-akciju-slicnu-oluji\/#respond"]}]},{"@type":"WebPage","@id":"https:\/\/sandzakpress.net\/arhiva\/dacic-taci-je-na-sjeveru-kosova-zelio-izvesti-akciju-slicnu-oluji\/","url":"https:\/\/sandzakpress.net\/arhiva\/dacic-taci-je-na-sjeveru-kosova-zelio-izvesti-akciju-slicnu-oluji\/","name":"Da\u010di\u0107: \"Ta\u010di je na sjeveru Kosova \u017eelio izvesti akciju sli\u010dnu Oluji\"","isPartOf":{"@id":"https:\/\/sandzakpress.net\/arhiva\/#website"},"primaryImageOfPage":{"@id":"https:\/\/sandzakpress.net\/arhiva\/dacic-taci-je-na-sjeveru-kosova-zelio-izvesti-akciju-slicnu-oluji\/#primaryimage"},"image":{"@id":"https:\/\/sandzakpress.net\/arhiva\/dacic-taci-je-na-sjeveru-kosova-zelio-izvesti-akciju-slicnu-oluji\/#primaryimage"},"thumbnailUrl":"https:\/\/sandzakpress.net\/arhiva\/wp-content\/uploads\/2011\/08\/cc0e189ad6e518d99f86fa7b406871b0.jpg","datePublished":"2011-08-05T12:25:42+00:00","breadcrumb":{"@id":"https:\/\/sandzakpress.net\/arhiva\/dacic-taci-je-na-sjeveru-kosova-zelio-izvesti-akciju-slicnu-oluji\/#breadcrumb"},"inLanguage":"bs-BA","potentialAction":[{"@type":"ReadAction","target":["https:\/\/sandzakpress.net\/arhiva\/dacic-taci-je-na-sjeveru-kosova-zelio-izvesti-akciju-slicnu-oluji\/"]}]},{"@type":"ImageObject","inLanguage":"bs-BA","@id":"https:\/\/sandzakpress.net\/arhiva\/dacic-taci-je-na-sjeveru-kosova-zelio-izvesti-akciju-slicnu-oluji\/#primaryimage","url":"https:\/\/sandzakpress.net\/arhiva\/wp-content\/uploads\/2011\/08\/cc0e189ad6e518d99f86fa7b406871b0.jpg","contentUrl":"https:\/\/sandzakpress.net\/arhiva\/wp-content\/uploads\/2011\/08\/cc0e189ad6e518d99f86fa7b406871b0.jpg","width":180,"height":220},{"@type":"BreadcrumbList","@id":"https:\/\/sandzakpress.net\/arhiva\/dacic-taci-je-na-sjeveru-kosova-zelio-izvesti-akciju-slicnu-oluji\/#breadcrumb","itemListElement":[{"@type":"ListItem","position":1,"name":"Home","item":"https:\/\/sandzakpress.net\/arhiva\/"},{"@type":"ListItem","position":2,"name":"Da\u010di\u0107: &#8220;Ta\u010di je na sjeveru Kosova \u017eelio izvesti akciju sli\u010dnu Oluji&#8221;"}]},{"@type":"WebSite","@id":"https:\/\/sandzakpress.net\/arhiva\/#website","url":"https:\/\/sandzakpress.net\/arhiva\/","name":"Sand\u017eak PRESS","description":"Prve elektronske novine u Sand\u017eaku","publisher":{"@id":"https:\/\/sandzakpress.net\/arhiva\/#\/schema\/person\/6e72b67d6e51910a1117b3b483ba20bd"},"potentialAction":[{"@type":"SearchAction","target":{"@type":"EntryPoint","urlTemplate":"https:\/\/sandzakpress.net\/arhiva\/?s={search_term_string}"},"query-input":{"@type":"PropertyValueSpecification","valueRequired":true,"valueName":"search_term_string"}}],"inLanguage":"bs-BA"},{"@type":["Person","Organization"],"@id":"https:\/\/sandzakpress.net\/arhiva\/#\/schema\/person\/6e72b67d6e51910a1117b3b483ba20bd","name":"Kul","image":{"@type":"ImageObject","inLanguage":"bs-BA","@id":"https:\/\/sandzakpress.net\/arhiva\/#\/schema\/person\/image\/","url":"https:\/\/secure.gravatar.com\/avatar\/42263f39aa27ac04c43cab85c280eb2e?s=96&d=mm&r=pg","contentUrl":"https:\/\/secure.gravatar.com\/avatar\/42263f39aa27ac04c43cab85c280eb2e?s=96&d=mm&r=pg","caption":"Kul"},"logo":{"@id":"https:\/\/sandzakpress.net\/arhiva\/#\/schema\/person\/image\/"}},{"@type":"Person","@id":"","url":"https:\/\/sandzakpress.net\/arhiva\/author\/"}]}},"_links":{"self":[{"href":"https:\/\/sandzakpress.net\/arhiva\/wp-json\/wp\/v2\/posts\/18415"}],"collection":[{"href":"https:\/\/sandzakpress.net\/arhiva\/wp-json\/wp\/v2\/posts"}],"about":[{"href":"https:\/\/sandzakpress.net\/arhiva\/wp-json\/wp\/v2\/types\/post"}],"author":[{"embeddable":true,"href":"https:\/\/sandzakpress.net\/arhiva\/wp-json\/wp\/v2\/users\/13"}],"replies":[{"embeddable":true,"href":"https:\/\/sandzakpress.net\/arhiva\/wp-json\/wp\/v2\/comments?post=18415"}],"version-history":[{"count":0,"href":"https:\/\/sandzakpress.net\/arhiva\/wp-json\/wp\/v2\/posts\/18415\/revisions"}],"wp:featuredmedia":[{"embeddable":true,"href":"https:\/\/sandzakpress.net\/arhiva\/wp-json\/wp\/v2\/media\/18416"}],"wp:attachment":[{"href":"https:\/\/sandzakpress.net\/arhiva\/wp-json\/wp\/v2\/media?parent=18415"}],"wp:term":[{"taxonomy":"category","embeddable":true,"href":"https:\/\/sandzakpress.net\/arhiva\/wp-json\/wp\/v2\/categories?post=18415"},{"taxonomy":"post_tag","embeddable":true,"href":"https:\/\/sandzakpress.net\/arhiva\/wp-json\/wp\/v2\/tags?post=18415"}],"curies":[{"name":"wp","href":"https:\/\/api.w.org\/{rel}","templated":true}]}}