{"id":184052,"date":"2017-04-07T23:16:59","date_gmt":"2017-04-07T21:16:59","guid":{"rendered":"https:\/\/sandzakpress.net\/arhiva\/?p=184052"},"modified":"2017-04-07T23:19:33","modified_gmt":"2017-04-07T21:19:33","slug":"bosnjak-enver-i-palestinka-siham-rodili-osmero-djece","status":"publish","type":"post","link":"https:\/\/sandzakpress.net\/arhiva\/bosnjak-enver-i-palestinka-siham-rodili-osmero-djece\/","title":{"rendered":"Bo\u0161njak Enver i Palestinka Siham rodili osmero djece"},"content":{"rendered":"<div class=\"itemIntroText\">\n<p><strong><img loading=\"lazy\" decoding=\"async\" class=\"aligncenter\" src=\"http:\/\/preporod.com\/media\/k2\/items\/cache\/0312fbcbdf42febf0186695cae13bb53_XL.jpg\" alt=\"Bo\u0161njak Enver i Palestinka Siham rodili osmero djece\" width=\"811\" height=\"504\" \/><\/strong><\/p>\n<p><strong>Zanimljiva je i emotivna pri\u010da o porodici Envera i Siham Gici\u0107, univerzitetskih profesora, sa titulama doktora islamskih nauka, iz Novog Pazara. Bo\u0161njak Enver i Palestinka Siham upoznali su se na studiju u Libanu.<\/strong><\/p>\n<\/div>\n<div class=\"itemFullText\">\n<p>Nakon sklapanja braka i zavr\u0161etka studija odlu\u010dili su da \u017eive i rade u Novom Pazaru, srcu Sand\u017eaka. Za 16 godina braka dobili su osmero djece. Najstarije je sedmi razred osnovne \u0161kole, a najmla\u0111e je jednogodi\u0161nja beba.<\/p>\n<p>Sihamini roditelji 1948. godine protjerani su iz Palestine. Tada je njena majka imala 2 godine. Specifi\u010dno je za Palestince da, kada god se rode i gdje god se rode njihova djeca, \u010dim progovore ka\u017eu da su iz Palestine, da njihova ku\u0107a jo\u0161 uvijek postoji u Palestini i da planiraju da se, kad \u2013 tad u nju vrate.<\/p>\n<p>Kad govori o djeci prof. dr. Enver Gici\u0107, dekan Fakulteta za islamske studije, ka\u017ee: \u201eTrenutno imamo osmero djece, a jo\u0161 dvoje je umrlo prije ro\u0111enja. Najstarija je \u0160ejma. Ona je sedmi razred. U tre\u0107em razredu se pokrila. Sama se odlu\u010dila na taj put, a budu\u0107i da joj je i u\u010diteljica bila pod hid\u017eabom vjerovatno je i to utjecalo na nju. Odli\u010dna je u\u010denica, govori arapski, njema\u010dki. Drugi po starini je Huzejfe. Ime je dobio po ashabu Muhammeda, a.s.. Peti je razred. Tre\u0107a je Muna, \u010detvrti razred. \u010cetvrti je Ahmed. Kad se Ahmed rodio majka je rekla: \u2018Hvala Bogu da ste makar njemu dali muslimansko ime.\u2019 Ova arapska njoj nisu bila poznata. Kad se Ahmed rodio mi smo o\u010dekivali djevoj\u010dicu, jer doktorica koja je pratila hanumino drugo stanje prognozirala je da nosi djevoj\u010dicu. \u010cak smo i prvu bebinu odje\u0107u uzeli kao za djevoj\u010dicu. Odveo ja hanumu u porodili\u0161te i nakon sat vremena izlazi medicinska sestra i \u010destita mi sina. Odgovorih joj da je ona pogrije\u0161ila, jer \u010dekamo djevoj\u010dicu. Ona \u0107e na to: \u2018Bo\u017ee mili, tvrdoglavog li \u010dovjeka. Ka\u017eem vam da ste dobili sina, a vi ho\u0107ete djevoj\u010dicu. Va\u0161a supruga je jedina u porodili\u0161tu i nema \u0161anse da je dijete zamijenjeno.\u2019 Drugi je razred. On je jedini plav, a ostali su tamnijeg tena. Peta je Beraa. Prvi razred. \u0160esta je Duha. Ona je u vrti\u0107u. Naj\u017eivlja je. Supruga ka\u017ee da \u0107e ona biti neki politi\u010dar. Ima pet godina. Nema djeteta u obdani\u0161tu koje ona nije izudarala. Sedma je Radia. Rodila se nakon smrti moje punice pa smo joj dali nanino ime. Osma je D\u017eumana. Stara godinu dana. Petero ih trenira borila\u010dku vje\u0161tinu aikido.\u201c<\/p>\n<p>Na moje pitanje kako se njegova Palestinka navikla na Novi Pazar i Pe\u0161ter, odakle je on, profesor Gici\u0107 ka\u017ee: \u201eU po\u010detku joj je bilo te\u0161ko, sad se navikla. Magistrirala je fikh i usuli fikh. Bila je najbolji student u svojoj generaciji. Na na\u0161em je fakultetu radila kao bibliotekar. Djeca su savladala arapski, jer smo u ku\u0107i govorili arapski, a u \u0161koli su nau\u010dili i bosanski. Sada te\u010dno znaju po dva jezika. U\u010de jo\u0161 i engleski i njema\u010dki.\u201c<\/p>\n<p>Zanimalo me je kako komentira neodlu\u010dnost mnogih Bo\u0161njaka da se , bez prethodno rije\u0161enog stambenog i radnog statusa, o\u017eene. Profesor ka\u017ee: \u201eKad sam se o\u017eenio u Libanu kod sebe sam imao 50 dolara. Potom sam do\u0161ao u zavi\u010daj i po\u010deo raditi u IZ. Po\u010deo sam raditi kao profesor u Isa-begovoj medresi u Novom Pazaru. Predavao sam historiju islama. Moja pla\u0107a je bila 105 eura. Iznajmljeni stan pla\u0107ao sam 120 eura. Allah, d\u017e. \u0161., daje nafaku. Svako od ove na\u0161e djece koje se rodilo donosilo je svoju i pove\u0107avalo na\u0161u zajedni\u010dku nafaku, ugodniji i ljep\u0161i \u017eivot. Mo\u017eda \u0107e biti zanimljivo da spomenem i ovaj slu\u010daj. Kad se rodila moja prva djevoj\u010dica dedo i nana moje hanume bili su \u017eivi. \u0160ejma je bila 285. \u010dlan porodice ovo dvoje ljudi. Nije broj djece uzrok siroma\u0161tvu. U mom selu bio je \u010dovjek koji je imao 16 djece. Danas su to biznismeni i najbogatiji ljudi . \u010covjek se zvao Nasuf. Jedan sin mu je \u0161ehid. Poginuo je u odbrani Sarajeva. Ostali \u017eive u BiH, Sloveniji, Austriji.\u201c<\/p>\n<p>Predlo\u017eio sam mu da na kraju uputi poruku na\u0161im \u010ditaocima \u0161to je on i u\u010dinio. \u201eTe\u0161ko je danas bilo koga savjetovati. Moja poruka bi bila: ako su vjernici treba da ispo\u0161tuju Sunnet Bo\u017ejeg Poslanika. Muslimani moraju imati puno djece. To je na\u0161a budu\u0107nost, na\u0161 opstanak. Li\u010dno mislim da niko od nas ne bi trebalo da ima ispod troje djece. Islamska zajednica putem dersova, savjetovanja, mora vi\u0161e pa\u017enje posvetiti bijeloj kugi. U mom selu ima preko 30 momaka koji imaju 30 i vi\u0161e godina, a nisu o\u017eenjeni. Problem je i \u0161to niko ne\u0107e da \u017eivi na selu.. Mi smo ovdje u Sand\u017eaku manjina. Ukoliko ne budemo radili na natalitetu onda nas nema.\u201c<\/p>\n<\/div>\n<p class=\"author\"><span class=\"itemAuthor\">Autor\u00a0 B. PERVA<\/span><\/p>\n<p>Izvor: <strong>preporod.com<\/strong><\/p>\n","protected":false},"excerpt":{"rendered":"<p>Zanimljiva je i emotivna pri\u010da o porodici Envera i Siham Gici\u0107, univerzitetskih profesora, sa titulama doktora islamskih nauka, iz Novog Pazara. Bo\u0161njak Enver i Palestinka Siham upoznali su se na studiju u Libanu. Nakon sklapanja braka i zavr\u0161etka studija odlu\u010dili su da \u017eive i rade u Novom Pazaru, srcu Sand\u017eaka. Za 16 godina braka dobili [&hellip;]<\/p>\n","protected":false},"author":125,"featured_media":184053,"comment_status":"open","ping_status":"open","sticky":false,"template":"","format":"standard","meta":{"footnotes":""},"categories":[72,802,8957],"tags":[],"class_list":{"0":"post-184052","1":"post","2":"type-post","3":"status-publish","4":"format-standard","5":"has-post-thumbnail","7":"category-novi-pazar","8":"category-islamska_zajednica","9":"category-vijesti-dana"},"yoast_head":"<!-- This site is optimized with the Yoast SEO Premium plugin v23.1 (Yoast SEO v24.9) - https:\/\/yoast.com\/wordpress\/plugins\/seo\/ -->\n<title>Bo\u0161njak Enver i Palestinka Siham rodili osmero djece<\/title>\n<meta name=\"robots\" content=\"index, follow, max-snippet:-1, max-image-preview:large, max-video-preview:-1\" \/>\n<link rel=\"canonical\" href=\"https:\/\/sandzakpress.net\/arhiva\/bosnjak-enver-i-palestinka-siham-rodili-osmero-djece\/\" \/>\n<meta property=\"og:locale\" content=\"bs_BA\" \/>\n<meta property=\"og:type\" content=\"article\" \/>\n<meta property=\"og:title\" content=\"Bo\u0161njak Enver i Palestinka Siham rodili osmero djece\" \/>\n<meta property=\"og:description\" content=\"Zanimljiva je i emotivna pri\u010da o porodici Envera i Siham Gici\u0107, univerzitetskih profesora, sa titulama doktora islamskih nauka, iz Novog Pazara. Bo\u0161njak Enver i Palestinka Siham upoznali su se na studiju u Libanu. Nakon sklapanja braka i zavr\u0161etka studija odlu\u010dili su da \u017eive i rade u Novom Pazaru, srcu Sand\u017eaka. Za 16 godina braka dobili [&hellip;]\" \/>\n<meta property=\"og:url\" content=\"https:\/\/sandzakpress.net\/arhiva\/bosnjak-enver-i-palestinka-siham-rodili-osmero-djece\/\" \/>\n<meta property=\"og:site_name\" content=\"Sand\u017eak PRESS\" \/>\n<meta property=\"article:published_time\" content=\"2017-04-07T21:16:59+00:00\" \/>\n<meta property=\"article:modified_time\" content=\"2017-04-07T21:19:33+00:00\" \/>\n<meta property=\"og:image\" content=\"https:\/\/sandzakpress.net\/arhiva\/wp-content\/uploads\/2017\/04\/0312fbcbdf42febf0186695cae13bb53_XL.jpg\" \/>\n\t<meta property=\"og:image:width\" content=\"800\" \/>\n\t<meta property=\"og:image:height\" content=\"450\" \/>\n\t<meta property=\"og:image:type\" content=\"image\/jpeg\" \/>\n<meta name=\"author\" content=\"Korektor\" \/>\n<meta name=\"twitter:card\" content=\"summary_large_image\" \/>\n<meta name=\"twitter:label1\" content=\"Written by\" \/>\n\t<meta name=\"twitter:data1\" content=\"Korektor\" \/>\n\t<meta name=\"twitter:label2\" content=\"Est. reading time\" \/>\n\t<meta name=\"twitter:data2\" content=\"4 minute\" \/>\n<script type=\"application\/ld+json\" class=\"yoast-schema-graph\">{\"@context\":\"https:\/\/schema.org\",\"@graph\":[{\"@type\":\"Article\",\"@id\":\"https:\/\/sandzakpress.net\/arhiva\/bosnjak-enver-i-palestinka-siham-rodili-osmero-djece\/#article\",\"isPartOf\":{\"@id\":\"https:\/\/sandzakpress.net\/arhiva\/bosnjak-enver-i-palestinka-siham-rodili-osmero-djece\/\"},\"author\":{\"name\":\"Korektor\",\"@id\":\"https:\/\/sandzakpress.net\/arhiva\/#\/schema\/person\/b71f9565a8a6ce38c0200f1cf59c368c\"},\"headline\":\"Bo\u0161njak Enver i Palestinka Siham rodili osmero djece\",\"datePublished\":\"2017-04-07T21:16:59+00:00\",\"dateModified\":\"2017-04-07T21:19:33+00:00\",\"mainEntityOfPage\":{\"@id\":\"https:\/\/sandzakpress.net\/arhiva\/bosnjak-enver-i-palestinka-siham-rodili-osmero-djece\/\"},\"wordCount\":847,\"commentCount\":4,\"publisher\":{\"@id\":\"https:\/\/sandzakpress.net\/arhiva\/#\/schema\/person\/6e72b67d6e51910a1117b3b483ba20bd\"},\"image\":{\"@id\":\"https:\/\/sandzakpress.net\/arhiva\/bosnjak-enver-i-palestinka-siham-rodili-osmero-djece\/#primaryimage\"},\"thumbnailUrl\":\"https:\/\/sandzakpress.net\/arhiva\/wp-content\/uploads\/2017\/04\/0312fbcbdf42febf0186695cae13bb53_XL.jpg\",\"articleSection\":[\"Novi Pazar\",\"Islamska zajednica\",\"VIJESTI DANA\"],\"inLanguage\":\"bs-BA\",\"potentialAction\":[{\"@type\":\"CommentAction\",\"name\":\"Comment\",\"target\":[\"https:\/\/sandzakpress.net\/arhiva\/bosnjak-enver-i-palestinka-siham-rodili-osmero-djece\/#respond\"]}]},{\"@type\":\"WebPage\",\"@id\":\"https:\/\/sandzakpress.net\/arhiva\/bosnjak-enver-i-palestinka-siham-rodili-osmero-djece\/\",\"url\":\"https:\/\/sandzakpress.net\/arhiva\/bosnjak-enver-i-palestinka-siham-rodili-osmero-djece\/\",\"name\":\"Bo\u0161njak Enver i Palestinka Siham rodili osmero djece\",\"isPartOf\":{\"@id\":\"https:\/\/sandzakpress.net\/arhiva\/#website\"},\"primaryImageOfPage\":{\"@id\":\"https:\/\/sandzakpress.net\/arhiva\/bosnjak-enver-i-palestinka-siham-rodili-osmero-djece\/#primaryimage\"},\"image\":{\"@id\":\"https:\/\/sandzakpress.net\/arhiva\/bosnjak-enver-i-palestinka-siham-rodili-osmero-djece\/#primaryimage\"},\"thumbnailUrl\":\"https:\/\/sandzakpress.net\/arhiva\/wp-content\/uploads\/2017\/04\/0312fbcbdf42febf0186695cae13bb53_XL.jpg\",\"datePublished\":\"2017-04-07T21:16:59+00:00\",\"dateModified\":\"2017-04-07T21:19:33+00:00\",\"breadcrumb\":{\"@id\":\"https:\/\/sandzakpress.net\/arhiva\/bosnjak-enver-i-palestinka-siham-rodili-osmero-djece\/#breadcrumb\"},\"inLanguage\":\"bs-BA\",\"potentialAction\":[{\"@type\":\"ReadAction\",\"target\":[\"https:\/\/sandzakpress.net\/arhiva\/bosnjak-enver-i-palestinka-siham-rodili-osmero-djece\/\"]}]},{\"@type\":\"ImageObject\",\"inLanguage\":\"bs-BA\",\"@id\":\"https:\/\/sandzakpress.net\/arhiva\/bosnjak-enver-i-palestinka-siham-rodili-osmero-djece\/#primaryimage\",\"url\":\"https:\/\/sandzakpress.net\/arhiva\/wp-content\/uploads\/2017\/04\/0312fbcbdf42febf0186695cae13bb53_XL.jpg\",\"contentUrl\":\"https:\/\/sandzakpress.net\/arhiva\/wp-content\/uploads\/2017\/04\/0312fbcbdf42febf0186695cae13bb53_XL.jpg\",\"width\":800,\"height\":450},{\"@type\":\"BreadcrumbList\",\"@id\":\"https:\/\/sandzakpress.net\/arhiva\/bosnjak-enver-i-palestinka-siham-rodili-osmero-djece\/#breadcrumb\",\"itemListElement\":[{\"@type\":\"ListItem\",\"position\":1,\"name\":\"Home\",\"item\":\"https:\/\/sandzakpress.net\/arhiva\/\"},{\"@type\":\"ListItem\",\"position\":2,\"name\":\"Bo\u0161njak Enver i Palestinka Siham rodili osmero djece\"}]},{\"@type\":\"WebSite\",\"@id\":\"https:\/\/sandzakpress.net\/arhiva\/#website\",\"url\":\"https:\/\/sandzakpress.net\/arhiva\/\",\"name\":\"Sand\u017eak PRESS\",\"description\":\"Prve elektronske novine u Sand\u017eaku\",\"publisher\":{\"@id\":\"https:\/\/sandzakpress.net\/arhiva\/#\/schema\/person\/6e72b67d6e51910a1117b3b483ba20bd\"},\"potentialAction\":[{\"@type\":\"SearchAction\",\"target\":{\"@type\":\"EntryPoint\",\"urlTemplate\":\"https:\/\/sandzakpress.net\/arhiva\/?s={search_term_string}\"},\"query-input\":{\"@type\":\"PropertyValueSpecification\",\"valueRequired\":true,\"valueName\":\"search_term_string\"}}],\"inLanguage\":\"bs-BA\"},{\"@type\":[\"Person\",\"Organization\"],\"@id\":\"https:\/\/sandzakpress.net\/arhiva\/#\/schema\/person\/6e72b67d6e51910a1117b3b483ba20bd\",\"name\":\"Kul\",\"image\":{\"@type\":\"ImageObject\",\"inLanguage\":\"bs-BA\",\"@id\":\"https:\/\/sandzakpress.net\/arhiva\/#\/schema\/person\/image\/\",\"url\":\"https:\/\/secure.gravatar.com\/avatar\/42263f39aa27ac04c43cab85c280eb2e?s=96&d=mm&r=pg\",\"contentUrl\":\"https:\/\/secure.gravatar.com\/avatar\/42263f39aa27ac04c43cab85c280eb2e?s=96&d=mm&r=pg\",\"caption\":\"Kul\"},\"logo\":{\"@id\":\"https:\/\/sandzakpress.net\/arhiva\/#\/schema\/person\/image\/\"}},{\"@type\":\"Person\",\"@id\":\"https:\/\/sandzakpress.net\/arhiva\/#\/schema\/person\/b71f9565a8a6ce38c0200f1cf59c368c\",\"name\":\"Korektor\",\"image\":{\"@type\":\"ImageObject\",\"inLanguage\":\"bs-BA\",\"@id\":\"https:\/\/sandzakpress.net\/arhiva\/#\/schema\/person\/image\/\",\"url\":\"https:\/\/secure.gravatar.com\/avatar\/ae3388ff9b8eb74e0751a069466905f6?s=96&d=mm&r=pg\",\"contentUrl\":\"https:\/\/secure.gravatar.com\/avatar\/ae3388ff9b8eb74e0751a069466905f6?s=96&d=mm&r=pg\",\"caption\":\"Korektor\"},\"url\":\"https:\/\/sandzakpress.net\/arhiva\/author\/korektor\/\"}]}<\/script>\n<!-- \/ Yoast SEO Premium plugin. -->","yoast_head_json":{"title":"Bo\u0161njak Enver i Palestinka Siham rodili osmero djece","robots":{"index":"index","follow":"follow","max-snippet":"max-snippet:-1","max-image-preview":"max-image-preview:large","max-video-preview":"max-video-preview:-1"},"canonical":"https:\/\/sandzakpress.net\/arhiva\/bosnjak-enver-i-palestinka-siham-rodili-osmero-djece\/","og_locale":"bs_BA","og_type":"article","og_title":"Bo\u0161njak Enver i Palestinka Siham rodili osmero djece","og_description":"Zanimljiva je i emotivna pri\u010da o porodici Envera i Siham Gici\u0107, univerzitetskih profesora, sa titulama doktora islamskih nauka, iz Novog Pazara. Bo\u0161njak Enver i Palestinka Siham upoznali su se na studiju u Libanu. Nakon sklapanja braka i zavr\u0161etka studija odlu\u010dili su da \u017eive i rade u Novom Pazaru, srcu Sand\u017eaka. Za 16 godina braka dobili [&hellip;]","og_url":"https:\/\/sandzakpress.net\/arhiva\/bosnjak-enver-i-palestinka-siham-rodili-osmero-djece\/","og_site_name":"Sand\u017eak PRESS","article_published_time":"2017-04-07T21:16:59+00:00","article_modified_time":"2017-04-07T21:19:33+00:00","og_image":[{"width":800,"height":450,"url":"https:\/\/sandzakpress.net\/arhiva\/wp-content\/uploads\/2017\/04\/0312fbcbdf42febf0186695cae13bb53_XL.jpg","type":"image\/jpeg"}],"author":"Korektor","twitter_card":"summary_large_image","twitter_misc":{"Written by":"Korektor","Est. reading time":"4 minute"},"schema":{"@context":"https:\/\/schema.org","@graph":[{"@type":"Article","@id":"https:\/\/sandzakpress.net\/arhiva\/bosnjak-enver-i-palestinka-siham-rodili-osmero-djece\/#article","isPartOf":{"@id":"https:\/\/sandzakpress.net\/arhiva\/bosnjak-enver-i-palestinka-siham-rodili-osmero-djece\/"},"author":{"name":"Korektor","@id":"https:\/\/sandzakpress.net\/arhiva\/#\/schema\/person\/b71f9565a8a6ce38c0200f1cf59c368c"},"headline":"Bo\u0161njak Enver i Palestinka Siham rodili osmero djece","datePublished":"2017-04-07T21:16:59+00:00","dateModified":"2017-04-07T21:19:33+00:00","mainEntityOfPage":{"@id":"https:\/\/sandzakpress.net\/arhiva\/bosnjak-enver-i-palestinka-siham-rodili-osmero-djece\/"},"wordCount":847,"commentCount":4,"publisher":{"@id":"https:\/\/sandzakpress.net\/arhiva\/#\/schema\/person\/6e72b67d6e51910a1117b3b483ba20bd"},"image":{"@id":"https:\/\/sandzakpress.net\/arhiva\/bosnjak-enver-i-palestinka-siham-rodili-osmero-djece\/#primaryimage"},"thumbnailUrl":"https:\/\/sandzakpress.net\/arhiva\/wp-content\/uploads\/2017\/04\/0312fbcbdf42febf0186695cae13bb53_XL.jpg","articleSection":["Novi Pazar","Islamska zajednica","VIJESTI DANA"],"inLanguage":"bs-BA","potentialAction":[{"@type":"CommentAction","name":"Comment","target":["https:\/\/sandzakpress.net\/arhiva\/bosnjak-enver-i-palestinka-siham-rodili-osmero-djece\/#respond"]}]},{"@type":"WebPage","@id":"https:\/\/sandzakpress.net\/arhiva\/bosnjak-enver-i-palestinka-siham-rodili-osmero-djece\/","url":"https:\/\/sandzakpress.net\/arhiva\/bosnjak-enver-i-palestinka-siham-rodili-osmero-djece\/","name":"Bo\u0161njak Enver i Palestinka Siham rodili osmero djece","isPartOf":{"@id":"https:\/\/sandzakpress.net\/arhiva\/#website"},"primaryImageOfPage":{"@id":"https:\/\/sandzakpress.net\/arhiva\/bosnjak-enver-i-palestinka-siham-rodili-osmero-djece\/#primaryimage"},"image":{"@id":"https:\/\/sandzakpress.net\/arhiva\/bosnjak-enver-i-palestinka-siham-rodili-osmero-djece\/#primaryimage"},"thumbnailUrl":"https:\/\/sandzakpress.net\/arhiva\/wp-content\/uploads\/2017\/04\/0312fbcbdf42febf0186695cae13bb53_XL.jpg","datePublished":"2017-04-07T21:16:59+00:00","dateModified":"2017-04-07T21:19:33+00:00","breadcrumb":{"@id":"https:\/\/sandzakpress.net\/arhiva\/bosnjak-enver-i-palestinka-siham-rodili-osmero-djece\/#breadcrumb"},"inLanguage":"bs-BA","potentialAction":[{"@type":"ReadAction","target":["https:\/\/sandzakpress.net\/arhiva\/bosnjak-enver-i-palestinka-siham-rodili-osmero-djece\/"]}]},{"@type":"ImageObject","inLanguage":"bs-BA","@id":"https:\/\/sandzakpress.net\/arhiva\/bosnjak-enver-i-palestinka-siham-rodili-osmero-djece\/#primaryimage","url":"https:\/\/sandzakpress.net\/arhiva\/wp-content\/uploads\/2017\/04\/0312fbcbdf42febf0186695cae13bb53_XL.jpg","contentUrl":"https:\/\/sandzakpress.net\/arhiva\/wp-content\/uploads\/2017\/04\/0312fbcbdf42febf0186695cae13bb53_XL.jpg","width":800,"height":450},{"@type":"BreadcrumbList","@id":"https:\/\/sandzakpress.net\/arhiva\/bosnjak-enver-i-palestinka-siham-rodili-osmero-djece\/#breadcrumb","itemListElement":[{"@type":"ListItem","position":1,"name":"Home","item":"https:\/\/sandzakpress.net\/arhiva\/"},{"@type":"ListItem","position":2,"name":"Bo\u0161njak Enver i Palestinka Siham rodili osmero djece"}]},{"@type":"WebSite","@id":"https:\/\/sandzakpress.net\/arhiva\/#website","url":"https:\/\/sandzakpress.net\/arhiva\/","name":"Sand\u017eak PRESS","description":"Prve elektronske novine u Sand\u017eaku","publisher":{"@id":"https:\/\/sandzakpress.net\/arhiva\/#\/schema\/person\/6e72b67d6e51910a1117b3b483ba20bd"},"potentialAction":[{"@type":"SearchAction","target":{"@type":"EntryPoint","urlTemplate":"https:\/\/sandzakpress.net\/arhiva\/?s={search_term_string}"},"query-input":{"@type":"PropertyValueSpecification","valueRequired":true,"valueName":"search_term_string"}}],"inLanguage":"bs-BA"},{"@type":["Person","Organization"],"@id":"https:\/\/sandzakpress.net\/arhiva\/#\/schema\/person\/6e72b67d6e51910a1117b3b483ba20bd","name":"Kul","image":{"@type":"ImageObject","inLanguage":"bs-BA","@id":"https:\/\/sandzakpress.net\/arhiva\/#\/schema\/person\/image\/","url":"https:\/\/secure.gravatar.com\/avatar\/42263f39aa27ac04c43cab85c280eb2e?s=96&d=mm&r=pg","contentUrl":"https:\/\/secure.gravatar.com\/avatar\/42263f39aa27ac04c43cab85c280eb2e?s=96&d=mm&r=pg","caption":"Kul"},"logo":{"@id":"https:\/\/sandzakpress.net\/arhiva\/#\/schema\/person\/image\/"}},{"@type":"Person","@id":"https:\/\/sandzakpress.net\/arhiva\/#\/schema\/person\/b71f9565a8a6ce38c0200f1cf59c368c","name":"Korektor","image":{"@type":"ImageObject","inLanguage":"bs-BA","@id":"https:\/\/sandzakpress.net\/arhiva\/#\/schema\/person\/image\/","url":"https:\/\/secure.gravatar.com\/avatar\/ae3388ff9b8eb74e0751a069466905f6?s=96&d=mm&r=pg","contentUrl":"https:\/\/secure.gravatar.com\/avatar\/ae3388ff9b8eb74e0751a069466905f6?s=96&d=mm&r=pg","caption":"Korektor"},"url":"https:\/\/sandzakpress.net\/arhiva\/author\/korektor\/"}]}},"_links":{"self":[{"href":"https:\/\/sandzakpress.net\/arhiva\/wp-json\/wp\/v2\/posts\/184052"}],"collection":[{"href":"https:\/\/sandzakpress.net\/arhiva\/wp-json\/wp\/v2\/posts"}],"about":[{"href":"https:\/\/sandzakpress.net\/arhiva\/wp-json\/wp\/v2\/types\/post"}],"author":[{"embeddable":true,"href":"https:\/\/sandzakpress.net\/arhiva\/wp-json\/wp\/v2\/users\/125"}],"replies":[{"embeddable":true,"href":"https:\/\/sandzakpress.net\/arhiva\/wp-json\/wp\/v2\/comments?post=184052"}],"version-history":[{"count":0,"href":"https:\/\/sandzakpress.net\/arhiva\/wp-json\/wp\/v2\/posts\/184052\/revisions"}],"wp:featuredmedia":[{"embeddable":true,"href":"https:\/\/sandzakpress.net\/arhiva\/wp-json\/wp\/v2\/media\/184053"}],"wp:attachment":[{"href":"https:\/\/sandzakpress.net\/arhiva\/wp-json\/wp\/v2\/media?parent=184052"}],"wp:term":[{"taxonomy":"category","embeddable":true,"href":"https:\/\/sandzakpress.net\/arhiva\/wp-json\/wp\/v2\/categories?post=184052"},{"taxonomy":"post_tag","embeddable":true,"href":"https:\/\/sandzakpress.net\/arhiva\/wp-json\/wp\/v2\/tags?post=184052"}],"curies":[{"name":"wp","href":"https:\/\/api.w.org\/{rel}","templated":true}]}}