{"id":18397,"date":"2011-08-05T13:00:38","date_gmt":"2011-08-05T11:00:38","guid":{"rendered":"https:\/\/sandzakpress.net\/arhiva\/?p=18397"},"modified":"2011-08-05T13:00:38","modified_gmt":"2011-08-05T11:00:38","slug":"pola-vijeka-uciteljske-skole","status":"publish","type":"post","link":"https:\/\/sandzakpress.net\/arhiva\/pola-vijeka-uciteljske-skole\/","title":{"rendered":"Pola vijeka U\u010diteljske \u0161kole"},"content":{"rendered":"<p><strong><a href=\"https:\/\/sandzakpress.net\/arhiva\/wp-content\/uploads\/2011\/08\/1312325662.jpg\"><img loading=\"lazy\" decoding=\"async\" class=\"alignleft size-medium wp-image-18398\" src=\"https:\/\/sandzakpress.net\/arhiva\/wp-content\/uploads\/2011\/08\/1312325662-300x225.jpg\" alt=\"\" width=\"300\" height=\"225\" \/><\/a>Pljevlja &#8211; Malo je onih, \u010dak i u Pljevljima, koji znaju da je pri  pljevaljskoj gimnaziji godine 1961\/62. osnovano pedago\u0161ko odjeljenje  nik\u0161i\u0107ke u\u010diteljske \u0161kole. Ju\u010der su biv\u0161i u\u010denici ove \u0161kole proslavili  pedesetogodi\u0161njicu upisa, za razliku od svih ostalih koji slave  godi\u0161njice mature. Naime, polaznici u\u010diteljske \u0161kole zavr\u0161ili su samo  prve dvije godine u Pljevljima, a nakon toga odjeljenja su ukinuta.  Dalje \u0161kolovanje morali su nastaviti u drugim mjestima \u0161irom biv\u0161e  Jugoslavije, pa kako nijesu imali zajedni\u010dku maturu, slave dan upisa kao  svoju godi\u0161njicu.Tada se redovno sastaju i dru\u017ee. \u017divot ih je odveo na  sve strane svijeta, a ponovo ih je okupilo, ba\u0161 kao nekad, \u0161kolsko zvono  i prozivka.<\/strong><\/p>\n<p>\u0160ezdesetih godina dvadesetog vijeka, u pljevaljskom  kraju, \u0161kolska mre\u017ea dostize vrhunac razvijenosti \u0161kolstva. Zbog  nedostatka stru\u010dnog kadra nastava je bila, u ve\u0107ini slu\u010dajeva, nestru\u010dno  zastupljena. Posebno je bio izra\u017een nedostatak u\u010ditelja. Nik\u0161i\u0107ka  u\u010diteljska \u0161kola nije mogla proizvesti potrebni u\u010diteljski kadar. Iz tih  razloga, tada\u0161nje op\u0107inske i republi\u010dke vlasti dogovorile su se da pri  pljevaljskoj gimnaziji osnuju pedago\u0161ko odjeljenje nik\u0161i\u0107ke u\u010diteljske  \u0161kole.. U prvi razred upisuje se, redovnih i vanrednih, 120 u\u010denika.  Profesori gimnazije predavali su i budu\u0107im u\u010diteljima. Nakon zavr\u0161enog  \u0161kolovanja, u te\u0161kim uslovima, gdje su god radili bili su uspje\u0161ni kao  \u201eprava poslijeratna, udarni\u010dka, u\u010diteljska \u0161kola.\u201c<\/p>\n<p>Povodom zna\u010dajnog jubileja, ove godine iz \u0161tampe je  iza\u0161la monografija \u201e50 godina u\u010diteljske \u0161kole u Pljevljima\u201c autora Sava  Krvavca.<\/p>\n<p>Izvor<strong>: Pobjeda.Co.me<\/strong><\/p>\n","protected":false},"excerpt":{"rendered":"<p>Pljevlja &#8211; Malo je onih, \u010dak i u Pljevljima, koji znaju da je pri pljevaljskoj gimnaziji godine 1961\/62. osnovano pedago\u0161ko odjeljenje nik\u0161i\u0107ke u\u010diteljske \u0161kole. Ju\u010der su biv\u0161i u\u010denici ove \u0161kole proslavili pedesetogodi\u0161njicu upisa, za razliku od svih ostalih koji slave godi\u0161njice mature. Naime, polaznici u\u010diteljske \u0161kole zavr\u0161ili su samo prve dvije godine u Pljevljima, a [&hellip;]<\/p>\n","protected":false},"author":13,"featured_media":18398,"comment_status":"open","ping_status":"open","sticky":false,"template":"","format":"standard","meta":{"footnotes":""},"categories":[395,4],"tags":[],"class_list":{"0":"post-18397","1":"post","2":"type-post","3":"status-publish","4":"format-standard","5":"has-post-thumbnail","7":"category-pljevlja_","8":"category-obrazovanje"},"yoast_head":"<!-- This site is optimized with the Yoast SEO Premium plugin v23.1 (Yoast SEO v24.9) - https:\/\/yoast.com\/wordpress\/plugins\/seo\/ -->\n<title>Pola vijeka U\u010diteljske \u0161kole<\/title>\n<meta name=\"robots\" content=\"index, follow, max-snippet:-1, max-image-preview:large, max-video-preview:-1\" \/>\n<link rel=\"canonical\" href=\"https:\/\/sandzakpress.net\/arhiva\/pola-vijeka-uciteljske-skole\/\" \/>\n<meta property=\"og:locale\" content=\"bs_BA\" \/>\n<meta property=\"og:type\" content=\"article\" \/>\n<meta property=\"og:title\" content=\"Pola vijeka U\u010diteljske \u0161kole\" \/>\n<meta property=\"og:description\" content=\"Pljevlja &#8211; Malo je onih, \u010dak i u Pljevljima, koji znaju da je pri pljevaljskoj gimnaziji godine 1961\/62. osnovano pedago\u0161ko odjeljenje nik\u0161i\u0107ke u\u010diteljske \u0161kole. Ju\u010der su biv\u0161i u\u010denici ove \u0161kole proslavili pedesetogodi\u0161njicu upisa, za razliku od svih ostalih koji slave godi\u0161njice mature. Naime, polaznici u\u010diteljske \u0161kole zavr\u0161ili su samo prve dvije godine u Pljevljima, a [&hellip;]\" \/>\n<meta property=\"og:url\" content=\"https:\/\/sandzakpress.net\/arhiva\/pola-vijeka-uciteljske-skole\/\" \/>\n<meta property=\"og:site_name\" content=\"Sand\u017eak PRESS\" \/>\n<meta property=\"article:published_time\" content=\"2011-08-05T11:00:38+00:00\" \/>\n<meta property=\"og:image\" content=\"https:\/\/sandzakpress.net\/arhiva\/wp-content\/uploads\/2011\/08\/1312325662.jpg\" \/>\n\t<meta property=\"og:image:width\" content=\"460\" \/>\n\t<meta property=\"og:image:height\" content=\"345\" \/>\n\t<meta property=\"og:image:type\" content=\"image\/jpeg\" \/>\n<meta name=\"twitter:card\" content=\"summary_large_image\" \/>\n<meta name=\"twitter:label1\" content=\"Written by\" \/>\n\t<meta name=\"twitter:data1\" content=\"\" \/>\n\t<meta name=\"twitter:label2\" content=\"Est. reading time\" \/>\n\t<meta name=\"twitter:data2\" content=\"1 minuta\" \/>\n<script type=\"application\/ld+json\" class=\"yoast-schema-graph\">{\"@context\":\"https:\/\/schema.org\",\"@graph\":[{\"@type\":\"Article\",\"@id\":\"https:\/\/sandzakpress.net\/arhiva\/pola-vijeka-uciteljske-skole\/#article\",\"isPartOf\":{\"@id\":\"https:\/\/sandzakpress.net\/arhiva\/pola-vijeka-uciteljske-skole\/\"},\"author\":{\"name\":\"\",\"@id\":\"\"},\"headline\":\"Pola vijeka U\u010diteljske \u0161kole\",\"datePublished\":\"2011-08-05T11:00:38+00:00\",\"mainEntityOfPage\":{\"@id\":\"https:\/\/sandzakpress.net\/arhiva\/pola-vijeka-uciteljske-skole\/\"},\"wordCount\":275,\"commentCount\":0,\"publisher\":{\"@id\":\"https:\/\/sandzakpress.net\/arhiva\/#\/schema\/person\/6e72b67d6e51910a1117b3b483ba20bd\"},\"image\":{\"@id\":\"https:\/\/sandzakpress.net\/arhiva\/pola-vijeka-uciteljske-skole\/#primaryimage\"},\"thumbnailUrl\":\"https:\/\/sandzakpress.net\/arhiva\/wp-content\/uploads\/2011\/08\/1312325662.jpg\",\"articleSection\":[\"Pljevlja\",\"Obrazovanje\"],\"inLanguage\":\"bs-BA\",\"potentialAction\":[{\"@type\":\"CommentAction\",\"name\":\"Comment\",\"target\":[\"https:\/\/sandzakpress.net\/arhiva\/pola-vijeka-uciteljske-skole\/#respond\"]}]},{\"@type\":\"WebPage\",\"@id\":\"https:\/\/sandzakpress.net\/arhiva\/pola-vijeka-uciteljske-skole\/\",\"url\":\"https:\/\/sandzakpress.net\/arhiva\/pola-vijeka-uciteljske-skole\/\",\"name\":\"Pola vijeka U\u010diteljske \u0161kole\",\"isPartOf\":{\"@id\":\"https:\/\/sandzakpress.net\/arhiva\/#website\"},\"primaryImageOfPage\":{\"@id\":\"https:\/\/sandzakpress.net\/arhiva\/pola-vijeka-uciteljske-skole\/#primaryimage\"},\"image\":{\"@id\":\"https:\/\/sandzakpress.net\/arhiva\/pola-vijeka-uciteljske-skole\/#primaryimage\"},\"thumbnailUrl\":\"https:\/\/sandzakpress.net\/arhiva\/wp-content\/uploads\/2011\/08\/1312325662.jpg\",\"datePublished\":\"2011-08-05T11:00:38+00:00\",\"breadcrumb\":{\"@id\":\"https:\/\/sandzakpress.net\/arhiva\/pola-vijeka-uciteljske-skole\/#breadcrumb\"},\"inLanguage\":\"bs-BA\",\"potentialAction\":[{\"@type\":\"ReadAction\",\"target\":[\"https:\/\/sandzakpress.net\/arhiva\/pola-vijeka-uciteljske-skole\/\"]}]},{\"@type\":\"ImageObject\",\"inLanguage\":\"bs-BA\",\"@id\":\"https:\/\/sandzakpress.net\/arhiva\/pola-vijeka-uciteljske-skole\/#primaryimage\",\"url\":\"https:\/\/sandzakpress.net\/arhiva\/wp-content\/uploads\/2011\/08\/1312325662.jpg\",\"contentUrl\":\"https:\/\/sandzakpress.net\/arhiva\/wp-content\/uploads\/2011\/08\/1312325662.jpg\",\"width\":460,\"height\":345},{\"@type\":\"BreadcrumbList\",\"@id\":\"https:\/\/sandzakpress.net\/arhiva\/pola-vijeka-uciteljske-skole\/#breadcrumb\",\"itemListElement\":[{\"@type\":\"ListItem\",\"position\":1,\"name\":\"Home\",\"item\":\"https:\/\/sandzakpress.net\/arhiva\/\"},{\"@type\":\"ListItem\",\"position\":2,\"name\":\"Pola vijeka U\u010diteljske \u0161kole\"}]},{\"@type\":\"WebSite\",\"@id\":\"https:\/\/sandzakpress.net\/arhiva\/#website\",\"url\":\"https:\/\/sandzakpress.net\/arhiva\/\",\"name\":\"Sand\u017eak PRESS\",\"description\":\"Prve elektronske novine u Sand\u017eaku\",\"publisher\":{\"@id\":\"https:\/\/sandzakpress.net\/arhiva\/#\/schema\/person\/6e72b67d6e51910a1117b3b483ba20bd\"},\"potentialAction\":[{\"@type\":\"SearchAction\",\"target\":{\"@type\":\"EntryPoint\",\"urlTemplate\":\"https:\/\/sandzakpress.net\/arhiva\/?s={search_term_string}\"},\"query-input\":{\"@type\":\"PropertyValueSpecification\",\"valueRequired\":true,\"valueName\":\"search_term_string\"}}],\"inLanguage\":\"bs-BA\"},{\"@type\":[\"Person\",\"Organization\"],\"@id\":\"https:\/\/sandzakpress.net\/arhiva\/#\/schema\/person\/6e72b67d6e51910a1117b3b483ba20bd\",\"name\":\"Kul\",\"image\":{\"@type\":\"ImageObject\",\"inLanguage\":\"bs-BA\",\"@id\":\"https:\/\/sandzakpress.net\/arhiva\/#\/schema\/person\/image\/\",\"url\":\"https:\/\/secure.gravatar.com\/avatar\/42263f39aa27ac04c43cab85c280eb2e?s=96&d=mm&r=pg\",\"contentUrl\":\"https:\/\/secure.gravatar.com\/avatar\/42263f39aa27ac04c43cab85c280eb2e?s=96&d=mm&r=pg\",\"caption\":\"Kul\"},\"logo\":{\"@id\":\"https:\/\/sandzakpress.net\/arhiva\/#\/schema\/person\/image\/\"}},{\"@type\":\"Person\",\"@id\":\"\",\"url\":\"https:\/\/sandzakpress.net\/arhiva\/author\/\"}]}<\/script>\n<!-- \/ Yoast SEO Premium plugin. -->","yoast_head_json":{"title":"Pola vijeka U\u010diteljske \u0161kole","robots":{"index":"index","follow":"follow","max-snippet":"max-snippet:-1","max-image-preview":"max-image-preview:large","max-video-preview":"max-video-preview:-1"},"canonical":"https:\/\/sandzakpress.net\/arhiva\/pola-vijeka-uciteljske-skole\/","og_locale":"bs_BA","og_type":"article","og_title":"Pola vijeka U\u010diteljske \u0161kole","og_description":"Pljevlja &#8211; Malo je onih, \u010dak i u Pljevljima, koji znaju da je pri pljevaljskoj gimnaziji godine 1961\/62. osnovano pedago\u0161ko odjeljenje nik\u0161i\u0107ke u\u010diteljske \u0161kole. Ju\u010der su biv\u0161i u\u010denici ove \u0161kole proslavili pedesetogodi\u0161njicu upisa, za razliku od svih ostalih koji slave godi\u0161njice mature. Naime, polaznici u\u010diteljske \u0161kole zavr\u0161ili su samo prve dvije godine u Pljevljima, a [&hellip;]","og_url":"https:\/\/sandzakpress.net\/arhiva\/pola-vijeka-uciteljske-skole\/","og_site_name":"Sand\u017eak PRESS","article_published_time":"2011-08-05T11:00:38+00:00","og_image":[{"width":460,"height":345,"url":"https:\/\/sandzakpress.net\/arhiva\/wp-content\/uploads\/2011\/08\/1312325662.jpg","type":"image\/jpeg"}],"twitter_card":"summary_large_image","twitter_misc":{"Written by":"","Est. reading time":"1 minuta"},"schema":{"@context":"https:\/\/schema.org","@graph":[{"@type":"Article","@id":"https:\/\/sandzakpress.net\/arhiva\/pola-vijeka-uciteljske-skole\/#article","isPartOf":{"@id":"https:\/\/sandzakpress.net\/arhiva\/pola-vijeka-uciteljske-skole\/"},"author":{"name":"","@id":""},"headline":"Pola vijeka U\u010diteljske \u0161kole","datePublished":"2011-08-05T11:00:38+00:00","mainEntityOfPage":{"@id":"https:\/\/sandzakpress.net\/arhiva\/pola-vijeka-uciteljske-skole\/"},"wordCount":275,"commentCount":0,"publisher":{"@id":"https:\/\/sandzakpress.net\/arhiva\/#\/schema\/person\/6e72b67d6e51910a1117b3b483ba20bd"},"image":{"@id":"https:\/\/sandzakpress.net\/arhiva\/pola-vijeka-uciteljske-skole\/#primaryimage"},"thumbnailUrl":"https:\/\/sandzakpress.net\/arhiva\/wp-content\/uploads\/2011\/08\/1312325662.jpg","articleSection":["Pljevlja","Obrazovanje"],"inLanguage":"bs-BA","potentialAction":[{"@type":"CommentAction","name":"Comment","target":["https:\/\/sandzakpress.net\/arhiva\/pola-vijeka-uciteljske-skole\/#respond"]}]},{"@type":"WebPage","@id":"https:\/\/sandzakpress.net\/arhiva\/pola-vijeka-uciteljske-skole\/","url":"https:\/\/sandzakpress.net\/arhiva\/pola-vijeka-uciteljske-skole\/","name":"Pola vijeka U\u010diteljske \u0161kole","isPartOf":{"@id":"https:\/\/sandzakpress.net\/arhiva\/#website"},"primaryImageOfPage":{"@id":"https:\/\/sandzakpress.net\/arhiva\/pola-vijeka-uciteljske-skole\/#primaryimage"},"image":{"@id":"https:\/\/sandzakpress.net\/arhiva\/pola-vijeka-uciteljske-skole\/#primaryimage"},"thumbnailUrl":"https:\/\/sandzakpress.net\/arhiva\/wp-content\/uploads\/2011\/08\/1312325662.jpg","datePublished":"2011-08-05T11:00:38+00:00","breadcrumb":{"@id":"https:\/\/sandzakpress.net\/arhiva\/pola-vijeka-uciteljske-skole\/#breadcrumb"},"inLanguage":"bs-BA","potentialAction":[{"@type":"ReadAction","target":["https:\/\/sandzakpress.net\/arhiva\/pola-vijeka-uciteljske-skole\/"]}]},{"@type":"ImageObject","inLanguage":"bs-BA","@id":"https:\/\/sandzakpress.net\/arhiva\/pola-vijeka-uciteljske-skole\/#primaryimage","url":"https:\/\/sandzakpress.net\/arhiva\/wp-content\/uploads\/2011\/08\/1312325662.jpg","contentUrl":"https:\/\/sandzakpress.net\/arhiva\/wp-content\/uploads\/2011\/08\/1312325662.jpg","width":460,"height":345},{"@type":"BreadcrumbList","@id":"https:\/\/sandzakpress.net\/arhiva\/pola-vijeka-uciteljske-skole\/#breadcrumb","itemListElement":[{"@type":"ListItem","position":1,"name":"Home","item":"https:\/\/sandzakpress.net\/arhiva\/"},{"@type":"ListItem","position":2,"name":"Pola vijeka U\u010diteljske \u0161kole"}]},{"@type":"WebSite","@id":"https:\/\/sandzakpress.net\/arhiva\/#website","url":"https:\/\/sandzakpress.net\/arhiva\/","name":"Sand\u017eak PRESS","description":"Prve elektronske novine u Sand\u017eaku","publisher":{"@id":"https:\/\/sandzakpress.net\/arhiva\/#\/schema\/person\/6e72b67d6e51910a1117b3b483ba20bd"},"potentialAction":[{"@type":"SearchAction","target":{"@type":"EntryPoint","urlTemplate":"https:\/\/sandzakpress.net\/arhiva\/?s={search_term_string}"},"query-input":{"@type":"PropertyValueSpecification","valueRequired":true,"valueName":"search_term_string"}}],"inLanguage":"bs-BA"},{"@type":["Person","Organization"],"@id":"https:\/\/sandzakpress.net\/arhiva\/#\/schema\/person\/6e72b67d6e51910a1117b3b483ba20bd","name":"Kul","image":{"@type":"ImageObject","inLanguage":"bs-BA","@id":"https:\/\/sandzakpress.net\/arhiva\/#\/schema\/person\/image\/","url":"https:\/\/secure.gravatar.com\/avatar\/42263f39aa27ac04c43cab85c280eb2e?s=96&d=mm&r=pg","contentUrl":"https:\/\/secure.gravatar.com\/avatar\/42263f39aa27ac04c43cab85c280eb2e?s=96&d=mm&r=pg","caption":"Kul"},"logo":{"@id":"https:\/\/sandzakpress.net\/arhiva\/#\/schema\/person\/image\/"}},{"@type":"Person","@id":"","url":"https:\/\/sandzakpress.net\/arhiva\/author\/"}]}},"_links":{"self":[{"href":"https:\/\/sandzakpress.net\/arhiva\/wp-json\/wp\/v2\/posts\/18397"}],"collection":[{"href":"https:\/\/sandzakpress.net\/arhiva\/wp-json\/wp\/v2\/posts"}],"about":[{"href":"https:\/\/sandzakpress.net\/arhiva\/wp-json\/wp\/v2\/types\/post"}],"author":[{"embeddable":true,"href":"https:\/\/sandzakpress.net\/arhiva\/wp-json\/wp\/v2\/users\/13"}],"replies":[{"embeddable":true,"href":"https:\/\/sandzakpress.net\/arhiva\/wp-json\/wp\/v2\/comments?post=18397"}],"version-history":[{"count":0,"href":"https:\/\/sandzakpress.net\/arhiva\/wp-json\/wp\/v2\/posts\/18397\/revisions"}],"wp:featuredmedia":[{"embeddable":true,"href":"https:\/\/sandzakpress.net\/arhiva\/wp-json\/wp\/v2\/media\/18398"}],"wp:attachment":[{"href":"https:\/\/sandzakpress.net\/arhiva\/wp-json\/wp\/v2\/media?parent=18397"}],"wp:term":[{"taxonomy":"category","embeddable":true,"href":"https:\/\/sandzakpress.net\/arhiva\/wp-json\/wp\/v2\/categories?post=18397"},{"taxonomy":"post_tag","embeddable":true,"href":"https:\/\/sandzakpress.net\/arhiva\/wp-json\/wp\/v2\/tags?post=18397"}],"curies":[{"name":"wp","href":"https:\/\/api.w.org\/{rel}","templated":true}]}}