{"id":183762,"date":"2017-04-04T15:03:02","date_gmt":"2017-04-04T13:03:02","guid":{"rendered":"https:\/\/sandzakpress.net\/arhiva\/vucic-nasa-buducnost-su-mir-i-sigurnost"},"modified":"2017-04-04T15:03:02","modified_gmt":"2017-04-04T13:03:02","slug":"vucic-nasa-buducnost-su-mir-i-sigurnost","status":"publish","type":"post","link":"https:\/\/sandzakpress.net\/arhiva\/vucic-nasa-buducnost-su-mir-i-sigurnost\/","title":{"rendered":"Vu\u010di\u0107: Na\u0161a budu\u0107nost su mir i sigurnost"},"content":{"rendered":"<p><span class=\"cb-itemprop\"><\/p>\n<p><img decoding=\"async\" src=\"http:\/\/www.avaz.ba\/storage\/2017\/04\/04\/thumbs\/58e36894-8ef8-490d-bad7-64150a0a0a64-sastank-mostar-11-718x446.jpg\" alt=\"Vu\u010di\u0107: Na\u0161a budu\u0107nost su mir i sigurnost, Tito nije bio glup\" \/><\/p>\n<p>Predsjedavaju\u0107i Vije\u0107a ministara BiH Denis Zvizdi\u0107 i premijer Srbije i novoizabrani predsjednik te zemlje Aleksandar Vu\u010di\u0107 razgovarali su danas u Mostaru o ekonomskoj saradnji i budu\u0107nosti na\u0161e regije.<\/p>\n<p class=\"sec\"><strong>Ekonomija i putevi<\/strong><\/p>\n<p>Zvizdi\u0107 je kazao da mu je \u201c\u010dast ponovo se susreti s uva\u017eenim premijerom i dragim prijateljem, a sada predsjednikom Srbije gospodinom Vu\u010di\u0107em\u201d.<\/p>\n<p>\u2013 Razgovori su bili konstruktivni, kao i uvijek. Fokusirali smo se na unapre\u0111enje regionalne saradnje i fokusirali smo se posebno na ekonomske i infrastrukturne projekte. To \u0107e zna\u010diti br\u017ei protok roba i br\u017ee i ja\u010de trgovinske i ekonomske odnose\u00a0BiH i Srbije. Kao \u0161to i od ranije znate, u fokusu je cestovna infrastruktura, a razgovaramo i o povezivanju s energetskim mre\u017eama izme\u0111u BiH, Srbije i Crne Gore, i u tom smislu mislim da \u0107emo odr\u017eati potrebne sastanke koji \u0107e biti fokusno vezani\u00a0za infrastrukturu, a razgovarat \u0107emo i o drugim modelima i unapre\u0111enju ekonomske saradnje o laboratoriju\u00a0i drugih modela koji \u0107e na\u0161e ekonomske odnose izdi\u0107i na jednu ve\u0107u razinu \u2013 kazao je Zvizdi\u0107.<\/p>\n<p><img decoding=\"async\" title=\"\" src=\"http:\/\/www.avaz.ba\/storage\/2017\/04\/04\/58e355ac-163c-4237-84d6-554a0a0a0a64-vucic-zvizdic.JPG\" alt=\"vucic-zvizdic\" \/><\/p>\n<p>\u0160to je najva\u017enije, dodao je Zvizdi\u0107, ponovljeno je opredjeljenje\u00a0da aktivno djelujemo u pravcu o\u010duvanja stabilnosti u cijelom regionu.<\/p>\n<p>\u2013 To je va\u017eno. Naravno, gospodin Vu\u010di\u0107 \u0107e s nove pozicija mo\u0107i dodatno raditi po takvim pitanjima. Mo\u017eemo konstatirati da smo sigurni da \u0107emo u na\u0161em regionu prije svega o\u010duvati mir i stabilnost, da \u0107emo nastaviti s\u00a0razvojem infrastrukture, a to \u0107e biti podloga za ekonomski razvoj i najva\u017enije ciljeve s kojima idu i BiH i Srbija, a to je otvaranje radnih mjesta, posebno za mlade \u2013 dodao je Zvizdi\u0107. Konstatirano je nedvosmislena opredijeljenost da idemo ka EU integracijama.<\/p>\n<p>\u2013 Na\u0161a budu\u0107nost je mir i sigurnost \u2013 kazao je Vu\u010di\u0107.<\/p>\n<p>To su, dodao je, od su\u0161tinskog zna\u010daja rije\u010di.<\/p>\n<p>\u2013 To je najve\u0107i zna\u010daj za sve nas. Bilo kakav nemir u BiH, bilo kakva promjena u BiH, je ogroman problem za Srbiju i cio region. Ni\u010diji to interes\u00a0nije, to ljudi moraju da razumiju. Kao \u0161to je svaki problem u Srbiji,\u00a0problem na drugim mjestima. Imamo sistem spojenih\u00a0sudova. \u0160to je bolja ekonomija jedne,\u00a0bit \u0107e bolje ekonomija druge zemlje \u2013 naglasio je.<\/p>\n<p>Dodao je da je sa Zvizdi\u0107em imao konkretan i otvoren razgovor.<\/p>\n<p>\u2013 Imali smo zajedni\u010dke teme za cijeli region, a to je, izme\u0111u ostalog i \u201cAgrokor\u201d, kako da rje\u0161avamo te probleme i van Hrvatske. Nisam\u00a0siguran da smo prona\u0161li zadovoljavaju\u0107e rje\u0161enje za nas i borit \u0107emo se, pratit \u0107emo se i vidjeti \u0161ta je to \u0161ta mo\u017eemo u budu\u0107nosti da uradimo da sa\u010duvamo radna mjesta \u2013 naglasio je.<\/p>\n<p>Dodao je i kako je razgovarano o svim va\u017enim pitanjima i ekonomskom povezivanju.<\/p>\n<p>\u2013 Kada se povezujete infrastrukturno, povezujete ljude. Mnogi su o Titu govorili ovako i onako. Bravar nije bio glup, nimalo nije bio glup. Kada je pravio put \u0160amac \u2013 Sarajevo, nije to bilo zbog stotina kila \u017eeljeza koji stavite na kamen, ve\u0107 \u0161to su se ljudi povezivali. Zajedno su radili s drugima, putovali jedi s drugima. Morali su da \u017eive zajedno. Pribli\u017eavali su se jedni drugima \u2013 naglasio je.<\/p>\n<p><strong>Erdoganov interes<\/strong><\/p>\n<p>Za nas je, dodao je, va\u017eno da u budu\u0107nosti radimo na uspostavljanju zajedni\u010dkog tr\u017ei\u0161ta ve\u0107eg povjerenja izme\u0111u ljudi.<\/p>\n<p>\u2013 Zato je va\u017eno, ako treba svaki dan da se sastajemo, da bi ljudi mogli to da razumiju, jedan po jedan problem da rje\u0161avamo. Ako budemo\u00a0otvarali mostove preko Drine, a ho\u0107emo, ako budemo otvarali nove puteve, a ho\u0107emo, onda je to dobar put \u2013 dodao je.<\/p>\n<p>Potvrdio je da je sino\u0107 razgovarao s\u00a0predsjednikom Turske Recepom Tayyipom Erdoganom.<\/p>\n<p>\u2013 \u010cestitao mu je ubjedljivu pobjedu na izborima. Razgovarali smo danas, i mi nemamo ni\u0161ta protiv, jer je Erdogan bio veoma zainteresiran za razli\u010dita pitanja na Balkanu, da vidimo da Turska dodatno u\u010destvuje u izgradnji i na sve druge na\u010dine, da bude od pomo\u0107i. Mi smo za to, nemamo nikakav problem \u2013 kazao je Vu\u010di\u0107.<\/p>\n<p>Ponovio je da Srbija podr\u017eava evropski put BiH i da isto o\u010dekuje od BiH kad je u pitanju Srbija.<\/p>\n<p>(avaz)<\/p>\n<p><\/span><br \/>\nPogledajte vijest na izvornom sajtu:<\/p>\n<p><a href=\"http:\/\/bosnapress.net\/vucic-nasa-buducnost-su-mir-i-sigurnost\/\" target=\"_blank\">Vu\u010di\u0107: Na\u0161a budu\u0107nost su mir i sigurnost<\/a><\/p>\n","protected":false},"excerpt":{"rendered":"<p>Predsjedavaju\u0107i Vije\u0107a ministara BiH Denis Zvizdi\u0107 i premijer Srbije i novoizabrani predsjednik te zemlje Aleksandar Vu\u010di\u0107 razgovarali su danas u Mostaru o ekonomskoj saradnji i budu\u0107nosti na\u0161e regije. Ekonomija i putevi Zvizdi\u0107 je kazao da mu je \u201c\u010dast ponovo se susreti s uva\u017eenim premijerom i dragim prijateljem, a sada predsjednikom Srbije gospodinom Vu\u010di\u0107em\u201d. \u2013 Razgovori [&hellip;]<\/p>\n","protected":false},"author":83,"featured_media":183764,"comment_status":"open","ping_status":"open","sticky":false,"template":"","format":"standard","meta":{"footnotes":""},"categories":[10513],"tags":[10466],"class_list":{"0":"post-183762","1":"post","2":"type-post","3":"status-publish","4":"format-standard","5":"has-post-thumbnail","7":"category-bosna-press","8":"tag-bosna-i-hercegovina"},"yoast_head":"<!-- This site is optimized with the Yoast SEO Premium plugin v23.1 (Yoast SEO v24.9) - https:\/\/yoast.com\/wordpress\/plugins\/seo\/ -->\n<title>Vu\u010di\u0107: Na\u0161a budu\u0107nost su mir i sigurnost<\/title>\n<meta name=\"robots\" content=\"index, follow, max-snippet:-1, max-image-preview:large, max-video-preview:-1\" \/>\n<link rel=\"canonical\" href=\"https:\/\/sandzakpress.net\/arhiva\/vucic-nasa-buducnost-su-mir-i-sigurnost\/\" \/>\n<meta property=\"og:locale\" content=\"bs_BA\" \/>\n<meta property=\"og:type\" content=\"article\" \/>\n<meta property=\"og:title\" content=\"Vu\u010di\u0107: Na\u0161a budu\u0107nost su mir i sigurnost\" \/>\n<meta property=\"og:description\" content=\"Predsjedavaju\u0107i Vije\u0107a ministara BiH Denis Zvizdi\u0107 i premijer Srbije i novoizabrani predsjednik te zemlje Aleksandar Vu\u010di\u0107 razgovarali su danas u Mostaru o ekonomskoj saradnji i budu\u0107nosti na\u0161e regije. Ekonomija i putevi Zvizdi\u0107 je kazao da mu je \u201c\u010dast ponovo se susreti s uva\u017eenim premijerom i dragim prijateljem, a sada predsjednikom Srbije gospodinom Vu\u010di\u0107em\u201d. \u2013 Razgovori [&hellip;]\" \/>\n<meta property=\"og:url\" content=\"https:\/\/sandzakpress.net\/arhiva\/vucic-nasa-buducnost-su-mir-i-sigurnost\/\" \/>\n<meta property=\"og:site_name\" content=\"Sand\u017eak PRESS\" \/>\n<meta property=\"article:published_time\" content=\"2017-04-04T13:03:02+00:00\" \/>\n<meta property=\"og:image\" content=\"https:\/\/sandzakpress.net\/arhiva\/wp-content\/uploads\/2017\/04\/58e36894-8ef8-490d-bad7-64150a0a0a64-sastank-mostar-11-718x446-1.jpg\" \/>\n\t<meta property=\"og:image:width\" content=\"718\" \/>\n\t<meta property=\"og:image:height\" content=\"446\" \/>\n\t<meta property=\"og:image:type\" content=\"image\/jpeg\" \/>\n<meta name=\"author\" content=\"bosniak\" \/>\n<meta name=\"twitter:card\" content=\"summary_large_image\" \/>\n<meta name=\"twitter:label1\" content=\"Written by\" \/>\n\t<meta name=\"twitter:data1\" content=\"bosniak\" \/>\n\t<meta name=\"twitter:label2\" content=\"Est. reading time\" \/>\n\t<meta name=\"twitter:data2\" content=\"4 minute\" \/>\n<script type=\"application\/ld+json\" class=\"yoast-schema-graph\">{\"@context\":\"https:\/\/schema.org\",\"@graph\":[{\"@type\":\"Article\",\"@id\":\"https:\/\/sandzakpress.net\/arhiva\/vucic-nasa-buducnost-su-mir-i-sigurnost\/#article\",\"isPartOf\":{\"@id\":\"https:\/\/sandzakpress.net\/arhiva\/vucic-nasa-buducnost-su-mir-i-sigurnost\/\"},\"author\":{\"name\":\"bosniak\",\"@id\":\"https:\/\/sandzakpress.net\/arhiva\/#\/schema\/person\/c8baee722073534b583ea7bdb2e36c02\"},\"headline\":\"Vu\u010di\u0107: Na\u0161a budu\u0107nost su mir i sigurnost\",\"datePublished\":\"2017-04-04T13:03:02+00:00\",\"mainEntityOfPage\":{\"@id\":\"https:\/\/sandzakpress.net\/arhiva\/vucic-nasa-buducnost-su-mir-i-sigurnost\/\"},\"wordCount\":729,\"commentCount\":0,\"publisher\":{\"@id\":\"https:\/\/sandzakpress.net\/arhiva\/#\/schema\/person\/6e72b67d6e51910a1117b3b483ba20bd\"},\"image\":{\"@id\":\"https:\/\/sandzakpress.net\/arhiva\/vucic-nasa-buducnost-su-mir-i-sigurnost\/#primaryimage\"},\"thumbnailUrl\":\"https:\/\/sandzakpress.net\/arhiva\/wp-content\/uploads\/2017\/04\/58e36894-8ef8-490d-bad7-64150a0a0a64-sastank-mostar-11-718x446-1.jpg\",\"keywords\":[\"Bosna i Hercegovina\"],\"articleSection\":[\"Bosna PRESS\"],\"inLanguage\":\"bs-BA\",\"potentialAction\":[{\"@type\":\"CommentAction\",\"name\":\"Comment\",\"target\":[\"https:\/\/sandzakpress.net\/arhiva\/vucic-nasa-buducnost-su-mir-i-sigurnost\/#respond\"]}]},{\"@type\":\"WebPage\",\"@id\":\"https:\/\/sandzakpress.net\/arhiva\/vucic-nasa-buducnost-su-mir-i-sigurnost\/\",\"url\":\"https:\/\/sandzakpress.net\/arhiva\/vucic-nasa-buducnost-su-mir-i-sigurnost\/\",\"name\":\"Vu\u010di\u0107: Na\u0161a budu\u0107nost su mir i sigurnost\",\"isPartOf\":{\"@id\":\"https:\/\/sandzakpress.net\/arhiva\/#website\"},\"primaryImageOfPage\":{\"@id\":\"https:\/\/sandzakpress.net\/arhiva\/vucic-nasa-buducnost-su-mir-i-sigurnost\/#primaryimage\"},\"image\":{\"@id\":\"https:\/\/sandzakpress.net\/arhiva\/vucic-nasa-buducnost-su-mir-i-sigurnost\/#primaryimage\"},\"thumbnailUrl\":\"https:\/\/sandzakpress.net\/arhiva\/wp-content\/uploads\/2017\/04\/58e36894-8ef8-490d-bad7-64150a0a0a64-sastank-mostar-11-718x446-1.jpg\",\"datePublished\":\"2017-04-04T13:03:02+00:00\",\"breadcrumb\":{\"@id\":\"https:\/\/sandzakpress.net\/arhiva\/vucic-nasa-buducnost-su-mir-i-sigurnost\/#breadcrumb\"},\"inLanguage\":\"bs-BA\",\"potentialAction\":[{\"@type\":\"ReadAction\",\"target\":[\"https:\/\/sandzakpress.net\/arhiva\/vucic-nasa-buducnost-su-mir-i-sigurnost\/\"]}]},{\"@type\":\"ImageObject\",\"inLanguage\":\"bs-BA\",\"@id\":\"https:\/\/sandzakpress.net\/arhiva\/vucic-nasa-buducnost-su-mir-i-sigurnost\/#primaryimage\",\"url\":\"https:\/\/sandzakpress.net\/arhiva\/wp-content\/uploads\/2017\/04\/58e36894-8ef8-490d-bad7-64150a0a0a64-sastank-mostar-11-718x446-1.jpg\",\"contentUrl\":\"https:\/\/sandzakpress.net\/arhiva\/wp-content\/uploads\/2017\/04\/58e36894-8ef8-490d-bad7-64150a0a0a64-sastank-mostar-11-718x446-1.jpg\",\"width\":718,\"height\":446},{\"@type\":\"BreadcrumbList\",\"@id\":\"https:\/\/sandzakpress.net\/arhiva\/vucic-nasa-buducnost-su-mir-i-sigurnost\/#breadcrumb\",\"itemListElement\":[{\"@type\":\"ListItem\",\"position\":1,\"name\":\"Home\",\"item\":\"https:\/\/sandzakpress.net\/arhiva\/\"},{\"@type\":\"ListItem\",\"position\":2,\"name\":\"Vu\u010di\u0107: Na\u0161a budu\u0107nost su mir i sigurnost\"}]},{\"@type\":\"WebSite\",\"@id\":\"https:\/\/sandzakpress.net\/arhiva\/#website\",\"url\":\"https:\/\/sandzakpress.net\/arhiva\/\",\"name\":\"Sand\u017eak PRESS\",\"description\":\"Prve elektronske novine u Sand\u017eaku\",\"publisher\":{\"@id\":\"https:\/\/sandzakpress.net\/arhiva\/#\/schema\/person\/6e72b67d6e51910a1117b3b483ba20bd\"},\"potentialAction\":[{\"@type\":\"SearchAction\",\"target\":{\"@type\":\"EntryPoint\",\"urlTemplate\":\"https:\/\/sandzakpress.net\/arhiva\/?s={search_term_string}\"},\"query-input\":{\"@type\":\"PropertyValueSpecification\",\"valueRequired\":true,\"valueName\":\"search_term_string\"}}],\"inLanguage\":\"bs-BA\"},{\"@type\":[\"Person\",\"Organization\"],\"@id\":\"https:\/\/sandzakpress.net\/arhiva\/#\/schema\/person\/6e72b67d6e51910a1117b3b483ba20bd\",\"name\":\"Kul\",\"image\":{\"@type\":\"ImageObject\",\"inLanguage\":\"bs-BA\",\"@id\":\"https:\/\/sandzakpress.net\/arhiva\/#\/schema\/person\/image\/\",\"url\":\"https:\/\/secure.gravatar.com\/avatar\/42263f39aa27ac04c43cab85c280eb2e?s=96&d=mm&r=pg\",\"contentUrl\":\"https:\/\/secure.gravatar.com\/avatar\/42263f39aa27ac04c43cab85c280eb2e?s=96&d=mm&r=pg\",\"caption\":\"Kul\"},\"logo\":{\"@id\":\"https:\/\/sandzakpress.net\/arhiva\/#\/schema\/person\/image\/\"}},{\"@type\":\"Person\",\"@id\":\"https:\/\/sandzakpress.net\/arhiva\/#\/schema\/person\/c8baee722073534b583ea7bdb2e36c02\",\"name\":\"bosniak\",\"image\":{\"@type\":\"ImageObject\",\"inLanguage\":\"bs-BA\",\"@id\":\"https:\/\/sandzakpress.net\/arhiva\/#\/schema\/person\/image\/\",\"url\":\"https:\/\/secure.gravatar.com\/avatar\/a04fd330bfe3a36a72a0ad4a6d89fca7?s=96&d=mm&r=pg\",\"contentUrl\":\"https:\/\/secure.gravatar.com\/avatar\/a04fd330bfe3a36a72a0ad4a6d89fca7?s=96&d=mm&r=pg\",\"caption\":\"bosniak\"},\"url\":\"https:\/\/sandzakpress.net\/arhiva\/author\/bosniak\/\"}]}<\/script>\n<!-- \/ Yoast SEO Premium plugin. -->","yoast_head_json":{"title":"Vu\u010di\u0107: Na\u0161a budu\u0107nost su mir i sigurnost","robots":{"index":"index","follow":"follow","max-snippet":"max-snippet:-1","max-image-preview":"max-image-preview:large","max-video-preview":"max-video-preview:-1"},"canonical":"https:\/\/sandzakpress.net\/arhiva\/vucic-nasa-buducnost-su-mir-i-sigurnost\/","og_locale":"bs_BA","og_type":"article","og_title":"Vu\u010di\u0107: Na\u0161a budu\u0107nost su mir i sigurnost","og_description":"Predsjedavaju\u0107i Vije\u0107a ministara BiH Denis Zvizdi\u0107 i premijer Srbije i novoizabrani predsjednik te zemlje Aleksandar Vu\u010di\u0107 razgovarali su danas u Mostaru o ekonomskoj saradnji i budu\u0107nosti na\u0161e regije. Ekonomija i putevi Zvizdi\u0107 je kazao da mu je \u201c\u010dast ponovo se susreti s uva\u017eenim premijerom i dragim prijateljem, a sada predsjednikom Srbije gospodinom Vu\u010di\u0107em\u201d. \u2013 Razgovori [&hellip;]","og_url":"https:\/\/sandzakpress.net\/arhiva\/vucic-nasa-buducnost-su-mir-i-sigurnost\/","og_site_name":"Sand\u017eak PRESS","article_published_time":"2017-04-04T13:03:02+00:00","og_image":[{"width":718,"height":446,"url":"https:\/\/sandzakpress.net\/arhiva\/wp-content\/uploads\/2017\/04\/58e36894-8ef8-490d-bad7-64150a0a0a64-sastank-mostar-11-718x446-1.jpg","type":"image\/jpeg"}],"author":"bosniak","twitter_card":"summary_large_image","twitter_misc":{"Written by":"bosniak","Est. reading time":"4 minute"},"schema":{"@context":"https:\/\/schema.org","@graph":[{"@type":"Article","@id":"https:\/\/sandzakpress.net\/arhiva\/vucic-nasa-buducnost-su-mir-i-sigurnost\/#article","isPartOf":{"@id":"https:\/\/sandzakpress.net\/arhiva\/vucic-nasa-buducnost-su-mir-i-sigurnost\/"},"author":{"name":"bosniak","@id":"https:\/\/sandzakpress.net\/arhiva\/#\/schema\/person\/c8baee722073534b583ea7bdb2e36c02"},"headline":"Vu\u010di\u0107: Na\u0161a budu\u0107nost su mir i sigurnost","datePublished":"2017-04-04T13:03:02+00:00","mainEntityOfPage":{"@id":"https:\/\/sandzakpress.net\/arhiva\/vucic-nasa-buducnost-su-mir-i-sigurnost\/"},"wordCount":729,"commentCount":0,"publisher":{"@id":"https:\/\/sandzakpress.net\/arhiva\/#\/schema\/person\/6e72b67d6e51910a1117b3b483ba20bd"},"image":{"@id":"https:\/\/sandzakpress.net\/arhiva\/vucic-nasa-buducnost-su-mir-i-sigurnost\/#primaryimage"},"thumbnailUrl":"https:\/\/sandzakpress.net\/arhiva\/wp-content\/uploads\/2017\/04\/58e36894-8ef8-490d-bad7-64150a0a0a64-sastank-mostar-11-718x446-1.jpg","keywords":["Bosna i Hercegovina"],"articleSection":["Bosna PRESS"],"inLanguage":"bs-BA","potentialAction":[{"@type":"CommentAction","name":"Comment","target":["https:\/\/sandzakpress.net\/arhiva\/vucic-nasa-buducnost-su-mir-i-sigurnost\/#respond"]}]},{"@type":"WebPage","@id":"https:\/\/sandzakpress.net\/arhiva\/vucic-nasa-buducnost-su-mir-i-sigurnost\/","url":"https:\/\/sandzakpress.net\/arhiva\/vucic-nasa-buducnost-su-mir-i-sigurnost\/","name":"Vu\u010di\u0107: Na\u0161a budu\u0107nost su mir i sigurnost","isPartOf":{"@id":"https:\/\/sandzakpress.net\/arhiva\/#website"},"primaryImageOfPage":{"@id":"https:\/\/sandzakpress.net\/arhiva\/vucic-nasa-buducnost-su-mir-i-sigurnost\/#primaryimage"},"image":{"@id":"https:\/\/sandzakpress.net\/arhiva\/vucic-nasa-buducnost-su-mir-i-sigurnost\/#primaryimage"},"thumbnailUrl":"https:\/\/sandzakpress.net\/arhiva\/wp-content\/uploads\/2017\/04\/58e36894-8ef8-490d-bad7-64150a0a0a64-sastank-mostar-11-718x446-1.jpg","datePublished":"2017-04-04T13:03:02+00:00","breadcrumb":{"@id":"https:\/\/sandzakpress.net\/arhiva\/vucic-nasa-buducnost-su-mir-i-sigurnost\/#breadcrumb"},"inLanguage":"bs-BA","potentialAction":[{"@type":"ReadAction","target":["https:\/\/sandzakpress.net\/arhiva\/vucic-nasa-buducnost-su-mir-i-sigurnost\/"]}]},{"@type":"ImageObject","inLanguage":"bs-BA","@id":"https:\/\/sandzakpress.net\/arhiva\/vucic-nasa-buducnost-su-mir-i-sigurnost\/#primaryimage","url":"https:\/\/sandzakpress.net\/arhiva\/wp-content\/uploads\/2017\/04\/58e36894-8ef8-490d-bad7-64150a0a0a64-sastank-mostar-11-718x446-1.jpg","contentUrl":"https:\/\/sandzakpress.net\/arhiva\/wp-content\/uploads\/2017\/04\/58e36894-8ef8-490d-bad7-64150a0a0a64-sastank-mostar-11-718x446-1.jpg","width":718,"height":446},{"@type":"BreadcrumbList","@id":"https:\/\/sandzakpress.net\/arhiva\/vucic-nasa-buducnost-su-mir-i-sigurnost\/#breadcrumb","itemListElement":[{"@type":"ListItem","position":1,"name":"Home","item":"https:\/\/sandzakpress.net\/arhiva\/"},{"@type":"ListItem","position":2,"name":"Vu\u010di\u0107: Na\u0161a budu\u0107nost su mir i sigurnost"}]},{"@type":"WebSite","@id":"https:\/\/sandzakpress.net\/arhiva\/#website","url":"https:\/\/sandzakpress.net\/arhiva\/","name":"Sand\u017eak PRESS","description":"Prve elektronske novine u Sand\u017eaku","publisher":{"@id":"https:\/\/sandzakpress.net\/arhiva\/#\/schema\/person\/6e72b67d6e51910a1117b3b483ba20bd"},"potentialAction":[{"@type":"SearchAction","target":{"@type":"EntryPoint","urlTemplate":"https:\/\/sandzakpress.net\/arhiva\/?s={search_term_string}"},"query-input":{"@type":"PropertyValueSpecification","valueRequired":true,"valueName":"search_term_string"}}],"inLanguage":"bs-BA"},{"@type":["Person","Organization"],"@id":"https:\/\/sandzakpress.net\/arhiva\/#\/schema\/person\/6e72b67d6e51910a1117b3b483ba20bd","name":"Kul","image":{"@type":"ImageObject","inLanguage":"bs-BA","@id":"https:\/\/sandzakpress.net\/arhiva\/#\/schema\/person\/image\/","url":"https:\/\/secure.gravatar.com\/avatar\/42263f39aa27ac04c43cab85c280eb2e?s=96&d=mm&r=pg","contentUrl":"https:\/\/secure.gravatar.com\/avatar\/42263f39aa27ac04c43cab85c280eb2e?s=96&d=mm&r=pg","caption":"Kul"},"logo":{"@id":"https:\/\/sandzakpress.net\/arhiva\/#\/schema\/person\/image\/"}},{"@type":"Person","@id":"https:\/\/sandzakpress.net\/arhiva\/#\/schema\/person\/c8baee722073534b583ea7bdb2e36c02","name":"bosniak","image":{"@type":"ImageObject","inLanguage":"bs-BA","@id":"https:\/\/sandzakpress.net\/arhiva\/#\/schema\/person\/image\/","url":"https:\/\/secure.gravatar.com\/avatar\/a04fd330bfe3a36a72a0ad4a6d89fca7?s=96&d=mm&r=pg","contentUrl":"https:\/\/secure.gravatar.com\/avatar\/a04fd330bfe3a36a72a0ad4a6d89fca7?s=96&d=mm&r=pg","caption":"bosniak"},"url":"https:\/\/sandzakpress.net\/arhiva\/author\/bosniak\/"}]}},"_links":{"self":[{"href":"https:\/\/sandzakpress.net\/arhiva\/wp-json\/wp\/v2\/posts\/183762"}],"collection":[{"href":"https:\/\/sandzakpress.net\/arhiva\/wp-json\/wp\/v2\/posts"}],"about":[{"href":"https:\/\/sandzakpress.net\/arhiva\/wp-json\/wp\/v2\/types\/post"}],"author":[{"embeddable":true,"href":"https:\/\/sandzakpress.net\/arhiva\/wp-json\/wp\/v2\/users\/83"}],"replies":[{"embeddable":true,"href":"https:\/\/sandzakpress.net\/arhiva\/wp-json\/wp\/v2\/comments?post=183762"}],"version-history":[{"count":0,"href":"https:\/\/sandzakpress.net\/arhiva\/wp-json\/wp\/v2\/posts\/183762\/revisions"}],"wp:featuredmedia":[{"embeddable":true,"href":"https:\/\/sandzakpress.net\/arhiva\/wp-json\/wp\/v2\/media\/183764"}],"wp:attachment":[{"href":"https:\/\/sandzakpress.net\/arhiva\/wp-json\/wp\/v2\/media?parent=183762"}],"wp:term":[{"taxonomy":"category","embeddable":true,"href":"https:\/\/sandzakpress.net\/arhiva\/wp-json\/wp\/v2\/categories?post=183762"},{"taxonomy":"post_tag","embeddable":true,"href":"https:\/\/sandzakpress.net\/arhiva\/wp-json\/wp\/v2\/tags?post=183762"}],"curies":[{"name":"wp","href":"https:\/\/api.w.org\/{rel}","templated":true}]}}